{"id":12732,"date":"2025-12-01T12:41:21","date_gmt":"2025-12-01T12:41:21","guid":{"rendered":"https:\/\/podlaskifestiwal.pl\/2025\/?p=12732"},"modified":"2025-12-01T13:15:00","modified_gmt":"2025-12-01T13:15:00","slug":"xxi-podlaski-festiwal-nauki-i-sztuki-przeszedl-do-historii","status":"publish","type":"post","link":"https:\/\/podlaskifestiwal.pl\/2025\/xxi-podlaski-festiwal-nauki-i-sztuki-przeszedl-do-historii\/","title":{"rendered":"XXI Podlaski Festiwal Nauki i Sztuki przeszed\u0142 do historii"},"content":{"rendered":"<p>9 dni, ponad 500 wydarze\u0144 i niemal 20 000 uczestnik\u00f3w- XXI Podlaski Festiwal Nauki i Sztuki, najwi\u0119ksza cykliczna, popularyzuj\u0105ca nauk\u0119 i sztuk\u0119 impreza w Polsce p\u00f3\u0142nocno-wschodniej,&nbsp; przeszed\u0142 do historii!<\/p>\n<p>Zorganizowany wsp\u00f3lnie przez prawie wszystkie publiczne i niepubliczne uczelnie wy\u017csze wojew\u00f3dztwa podlaskiego oraz Bia\u0142ostocki Park Naukowo-Technologiczny, Podlaski Festiwal Nauki i Sztuki odby\u0142 si\u0119 w dniach od 9 do 18 maja 2025 r. Koordynatorem g\u0142\u00f3wnym tegorocznego wydarzenia by\u0142 Uniwersytet Medyczny w Bia\u0142ymstoku. Ju\u017c tradycyjnie bogaty program festiwalowy przygotowa\u0142y: Uniwersytet w Bia\u0142ymstoku, Politechnika Bia\u0142ostocka, Akademia Teatralna im. Aleksandra Zelwerowicza w Warszawie Filia w Bia\u0142ymstoku, Uniwersytet Muzyczny Fryderyka Chopina Wydzia\u0142 Instrumentalno-Pedagogiczny, Edukacji Muzycznej i Wokalistyki Filia w Bia\u0142ymstoku, Akademia Podlaska w Bia\u0142ymstoku, Akademia \u0141om\u017cy\u0144ska, Pa\u0144stwowa Uczelnia Zawodowa im. Prof. Edwarda F. Szczepanika w Suwa\u0142kach, Wschodnioeuropejska Akademia Nauk Stosowanych w Bia\u0142ymstoku WANS, Wy\u017csza Szko\u0142a Ekonomiczna w Bia\u0142ymstoku, Wy\u017csza Szko\u0142a Medyczna w Bia\u0142ymstoku oraz EpiCentrum Nauki, prowadzone przez Bia\u0142ostocki Park Naukowo-Technologiczny.<\/p>\n<p>XXI edycja Festiwalu odby\u0142a si\u0119 pod has\u0142em: \u201eNie lekcewa\u017ccie nigdy zjawisk, kt\u00f3re wydaj\u0105 wam si\u0119 niezwyk\u0142e\u201d \u2013 to s\u0142owa Alexandra Fleminga, odkrywcy penicyliny. XXI PFNiS upami\u0119tni\u0142 80. rocznic\u0119 przyznania Flemingowi nagrody Nobla za wynalezienie penicyliny i 70. rocznic\u0119 jego \u015bmierci. W tym roku chcieli\u015bmy zwr\u00f3ci\u0107 uwag\u0119 na wa\u017cny temat antybiotyk\u00f3w, ich znaczenia w procesie leczenia, ale tak\u017ce ich nadmiernego stosowania w Polsce oraz na problem antybiotykooporno\u015bci.<\/p>\n<p>W programie Festiwalu by\u0142y &nbsp;m.in. wyk\u0142ady, warsztaty, laboratoria, wystawy, koncerty i spektakle, dzi\u0119ki kt\u00f3rym b\u0119dzie mo\u017cna poznawa\u0107 r\u00f3\u017cnorodne dziedziny nauki: humanistyczne, techniczne, \u015bcis\u0142e, przyrodnicze, spo\u0142eczne, medyczne, a tak\u017ce kultur\u0119 i sztuk\u0119. W sumie przygotowanych zosta\u0142o ponad 500 wydarze\u0144 skierowanych do szerokiej publiczno\u015bci: od dzieci i m\u0142odzie\u017cy, przez rodziny, pasjonat\u00f3w nauki , czy senior\u00f3w. Wszystkie wydarzenia by\u0142y bezp\u0142atne.<\/p>\n<p>Festiwal rozpocz\u0105\u0142 si\u0119 oficjalnie 9 maja 2025 roku Inauguracj\u0105 w Aula Magna Pa\u0142acu Branickich siedzibie Uniwersytetu Medycznego w Bia\u0142ymstoku. Tego dnia odby\u0142 si\u0119 wyk\u0142ad pt. \u201eAntybiotyki: od wielkich odkry\u0107 do globalnych problem\u00f3w \u2013 korzy\u015bci i zagro\u017cenia\u201d prof. dr hab. Katarzyny Dzier\u017canowska-Fangrat, mikrobiologa, specjalistki w zakresie leczenia antybiotykami. Po wyk\u0142adzie odby\u0142a si\u0119 prezentacja pt. \u201eHistoria odkrycia penicyliny w Polsce\u201d \u2013 dr Magdaleny Muska\u0142y, kierownik Muzeum Historii Medycyny i Farmacji Uniwersytetu Medycznego w Bia\u0142ymstoku. Uroczyst\u0105 inauguracj\u0119 tegorocznego Festiwalu zako\u0144czy\u0142 koncert inspirowany muzyk\u0105 dwudziestolecia mi\u0119dzywojennego \u2013 okresu, w kt\u00f3rym Alexander Fleming odkry\u0142 penicylin\u0119. Aktorka Alicja Grabowska zaprezentuje mi\u0119dzy innymi utwory Zygmunta Bia\u0142ostockiego, urodzonego w Bia\u0142ymstoku kompozytora popularnych w dwudziestoleciu mi\u0119dzywojennym piosenek, jak r\u00f3wnie\u017c \u015bwiatowe standardy jazzowe z tego okresu. Podczas inauguracji zosta\u0142o tak\u017ce przygotowane specjalne laboratorium Alexandra Fleminga w uj\u0119ciu historycznym.<\/p>\n<p>10 maja, w sobot\u0119 na Festiwalowej scenie zaprezentowa\u0142a si\u0119 Akademia Teatralna im. A. Zelwerowicza w Warszawie Filia w Bia\u0142ymstoku z pokazem spektaklu \u201cWypi\u00f3r\u201d.<\/p>\n<p>W kolejnych dniach na wydarzenia festiwalowe zaprasza\u0142y poszczeg\u00f3lne Uczelnie. Pe\u0142n\u0105 list\u0119 mo\u017cna znale\u017a\u0107 pod linkiem: <a href=\"https:\/\/podlaskifestiwal.pl\/2025\/program\/lista-imprez\/\">https:\/\/podlaskifestiwal.pl\/2025\/program\/lista-imprez\/<\/a><\/p>\n<p>18 maja odby\u0142 si\u0119 Rodzinny Piknik Naukowy na Stadionie Chorten Arena. Tysi\u0105ce mieszka\u0144c\u00f3w miasta i regionu skorzysta\u0142o z zaproszenia i wzi\u0119\u0142o udzia\u0142 w tym wyj\u0105tkowym wydarzeniu, przygotowanym przez 12 instytucji nauki i sztuki z wojew\u00f3dztwa podlaskiego. W niedziel\u0119 ju\u017c od godziny 10:00 odwiedzaj\u0105cy mogli korzysta\u0107 z mn\u00f3stwa atrakcji przygotowanych przez student\u00f3w, naukowc\u00f3w i partner\u00f3w wydarzenia. Na pasjonat\u00f3w nowych technologii czeka\u0142y stoiska z pokazami robot\u00f3w sumo, bolid\u00f3w wy\u015bcigowych Formula Student, robotyki i drukarek 3D, a tak\u017ce wynalazk\u00f3w wspieraj\u0105cych osoby z niepe\u0142nosprawno\u015bciami. W\u015br\u00f3d atrakcji znalaz\u0142y si\u0119 r\u00f3wnie\u017c pokazy \u015bwiat\u0142oterapii LED, warsztaty pierwszej pomocy u niemowl\u0105t, porady dotycz\u0105ce piel\u0119gnacji sk\u00f3ry i profilaktyki zaburze\u0144 g\u0142osu i s\u0142uchu, demonstracje z mikrobiologii i diagnostyki obrazowej czy techniki leczenia \u017cywieniowego. By\u0142y tak\u017ce kreatywne warsztaty plastyczne, edukacyjne quizy, zaj\u0119cia sportowe, zabawy dla dzieci, tory przeszk\u00f3d, kurs judo oraz wiele atrakcji na festiwalowej scenie: od pokaz\u00f3w gimnastyki artystycznej, przez koncerty big band\u00f3w i orkiestr d\u0119tych, po energetyczne wyst\u0119py ma\u017coretek i klimatyczne wyst\u0119py ch\u00f3r\u00f3w (Uniwersytetu Medycznego w Bia\u0142ymstoku oraz Uniwersytetu w Bia\u0142ymstoku). Przez ca\u0142y dzie\u0144 dzia\u0142a\u0142o r\u00f3wnie\u017c Studio Cafe Nauka, prowadzone przez Dorot\u0119 Sawick\u0105 \u2013 rzeczniczk\u0119 prasow\u0105 UMB i Natali\u0119 Olszewsk\u0105, studentk\u0119 kierunku lekarskiego i aktywna redaktork\u0119 M\u0142odego Medyka (redaktorka naczelna M\u0142odego Medyka R\u00f3\u017ca Maria Huszcza prowadzi\u0142a scen\u0119 festiwalow\u0105). W ramach transmisji live na profilu Festiwalu na Facebooku oraz kanale YouTube UMB mo\u017cna by\u0142o zobaczy\u0107, co dzieje si\u0119 na stoiskach na Stadionie Chorten Arena i pos\u0142ucha\u0107 rozm\u00f3w z naukowcami, studentami, wynalazcami i organizatorami, kt\u00f3rzy opowiadali o swojej pasji do nauki i znaczeniu takich wydarze\u0144 jak Podlaski Festiwal Nauki i Sztuki. Rodzinny Piknik Naukowy 2025 po raz kolejny okaza\u0142 si\u0119 wielkim sukcesem. Na stadion przyszli rodzice z dzie\u0107mi, m\u0142odzie\u017c, seniorzy, pasjonaci nauki i osoby, kt\u00f3re chcia\u0142y wsp\u00f3lnie sp\u0119dzi\u0107 czas, ucz\u0105c si\u0119 i dobrze si\u0119 bawi\u0105c. Inspiruj\u0105ce spotkania, radosna atmosfera i setki zaanga\u017cowanych uczestnik\u00f3w pokaza\u0142y, \u017ce nauka ma sens, gdy staje si\u0119 dost\u0119pna i wsp\u00f3lna.<\/p>\n<p>Wyk\u0142adowcami i osobami prowadz\u0105cymi oraz nadzoruj\u0105cymi przebieg prowadzonych dzia\u0142a\u0144 w ramach XXI PFNiS byli przedstawiciele niemal ca\u0142ej spo\u0142eczno\u015bci akademickiej poszczeg\u00f3lnych szk\u00f3\u0142 wy\u017cszych &#8211; z uwagi na to, \u017ce realizacja tego typu przedsi\u0119wzi\u0119\u0107 wymaga pe\u0142nego i kompleksowego zaanga\u017cowania. Obecni byli samodzielni pracownicy naukowi, adiunkci, asystenci, wyk\u0142adowcy, doktoranci i studenci. Dzia\u0142ania zaplanowane w ramach Festiwalu mo\u017cliwe by\u0142y do zrealizowania g\u0142\u00f3wnie dzi\u0119ki ofiarno\u015bci i zaanga\u017cowaniu w ich realizacj\u0119 szerokiego grona os\u00f3b spo\u015br\u00f3d spo\u0142eczno\u015bci naukowej poszczeg\u00f3lnych plac\u00f3wek, jak r\u00f3wnie\u017c poprzez dobrowolne zaanga\u017cowanie wielu pracownik\u00f3w administracyjnych szk\u00f3\u0142 wy\u017cszych.<\/p>\n<p>Serdecznie dzi\u0119kujemy wszystkim Uczestnikom oraz osobom zaanga\u017cowanym w organizacj\u0119 i przebieg Festiwalu. Kolejna, XXII Edycja ju\u017c w maju 2026. Koordynatorem b\u0119dzie Politechnika Bia\u0142ostocka.<\/p>\n<p>Do zobaczenia!<\/p>\n<p>&nbsp;<\/p>\n<p>XXI Podlaski Festiwal Nauki i Sztuki dofinansowany by\u0142 ze \u015brodk\u00f3w bud\u017cetu pa\u0144stwa, przyznanych przez Ministra Nauki w ramach Programu Spo\u0142eczna odpowiedzialno\u015b\u0107 nauki II.<\/p>\n","protected":false},"excerpt":{"rendered":"<p>9 dni, ponad 500 wydarze\u0144 i niemal 20 000 uczestnik\u00f3w- XXI Podlaski Festiwal Nauki i Sztuki, najwi\u0119ksza cykliczna, popularyzuj\u0105ca nauk\u0119 i sztuk\u0119 impreza w Polsce p\u00f3\u0142nocno-wschodniej,&nbsp; przeszed\u0142 do historii! Zorganizowany wsp\u00f3lnie przez prawie wszystkie publiczne i niepubliczne uczelnie wy\u017csze wojew\u00f3dztwa podlaskiego oraz Bia\u0142ostocki Park Naukowo-Technologiczny, Podlaski Festiwal Nauki i Sztuki odby\u0142 si\u0119 w dniach od [&hellip;]<\/p>\n","protected":false},"author":23,"featured_media":12735,"comment_status":"closed","ping_status":"closed","sticky":false,"template":"","format":"standard","meta":{"ngg_post_thumbnail":0,"footnotes":""},"categories":[1],"tags":[],"class_list":["post-12732","post","type-post","status-publish","format-standard","has-post-thumbnail","hentry","category-uncategorized"],"yoast_head":"<!-- This site is optimized with the Yoast SEO plugin v27.1.1 - https:\/\/yoast.com\/product\/yoast-seo-wordpress\/ -->\n<title>XXI Podlaski Festiwal Nauki i Sztuki przeszed\u0142 do historii - XX Podlaski Festiwal Nauki i Sztuki 2025<\/title>\n<meta name=\"robots\" content=\"index, follow, max-snippet:-1, max-image-preview:large, max-video-preview:-1\" \/>\n<link rel=\"canonical\" href=\"https:\/\/podlaskifestiwal.pl\/2025\/xxi-podlaski-festiwal-nauki-i-sztuki-przeszedl-do-historii\/\" \/>\n<meta property=\"og:locale\" content=\"pl_PL\" \/>\n<meta property=\"og:type\" content=\"article\" \/>\n<meta property=\"og:title\" content=\"XXI Podlaski Festiwal Nauki i Sztuki przeszed\u0142 do historii - XX Podlaski Festiwal Nauki i Sztuki 2025\" \/>\n<meta property=\"og:description\" content=\"9 dni, ponad 500 wydarze\u0144 i niemal 20 000 uczestnik\u00f3w- XXI Podlaski Festiwal Nauki i Sztuki, najwi\u0119ksza cykliczna, popularyzuj\u0105ca nauk\u0119 i sztuk\u0119 impreza w Polsce p\u00f3\u0142nocno-wschodniej,&nbsp; przeszed\u0142 do historii! Zorganizowany wsp\u00f3lnie przez prawie wszystkie publiczne i niepubliczne uczelnie wy\u017csze wojew\u00f3dztwa podlaskiego oraz Bia\u0142ostocki Park Naukowo-Technologiczny, Podlaski Festiwal Nauki i Sztuki odby\u0142 si\u0119 w dniach od [&hellip;]\" \/>\n<meta property=\"og:url\" content=\"https:\/\/podlaskifestiwal.pl\/2025\/xxi-podlaski-festiwal-nauki-i-sztuki-przeszedl-do-historii\/\" \/>\n<meta property=\"og:site_name\" content=\"XX Podlaski Festiwal Nauki i Sztuki 2025\" \/>\n<meta property=\"article:published_time\" content=\"2025-12-01T12:41:21+00:00\" \/>\n<meta property=\"article:modified_time\" content=\"2025-12-01T13:15:00+00:00\" \/>\n<meta property=\"og:image\" content=\"http:\/\/podlaskifestiwal.pl\/2025\/wp-content\/uploads\/sites\/7\/2025\/12\/PFNIS-400x270-1.jpg\" \/>\n\t<meta property=\"og:image:width\" content=\"400\" \/>\n\t<meta property=\"og:image:height\" content=\"270\" \/>\n\t<meta property=\"og:image:type\" content=\"image\/jpeg\" \/>\n<meta name=\"author\" content=\"Hanna Sarosiek\" \/>\n<meta name=\"twitter:card\" content=\"summary_large_image\" \/>\n<meta name=\"twitter:label1\" content=\"Napisane przez\" \/>\n\t<meta name=\"twitter:data1\" content=\"Hanna Sarosiek\" \/>\n\t<meta name=\"twitter:label2\" content=\"Szacowany czas czytania\" \/>\n\t<meta name=\"twitter:data2\" content=\"6 minut\" \/>\n<script type=\"application\/ld+json\" class=\"yoast-schema-graph\">{\"@context\":\"https:\/\/schema.org\",\"@graph\":[{\"@type\":\"Article\",\"@id\":\"https:\/\/podlaskifestiwal.pl\/2025\/xxi-podlaski-festiwal-nauki-i-sztuki-przeszedl-do-historii\/#article\",\"isPartOf\":{\"@id\":\"https:\/\/podlaskifestiwal.pl\/2025\/xxi-podlaski-festiwal-nauki-i-sztuki-przeszedl-do-historii\/\"},\"author\":{\"name\":\"Hanna Sarosiek\",\"@id\":\"https:\/\/podlaskifestiwal.pl\/2025\/#\/schema\/person\/16a319ac350e337fc77e66bd3c0f7dc0\"},\"headline\":\"XXI Podlaski Festiwal Nauki i Sztuki przeszed\u0142 do historii\",\"datePublished\":\"2025-12-01T12:41:21+00:00\",\"dateModified\":\"2025-12-01T13:15:00+00:00\",\"mainEntityOfPage\":{\"@id\":\"https:\/\/podlaskifestiwal.pl\/2025\/xxi-podlaski-festiwal-nauki-i-sztuki-przeszedl-do-historii\/\"},\"wordCount\":1063,\"publisher\":{\"@id\":\"https:\/\/podlaskifestiwal.pl\/2025\/#organization\"},\"image\":{\"@id\":\"https:\/\/podlaskifestiwal.pl\/2025\/xxi-podlaski-festiwal-nauki-i-sztuki-przeszedl-do-historii\/#primaryimage\"},\"thumbnailUrl\":\"https:\/\/podlaskifestiwal.pl\/2025\/wp-content\/uploads\/sites\/7\/2025\/12\/PFNIS-400x270-1.jpg\",\"articleSection\":[\"Uncategorized\"],\"inLanguage\":\"pl-PL\"},{\"@type\":\"WebPage\",\"@id\":\"https:\/\/podlaskifestiwal.pl\/2025\/xxi-podlaski-festiwal-nauki-i-sztuki-przeszedl-do-historii\/\",\"url\":\"https:\/\/podlaskifestiwal.pl\/2025\/xxi-podlaski-festiwal-nauki-i-sztuki-przeszedl-do-historii\/\",\"name\":\"XXI Podlaski Festiwal Nauki i Sztuki przeszed\u0142 do historii - XX Podlaski Festiwal Nauki i Sztuki 2025\",\"isPartOf\":{\"@id\":\"https:\/\/podlaskifestiwal.pl\/2025\/#website\"},\"primaryImageOfPage\":{\"@id\":\"https:\/\/podlaskifestiwal.pl\/2025\/xxi-podlaski-festiwal-nauki-i-sztuki-przeszedl-do-historii\/#primaryimage\"},\"image\":{\"@id\":\"https:\/\/podlaskifestiwal.pl\/2025\/xxi-podlaski-festiwal-nauki-i-sztuki-przeszedl-do-historii\/#primaryimage\"},\"thumbnailUrl\":\"https:\/\/podlaskifestiwal.pl\/2025\/wp-content\/uploads\/sites\/7\/2025\/12\/PFNIS-400x270-1.jpg\",\"datePublished\":\"2025-12-01T12:41:21+00:00\",\"dateModified\":\"2025-12-01T13:15:00+00:00\",\"breadcrumb\":{\"@id\":\"https:\/\/podlaskifestiwal.pl\/2025\/xxi-podlaski-festiwal-nauki-i-sztuki-przeszedl-do-historii\/#breadcrumb\"},\"inLanguage\":\"pl-PL\",\"potentialAction\":[{\"@type\":\"ReadAction\",\"target\":[\"https:\/\/podlaskifestiwal.pl\/2025\/xxi-podlaski-festiwal-nauki-i-sztuki-przeszedl-do-historii\/\"]}]},{\"@type\":\"ImageObject\",\"inLanguage\":\"pl-PL\",\"@id\":\"https:\/\/podlaskifestiwal.pl\/2025\/xxi-podlaski-festiwal-nauki-i-sztuki-przeszedl-do-historii\/#primaryimage\",\"url\":\"https:\/\/podlaskifestiwal.pl\/2025\/wp-content\/uploads\/sites\/7\/2025\/12\/PFNIS-400x270-1.jpg\",\"contentUrl\":\"https:\/\/podlaskifestiwal.pl\/2025\/wp-content\/uploads\/sites\/7\/2025\/12\/PFNIS-400x270-1.jpg\",\"width\":400,\"height\":270,\"caption\":\"Grafika przedstawia logo 21. Festiwalu Nauki i Sztuki oraz napis Dzi\u0119kujemy\"},{\"@type\":\"BreadcrumbList\",\"@id\":\"https:\/\/podlaskifestiwal.pl\/2025\/xxi-podlaski-festiwal-nauki-i-sztuki-przeszedl-do-historii\/#breadcrumb\",\"itemListElement\":[{\"@type\":\"ListItem\",\"position\":1,\"name\":\"Strona g\u0142\u00f3wna\",\"item\":\"https:\/\/podlaskifestiwal.pl\/2025\/\"},{\"@type\":\"ListItem\",\"position\":2,\"name\":\"XXI Podlaski Festiwal Nauki i Sztuki przeszed\u0142 do historii\"}]},{\"@type\":\"WebSite\",\"@id\":\"https:\/\/podlaskifestiwal.pl\/2025\/#website\",\"url\":\"https:\/\/podlaskifestiwal.pl\/2025\/\",\"name\":\"XXI Podlaski Festiwal Nauki i Sztuki\",\"description\":\"XXI Podlaski Festiwal Nauki i Sztuki\",\"publisher\":{\"@id\":\"https:\/\/podlaskifestiwal.pl\/2025\/#organization\"},\"potentialAction\":[{\"@type\":\"SearchAction\",\"target\":{\"@type\":\"EntryPoint\",\"urlTemplate\":\"https:\/\/podlaskifestiwal.pl\/2025\/?s={search_term_string}\"},\"query-input\":{\"@type\":\"PropertyValueSpecification\",\"valueRequired\":true,\"valueName\":\"search_term_string\"}}],\"inLanguage\":\"pl-PL\"},{\"@type\":\"Organization\",\"@id\":\"https:\/\/podlaskifestiwal.pl\/2025\/#organization\",\"name\":\"XXI Podlaski Festiwal Nauki i Sztuki\",\"url\":\"https:\/\/podlaskifestiwal.pl\/2025\/\",\"logo\":{\"@type\":\"ImageObject\",\"inLanguage\":\"pl-PL\",\"@id\":\"https:\/\/podlaskifestiwal.pl\/2025\/#\/schema\/logo\/image\/\",\"url\":\"https:\/\/podlaskifestiwal.pl\/2025\/wp-content\/uploads\/sites\/7\/2025\/04\/Baner-Fleming-1.png\",\"contentUrl\":\"https:\/\/podlaskifestiwal.pl\/2025\/wp-content\/uploads\/sites\/7\/2025\/04\/Baner-Fleming-1.png\",\"width\":2400,\"height\":800,\"caption\":\"XXI Podlaski Festiwal Nauki i Sztuki\"},\"image\":{\"@id\":\"https:\/\/podlaskifestiwal.pl\/2025\/#\/schema\/logo\/image\/\"}},{\"@type\":\"Person\",\"@id\":\"https:\/\/podlaskifestiwal.pl\/2025\/#\/schema\/person\/16a319ac350e337fc77e66bd3c0f7dc0\",\"name\":\"Hanna Sarosiek\",\"description\":\"Uniwersytet Medyczny w Bia\u0142ymstoku\",\"url\":\"https:\/\/podlaskifestiwal.pl\/2025\/author\/promocjaumb\/\"}]}<\/script>\n<!-- \/ Yoast SEO plugin. -->","yoast_head_json":{"title":"XXI Podlaski Festiwal Nauki i Sztuki przeszed\u0142 do historii - XX Podlaski Festiwal Nauki i Sztuki 2025","robots":{"index":"index","follow":"follow","max-snippet":"max-snippet:-1","max-image-preview":"max-image-preview:large","max-video-preview":"max-video-preview:-1"},"canonical":"https:\/\/podlaskifestiwal.pl\/2025\/xxi-podlaski-festiwal-nauki-i-sztuki-przeszedl-do-historii\/","og_locale":"pl_PL","og_type":"article","og_title":"XXI Podlaski Festiwal Nauki i Sztuki przeszed\u0142 do historii - XX Podlaski Festiwal Nauki i Sztuki 2025","og_description":"9 dni, ponad 500 wydarze\u0144 i niemal 20 000 uczestnik\u00f3w- XXI Podlaski Festiwal Nauki i Sztuki, najwi\u0119ksza cykliczna, popularyzuj\u0105ca nauk\u0119 i sztuk\u0119 impreza w Polsce p\u00f3\u0142nocno-wschodniej,&nbsp; przeszed\u0142 do historii! Zorganizowany wsp\u00f3lnie przez prawie wszystkie publiczne i niepubliczne uczelnie wy\u017csze wojew\u00f3dztwa podlaskiego oraz Bia\u0142ostocki Park Naukowo-Technologiczny, Podlaski Festiwal Nauki i Sztuki odby\u0142 si\u0119 w dniach od [&hellip;]","og_url":"https:\/\/podlaskifestiwal.pl\/2025\/xxi-podlaski-festiwal-nauki-i-sztuki-przeszedl-do-historii\/","og_site_name":"XX Podlaski Festiwal Nauki i Sztuki 2025","article_published_time":"2025-12-01T12:41:21+00:00","article_modified_time":"2025-12-01T13:15:00+00:00","og_image":[{"width":400,"height":270,"url":"http:\/\/podlaskifestiwal.pl\/2025\/wp-content\/uploads\/sites\/7\/2025\/12\/PFNIS-400x270-1.jpg","type":"image\/jpeg"}],"author":"Hanna Sarosiek","twitter_card":"summary_large_image","twitter_misc":{"Napisane przez":"Hanna Sarosiek","Szacowany czas czytania":"6 minut"},"schema":{"@context":"https:\/\/schema.org","@graph":[{"@type":"Article","@id":"https:\/\/podlaskifestiwal.pl\/2025\/xxi-podlaski-festiwal-nauki-i-sztuki-przeszedl-do-historii\/#article","isPartOf":{"@id":"https:\/\/podlaskifestiwal.pl\/2025\/xxi-podlaski-festiwal-nauki-i-sztuki-przeszedl-do-historii\/"},"author":{"name":"Hanna Sarosiek","@id":"https:\/\/podlaskifestiwal.pl\/2025\/#\/schema\/person\/16a319ac350e337fc77e66bd3c0f7dc0"},"headline":"XXI Podlaski Festiwal Nauki i Sztuki przeszed\u0142 do historii","datePublished":"2025-12-01T12:41:21+00:00","dateModified":"2025-12-01T13:15:00+00:00","mainEntityOfPage":{"@id":"https:\/\/podlaskifestiwal.pl\/2025\/xxi-podlaski-festiwal-nauki-i-sztuki-przeszedl-do-historii\/"},"wordCount":1063,"publisher":{"@id":"https:\/\/podlaskifestiwal.pl\/2025\/#organization"},"image":{"@id":"https:\/\/podlaskifestiwal.pl\/2025\/xxi-podlaski-festiwal-nauki-i-sztuki-przeszedl-do-historii\/#primaryimage"},"thumbnailUrl":"https:\/\/podlaskifestiwal.pl\/2025\/wp-content\/uploads\/sites\/7\/2025\/12\/PFNIS-400x270-1.jpg","articleSection":["Uncategorized"],"inLanguage":"pl-PL"},{"@type":"WebPage","@id":"https:\/\/podlaskifestiwal.pl\/2025\/xxi-podlaski-festiwal-nauki-i-sztuki-przeszedl-do-historii\/","url":"https:\/\/podlaskifestiwal.pl\/2025\/xxi-podlaski-festiwal-nauki-i-sztuki-przeszedl-do-historii\/","name":"XXI Podlaski Festiwal Nauki i Sztuki przeszed\u0142 do historii - XX Podlaski Festiwal Nauki i Sztuki 2025","isPartOf":{"@id":"https:\/\/podlaskifestiwal.pl\/2025\/#website"},"primaryImageOfPage":{"@id":"https:\/\/podlaskifestiwal.pl\/2025\/xxi-podlaski-festiwal-nauki-i-sztuki-przeszedl-do-historii\/#primaryimage"},"image":{"@id":"https:\/\/podlaskifestiwal.pl\/2025\/xxi-podlaski-festiwal-nauki-i-sztuki-przeszedl-do-historii\/#primaryimage"},"thumbnailUrl":"https:\/\/podlaskifestiwal.pl\/2025\/wp-content\/uploads\/sites\/7\/2025\/12\/PFNIS-400x270-1.jpg","datePublished":"2025-12-01T12:41:21+00:00","dateModified":"2025-12-01T13:15:00+00:00","breadcrumb":{"@id":"https:\/\/podlaskifestiwal.pl\/2025\/xxi-podlaski-festiwal-nauki-i-sztuki-przeszedl-do-historii\/#breadcrumb"},"inLanguage":"pl-PL","potentialAction":[{"@type":"ReadAction","target":["https:\/\/podlaskifestiwal.pl\/2025\/xxi-podlaski-festiwal-nauki-i-sztuki-przeszedl-do-historii\/"]}]},{"@type":"ImageObject","inLanguage":"pl-PL","@id":"https:\/\/podlaskifestiwal.pl\/2025\/xxi-podlaski-festiwal-nauki-i-sztuki-przeszedl-do-historii\/#primaryimage","url":"https:\/\/podlaskifestiwal.pl\/2025\/wp-content\/uploads\/sites\/7\/2025\/12\/PFNIS-400x270-1.jpg","contentUrl":"https:\/\/podlaskifestiwal.pl\/2025\/wp-content\/uploads\/sites\/7\/2025\/12\/PFNIS-400x270-1.jpg","width":400,"height":270,"caption":"Grafika przedstawia logo 21. Festiwalu Nauki i Sztuki oraz napis Dzi\u0119kujemy"},{"@type":"BreadcrumbList","@id":"https:\/\/podlaskifestiwal.pl\/2025\/xxi-podlaski-festiwal-nauki-i-sztuki-przeszedl-do-historii\/#breadcrumb","itemListElement":[{"@type":"ListItem","position":1,"name":"Strona g\u0142\u00f3wna","item":"https:\/\/podlaskifestiwal.pl\/2025\/"},{"@type":"ListItem","position":2,"name":"XXI Podlaski Festiwal Nauki i Sztuki przeszed\u0142 do historii"}]},{"@type":"WebSite","@id":"https:\/\/podlaskifestiwal.pl\/2025\/#website","url":"https:\/\/podlaskifestiwal.pl\/2025\/","name":"XXI Podlaski Festiwal Nauki i Sztuki","description":"XXI Podlaski Festiwal Nauki i Sztuki","publisher":{"@id":"https:\/\/podlaskifestiwal.pl\/2025\/#organization"},"potentialAction":[{"@type":"SearchAction","target":{"@type":"EntryPoint","urlTemplate":"https:\/\/podlaskifestiwal.pl\/2025\/?s={search_term_string}"},"query-input":{"@type":"PropertyValueSpecification","valueRequired":true,"valueName":"search_term_string"}}],"inLanguage":"pl-PL"},{"@type":"Organization","@id":"https:\/\/podlaskifestiwal.pl\/2025\/#organization","name":"XXI Podlaski Festiwal Nauki i Sztuki","url":"https:\/\/podlaskifestiwal.pl\/2025\/","logo":{"@type":"ImageObject","inLanguage":"pl-PL","@id":"https:\/\/podlaskifestiwal.pl\/2025\/#\/schema\/logo\/image\/","url":"https:\/\/podlaskifestiwal.pl\/2025\/wp-content\/uploads\/sites\/7\/2025\/04\/Baner-Fleming-1.png","contentUrl":"https:\/\/podlaskifestiwal.pl\/2025\/wp-content\/uploads\/sites\/7\/2025\/04\/Baner-Fleming-1.png","width":2400,"height":800,"caption":"XXI Podlaski Festiwal Nauki i Sztuki"},"image":{"@id":"https:\/\/podlaskifestiwal.pl\/2025\/#\/schema\/logo\/image\/"}},{"@type":"Person","@id":"https:\/\/podlaskifestiwal.pl\/2025\/#\/schema\/person\/16a319ac350e337fc77e66bd3c0f7dc0","name":"Hanna Sarosiek","description":"Uniwersytet Medyczny w Bia\u0142ymstoku","url":"https:\/\/podlaskifestiwal.pl\/2025\/author\/promocjaumb\/"}]}},"_links":{"self":[{"href":"https:\/\/podlaskifestiwal.pl\/2025\/wp-json\/wp\/v2\/posts\/12732","targetHints":{"allow":["GET"]}}],"collection":[{"href":"https:\/\/podlaskifestiwal.pl\/2025\/wp-json\/wp\/v2\/posts"}],"about":[{"href":"https:\/\/podlaskifestiwal.pl\/2025\/wp-json\/wp\/v2\/types\/post"}],"author":[{"embeddable":true,"href":"https:\/\/podlaskifestiwal.pl\/2025\/wp-json\/wp\/v2\/users\/23"}],"replies":[{"embeddable":true,"href":"https:\/\/podlaskifestiwal.pl\/2025\/wp-json\/wp\/v2\/comments?post=12732"}],"version-history":[{"count":8,"href":"https:\/\/podlaskifestiwal.pl\/2025\/wp-json\/wp\/v2\/posts\/12732\/revisions"}],"predecessor-version":[{"id":12742,"href":"https:\/\/podlaskifestiwal.pl\/2025\/wp-json\/wp\/v2\/posts\/12732\/revisions\/12742"}],"wp:featuredmedia":[{"embeddable":true,"href":"https:\/\/podlaskifestiwal.pl\/2025\/wp-json\/wp\/v2\/media\/12735"}],"wp:attachment":[{"href":"https:\/\/podlaskifestiwal.pl\/2025\/wp-json\/wp\/v2\/media?parent=12732"}],"wp:term":[{"taxonomy":"category","embeddable":true,"href":"https:\/\/podlaskifestiwal.pl\/2025\/wp-json\/wp\/v2\/categories?post=12732"},{"taxonomy":"post_tag","embeddable":true,"href":"https:\/\/podlaskifestiwal.pl\/2025\/wp-json\/wp\/v2\/tags?post=12732"}],"curies":[{"name":"wp","href":"https:\/\/api.w.org\/{rel}","templated":true}]}}