{"id":12709,"date":"2025-05-14T09:05:20","date_gmt":"2025-05-14T09:05:20","guid":{"rendered":"https:\/\/podlaskifestiwal.pl\/2025\/?p=12709"},"modified":"2025-05-20T09:05:36","modified_gmt":"2025-05-20T09:05:36","slug":"xxi-pfnis-w-akademii-lomzynskiej-za-nami-ponad-60-wydarzen","status":"publish","type":"post","link":"https:\/\/podlaskifestiwal.pl\/2025\/xxi-pfnis-w-akademii-lomzynskiej-za-nami-ponad-60-wydarzen\/","title":{"rendered":"XXI PFNiS w Akademii \u0141om\u017cy\u0144skiej. Za nami ponad 60 wydarze\u0144!"},"content":{"rendered":"<p>Za nami XXI Podlaski Festiwal Nauki i Sztuki w Akademii \u0141om\u017cy\u0144skiej \u2013 dzie\u0144 pe\u0142en inspiruj\u0105cych spotka\u0144, naukowych do\u015bwiadcze\u0144, tw\u00f3rczej energii i wyj\u0105tkowych ludzi. Uczelnia, dzi\u0119ki zespo\u0142owej pracy, przygotowa\u0142a bogaty wachlarz ponad 60. wydarze\u0144: pokaz\u00f3w, eksperyment\u00f3w, warsztat\u00f3w i wyk\u0142ad\u00f3w z zakresu humanistyki, nauk spo\u0142ecznych, informatyki, medycyny, po szeroko poj\u0119te bezpiecze\u0144stwo.<\/p>\n<p>Festiwal otworzy\u0142a Pani Prorektor dr hab. Sylwia Chojnowska, prof. A\u0141, kt\u00f3ra podkre\u015bli\u0142a, jak wielk\u0105 warto\u015b\u0107 ma popularyzacja nauki i wsp\u00f3lne odkrywanie jej z\u0142o\u017cono\u015bci przez wszystkie pokolenia \u2013 od najm\u0142odszych po doros\u0142ych. Tu\u017c po otwarciu rozpocz\u0119\u0142a si\u0119 symulacja rozprawy z zakresu prawa cywilnego przygotowana przez student\u00f3w prawa pod opiek\u0105 dr Magdaleny Taraszkiewicz, kt\u00f3ra wcieli\u0142a si\u0119 w rol\u0119 s\u0119dziego.<\/p>\n<p>Na najm\u0142odszych czeka\u0142a m.in. \u201echemiczna piaskownica\u201d dr. hab. Roberta Charmasa, prof. A\u0141 \u2013 spektakularny pokaz eksperyment\u00f3w, kt\u00f3ry uczy\u0142 przez zabaw\u0119 i wzbudza\u0142 zachwyt w oczach przedszkolak\u00f3w i uczni\u00f3w szk\u00f3\u0142 podstawowych. W\u015br\u00f3d propozycji przygotowanych z my\u015bl\u0105 o najm\u0142odszych znalaz\u0142y si\u0119 r\u00f3wnie\u017c warsztaty higieny jamy ustnej podczas kt\u00f3rych dzieci w przyst\u0119pny i atrakcyjny spos\u00f3b zyska\u0142y \u015bwiadomo\u015b\u0107, jak wa\u017cna jest regularna i dok\u0142adna higiena jamy ustnej dla zachowania zdrowia. Du\u017cym zainteresowaniem cieszy\u0142a si\u0119 tak\u017ce strefa pedagogiki, gdzie na najm\u0142odszych czeka\u0142y kreatywne warsztaty, gry edukacyjne i zabawy rozwijaj\u0105ce wyobra\u017ani\u0119.<\/p>\n<p><img loading=\"lazy\" decoding=\"async\" class=\"alignnone size-medium wp-image-12712\" src=\"http:\/\/podlaskifestiwal.pl\/2025\/wp-content\/uploads\/sites\/7\/2025\/05\/DSC1400-300x200.jpg\" alt=\"\" width=\"300\" height=\"200\" srcset=\"https:\/\/podlaskifestiwal.pl\/2025\/wp-content\/uploads\/sites\/7\/2025\/05\/DSC1400-300x200.jpg 300w, https:\/\/podlaskifestiwal.pl\/2025\/wp-content\/uploads\/sites\/7\/2025\/05\/DSC1400-1024x683.jpg 1024w, https:\/\/podlaskifestiwal.pl\/2025\/wp-content\/uploads\/sites\/7\/2025\/05\/DSC1400-768x512.jpg 768w, https:\/\/podlaskifestiwal.pl\/2025\/wp-content\/uploads\/sites\/7\/2025\/05\/DSC1400-1536x1024.jpg 1536w, https:\/\/podlaskifestiwal.pl\/2025\/wp-content\/uploads\/sites\/7\/2025\/05\/DSC1400.jpg 2048w\" sizes=\"auto, (max-width: 300px) 100vw, 300px\" \/> <img loading=\"lazy\" decoding=\"async\" class=\"alignnone size-medium wp-image-12714\" src=\"http:\/\/podlaskifestiwal.pl\/2025\/wp-content\/uploads\/sites\/7\/2025\/05\/DSC1429-300x200.jpg\" alt=\"\" width=\"300\" height=\"200\" srcset=\"https:\/\/podlaskifestiwal.pl\/2025\/wp-content\/uploads\/sites\/7\/2025\/05\/DSC1429-300x200.jpg 300w, https:\/\/podlaskifestiwal.pl\/2025\/wp-content\/uploads\/sites\/7\/2025\/05\/DSC1429-1024x683.jpg 1024w, https:\/\/podlaskifestiwal.pl\/2025\/wp-content\/uploads\/sites\/7\/2025\/05\/DSC1429-768x512.jpg 768w, https:\/\/podlaskifestiwal.pl\/2025\/wp-content\/uploads\/sites\/7\/2025\/05\/DSC1429-1536x1024.jpg 1536w, https:\/\/podlaskifestiwal.pl\/2025\/wp-content\/uploads\/sites\/7\/2025\/05\/DSC1429.jpg 2048w\" sizes=\"auto, (max-width: 300px) 100vw, 300px\" \/> <img loading=\"lazy\" decoding=\"async\" class=\"alignnone size-medium wp-image-12716\" src=\"http:\/\/podlaskifestiwal.pl\/2025\/wp-content\/uploads\/sites\/7\/2025\/05\/DSC1441-300x200.jpg\" alt=\"\" width=\"300\" height=\"200\" srcset=\"https:\/\/podlaskifestiwal.pl\/2025\/wp-content\/uploads\/sites\/7\/2025\/05\/DSC1441-300x200.jpg 300w, https:\/\/podlaskifestiwal.pl\/2025\/wp-content\/uploads\/sites\/7\/2025\/05\/DSC1441-1024x683.jpg 1024w, https:\/\/podlaskifestiwal.pl\/2025\/wp-content\/uploads\/sites\/7\/2025\/05\/DSC1441-768x512.jpg 768w, https:\/\/podlaskifestiwal.pl\/2025\/wp-content\/uploads\/sites\/7\/2025\/05\/DSC1441-1536x1024.jpg 1536w, https:\/\/podlaskifestiwal.pl\/2025\/wp-content\/uploads\/sites\/7\/2025\/05\/DSC1441.jpg 2048w\" sizes=\"auto, (max-width: 300px) 100vw, 300px\" \/> <img loading=\"lazy\" decoding=\"async\" class=\"alignnone size-medium wp-image-12720\" src=\"http:\/\/podlaskifestiwal.pl\/2025\/wp-content\/uploads\/sites\/7\/2025\/05\/DSC1626-300x200.jpg\" alt=\"\" width=\"300\" height=\"200\" srcset=\"https:\/\/podlaskifestiwal.pl\/2025\/wp-content\/uploads\/sites\/7\/2025\/05\/DSC1626-300x200.jpg 300w, https:\/\/podlaskifestiwal.pl\/2025\/wp-content\/uploads\/sites\/7\/2025\/05\/DSC1626-1024x683.jpg 1024w, https:\/\/podlaskifestiwal.pl\/2025\/wp-content\/uploads\/sites\/7\/2025\/05\/DSC1626-768x512.jpg 768w, https:\/\/podlaskifestiwal.pl\/2025\/wp-content\/uploads\/sites\/7\/2025\/05\/DSC1626-1536x1024.jpg 1536w, https:\/\/podlaskifestiwal.pl\/2025\/wp-content\/uploads\/sites\/7\/2025\/05\/DSC1626.jpg 2048w\" sizes=\"auto, (max-width: 300px) 100vw, 300px\" \/> <img loading=\"lazy\" decoding=\"async\" class=\"alignnone size-medium wp-image-12718\" src=\"http:\/\/podlaskifestiwal.pl\/2025\/wp-content\/uploads\/sites\/7\/2025\/05\/DSC1603-300x200.jpg\" alt=\"\" width=\"300\" height=\"200\" srcset=\"https:\/\/podlaskifestiwal.pl\/2025\/wp-content\/uploads\/sites\/7\/2025\/05\/DSC1603-300x200.jpg 300w, https:\/\/podlaskifestiwal.pl\/2025\/wp-content\/uploads\/sites\/7\/2025\/05\/DSC1603-1024x683.jpg 1024w, https:\/\/podlaskifestiwal.pl\/2025\/wp-content\/uploads\/sites\/7\/2025\/05\/DSC1603-768x512.jpg 768w, https:\/\/podlaskifestiwal.pl\/2025\/wp-content\/uploads\/sites\/7\/2025\/05\/DSC1603-1536x1024.jpg 1536w, https:\/\/podlaskifestiwal.pl\/2025\/wp-content\/uploads\/sites\/7\/2025\/05\/DSC1603.jpg 2048w\" sizes=\"auto, (max-width: 300px) 100vw, 300px\" \/><img loading=\"lazy\" decoding=\"async\" class=\"alignnone size-medium wp-image-12722\" src=\"http:\/\/podlaskifestiwal.pl\/2025\/wp-content\/uploads\/sites\/7\/2025\/05\/DSC1717-300x200.jpg\" alt=\"\" width=\"300\" height=\"200\" srcset=\"https:\/\/podlaskifestiwal.pl\/2025\/wp-content\/uploads\/sites\/7\/2025\/05\/DSC1717-300x200.jpg 300w, https:\/\/podlaskifestiwal.pl\/2025\/wp-content\/uploads\/sites\/7\/2025\/05\/DSC1717-1024x683.jpg 1024w, https:\/\/podlaskifestiwal.pl\/2025\/wp-content\/uploads\/sites\/7\/2025\/05\/DSC1717-768x512.jpg 768w, https:\/\/podlaskifestiwal.pl\/2025\/wp-content\/uploads\/sites\/7\/2025\/05\/DSC1717-1536x1024.jpg 1536w, https:\/\/podlaskifestiwal.pl\/2025\/wp-content\/uploads\/sites\/7\/2025\/05\/DSC1717.jpg 2048w\" sizes=\"auto, (max-width: 300px) 100vw, 300px\" \/> <img loading=\"lazy\" decoding=\"async\" class=\"alignnone size-medium wp-image-12715\" src=\"http:\/\/podlaskifestiwal.pl\/2025\/wp-content\/uploads\/sites\/7\/2025\/05\/DSC1434-300x200.jpg\" alt=\"\" width=\"300\" height=\"200\" srcset=\"https:\/\/podlaskifestiwal.pl\/2025\/wp-content\/uploads\/sites\/7\/2025\/05\/DSC1434-300x200.jpg 300w, https:\/\/podlaskifestiwal.pl\/2025\/wp-content\/uploads\/sites\/7\/2025\/05\/DSC1434-1024x683.jpg 1024w, https:\/\/podlaskifestiwal.pl\/2025\/wp-content\/uploads\/sites\/7\/2025\/05\/DSC1434-768x512.jpg 768w, https:\/\/podlaskifestiwal.pl\/2025\/wp-content\/uploads\/sites\/7\/2025\/05\/DSC1434-1536x1024.jpg 1536w, https:\/\/podlaskifestiwal.pl\/2025\/wp-content\/uploads\/sites\/7\/2025\/05\/DSC1434.jpg 2048w\" sizes=\"auto, (max-width: 300px) 100vw, 300px\" \/> <img loading=\"lazy\" decoding=\"async\" class=\"alignnone size-medium wp-image-12710\" src=\"http:\/\/podlaskifestiwal.pl\/2025\/wp-content\/uploads\/sites\/7\/2025\/05\/DSC1391-300x200.jpg\" alt=\"\" width=\"300\" height=\"200\" srcset=\"https:\/\/podlaskifestiwal.pl\/2025\/wp-content\/uploads\/sites\/7\/2025\/05\/DSC1391-300x200.jpg 300w, https:\/\/podlaskifestiwal.pl\/2025\/wp-content\/uploads\/sites\/7\/2025\/05\/DSC1391-1024x683.jpg 1024w, https:\/\/podlaskifestiwal.pl\/2025\/wp-content\/uploads\/sites\/7\/2025\/05\/DSC1391-768x512.jpg 768w, https:\/\/podlaskifestiwal.pl\/2025\/wp-content\/uploads\/sites\/7\/2025\/05\/DSC1391-1536x1024.jpg 1536w, https:\/\/podlaskifestiwal.pl\/2025\/wp-content\/uploads\/sites\/7\/2025\/05\/DSC1391.jpg 2048w\" sizes=\"auto, (max-width: 300px) 100vw, 300px\" \/><\/p>\n<p>Z kolei starsi uczestnicy mogli nauczy\u0107 si\u0119, jak prawid\u0142owo czyta\u0107 etykiety lek\u00f3w i suplement\u00f3w, co stanowi\u0142o cenn\u0105 lekcj\u0119 \u015bwiadomego podej\u015bcia do w\u0142asnego zdrowia. Du\u017cym zainteresowaniem cieszy\u0142y si\u0119 r\u00f3wnie\u017c obserwacje mikroskopowe tkanek ro\u015blinnych i zwierz\u0119cych, kt\u00f3re pozwala\u0142y zajrze\u0107 w fascynuj\u0105cy \u015bwiat struktur niewidocznych go\u0142ym okiem. Podczas warsztat\u00f3w z mikroskopowania ka\u017cdy mia\u0142 szans\u0119 samodzielnie przygotowa\u0107 preparat mikroskopowy z wymazu z jamy ustnej, co dostarcza\u0142o nie tylko wiedzy, ale i emocjonuj\u0105cych wra\u017ce\u0144. Z kolei warsztaty \u201ePoznajemy ludzkie cia\u0142o \u2013 kolorowa lekcja anatomii\u201d w ciekawy i zrozumia\u0142y spos\u00f3b przybli\u017cy\u0142y tajemnice funkcjonowania organizmu cz\u0142owieka, budz\u0105c ciekawo\u015b\u0107 i zach\u0119caj\u0105c do dalszego odkrywania \u015bwiata biologii.<\/p>\n<p><img loading=\"lazy\" decoding=\"async\" class=\"alignnone size-medium wp-image-12719\" src=\"http:\/\/podlaskifestiwal.pl\/2025\/wp-content\/uploads\/sites\/7\/2025\/05\/DSC1607-300x200.jpg\" alt=\"\" width=\"300\" height=\"200\" srcset=\"https:\/\/podlaskifestiwal.pl\/2025\/wp-content\/uploads\/sites\/7\/2025\/05\/DSC1607-300x200.jpg 300w, https:\/\/podlaskifestiwal.pl\/2025\/wp-content\/uploads\/sites\/7\/2025\/05\/DSC1607-1024x683.jpg 1024w, https:\/\/podlaskifestiwal.pl\/2025\/wp-content\/uploads\/sites\/7\/2025\/05\/DSC1607-768x512.jpg 768w, https:\/\/podlaskifestiwal.pl\/2025\/wp-content\/uploads\/sites\/7\/2025\/05\/DSC1607-1536x1024.jpg 1536w, https:\/\/podlaskifestiwal.pl\/2025\/wp-content\/uploads\/sites\/7\/2025\/05\/DSC1607.jpg 2048w\" sizes=\"auto, (max-width: 300px) 100vw, 300px\" \/> <img loading=\"lazy\" decoding=\"async\" class=\"alignnone size-medium wp-image-12720\" src=\"http:\/\/podlaskifestiwal.pl\/2025\/wp-content\/uploads\/sites\/7\/2025\/05\/DSC1626-300x200.jpg\" alt=\"\" width=\"300\" height=\"200\" srcset=\"https:\/\/podlaskifestiwal.pl\/2025\/wp-content\/uploads\/sites\/7\/2025\/05\/DSC1626-300x200.jpg 300w, https:\/\/podlaskifestiwal.pl\/2025\/wp-content\/uploads\/sites\/7\/2025\/05\/DSC1626-1024x683.jpg 1024w, https:\/\/podlaskifestiwal.pl\/2025\/wp-content\/uploads\/sites\/7\/2025\/05\/DSC1626-768x512.jpg 768w, https:\/\/podlaskifestiwal.pl\/2025\/wp-content\/uploads\/sites\/7\/2025\/05\/DSC1626-1536x1024.jpg 1536w, https:\/\/podlaskifestiwal.pl\/2025\/wp-content\/uploads\/sites\/7\/2025\/05\/DSC1626.jpg 2048w\" sizes=\"auto, (max-width: 300px) 100vw, 300px\" \/><\/p>\n<p>Podczas Festiwalu swoj\u0105 obecno\u015b\u0107 zaznaczy\u0142y r\u00f3wnie\u017c s\u0142u\u017cby mundurowe, kt\u00f3re przygotowa\u0142y szereg atrakcji. Uczestnicy mogli z bliska zobaczy\u0107 wyposa\u017cenie funkcjonariuszy, porozmawia\u0107 o specyfice ich pracy, a tak\u017ce spr\u00f3bowa\u0107 swoich si\u0142 w zadaniach wymagaj\u0105cych refleksu i precyzji.<\/p>\n<p>Jednym z najbardziej atrakcyjnych moment\u00f3w dnia by\u0142 pokaz pos\u0142usze\u0144stwa i obrony z udzia\u0142em psa s\u0142u\u017cbowego prowadzony przez Bartosza Kami\u0144skiego. Belethem, pies s\u0142u\u017c\u0105cy przez wiele lat w brytyjskich s\u0142u\u017cbach mundurowych, wykonywa\u0142 precyzyjne zadania, reaguj\u0105c na komendy z imponuj\u0105c\u0105 dyscyplin\u0105. W ramach pokazu zaprezentowano mi\u0119dzy innymi symulacj\u0119 kradzie\u017cy samochodu, podczas kt\u00f3rej pies natychmiast zareagowa\u0142, obezw\u0142adniaj\u0105c \u201enapastnika\u201d i demonstruj\u0105c skuteczno\u015b\u0107 dzia\u0142a\u0144 obronnych w sytuacji realnego zagro\u017cenia. Dodatkow\u0105 atrakcj\u0105 by\u0142a mo\u017cliwo\u015b\u0107 aktywnego udzia\u0142u publiczno\u015bci w pokazie \u2013 ch\u0119tni mogli za\u0142o\u017cy\u0107 specjalny str\u00f3j ochronny i wzi\u0105\u0107 udzia\u0142 w \u0107wiczeniu z wyszkolonym psem.<\/p>\n<p><img loading=\"lazy\" decoding=\"async\" class=\"alignnone size-medium wp-image-12724\" src=\"http:\/\/podlaskifestiwal.pl\/2025\/wp-content\/uploads\/sites\/7\/2025\/05\/DSC1734-300x200.jpg\" alt=\"\" width=\"300\" height=\"200\" srcset=\"https:\/\/podlaskifestiwal.pl\/2025\/wp-content\/uploads\/sites\/7\/2025\/05\/DSC1734-300x200.jpg 300w, https:\/\/podlaskifestiwal.pl\/2025\/wp-content\/uploads\/sites\/7\/2025\/05\/DSC1734-1024x683.jpg 1024w, https:\/\/podlaskifestiwal.pl\/2025\/wp-content\/uploads\/sites\/7\/2025\/05\/DSC1734-768x512.jpg 768w, https:\/\/podlaskifestiwal.pl\/2025\/wp-content\/uploads\/sites\/7\/2025\/05\/DSC1734-1536x1024.jpg 1536w, https:\/\/podlaskifestiwal.pl\/2025\/wp-content\/uploads\/sites\/7\/2025\/05\/DSC1734.jpg 2048w\" sizes=\"auto, (max-width: 300px) 100vw, 300px\" \/> <img loading=\"lazy\" decoding=\"async\" class=\"alignnone size-medium wp-image-12723\" src=\"http:\/\/podlaskifestiwal.pl\/2025\/wp-content\/uploads\/sites\/7\/2025\/05\/DSC1724-300x200.jpg\" alt=\"\" width=\"300\" height=\"200\" srcset=\"https:\/\/podlaskifestiwal.pl\/2025\/wp-content\/uploads\/sites\/7\/2025\/05\/DSC1724-300x200.jpg 300w, https:\/\/podlaskifestiwal.pl\/2025\/wp-content\/uploads\/sites\/7\/2025\/05\/DSC1724-1024x683.jpg 1024w, https:\/\/podlaskifestiwal.pl\/2025\/wp-content\/uploads\/sites\/7\/2025\/05\/DSC1724-768x512.jpg 768w, https:\/\/podlaskifestiwal.pl\/2025\/wp-content\/uploads\/sites\/7\/2025\/05\/DSC1724-1536x1024.jpg 1536w, https:\/\/podlaskifestiwal.pl\/2025\/wp-content\/uploads\/sites\/7\/2025\/05\/DSC1724.jpg 2048w\" sizes=\"auto, (max-width: 300px) 100vw, 300px\" \/> <img loading=\"lazy\" decoding=\"async\" class=\"alignnone size-medium wp-image-12725\" src=\"http:\/\/podlaskifestiwal.pl\/2025\/wp-content\/uploads\/sites\/7\/2025\/05\/DSC1756-300x200.jpg\" alt=\"\" width=\"300\" height=\"200\" srcset=\"https:\/\/podlaskifestiwal.pl\/2025\/wp-content\/uploads\/sites\/7\/2025\/05\/DSC1756-300x200.jpg 300w, https:\/\/podlaskifestiwal.pl\/2025\/wp-content\/uploads\/sites\/7\/2025\/05\/DSC1756-1024x683.jpg 1024w, https:\/\/podlaskifestiwal.pl\/2025\/wp-content\/uploads\/sites\/7\/2025\/05\/DSC1756-768x512.jpg 768w, https:\/\/podlaskifestiwal.pl\/2025\/wp-content\/uploads\/sites\/7\/2025\/05\/DSC1756-1536x1024.jpg 1536w, https:\/\/podlaskifestiwal.pl\/2025\/wp-content\/uploads\/sites\/7\/2025\/05\/DSC1756.jpg 2048w\" sizes=\"auto, (max-width: 300px) 100vw, 300px\" \/><\/p>\n<p>Na uczestnik\u00f3w XXI Podlaskiego Festiwalu Nauki i Sztuki czeka\u0142o wiele innych atrakcji, kt\u00f3rych nie spos\u00f3b w pe\u0142ni opisa\u0107 s\u0142owami \u2013 trzeba by\u0142o je po prostu prze\u017cy\u0107. R\u00f3\u017cnorodno\u015b\u0107 przygotowanych aktywno\u015bci sprawi\u0142a, \u017ce ka\u017cdy \u2013 niezale\u017cnie od wieku \u2013 m\u00f3g\u0142 znale\u017a\u0107 co\u015b dla siebie i wyj\u015b\u0107 z Festiwalu bogatszy o nowe do\u015bwiadczenia.<br \/>\nZa ca\u0142o\u015b\u0107 programu odpowiada\u0142a koordynatorka PFNiS, dr Edyta Lichomska-Milewska, kt\u00f3ra z nies\u0142abn\u0105cym u\u015bmiechem towarzyszy\u0142a wydarzeniom przez ca\u0142y dzie\u0144, czuwaj\u0105c nad ich przebiegiem, pomagaj\u0105c, wspieraj\u0105c i inspiruj\u0105c.<\/p>\n","protected":false},"excerpt":{"rendered":"<p>Za nami XXI Podlaski Festiwal Nauki i Sztuki w Akademii \u0141om\u017cy\u0144skiej \u2013 dzie\u0144 pe\u0142en inspiruj\u0105cych spotka\u0144, naukowych do\u015bwiadcze\u0144, tw\u00f3rczej energii i wyj\u0105tkowych ludzi. Uczelnia, dzi\u0119ki zespo\u0142owej pracy, przygotowa\u0142a bogaty wachlarz ponad 60. wydarze\u0144: pokaz\u00f3w, eksperyment\u00f3w, warsztat\u00f3w i wyk\u0142ad\u00f3w z zakresu humanistyki, nauk spo\u0142ecznych, informatyki, medycyny, po szeroko poj\u0119te bezpiecze\u0144stwo. Festiwal otworzy\u0142a Pani Prorektor dr hab. [&hellip;]<\/p>\n","protected":false},"author":170,"featured_media":12712,"comment_status":"closed","ping_status":"closed","sticky":false,"template":"","format":"standard","meta":{"ngg_post_thumbnail":0,"footnotes":""},"categories":[1],"tags":[],"class_list":["post-12709","post","type-post","status-publish","format-standard","has-post-thumbnail","hentry","category-uncategorized"],"yoast_head":"<!-- This site is optimized with the Yoast SEO plugin v27.1.1 - https:\/\/yoast.com\/product\/yoast-seo-wordpress\/ -->\n<title>XXI PFNiS w Akademii \u0141om\u017cy\u0144skiej. Za nami ponad 60 wydarze\u0144! - XX Podlaski Festiwal Nauki i Sztuki 2025<\/title>\n<meta name=\"robots\" content=\"index, follow, max-snippet:-1, max-image-preview:large, max-video-preview:-1\" \/>\n<link rel=\"canonical\" href=\"https:\/\/podlaskifestiwal.pl\/2025\/xxi-pfnis-w-akademii-lomzynskiej-za-nami-ponad-60-wydarzen\/\" \/>\n<meta property=\"og:locale\" content=\"pl_PL\" \/>\n<meta property=\"og:type\" content=\"article\" \/>\n<meta property=\"og:title\" content=\"XXI PFNiS w Akademii \u0141om\u017cy\u0144skiej. Za nami ponad 60 wydarze\u0144! - XX Podlaski Festiwal Nauki i Sztuki 2025\" \/>\n<meta property=\"og:description\" content=\"Za nami XXI Podlaski Festiwal Nauki i Sztuki w Akademii \u0141om\u017cy\u0144skiej \u2013 dzie\u0144 pe\u0142en inspiruj\u0105cych spotka\u0144, naukowych do\u015bwiadcze\u0144, tw\u00f3rczej energii i wyj\u0105tkowych ludzi. Uczelnia, dzi\u0119ki zespo\u0142owej pracy, przygotowa\u0142a bogaty wachlarz ponad 60. wydarze\u0144: pokaz\u00f3w, eksperyment\u00f3w, warsztat\u00f3w i wyk\u0142ad\u00f3w z zakresu humanistyki, nauk spo\u0142ecznych, informatyki, medycyny, po szeroko poj\u0119te bezpiecze\u0144stwo. Festiwal otworzy\u0142a Pani Prorektor dr hab. [&hellip;]\" \/>\n<meta property=\"og:url\" content=\"https:\/\/podlaskifestiwal.pl\/2025\/xxi-pfnis-w-akademii-lomzynskiej-za-nami-ponad-60-wydarzen\/\" \/>\n<meta property=\"og:site_name\" content=\"XX Podlaski Festiwal Nauki i Sztuki 2025\" \/>\n<meta property=\"article:published_time\" content=\"2025-05-14T09:05:20+00:00\" \/>\n<meta property=\"article:modified_time\" content=\"2025-05-20T09:05:36+00:00\" \/>\n<meta property=\"og:image\" content=\"http:\/\/podlaskifestiwal.pl\/2025\/wp-content\/uploads\/sites\/7\/2025\/05\/DSC1400.jpg\" \/>\n\t<meta property=\"og:image:width\" content=\"2048\" \/>\n\t<meta property=\"og:image:height\" content=\"1365\" \/>\n\t<meta property=\"og:image:type\" content=\"image\/jpeg\" \/>\n<meta name=\"author\" content=\"biurokomunikacji\" \/>\n<meta name=\"twitter:card\" content=\"summary_large_image\" \/>\n<meta name=\"twitter:label1\" content=\"Napisane przez\" \/>\n\t<meta name=\"twitter:data1\" content=\"biurokomunikacji\" \/>\n\t<meta name=\"twitter:label2\" content=\"Szacowany czas czytania\" \/>\n\t<meta name=\"twitter:data2\" content=\"6 minut\" \/>\n<script type=\"application\/ld+json\" class=\"yoast-schema-graph\">{\"@context\":\"https:\/\/schema.org\",\"@graph\":[{\"@type\":\"Article\",\"@id\":\"https:\/\/podlaskifestiwal.pl\/2025\/xxi-pfnis-w-akademii-lomzynskiej-za-nami-ponad-60-wydarzen\/#article\",\"isPartOf\":{\"@id\":\"https:\/\/podlaskifestiwal.pl\/2025\/xxi-pfnis-w-akademii-lomzynskiej-za-nami-ponad-60-wydarzen\/\"},\"author\":{\"name\":\"biurokomunikacji\",\"@id\":\"https:\/\/podlaskifestiwal.pl\/2025\/#\/schema\/person\/de752c2731c17671f16b16b77bd283ac\"},\"headline\":\"XXI PFNiS w Akademii \u0141om\u017cy\u0144skiej. Za nami ponad 60 wydarze\u0144!\",\"datePublished\":\"2025-05-14T09:05:20+00:00\",\"dateModified\":\"2025-05-20T09:05:36+00:00\",\"mainEntityOfPage\":{\"@id\":\"https:\/\/podlaskifestiwal.pl\/2025\/xxi-pfnis-w-akademii-lomzynskiej-za-nami-ponad-60-wydarzen\/\"},\"wordCount\":643,\"publisher\":{\"@id\":\"https:\/\/podlaskifestiwal.pl\/2025\/#organization\"},\"image\":{\"@id\":\"https:\/\/podlaskifestiwal.pl\/2025\/xxi-pfnis-w-akademii-lomzynskiej-za-nami-ponad-60-wydarzen\/#primaryimage\"},\"thumbnailUrl\":\"https:\/\/podlaskifestiwal.pl\/2025\/wp-content\/uploads\/sites\/7\/2025\/05\/DSC1400.jpg\",\"articleSection\":[\"Uncategorized\"],\"inLanguage\":\"pl-PL\"},{\"@type\":\"WebPage\",\"@id\":\"https:\/\/podlaskifestiwal.pl\/2025\/xxi-pfnis-w-akademii-lomzynskiej-za-nami-ponad-60-wydarzen\/\",\"url\":\"https:\/\/podlaskifestiwal.pl\/2025\/xxi-pfnis-w-akademii-lomzynskiej-za-nami-ponad-60-wydarzen\/\",\"name\":\"XXI PFNiS w Akademii \u0141om\u017cy\u0144skiej. Za nami ponad 60 wydarze\u0144! - XX Podlaski Festiwal Nauki i Sztuki 2025\",\"isPartOf\":{\"@id\":\"https:\/\/podlaskifestiwal.pl\/2025\/#website\"},\"primaryImageOfPage\":{\"@id\":\"https:\/\/podlaskifestiwal.pl\/2025\/xxi-pfnis-w-akademii-lomzynskiej-za-nami-ponad-60-wydarzen\/#primaryimage\"},\"image\":{\"@id\":\"https:\/\/podlaskifestiwal.pl\/2025\/xxi-pfnis-w-akademii-lomzynskiej-za-nami-ponad-60-wydarzen\/#primaryimage\"},\"thumbnailUrl\":\"https:\/\/podlaskifestiwal.pl\/2025\/wp-content\/uploads\/sites\/7\/2025\/05\/DSC1400.jpg\",\"datePublished\":\"2025-05-14T09:05:20+00:00\",\"dateModified\":\"2025-05-20T09:05:36+00:00\",\"breadcrumb\":{\"@id\":\"https:\/\/podlaskifestiwal.pl\/2025\/xxi-pfnis-w-akademii-lomzynskiej-za-nami-ponad-60-wydarzen\/#breadcrumb\"},\"inLanguage\":\"pl-PL\",\"potentialAction\":[{\"@type\":\"ReadAction\",\"target\":[\"https:\/\/podlaskifestiwal.pl\/2025\/xxi-pfnis-w-akademii-lomzynskiej-za-nami-ponad-60-wydarzen\/\"]}]},{\"@type\":\"ImageObject\",\"inLanguage\":\"pl-PL\",\"@id\":\"https:\/\/podlaskifestiwal.pl\/2025\/xxi-pfnis-w-akademii-lomzynskiej-za-nami-ponad-60-wydarzen\/#primaryimage\",\"url\":\"https:\/\/podlaskifestiwal.pl\/2025\/wp-content\/uploads\/sites\/7\/2025\/05\/DSC1400.jpg\",\"contentUrl\":\"https:\/\/podlaskifestiwal.pl\/2025\/wp-content\/uploads\/sites\/7\/2025\/05\/DSC1400.jpg\",\"width\":2048,\"height\":1365,\"caption\":\"Dzieci szkolne z przej\u0119ciem ogl\u0105daj\u0105ce pokaz\"},{\"@type\":\"BreadcrumbList\",\"@id\":\"https:\/\/podlaskifestiwal.pl\/2025\/xxi-pfnis-w-akademii-lomzynskiej-za-nami-ponad-60-wydarzen\/#breadcrumb\",\"itemListElement\":[{\"@type\":\"ListItem\",\"position\":1,\"name\":\"Strona g\u0142\u00f3wna\",\"item\":\"https:\/\/podlaskifestiwal.pl\/2025\/\"},{\"@type\":\"ListItem\",\"position\":2,\"name\":\"XXI PFNiS w Akademii \u0141om\u017cy\u0144skiej. Za nami ponad 60 wydarze\u0144!\"}]},{\"@type\":\"WebSite\",\"@id\":\"https:\/\/podlaskifestiwal.pl\/2025\/#website\",\"url\":\"https:\/\/podlaskifestiwal.pl\/2025\/\",\"name\":\"XXI Podlaski Festiwal Nauki i Sztuki\",\"description\":\"XXI Podlaski Festiwal Nauki i Sztuki\",\"publisher\":{\"@id\":\"https:\/\/podlaskifestiwal.pl\/2025\/#organization\"},\"potentialAction\":[{\"@type\":\"SearchAction\",\"target\":{\"@type\":\"EntryPoint\",\"urlTemplate\":\"https:\/\/podlaskifestiwal.pl\/2025\/?s={search_term_string}\"},\"query-input\":{\"@type\":\"PropertyValueSpecification\",\"valueRequired\":true,\"valueName\":\"search_term_string\"}}],\"inLanguage\":\"pl-PL\"},{\"@type\":\"Organization\",\"@id\":\"https:\/\/podlaskifestiwal.pl\/2025\/#organization\",\"name\":\"XXI Podlaski Festiwal Nauki i Sztuki\",\"url\":\"https:\/\/podlaskifestiwal.pl\/2025\/\",\"logo\":{\"@type\":\"ImageObject\",\"inLanguage\":\"pl-PL\",\"@id\":\"https:\/\/podlaskifestiwal.pl\/2025\/#\/schema\/logo\/image\/\",\"url\":\"https:\/\/podlaskifestiwal.pl\/2025\/wp-content\/uploads\/sites\/7\/2025\/04\/Baner-Fleming-1.png\",\"contentUrl\":\"https:\/\/podlaskifestiwal.pl\/2025\/wp-content\/uploads\/sites\/7\/2025\/04\/Baner-Fleming-1.png\",\"width\":2400,\"height\":800,\"caption\":\"XXI Podlaski Festiwal Nauki i Sztuki\"},\"image\":{\"@id\":\"https:\/\/podlaskifestiwal.pl\/2025\/#\/schema\/logo\/image\/\"}},{\"@type\":\"Person\",\"@id\":\"https:\/\/podlaskifestiwal.pl\/2025\/#\/schema\/person\/de752c2731c17671f16b16b77bd283ac\",\"name\":\"biurokomunikacji\",\"url\":\"https:\/\/podlaskifestiwal.pl\/2025\/author\/biurokomunikacji\/\"}]}<\/script>\n<!-- \/ Yoast SEO plugin. -->","yoast_head_json":{"title":"XXI PFNiS w Akademii \u0141om\u017cy\u0144skiej. Za nami ponad 60 wydarze\u0144! - XX Podlaski Festiwal Nauki i Sztuki 2025","robots":{"index":"index","follow":"follow","max-snippet":"max-snippet:-1","max-image-preview":"max-image-preview:large","max-video-preview":"max-video-preview:-1"},"canonical":"https:\/\/podlaskifestiwal.pl\/2025\/xxi-pfnis-w-akademii-lomzynskiej-za-nami-ponad-60-wydarzen\/","og_locale":"pl_PL","og_type":"article","og_title":"XXI PFNiS w Akademii \u0141om\u017cy\u0144skiej. Za nami ponad 60 wydarze\u0144! - XX Podlaski Festiwal Nauki i Sztuki 2025","og_description":"Za nami XXI Podlaski Festiwal Nauki i Sztuki w Akademii \u0141om\u017cy\u0144skiej \u2013 dzie\u0144 pe\u0142en inspiruj\u0105cych spotka\u0144, naukowych do\u015bwiadcze\u0144, tw\u00f3rczej energii i wyj\u0105tkowych ludzi. Uczelnia, dzi\u0119ki zespo\u0142owej pracy, przygotowa\u0142a bogaty wachlarz ponad 60. wydarze\u0144: pokaz\u00f3w, eksperyment\u00f3w, warsztat\u00f3w i wyk\u0142ad\u00f3w z zakresu humanistyki, nauk spo\u0142ecznych, informatyki, medycyny, po szeroko poj\u0119te bezpiecze\u0144stwo. Festiwal otworzy\u0142a Pani Prorektor dr hab. [&hellip;]","og_url":"https:\/\/podlaskifestiwal.pl\/2025\/xxi-pfnis-w-akademii-lomzynskiej-za-nami-ponad-60-wydarzen\/","og_site_name":"XX Podlaski Festiwal Nauki i Sztuki 2025","article_published_time":"2025-05-14T09:05:20+00:00","article_modified_time":"2025-05-20T09:05:36+00:00","og_image":[{"width":2048,"height":1365,"url":"http:\/\/podlaskifestiwal.pl\/2025\/wp-content\/uploads\/sites\/7\/2025\/05\/DSC1400.jpg","type":"image\/jpeg"}],"author":"biurokomunikacji","twitter_card":"summary_large_image","twitter_misc":{"Napisane przez":"biurokomunikacji","Szacowany czas czytania":"6 minut"},"schema":{"@context":"https:\/\/schema.org","@graph":[{"@type":"Article","@id":"https:\/\/podlaskifestiwal.pl\/2025\/xxi-pfnis-w-akademii-lomzynskiej-za-nami-ponad-60-wydarzen\/#article","isPartOf":{"@id":"https:\/\/podlaskifestiwal.pl\/2025\/xxi-pfnis-w-akademii-lomzynskiej-za-nami-ponad-60-wydarzen\/"},"author":{"name":"biurokomunikacji","@id":"https:\/\/podlaskifestiwal.pl\/2025\/#\/schema\/person\/de752c2731c17671f16b16b77bd283ac"},"headline":"XXI PFNiS w Akademii \u0141om\u017cy\u0144skiej. Za nami ponad 60 wydarze\u0144!","datePublished":"2025-05-14T09:05:20+00:00","dateModified":"2025-05-20T09:05:36+00:00","mainEntityOfPage":{"@id":"https:\/\/podlaskifestiwal.pl\/2025\/xxi-pfnis-w-akademii-lomzynskiej-za-nami-ponad-60-wydarzen\/"},"wordCount":643,"publisher":{"@id":"https:\/\/podlaskifestiwal.pl\/2025\/#organization"},"image":{"@id":"https:\/\/podlaskifestiwal.pl\/2025\/xxi-pfnis-w-akademii-lomzynskiej-za-nami-ponad-60-wydarzen\/#primaryimage"},"thumbnailUrl":"https:\/\/podlaskifestiwal.pl\/2025\/wp-content\/uploads\/sites\/7\/2025\/05\/DSC1400.jpg","articleSection":["Uncategorized"],"inLanguage":"pl-PL"},{"@type":"WebPage","@id":"https:\/\/podlaskifestiwal.pl\/2025\/xxi-pfnis-w-akademii-lomzynskiej-za-nami-ponad-60-wydarzen\/","url":"https:\/\/podlaskifestiwal.pl\/2025\/xxi-pfnis-w-akademii-lomzynskiej-za-nami-ponad-60-wydarzen\/","name":"XXI PFNiS w Akademii \u0141om\u017cy\u0144skiej. Za nami ponad 60 wydarze\u0144! - XX Podlaski Festiwal Nauki i Sztuki 2025","isPartOf":{"@id":"https:\/\/podlaskifestiwal.pl\/2025\/#website"},"primaryImageOfPage":{"@id":"https:\/\/podlaskifestiwal.pl\/2025\/xxi-pfnis-w-akademii-lomzynskiej-za-nami-ponad-60-wydarzen\/#primaryimage"},"image":{"@id":"https:\/\/podlaskifestiwal.pl\/2025\/xxi-pfnis-w-akademii-lomzynskiej-za-nami-ponad-60-wydarzen\/#primaryimage"},"thumbnailUrl":"https:\/\/podlaskifestiwal.pl\/2025\/wp-content\/uploads\/sites\/7\/2025\/05\/DSC1400.jpg","datePublished":"2025-05-14T09:05:20+00:00","dateModified":"2025-05-20T09:05:36+00:00","breadcrumb":{"@id":"https:\/\/podlaskifestiwal.pl\/2025\/xxi-pfnis-w-akademii-lomzynskiej-za-nami-ponad-60-wydarzen\/#breadcrumb"},"inLanguage":"pl-PL","potentialAction":[{"@type":"ReadAction","target":["https:\/\/podlaskifestiwal.pl\/2025\/xxi-pfnis-w-akademii-lomzynskiej-za-nami-ponad-60-wydarzen\/"]}]},{"@type":"ImageObject","inLanguage":"pl-PL","@id":"https:\/\/podlaskifestiwal.pl\/2025\/xxi-pfnis-w-akademii-lomzynskiej-za-nami-ponad-60-wydarzen\/#primaryimage","url":"https:\/\/podlaskifestiwal.pl\/2025\/wp-content\/uploads\/sites\/7\/2025\/05\/DSC1400.jpg","contentUrl":"https:\/\/podlaskifestiwal.pl\/2025\/wp-content\/uploads\/sites\/7\/2025\/05\/DSC1400.jpg","width":2048,"height":1365,"caption":"Dzieci szkolne z przej\u0119ciem ogl\u0105daj\u0105ce pokaz"},{"@type":"BreadcrumbList","@id":"https:\/\/podlaskifestiwal.pl\/2025\/xxi-pfnis-w-akademii-lomzynskiej-za-nami-ponad-60-wydarzen\/#breadcrumb","itemListElement":[{"@type":"ListItem","position":1,"name":"Strona g\u0142\u00f3wna","item":"https:\/\/podlaskifestiwal.pl\/2025\/"},{"@type":"ListItem","position":2,"name":"XXI PFNiS w Akademii \u0141om\u017cy\u0144skiej. Za nami ponad 60 wydarze\u0144!"}]},{"@type":"WebSite","@id":"https:\/\/podlaskifestiwal.pl\/2025\/#website","url":"https:\/\/podlaskifestiwal.pl\/2025\/","name":"XXI Podlaski Festiwal Nauki i Sztuki","description":"XXI Podlaski Festiwal Nauki i Sztuki","publisher":{"@id":"https:\/\/podlaskifestiwal.pl\/2025\/#organization"},"potentialAction":[{"@type":"SearchAction","target":{"@type":"EntryPoint","urlTemplate":"https:\/\/podlaskifestiwal.pl\/2025\/?s={search_term_string}"},"query-input":{"@type":"PropertyValueSpecification","valueRequired":true,"valueName":"search_term_string"}}],"inLanguage":"pl-PL"},{"@type":"Organization","@id":"https:\/\/podlaskifestiwal.pl\/2025\/#organization","name":"XXI Podlaski Festiwal Nauki i Sztuki","url":"https:\/\/podlaskifestiwal.pl\/2025\/","logo":{"@type":"ImageObject","inLanguage":"pl-PL","@id":"https:\/\/podlaskifestiwal.pl\/2025\/#\/schema\/logo\/image\/","url":"https:\/\/podlaskifestiwal.pl\/2025\/wp-content\/uploads\/sites\/7\/2025\/04\/Baner-Fleming-1.png","contentUrl":"https:\/\/podlaskifestiwal.pl\/2025\/wp-content\/uploads\/sites\/7\/2025\/04\/Baner-Fleming-1.png","width":2400,"height":800,"caption":"XXI Podlaski Festiwal Nauki i Sztuki"},"image":{"@id":"https:\/\/podlaskifestiwal.pl\/2025\/#\/schema\/logo\/image\/"}},{"@type":"Person","@id":"https:\/\/podlaskifestiwal.pl\/2025\/#\/schema\/person\/de752c2731c17671f16b16b77bd283ac","name":"biurokomunikacji","url":"https:\/\/podlaskifestiwal.pl\/2025\/author\/biurokomunikacji\/"}]}},"_links":{"self":[{"href":"https:\/\/podlaskifestiwal.pl\/2025\/wp-json\/wp\/v2\/posts\/12709","targetHints":{"allow":["GET"]}}],"collection":[{"href":"https:\/\/podlaskifestiwal.pl\/2025\/wp-json\/wp\/v2\/posts"}],"about":[{"href":"https:\/\/podlaskifestiwal.pl\/2025\/wp-json\/wp\/v2\/types\/post"}],"author":[{"embeddable":true,"href":"https:\/\/podlaskifestiwal.pl\/2025\/wp-json\/wp\/v2\/users\/170"}],"replies":[{"embeddable":true,"href":"https:\/\/podlaskifestiwal.pl\/2025\/wp-json\/wp\/v2\/comments?post=12709"}],"version-history":[{"count":1,"href":"https:\/\/podlaskifestiwal.pl\/2025\/wp-json\/wp\/v2\/posts\/12709\/revisions"}],"predecessor-version":[{"id":12726,"href":"https:\/\/podlaskifestiwal.pl\/2025\/wp-json\/wp\/v2\/posts\/12709\/revisions\/12726"}],"wp:featuredmedia":[{"embeddable":true,"href":"https:\/\/podlaskifestiwal.pl\/2025\/wp-json\/wp\/v2\/media\/12712"}],"wp:attachment":[{"href":"https:\/\/podlaskifestiwal.pl\/2025\/wp-json\/wp\/v2\/media?parent=12709"}],"wp:term":[{"taxonomy":"category","embeddable":true,"href":"https:\/\/podlaskifestiwal.pl\/2025\/wp-json\/wp\/v2\/categories?post=12709"},{"taxonomy":"post_tag","embeddable":true,"href":"https:\/\/podlaskifestiwal.pl\/2025\/wp-json\/wp\/v2\/tags?post=12709"}],"curies":[{"name":"wp","href":"https:\/\/api.w.org\/{rel}","templated":true}]}}