{"id":12681,"date":"2025-05-20T08:39:22","date_gmt":"2025-05-20T08:39:22","guid":{"rendered":"https:\/\/podlaskifestiwal.pl\/2025\/?p=12681"},"modified":"2025-05-20T08:53:58","modified_gmt":"2025-05-20T08:53:58","slug":"rodzinny-piknik-naukowy-2025-tysiace-osob-na-stadionie-chorten-arena-w-bialymstoku-w-poszukiwaniu-inspiracji-nauka-i-sztuka","status":"publish","type":"post","link":"https:\/\/podlaskifestiwal.pl\/2025\/rodzinny-piknik-naukowy-2025-tysiace-osob-na-stadionie-chorten-arena-w-bialymstoku-w-poszukiwaniu-inspiracji-nauka-i-sztuka\/","title":{"rendered":"Rodzinny Piknik Naukowy 2025 \u2013 tysi\u0105ce os\u00f3b na Stadionie Chorten Arena w Bia\u0142ymstoku w poszukiwaniu inspiracji nauk\u0105 i sztuk\u0105"},"content":{"rendered":"<p><strong>Pogoda dopisa\u0142a (nie by\u0142o tak ch\u0142odno, jak do tej pory w maju;), nastroje r\u00f3wnie\u017c \u2013 a to mog\u0142o oznacza\u0107 tylko jedno: Rodzinny Piknik Naukowy 2025 po raz kolejny uda\u0142 si\u0119 znakomicie! W niedziel\u0119, 18 maja, Stadion Chorten Arena w Bia\u0142ymstoku zamieni\u0142 si\u0119 w przestrze\u0144 pe\u0142n\u0105 odkry\u0107, u\u015bmiech\u00f3w i wsp\u00f3lnej naukowej zabawy. Tysi\u0105ce mieszka\u0144c\u00f3w miasta i regionu skorzysta\u0142o z zaproszenia i wzi\u0119\u0142o udzia\u0142 w tym wyj\u0105tkowym wydarzeniu, przygotowanym przez 12 instytucji nauki i sztuki z wojew\u00f3dztwa podlaskiego.<\/strong><\/p>\n<p>Piknik by\u0142 zarazem wielkim fina\u0142em XXI Podlaskiego Festiwalu Nauki i Sztuki, kt\u00f3ry od 9 maja rozbudza\u0142 ciekawo\u015b\u0107 mieszka\u0144c\u00f3w regionu. Tegoroczna edycja, inspirowana s\u0142owami Alexandra Fleminga \u2013 \u201eNie lekcewa\u017ccie nigdy zjawisk, kt\u00f3re wydaj\u0105 wam si\u0119 niezwyk\u0142e\u201d \u2013 po raz kolejny pokaza\u0142a, \u017ce nauka to nie tylko wiedza, ale te\u017c rado\u015b\u0107 odkrywania, wsp\u00f3lne do\u015bwiadczenia i przestrze\u0144 do mi\u0119dzypokoleniowych spotka\u0144 i zabawy.<\/p>\n<p><em><strong>Nauka to fantastyczna przygoda<\/strong><\/em><br \/>\n<em>Dzisiaj mamy \u015bwi\u0119to wszystkich naszych uczelni, gdzie prezentujemy wszystko, co mamy najlepszego, ale jest to r\u00f3wnie\u017c \u015bwi\u0119to naszych miast, naszego regionu. Chcemy \u017ceby\u015bcie Pa\u0144stwo po raz kolejny przypomnieli sobie, \u017ce nasze uczelnie s\u0105 jedn\u0105 z najlepszych rzeczy, jakie region mo\u017ce da\u0107 Pa\u0144stwu i kolejnym pokoleniom. Chcemy Was zabra\u0107 w t\u0119 wspania\u0142\u0105 podr\u00f3\u017c, kt\u00f3r\u0105 s\u0105 nauka i sztuka. Bawcie si\u0119 dzi\u015b \u015bwietnie<\/em> &#8211; zach\u0119ca\u0142 podczas uroczystego otwarcia pikniku Rektor UMB prof. Marcin Moniuszko.<\/p>\n<p><img loading=\"lazy\" decoding=\"async\" class=\"alignnone size-medium wp-image-12684\" src=\"http:\/\/podlaskifestiwal.pl\/2025\/wp-content\/uploads\/sites\/7\/2025\/05\/DSCF6133-300x200.jpg\" alt=\"\" width=\"300\" height=\"200\" srcset=\"https:\/\/podlaskifestiwal.pl\/2025\/wp-content\/uploads\/sites\/7\/2025\/05\/DSCF6133-300x200.jpg 300w, https:\/\/podlaskifestiwal.pl\/2025\/wp-content\/uploads\/sites\/7\/2025\/05\/DSCF6133-1024x683.jpg 1024w, https:\/\/podlaskifestiwal.pl\/2025\/wp-content\/uploads\/sites\/7\/2025\/05\/DSCF6133-768x512.jpg 768w, https:\/\/podlaskifestiwal.pl\/2025\/wp-content\/uploads\/sites\/7\/2025\/05\/DSCF6133-1536x1024.jpg 1536w, https:\/\/podlaskifestiwal.pl\/2025\/wp-content\/uploads\/sites\/7\/2025\/05\/DSCF6133.jpg 2048w\" sizes=\"auto, (max-width: 300px) 100vw, 300px\" \/><\/p>\n<h6><em>Prof. Marcin Moniuszko, Rektor Uniwersytetu Medycznego w Bia\u0142ymstoku<\/em><\/h6>\n<p>W tym roku koordynatorem g\u0142\u00f3wnym festiwalu by\u0142 w\u0142a\u015bnie Uniwersytet Medyczny w Bia\u0142ymstoku. Od 9 maja podlaskie uczelnie publiczne i niepubliczne oraz z EpiCentrum Nauki przygotowa\u0142y ponad 500 wydarze\u0144 &#8211; warsztat\u00f3w, wyk\u0142ad\u00f3w, spotka\u0144, koncert\u00f3w, atrakcji, przeznaczonych dla r\u00f3\u017cnych grup wiekowych &#8211; od najm\u0142odszych po senior\u00f3w.<\/p>\n<p><em>Mamy za sob\u0105 ca\u0142y tydzie\u0144 pe\u0142en wra\u017ce\u0144, emocji i wydarze\u0144, tydzie\u0144 w kt\u00f3rym mn\u00f3stwo go\u015bci odwiedzi\u0142o nasze uczelnie. Bardzo si\u0119 cieszymy i zapraszamy serdecznie nie tylko w trakcie festiwalu, ale przez ca\u0142y rok<\/em> &#8211; m\u00f3wi\u0142a dr hab. Marta Kosior-Kazberuk, Rektor Politechniki Bia\u0142ostockiej.<\/p>\n<p><img loading=\"lazy\" decoding=\"async\" class=\"alignnone size-medium wp-image-12686\" src=\"http:\/\/podlaskifestiwal.pl\/2025\/wp-content\/uploads\/sites\/7\/2025\/05\/DSCF6141-300x200.jpg\" alt=\"\" width=\"300\" height=\"200\" srcset=\"https:\/\/podlaskifestiwal.pl\/2025\/wp-content\/uploads\/sites\/7\/2025\/05\/DSCF6141-300x200.jpg 300w, https:\/\/podlaskifestiwal.pl\/2025\/wp-content\/uploads\/sites\/7\/2025\/05\/DSCF6141-1024x683.jpg 1024w, https:\/\/podlaskifestiwal.pl\/2025\/wp-content\/uploads\/sites\/7\/2025\/05\/DSCF6141-768x512.jpg 768w, https:\/\/podlaskifestiwal.pl\/2025\/wp-content\/uploads\/sites\/7\/2025\/05\/DSCF6141-1536x1024.jpg 1536w, https:\/\/podlaskifestiwal.pl\/2025\/wp-content\/uploads\/sites\/7\/2025\/05\/DSCF6141.jpg 2048w\" sizes=\"auto, (max-width: 300px) 100vw, 300px\" \/><\/p>\n<h6><em>Dr hab. Marta Kosior-Kazberuk, Rektor Politechniki Bia\u0142ostockiej<\/em><\/h6>\n<p>Na uroczystym otwarciu nie mog\u0142o zabrakn\u0105\u0107 r\u00f3wnie\u017c przedstawicieli najwi\u0119kszej uczelni w regionie &#8211; Uniwersytetu w Bia\u0142ymstoku. Prorektor ds. nauki i wsp\u00f3\u0142pracy mi\u0119dzynarodowej UwB dr hab. Agnieszka Piekutowska zaprasza\u0142a do odwiedzania stoisk przygotowanych przez uczelni\u0119, a tak\u017ce do eksperymentowania i zabawy.<\/p>\n<p><img loading=\"lazy\" decoding=\"async\" class=\"alignnone size-medium wp-image-12687\" src=\"http:\/\/podlaskifestiwal.pl\/2025\/wp-content\/uploads\/sites\/7\/2025\/05\/DSCF6161-300x200.jpg\" alt=\"\" width=\"300\" height=\"200\" srcset=\"https:\/\/podlaskifestiwal.pl\/2025\/wp-content\/uploads\/sites\/7\/2025\/05\/DSCF6161-300x200.jpg 300w, https:\/\/podlaskifestiwal.pl\/2025\/wp-content\/uploads\/sites\/7\/2025\/05\/DSCF6161-1024x683.jpg 1024w, https:\/\/podlaskifestiwal.pl\/2025\/wp-content\/uploads\/sites\/7\/2025\/05\/DSCF6161-768x512.jpg 768w, https:\/\/podlaskifestiwal.pl\/2025\/wp-content\/uploads\/sites\/7\/2025\/05\/DSCF6161-1536x1024.jpg 1536w, https:\/\/podlaskifestiwal.pl\/2025\/wp-content\/uploads\/sites\/7\/2025\/05\/DSCF6161.jpg 2048w\" sizes=\"auto, (max-width: 300px) 100vw, 300px\" \/><\/p>\n<h6><strong><em>dr hab. Agnieszka Piekutowska, Prorektor ds. nauki i wsp\u00f3\u0142pracy mi\u0119dzynarodowej Uniwersytetu w Bia\u0142ymstoku<\/em><\/strong><\/h6>\n<p>O wymiarze spo\u0142ecznym pikniku i ca\u0142ego festiwalu wspomina\u0142 Rafa\u0142 Rudnicki, zast\u0119pca prezydenta Bia\u0142egostoku. <em>Szczeg\u00f3lnie cieszy mnie dzi\u015b obecno\u015b\u0107 najm\u0142odszych bia\u0142ostoczanek i bia\u0142ostoczan, bo wierz\u0119, \u017ce dzi\u0119ki mo\u017cliwo\u015bci zobaczenia potencja\u0142u bia\u0142ostockich uczelni wy\u017cszych, najm\u0142odsi cz\u0142onkowie naszej spo\u0142eczno\u015bci zdecyduj\u0105 si\u0119 zwi\u0105za\u0107 swoj\u0105 przysz\u0142o\u015b\u0107 ze studiami w Bia\u0142ymstoku.<\/em><\/p>\n<p><img loading=\"lazy\" decoding=\"async\" class=\"alignnone size-medium wp-image-12688\" src=\"http:\/\/podlaskifestiwal.pl\/2025\/wp-content\/uploads\/sites\/7\/2025\/05\/DSCF6169-300x200.jpg\" alt=\"\" width=\"300\" height=\"200\" srcset=\"https:\/\/podlaskifestiwal.pl\/2025\/wp-content\/uploads\/sites\/7\/2025\/05\/DSCF6169-300x200.jpg 300w, https:\/\/podlaskifestiwal.pl\/2025\/wp-content\/uploads\/sites\/7\/2025\/05\/DSCF6169-1024x683.jpg 1024w, https:\/\/podlaskifestiwal.pl\/2025\/wp-content\/uploads\/sites\/7\/2025\/05\/DSCF6169-768x512.jpg 768w, https:\/\/podlaskifestiwal.pl\/2025\/wp-content\/uploads\/sites\/7\/2025\/05\/DSCF6169-1536x1024.jpg 1536w, https:\/\/podlaskifestiwal.pl\/2025\/wp-content\/uploads\/sites\/7\/2025\/05\/DSCF6169.jpg 2048w\" sizes=\"auto, (max-width: 300px) 100vw, 300px\" \/><\/p>\n<h6><em>Rafa\u0142 Rudnicki, zast\u0119pca prezydenta Bia\u0142egostoku<\/em><\/h6>\n<p>Prezydent przekonywa\u0142, \u017ce Bia\u0142ystok jest nie tylko \u015bwietnym miejscem do \u017cycia, ale r\u00f3wnie\u017c do nauki.<\/p>\n<p><strong>Bogaty program i setki atrakcji<\/strong><\/p>\n<p>W niedziel\u0119 ju\u017c od godziny 10:00 odwiedzaj\u0105cy mogli korzysta\u0107 z mn\u00f3stwa atrakcji przygotowanych przez student\u00f3w, naukowc\u00f3w i partner\u00f3w wydarzenia.<br \/>\nNa pasjonat\u00f3w nowych technologii czeka\u0142y stoiska z pokazami robot\u00f3w sumo, bolid\u00f3w wy\u015bcigowych Formula Student, robotyki i drukarek 3D, a tak\u017ce wynalazk\u00f3w wspieraj\u0105cych osoby z niepe\u0142nosprawno\u015bciami.<\/p>\n<p><img loading=\"lazy\" decoding=\"async\" class=\"alignnone size-medium wp-image-12689\" src=\"http:\/\/podlaskifestiwal.pl\/2025\/wp-content\/uploads\/sites\/7\/2025\/05\/DSCF6381-300x200.jpg\" alt=\"\" width=\"300\" height=\"200\" srcset=\"https:\/\/podlaskifestiwal.pl\/2025\/wp-content\/uploads\/sites\/7\/2025\/05\/DSCF6381-300x200.jpg 300w, https:\/\/podlaskifestiwal.pl\/2025\/wp-content\/uploads\/sites\/7\/2025\/05\/DSCF6381-1024x683.jpg 1024w, https:\/\/podlaskifestiwal.pl\/2025\/wp-content\/uploads\/sites\/7\/2025\/05\/DSCF6381-768x512.jpg 768w, https:\/\/podlaskifestiwal.pl\/2025\/wp-content\/uploads\/sites\/7\/2025\/05\/DSCF6381-1536x1024.jpg 1536w, https:\/\/podlaskifestiwal.pl\/2025\/wp-content\/uploads\/sites\/7\/2025\/05\/DSCF6381.jpg 2048w\" sizes=\"auto, (max-width: 300px) 100vw, 300px\" \/> <img loading=\"lazy\" decoding=\"async\" class=\"alignnone size-medium wp-image-12690\" src=\"http:\/\/podlaskifestiwal.pl\/2025\/wp-content\/uploads\/sites\/7\/2025\/05\/DSCF6731-300x200.jpg\" alt=\"\" width=\"300\" height=\"200\" srcset=\"https:\/\/podlaskifestiwal.pl\/2025\/wp-content\/uploads\/sites\/7\/2025\/05\/DSCF6731-300x200.jpg 300w, https:\/\/podlaskifestiwal.pl\/2025\/wp-content\/uploads\/sites\/7\/2025\/05\/DSCF6731-1024x683.jpg 1024w, https:\/\/podlaskifestiwal.pl\/2025\/wp-content\/uploads\/sites\/7\/2025\/05\/DSCF6731-768x512.jpg 768w, https:\/\/podlaskifestiwal.pl\/2025\/wp-content\/uploads\/sites\/7\/2025\/05\/DSCF6731-1536x1024.jpg 1536w, https:\/\/podlaskifestiwal.pl\/2025\/wp-content\/uploads\/sites\/7\/2025\/05\/DSCF6731.jpg 2048w\" sizes=\"auto, (max-width: 300px) 100vw, 300px\" \/> <img loading=\"lazy\" decoding=\"async\" class=\"alignnone size-medium wp-image-12693\" src=\"http:\/\/podlaskifestiwal.pl\/2025\/wp-content\/uploads\/sites\/7\/2025\/05\/DSCF6780-300x200.jpg\" alt=\"\" width=\"300\" height=\"200\" srcset=\"https:\/\/podlaskifestiwal.pl\/2025\/wp-content\/uploads\/sites\/7\/2025\/05\/DSCF6780-300x200.jpg 300w, https:\/\/podlaskifestiwal.pl\/2025\/wp-content\/uploads\/sites\/7\/2025\/05\/DSCF6780-1024x683.jpg 1024w, https:\/\/podlaskifestiwal.pl\/2025\/wp-content\/uploads\/sites\/7\/2025\/05\/DSCF6780-768x512.jpg 768w, https:\/\/podlaskifestiwal.pl\/2025\/wp-content\/uploads\/sites\/7\/2025\/05\/DSCF6780-1536x1024.jpg 1536w, https:\/\/podlaskifestiwal.pl\/2025\/wp-content\/uploads\/sites\/7\/2025\/05\/DSCF6780.jpg 2048w\" sizes=\"auto, (max-width: 300px) 100vw, 300px\" \/> <img loading=\"lazy\" decoding=\"async\" class=\"alignnone size-medium wp-image-12694\" src=\"http:\/\/podlaskifestiwal.pl\/2025\/wp-content\/uploads\/sites\/7\/2025\/05\/DSCF6804-300x200.jpg\" alt=\"\" width=\"300\" height=\"200\" srcset=\"https:\/\/podlaskifestiwal.pl\/2025\/wp-content\/uploads\/sites\/7\/2025\/05\/DSCF6804-300x200.jpg 300w, https:\/\/podlaskifestiwal.pl\/2025\/wp-content\/uploads\/sites\/7\/2025\/05\/DSCF6804-1024x683.jpg 1024w, https:\/\/podlaskifestiwal.pl\/2025\/wp-content\/uploads\/sites\/7\/2025\/05\/DSCF6804-768x512.jpg 768w, https:\/\/podlaskifestiwal.pl\/2025\/wp-content\/uploads\/sites\/7\/2025\/05\/DSCF6804-1536x1024.jpg 1536w, https:\/\/podlaskifestiwal.pl\/2025\/wp-content\/uploads\/sites\/7\/2025\/05\/DSCF6804.jpg 2048w\" sizes=\"auto, (max-width: 300px) 100vw, 300px\" \/> <img loading=\"lazy\" decoding=\"async\" class=\"alignnone size-medium wp-image-12696\" src=\"http:\/\/podlaskifestiwal.pl\/2025\/wp-content\/uploads\/sites\/7\/2025\/05\/DSCF6860-300x200.jpg\" alt=\"\" width=\"300\" height=\"200\" srcset=\"https:\/\/podlaskifestiwal.pl\/2025\/wp-content\/uploads\/sites\/7\/2025\/05\/DSCF6860-300x200.jpg 300w, https:\/\/podlaskifestiwal.pl\/2025\/wp-content\/uploads\/sites\/7\/2025\/05\/DSCF6860-1024x683.jpg 1024w, https:\/\/podlaskifestiwal.pl\/2025\/wp-content\/uploads\/sites\/7\/2025\/05\/DSCF6860-768x512.jpg 768w, https:\/\/podlaskifestiwal.pl\/2025\/wp-content\/uploads\/sites\/7\/2025\/05\/DSCF6860-1536x1024.jpg 1536w, https:\/\/podlaskifestiwal.pl\/2025\/wp-content\/uploads\/sites\/7\/2025\/05\/DSCF6860.jpg 2048w\" sizes=\"auto, (max-width: 300px) 100vw, 300px\" \/> <img loading=\"lazy\" decoding=\"async\" class=\"alignnone size-medium wp-image-12698\" src=\"http:\/\/podlaskifestiwal.pl\/2025\/wp-content\/uploads\/sites\/7\/2025\/05\/DSCF6893-300x200.jpg\" alt=\"\" width=\"300\" height=\"200\" srcset=\"https:\/\/podlaskifestiwal.pl\/2025\/wp-content\/uploads\/sites\/7\/2025\/05\/DSCF6893-300x200.jpg 300w, https:\/\/podlaskifestiwal.pl\/2025\/wp-content\/uploads\/sites\/7\/2025\/05\/DSCF6893-1024x683.jpg 1024w, https:\/\/podlaskifestiwal.pl\/2025\/wp-content\/uploads\/sites\/7\/2025\/05\/DSCF6893-768x512.jpg 768w, https:\/\/podlaskifestiwal.pl\/2025\/wp-content\/uploads\/sites\/7\/2025\/05\/DSCF6893-1536x1024.jpg 1536w, https:\/\/podlaskifestiwal.pl\/2025\/wp-content\/uploads\/sites\/7\/2025\/05\/DSCF6893.jpg 2048w\" sizes=\"auto, (max-width: 300px) 100vw, 300px\" \/> <img loading=\"lazy\" decoding=\"async\" class=\"alignnone size-medium wp-image-12699\" src=\"http:\/\/podlaskifestiwal.pl\/2025\/wp-content\/uploads\/sites\/7\/2025\/05\/DSCF6916-300x200.jpg\" alt=\"\" width=\"300\" height=\"200\" srcset=\"https:\/\/podlaskifestiwal.pl\/2025\/wp-content\/uploads\/sites\/7\/2025\/05\/DSCF6916-300x200.jpg 300w, https:\/\/podlaskifestiwal.pl\/2025\/wp-content\/uploads\/sites\/7\/2025\/05\/DSCF6916-1024x683.jpg 1024w, https:\/\/podlaskifestiwal.pl\/2025\/wp-content\/uploads\/sites\/7\/2025\/05\/DSCF6916-768x512.jpg 768w, https:\/\/podlaskifestiwal.pl\/2025\/wp-content\/uploads\/sites\/7\/2025\/05\/DSCF6916-1536x1024.jpg 1536w, https:\/\/podlaskifestiwal.pl\/2025\/wp-content\/uploads\/sites\/7\/2025\/05\/DSCF6916.jpg 2048w\" sizes=\"auto, (max-width: 300px) 100vw, 300px\" \/> <img loading=\"lazy\" decoding=\"async\" class=\"alignnone size-medium wp-image-12700\" src=\"http:\/\/podlaskifestiwal.pl\/2025\/wp-content\/uploads\/sites\/7\/2025\/05\/DSCF6938-300x200.jpg\" alt=\"\" width=\"300\" height=\"200\" srcset=\"https:\/\/podlaskifestiwal.pl\/2025\/wp-content\/uploads\/sites\/7\/2025\/05\/DSCF6938-300x200.jpg 300w, https:\/\/podlaskifestiwal.pl\/2025\/wp-content\/uploads\/sites\/7\/2025\/05\/DSCF6938-1024x683.jpg 1024w, https:\/\/podlaskifestiwal.pl\/2025\/wp-content\/uploads\/sites\/7\/2025\/05\/DSCF6938-768x512.jpg 768w, https:\/\/podlaskifestiwal.pl\/2025\/wp-content\/uploads\/sites\/7\/2025\/05\/DSCF6938-1536x1024.jpg 1536w, https:\/\/podlaskifestiwal.pl\/2025\/wp-content\/uploads\/sites\/7\/2025\/05\/DSCF6938.jpg 2048w\" sizes=\"auto, (max-width: 300px) 100vw, 300px\" \/><\/p>\n<p>W\u015br\u00f3d atrakcji znalaz\u0142y si\u0119 r\u00f3wnie\u017c pokazy \u015bwiat\u0142oterapii LED, warsztaty pierwszej pomocy u niemowl\u0105t, porady dotycz\u0105ce piel\u0119gnacji sk\u00f3ry i profilaktyki zaburze\u0144 g\u0142osu i s\u0142uchu, demonstracje z mikrobiologii i diagnostyki obrazowej czy techniki leczenia \u017cywieniowego.<\/p>\n<p>By\u0142y tak\u017ce kreatywne warsztaty plastyczne, edukacyjne quizy, zaj\u0119cia sportowe, zabawy dla dzieci, tory przeszk\u00f3d, kurs judo oraz wiele atrakcji na festiwalowej scenie: od pokaz\u00f3w gimnastyki artystycznej, przez koncerty big band\u00f3w i orkiestr d\u0119tych, po energetyczne wyst\u0119py ma\u017coretek i klimatyczne wyst\u0119py ch\u00f3r\u00f3w (Uniwersytetu Medycznego w Bia\u0142ymstoku oraz Uniwersytetu w Bia\u0142ymstoku).<\/p>\n<p><strong>Studio Cafe Nauka \u2013 rozmowy, relacje i inspiracje<\/strong><\/p>\n<p>Przez ca\u0142y dzie\u0144 dzia\u0142a\u0142o r\u00f3wnie\u017c Studio Cafe Nauka, prowadzone przez Dorot\u0119 Sawick\u0105 &#8211; rzeczniczk\u0119 prasow\u0105 UMB i Natali\u0119 Olszewsk\u0105, studentk\u0119 kierunku lekarskiego i aktywna redaktork\u0119 M\u0142odego Medyka (redaktorka naczelna M\u0142odego Medyka R\u00f3\u017ca Maria Huszcza prowadzi\u0142a scen\u0119 festiwalow\u0105). W ramach transmisji live na profilu Festiwalu na Facebooku oraz kanale YouTube UMB mo\u017cna by\u0142o zobaczy\u0107, co dzieje si\u0119 na stoiskach na Stadionie Chorten Arena i pos\u0142ucha\u0107 rozm\u00f3w z naukowcami, studentami, wynalazcami i organizatorami, kt\u00f3rzy opowiadali o swojej pasji do nauki i znaczeniu takich wydarze\u0144 jak Podlaski Festiwal Nauki i Sztuki.<\/p>\n<p><img loading=\"lazy\" decoding=\"async\" class=\"alignnone size-medium wp-image-12706\" src=\"http:\/\/podlaskifestiwal.pl\/2025\/wp-content\/uploads\/sites\/7\/2025\/05\/DSCF7016-300x200.jpg\" alt=\"\" width=\"300\" height=\"200\" srcset=\"https:\/\/podlaskifestiwal.pl\/2025\/wp-content\/uploads\/sites\/7\/2025\/05\/DSCF7016-300x200.jpg 300w, https:\/\/podlaskifestiwal.pl\/2025\/wp-content\/uploads\/sites\/7\/2025\/05\/DSCF7016-1024x683.jpg 1024w, https:\/\/podlaskifestiwal.pl\/2025\/wp-content\/uploads\/sites\/7\/2025\/05\/DSCF7016-768x512.jpg 768w, https:\/\/podlaskifestiwal.pl\/2025\/wp-content\/uploads\/sites\/7\/2025\/05\/DSCF7016-1536x1024.jpg 1536w, https:\/\/podlaskifestiwal.pl\/2025\/wp-content\/uploads\/sites\/7\/2025\/05\/DSCF7016.jpg 2048w\" sizes=\"auto, (max-width: 300px) 100vw, 300px\" \/><\/p>\n<h6><em>Studio Cafe &#8211; od lewej Natalia Olszewska UMB, Dorota Sawicka UMB, Marek Jurzysta EpiCentrum Nauki<\/em><\/h6>\n<p><a href=\"https:\/\/www.youtube.com\/@UniwersytetMedycznyBia%C5%82ystok\/streams\">Retransmisja dost\u0119pna na YT<\/a><\/p>\n<p><strong>Nauka + rodzina = najlepiej sp\u0119dzony czas<\/strong><\/p>\n<p>Rodzinny Piknik Naukowy 2025 po raz kolejny okaza\u0142 si\u0119 wielkim sukcesem. Na stadion przyszli rodzice z dzie\u0107mi, m\u0142odzie\u017c, seniorzy, pasjonaci nauki i osoby, kt\u00f3re chcia\u0142y wsp\u00f3lnie sp\u0119dzi\u0107 czas, ucz\u0105c si\u0119 i dobrze si\u0119 bawi\u0105c. Inspiruj\u0105ce spotkania, radosna atmosfera i setki zaanga\u017cowanych uczestnik\u00f3w pokaza\u0142y, \u017ce nauka ma sens, gdy staje si\u0119 dost\u0119pna i wsp\u00f3lna.<\/p>\n<p><strong>Dzi\u0119kujemy za obecno\u015b\u0107 i zapraszamy za rok!<\/strong><\/p>\n<p>Organizatorami Pikniku byli Uniwersytet Medyczny w Bia\u0142ymstoku \u2013 koordynator g\u0142\u00f3wny XXI Podlaskiego Festiwalu Nauki i Sztuki, Uniwersytet w Bia\u0142ymstoku, Politechnika Bia\u0142ostocka, Akademia Teatralna im. Aleksandra Zelwerowicza w Warszawie Filia w Bia\u0142ymstoku, Uniwersytet Muzyczny Fryderyka Chopina Wydzia\u0142 Instrumentalno-Pedagogiczny, Edukacji Muzycznej i Wokalistyki w Bia\u0142ymstoku, Akademia Podlaska w Bia\u0142ymstoku, Akademia \u0141om\u017cy\u0144ska, Pa\u0144stwowa Uczelnia Zawodowa im. Prof. Edwarda F. Szczepanika w Suwa\u0142kach, Wschodnioeuropejska Akademia Nauk Stosowanych w Bia\u0142ymstoku WANS, Wy\u017csza Szko\u0142a Ekonomiczna w Bia\u0142ymstoku, Wy\u017csza Szko\u0142a Medyczna w Bia\u0142ymstoku) oraz EpiCentrum Nauki (Bia\u0142ostocki Park Naukowo-Technologiczny).<\/p>\n<p>Partnerem Pikniku by\u0142o Miasto Bia\u0142ystok i Stadion Chorten Arena.<\/p>\n<p>XXI Podlaski Festiwal Nauki i Sztuki dofinansowany by\u0142 ze \u015brodk\u00f3w bud\u017cetu pa\u0144stwa, przyznanych przez Ministra Nauki w ramach Programu Spo\u0142eczna odpowiedzialno\u015b\u0107 nauki II.<\/p>\n","protected":false},"excerpt":{"rendered":"<p>Pogoda dopisa\u0142a (nie by\u0142o tak ch\u0142odno, jak do tej pory w maju;), nastroje r\u00f3wnie\u017c \u2013 a to mog\u0142o oznacza\u0107 tylko jedno: Rodzinny Piknik Naukowy 2025 po raz kolejny uda\u0142 si\u0119 znakomicie! W niedziel\u0119, 18 maja, Stadion Chorten Arena w Bia\u0142ymstoku zamieni\u0142 si\u0119 w przestrze\u0144 pe\u0142n\u0105 odkry\u0107, u\u015bmiech\u00f3w i wsp\u00f3lnej naukowej zabawy. Tysi\u0105ce mieszka\u0144c\u00f3w miasta i [&hellip;]<\/p>\n","protected":false},"author":170,"featured_media":12682,"comment_status":"closed","ping_status":"closed","sticky":false,"template":"","format":"standard","meta":{"ngg_post_thumbnail":0,"footnotes":""},"categories":[1],"tags":[],"class_list":["post-12681","post","type-post","status-publish","format-standard","has-post-thumbnail","hentry","category-uncategorized"],"yoast_head":"<!-- This site is optimized with the Yoast SEO plugin v27.1.1 - https:\/\/yoast.com\/product\/yoast-seo-wordpress\/ -->\n<title>Rodzinny Piknik Naukowy 2025 \u2013 tysi\u0105ce os\u00f3b na Stadionie Chorten Arena w Bia\u0142ymstoku w poszukiwaniu inspiracji nauk\u0105 i sztuk\u0105 - XX Podlaski Festiwal Nauki i Sztuki 2025<\/title>\n<meta name=\"robots\" content=\"index, follow, max-snippet:-1, max-image-preview:large, max-video-preview:-1\" \/>\n<link rel=\"canonical\" href=\"https:\/\/podlaskifestiwal.pl\/2025\/rodzinny-piknik-naukowy-2025-tysiace-osob-na-stadionie-chorten-arena-w-bialymstoku-w-poszukiwaniu-inspiracji-nauka-i-sztuka\/\" \/>\n<meta property=\"og:locale\" content=\"pl_PL\" \/>\n<meta property=\"og:type\" content=\"article\" \/>\n<meta property=\"og:title\" content=\"Rodzinny Piknik Naukowy 2025 \u2013 tysi\u0105ce os\u00f3b na Stadionie Chorten Arena w Bia\u0142ymstoku w poszukiwaniu inspiracji nauk\u0105 i sztuk\u0105 - XX Podlaski Festiwal Nauki i Sztuki 2025\" \/>\n<meta property=\"og:description\" content=\"Pogoda dopisa\u0142a (nie by\u0142o tak ch\u0142odno, jak do tej pory w maju;), nastroje r\u00f3wnie\u017c \u2013 a to mog\u0142o oznacza\u0107 tylko jedno: Rodzinny Piknik Naukowy 2025 po raz kolejny uda\u0142 si\u0119 znakomicie! W niedziel\u0119, 18 maja, Stadion Chorten Arena w Bia\u0142ymstoku zamieni\u0142 si\u0119 w przestrze\u0144 pe\u0142n\u0105 odkry\u0107, u\u015bmiech\u00f3w i wsp\u00f3lnej naukowej zabawy. Tysi\u0105ce mieszka\u0144c\u00f3w miasta i [&hellip;]\" \/>\n<meta property=\"og:url\" content=\"https:\/\/podlaskifestiwal.pl\/2025\/rodzinny-piknik-naukowy-2025-tysiace-osob-na-stadionie-chorten-arena-w-bialymstoku-w-poszukiwaniu-inspiracji-nauka-i-sztuka\/\" \/>\n<meta property=\"og:site_name\" content=\"XX Podlaski Festiwal Nauki i Sztuki 2025\" \/>\n<meta property=\"article:published_time\" content=\"2025-05-20T08:39:22+00:00\" \/>\n<meta property=\"article:modified_time\" content=\"2025-05-20T08:53:58+00:00\" \/>\n<meta property=\"og:image\" content=\"http:\/\/podlaskifestiwal.pl\/2025\/wp-content\/uploads\/sites\/7\/2025\/05\/DSCF6516.jpg\" \/>\n\t<meta property=\"og:image:width\" content=\"2048\" \/>\n\t<meta property=\"og:image:height\" content=\"1365\" \/>\n\t<meta property=\"og:image:type\" content=\"image\/jpeg\" \/>\n<meta name=\"author\" content=\"biurokomunikacji\" \/>\n<meta name=\"twitter:card\" content=\"summary_large_image\" \/>\n<meta name=\"twitter:label1\" content=\"Napisane przez\" \/>\n\t<meta name=\"twitter:data1\" content=\"biurokomunikacji\" \/>\n\t<meta name=\"twitter:label2\" content=\"Szacowany czas czytania\" \/>\n\t<meta name=\"twitter:data2\" content=\"8 minut\" \/>\n<script type=\"application\/ld+json\" class=\"yoast-schema-graph\">{\"@context\":\"https:\/\/schema.org\",\"@graph\":[{\"@type\":\"Article\",\"@id\":\"https:\/\/podlaskifestiwal.pl\/2025\/rodzinny-piknik-naukowy-2025-tysiace-osob-na-stadionie-chorten-arena-w-bialymstoku-w-poszukiwaniu-inspiracji-nauka-i-sztuka\/#article\",\"isPartOf\":{\"@id\":\"https:\/\/podlaskifestiwal.pl\/2025\/rodzinny-piknik-naukowy-2025-tysiace-osob-na-stadionie-chorten-arena-w-bialymstoku-w-poszukiwaniu-inspiracji-nauka-i-sztuka\/\"},\"author\":{\"name\":\"biurokomunikacji\",\"@id\":\"https:\/\/podlaskifestiwal.pl\/2025\/#\/schema\/person\/de752c2731c17671f16b16b77bd283ac\"},\"headline\":\"Rodzinny Piknik Naukowy 2025 \u2013 tysi\u0105ce os\u00f3b na Stadionie Chorten Arena w Bia\u0142ymstoku w poszukiwaniu inspiracji nauk\u0105 i sztuk\u0105\",\"datePublished\":\"2025-05-20T08:39:22+00:00\",\"dateModified\":\"2025-05-20T08:53:58+00:00\",\"mainEntityOfPage\":{\"@id\":\"https:\/\/podlaskifestiwal.pl\/2025\/rodzinny-piknik-naukowy-2025-tysiace-osob-na-stadionie-chorten-arena-w-bialymstoku-w-poszukiwaniu-inspiracji-nauka-i-sztuka\/\"},\"wordCount\":1056,\"publisher\":{\"@id\":\"https:\/\/podlaskifestiwal.pl\/2025\/#organization\"},\"image\":{\"@id\":\"https:\/\/podlaskifestiwal.pl\/2025\/rodzinny-piknik-naukowy-2025-tysiace-osob-na-stadionie-chorten-arena-w-bialymstoku-w-poszukiwaniu-inspiracji-nauka-i-sztuka\/#primaryimage\"},\"thumbnailUrl\":\"https:\/\/podlaskifestiwal.pl\/2025\/wp-content\/uploads\/sites\/7\/2025\/05\/DSCF6516.jpg\",\"articleSection\":[\"Uncategorized\"],\"inLanguage\":\"pl-PL\"},{\"@type\":\"WebPage\",\"@id\":\"https:\/\/podlaskifestiwal.pl\/2025\/rodzinny-piknik-naukowy-2025-tysiace-osob-na-stadionie-chorten-arena-w-bialymstoku-w-poszukiwaniu-inspiracji-nauka-i-sztuka\/\",\"url\":\"https:\/\/podlaskifestiwal.pl\/2025\/rodzinny-piknik-naukowy-2025-tysiace-osob-na-stadionie-chorten-arena-w-bialymstoku-w-poszukiwaniu-inspiracji-nauka-i-sztuka\/\",\"name\":\"Rodzinny Piknik Naukowy 2025 \u2013 tysi\u0105ce os\u00f3b na Stadionie Chorten Arena w Bia\u0142ymstoku w poszukiwaniu inspiracji nauk\u0105 i sztuk\u0105 - XX Podlaski Festiwal Nauki i Sztuki 2025\",\"isPartOf\":{\"@id\":\"https:\/\/podlaskifestiwal.pl\/2025\/#website\"},\"primaryImageOfPage\":{\"@id\":\"https:\/\/podlaskifestiwal.pl\/2025\/rodzinny-piknik-naukowy-2025-tysiace-osob-na-stadionie-chorten-arena-w-bialymstoku-w-poszukiwaniu-inspiracji-nauka-i-sztuka\/#primaryimage\"},\"image\":{\"@id\":\"https:\/\/podlaskifestiwal.pl\/2025\/rodzinny-piknik-naukowy-2025-tysiace-osob-na-stadionie-chorten-arena-w-bialymstoku-w-poszukiwaniu-inspiracji-nauka-i-sztuka\/#primaryimage\"},\"thumbnailUrl\":\"https:\/\/podlaskifestiwal.pl\/2025\/wp-content\/uploads\/sites\/7\/2025\/05\/DSCF6516.jpg\",\"datePublished\":\"2025-05-20T08:39:22+00:00\",\"dateModified\":\"2025-05-20T08:53:58+00:00\",\"breadcrumb\":{\"@id\":\"https:\/\/podlaskifestiwal.pl\/2025\/rodzinny-piknik-naukowy-2025-tysiace-osob-na-stadionie-chorten-arena-w-bialymstoku-w-poszukiwaniu-inspiracji-nauka-i-sztuka\/#breadcrumb\"},\"inLanguage\":\"pl-PL\",\"potentialAction\":[{\"@type\":\"ReadAction\",\"target\":[\"https:\/\/podlaskifestiwal.pl\/2025\/rodzinny-piknik-naukowy-2025-tysiace-osob-na-stadionie-chorten-arena-w-bialymstoku-w-poszukiwaniu-inspiracji-nauka-i-sztuka\/\"]}]},{\"@type\":\"ImageObject\",\"inLanguage\":\"pl-PL\",\"@id\":\"https:\/\/podlaskifestiwal.pl\/2025\/rodzinny-piknik-naukowy-2025-tysiace-osob-na-stadionie-chorten-arena-w-bialymstoku-w-poszukiwaniu-inspiracji-nauka-i-sztuka\/#primaryimage\",\"url\":\"https:\/\/podlaskifestiwal.pl\/2025\/wp-content\/uploads\/sites\/7\/2025\/05\/DSCF6516.jpg\",\"contentUrl\":\"https:\/\/podlaskifestiwal.pl\/2025\/wp-content\/uploads\/sites\/7\/2025\/05\/DSCF6516.jpg\",\"width\":2048,\"height\":1365,\"caption\":\"Do\u015bwiadczenie chemiczne podczas pikniku naukowego na Stadionie Miejskim w Bia\u0142ymstoku\"},{\"@type\":\"BreadcrumbList\",\"@id\":\"https:\/\/podlaskifestiwal.pl\/2025\/rodzinny-piknik-naukowy-2025-tysiace-osob-na-stadionie-chorten-arena-w-bialymstoku-w-poszukiwaniu-inspiracji-nauka-i-sztuka\/#breadcrumb\",\"itemListElement\":[{\"@type\":\"ListItem\",\"position\":1,\"name\":\"Strona g\u0142\u00f3wna\",\"item\":\"https:\/\/podlaskifestiwal.pl\/2025\/\"},{\"@type\":\"ListItem\",\"position\":2,\"name\":\"Rodzinny Piknik Naukowy 2025 \u2013 tysi\u0105ce os\u00f3b na Stadionie Chorten Arena w Bia\u0142ymstoku w poszukiwaniu inspiracji nauk\u0105 i sztuk\u0105\"}]},{\"@type\":\"WebSite\",\"@id\":\"https:\/\/podlaskifestiwal.pl\/2025\/#website\",\"url\":\"https:\/\/podlaskifestiwal.pl\/2025\/\",\"name\":\"XXI Podlaski Festiwal Nauki i Sztuki\",\"description\":\"XXI Podlaski Festiwal Nauki i Sztuki\",\"publisher\":{\"@id\":\"https:\/\/podlaskifestiwal.pl\/2025\/#organization\"},\"potentialAction\":[{\"@type\":\"SearchAction\",\"target\":{\"@type\":\"EntryPoint\",\"urlTemplate\":\"https:\/\/podlaskifestiwal.pl\/2025\/?s={search_term_string}\"},\"query-input\":{\"@type\":\"PropertyValueSpecification\",\"valueRequired\":true,\"valueName\":\"search_term_string\"}}],\"inLanguage\":\"pl-PL\"},{\"@type\":\"Organization\",\"@id\":\"https:\/\/podlaskifestiwal.pl\/2025\/#organization\",\"name\":\"XXI Podlaski Festiwal Nauki i Sztuki\",\"url\":\"https:\/\/podlaskifestiwal.pl\/2025\/\",\"logo\":{\"@type\":\"ImageObject\",\"inLanguage\":\"pl-PL\",\"@id\":\"https:\/\/podlaskifestiwal.pl\/2025\/#\/schema\/logo\/image\/\",\"url\":\"https:\/\/podlaskifestiwal.pl\/2025\/wp-content\/uploads\/sites\/7\/2025\/04\/Baner-Fleming-1.png\",\"contentUrl\":\"https:\/\/podlaskifestiwal.pl\/2025\/wp-content\/uploads\/sites\/7\/2025\/04\/Baner-Fleming-1.png\",\"width\":2400,\"height\":800,\"caption\":\"XXI Podlaski Festiwal Nauki i Sztuki\"},\"image\":{\"@id\":\"https:\/\/podlaskifestiwal.pl\/2025\/#\/schema\/logo\/image\/\"}},{\"@type\":\"Person\",\"@id\":\"https:\/\/podlaskifestiwal.pl\/2025\/#\/schema\/person\/de752c2731c17671f16b16b77bd283ac\",\"name\":\"biurokomunikacji\",\"url\":\"https:\/\/podlaskifestiwal.pl\/2025\/author\/biurokomunikacji\/\"}]}<\/script>\n<!-- \/ Yoast SEO plugin. -->","yoast_head_json":{"title":"Rodzinny Piknik Naukowy 2025 \u2013 tysi\u0105ce os\u00f3b na Stadionie Chorten Arena w Bia\u0142ymstoku w poszukiwaniu inspiracji nauk\u0105 i sztuk\u0105 - XX Podlaski Festiwal Nauki i Sztuki 2025","robots":{"index":"index","follow":"follow","max-snippet":"max-snippet:-1","max-image-preview":"max-image-preview:large","max-video-preview":"max-video-preview:-1"},"canonical":"https:\/\/podlaskifestiwal.pl\/2025\/rodzinny-piknik-naukowy-2025-tysiace-osob-na-stadionie-chorten-arena-w-bialymstoku-w-poszukiwaniu-inspiracji-nauka-i-sztuka\/","og_locale":"pl_PL","og_type":"article","og_title":"Rodzinny Piknik Naukowy 2025 \u2013 tysi\u0105ce os\u00f3b na Stadionie Chorten Arena w Bia\u0142ymstoku w poszukiwaniu inspiracji nauk\u0105 i sztuk\u0105 - XX Podlaski Festiwal Nauki i Sztuki 2025","og_description":"Pogoda dopisa\u0142a (nie by\u0142o tak ch\u0142odno, jak do tej pory w maju;), nastroje r\u00f3wnie\u017c \u2013 a to mog\u0142o oznacza\u0107 tylko jedno: Rodzinny Piknik Naukowy 2025 po raz kolejny uda\u0142 si\u0119 znakomicie! W niedziel\u0119, 18 maja, Stadion Chorten Arena w Bia\u0142ymstoku zamieni\u0142 si\u0119 w przestrze\u0144 pe\u0142n\u0105 odkry\u0107, u\u015bmiech\u00f3w i wsp\u00f3lnej naukowej zabawy. Tysi\u0105ce mieszka\u0144c\u00f3w miasta i [&hellip;]","og_url":"https:\/\/podlaskifestiwal.pl\/2025\/rodzinny-piknik-naukowy-2025-tysiace-osob-na-stadionie-chorten-arena-w-bialymstoku-w-poszukiwaniu-inspiracji-nauka-i-sztuka\/","og_site_name":"XX Podlaski Festiwal Nauki i Sztuki 2025","article_published_time":"2025-05-20T08:39:22+00:00","article_modified_time":"2025-05-20T08:53:58+00:00","og_image":[{"width":2048,"height":1365,"url":"http:\/\/podlaskifestiwal.pl\/2025\/wp-content\/uploads\/sites\/7\/2025\/05\/DSCF6516.jpg","type":"image\/jpeg"}],"author":"biurokomunikacji","twitter_card":"summary_large_image","twitter_misc":{"Napisane przez":"biurokomunikacji","Szacowany czas czytania":"8 minut"},"schema":{"@context":"https:\/\/schema.org","@graph":[{"@type":"Article","@id":"https:\/\/podlaskifestiwal.pl\/2025\/rodzinny-piknik-naukowy-2025-tysiace-osob-na-stadionie-chorten-arena-w-bialymstoku-w-poszukiwaniu-inspiracji-nauka-i-sztuka\/#article","isPartOf":{"@id":"https:\/\/podlaskifestiwal.pl\/2025\/rodzinny-piknik-naukowy-2025-tysiace-osob-na-stadionie-chorten-arena-w-bialymstoku-w-poszukiwaniu-inspiracji-nauka-i-sztuka\/"},"author":{"name":"biurokomunikacji","@id":"https:\/\/podlaskifestiwal.pl\/2025\/#\/schema\/person\/de752c2731c17671f16b16b77bd283ac"},"headline":"Rodzinny Piknik Naukowy 2025 \u2013 tysi\u0105ce os\u00f3b na Stadionie Chorten Arena w Bia\u0142ymstoku w poszukiwaniu inspiracji nauk\u0105 i sztuk\u0105","datePublished":"2025-05-20T08:39:22+00:00","dateModified":"2025-05-20T08:53:58+00:00","mainEntityOfPage":{"@id":"https:\/\/podlaskifestiwal.pl\/2025\/rodzinny-piknik-naukowy-2025-tysiace-osob-na-stadionie-chorten-arena-w-bialymstoku-w-poszukiwaniu-inspiracji-nauka-i-sztuka\/"},"wordCount":1056,"publisher":{"@id":"https:\/\/podlaskifestiwal.pl\/2025\/#organization"},"image":{"@id":"https:\/\/podlaskifestiwal.pl\/2025\/rodzinny-piknik-naukowy-2025-tysiace-osob-na-stadionie-chorten-arena-w-bialymstoku-w-poszukiwaniu-inspiracji-nauka-i-sztuka\/#primaryimage"},"thumbnailUrl":"https:\/\/podlaskifestiwal.pl\/2025\/wp-content\/uploads\/sites\/7\/2025\/05\/DSCF6516.jpg","articleSection":["Uncategorized"],"inLanguage":"pl-PL"},{"@type":"WebPage","@id":"https:\/\/podlaskifestiwal.pl\/2025\/rodzinny-piknik-naukowy-2025-tysiace-osob-na-stadionie-chorten-arena-w-bialymstoku-w-poszukiwaniu-inspiracji-nauka-i-sztuka\/","url":"https:\/\/podlaskifestiwal.pl\/2025\/rodzinny-piknik-naukowy-2025-tysiace-osob-na-stadionie-chorten-arena-w-bialymstoku-w-poszukiwaniu-inspiracji-nauka-i-sztuka\/","name":"Rodzinny Piknik Naukowy 2025 \u2013 tysi\u0105ce os\u00f3b na Stadionie Chorten Arena w Bia\u0142ymstoku w poszukiwaniu inspiracji nauk\u0105 i sztuk\u0105 - XX Podlaski Festiwal Nauki i Sztuki 2025","isPartOf":{"@id":"https:\/\/podlaskifestiwal.pl\/2025\/#website"},"primaryImageOfPage":{"@id":"https:\/\/podlaskifestiwal.pl\/2025\/rodzinny-piknik-naukowy-2025-tysiace-osob-na-stadionie-chorten-arena-w-bialymstoku-w-poszukiwaniu-inspiracji-nauka-i-sztuka\/#primaryimage"},"image":{"@id":"https:\/\/podlaskifestiwal.pl\/2025\/rodzinny-piknik-naukowy-2025-tysiace-osob-na-stadionie-chorten-arena-w-bialymstoku-w-poszukiwaniu-inspiracji-nauka-i-sztuka\/#primaryimage"},"thumbnailUrl":"https:\/\/podlaskifestiwal.pl\/2025\/wp-content\/uploads\/sites\/7\/2025\/05\/DSCF6516.jpg","datePublished":"2025-05-20T08:39:22+00:00","dateModified":"2025-05-20T08:53:58+00:00","breadcrumb":{"@id":"https:\/\/podlaskifestiwal.pl\/2025\/rodzinny-piknik-naukowy-2025-tysiace-osob-na-stadionie-chorten-arena-w-bialymstoku-w-poszukiwaniu-inspiracji-nauka-i-sztuka\/#breadcrumb"},"inLanguage":"pl-PL","potentialAction":[{"@type":"ReadAction","target":["https:\/\/podlaskifestiwal.pl\/2025\/rodzinny-piknik-naukowy-2025-tysiace-osob-na-stadionie-chorten-arena-w-bialymstoku-w-poszukiwaniu-inspiracji-nauka-i-sztuka\/"]}]},{"@type":"ImageObject","inLanguage":"pl-PL","@id":"https:\/\/podlaskifestiwal.pl\/2025\/rodzinny-piknik-naukowy-2025-tysiace-osob-na-stadionie-chorten-arena-w-bialymstoku-w-poszukiwaniu-inspiracji-nauka-i-sztuka\/#primaryimage","url":"https:\/\/podlaskifestiwal.pl\/2025\/wp-content\/uploads\/sites\/7\/2025\/05\/DSCF6516.jpg","contentUrl":"https:\/\/podlaskifestiwal.pl\/2025\/wp-content\/uploads\/sites\/7\/2025\/05\/DSCF6516.jpg","width":2048,"height":1365,"caption":"Do\u015bwiadczenie chemiczne podczas pikniku naukowego na Stadionie Miejskim w Bia\u0142ymstoku"},{"@type":"BreadcrumbList","@id":"https:\/\/podlaskifestiwal.pl\/2025\/rodzinny-piknik-naukowy-2025-tysiace-osob-na-stadionie-chorten-arena-w-bialymstoku-w-poszukiwaniu-inspiracji-nauka-i-sztuka\/#breadcrumb","itemListElement":[{"@type":"ListItem","position":1,"name":"Strona g\u0142\u00f3wna","item":"https:\/\/podlaskifestiwal.pl\/2025\/"},{"@type":"ListItem","position":2,"name":"Rodzinny Piknik Naukowy 2025 \u2013 tysi\u0105ce os\u00f3b na Stadionie Chorten Arena w Bia\u0142ymstoku w poszukiwaniu inspiracji nauk\u0105 i sztuk\u0105"}]},{"@type":"WebSite","@id":"https:\/\/podlaskifestiwal.pl\/2025\/#website","url":"https:\/\/podlaskifestiwal.pl\/2025\/","name":"XXI Podlaski Festiwal Nauki i Sztuki","description":"XXI Podlaski Festiwal Nauki i Sztuki","publisher":{"@id":"https:\/\/podlaskifestiwal.pl\/2025\/#organization"},"potentialAction":[{"@type":"SearchAction","target":{"@type":"EntryPoint","urlTemplate":"https:\/\/podlaskifestiwal.pl\/2025\/?s={search_term_string}"},"query-input":{"@type":"PropertyValueSpecification","valueRequired":true,"valueName":"search_term_string"}}],"inLanguage":"pl-PL"},{"@type":"Organization","@id":"https:\/\/podlaskifestiwal.pl\/2025\/#organization","name":"XXI Podlaski Festiwal Nauki i Sztuki","url":"https:\/\/podlaskifestiwal.pl\/2025\/","logo":{"@type":"ImageObject","inLanguage":"pl-PL","@id":"https:\/\/podlaskifestiwal.pl\/2025\/#\/schema\/logo\/image\/","url":"https:\/\/podlaskifestiwal.pl\/2025\/wp-content\/uploads\/sites\/7\/2025\/04\/Baner-Fleming-1.png","contentUrl":"https:\/\/podlaskifestiwal.pl\/2025\/wp-content\/uploads\/sites\/7\/2025\/04\/Baner-Fleming-1.png","width":2400,"height":800,"caption":"XXI Podlaski Festiwal Nauki i Sztuki"},"image":{"@id":"https:\/\/podlaskifestiwal.pl\/2025\/#\/schema\/logo\/image\/"}},{"@type":"Person","@id":"https:\/\/podlaskifestiwal.pl\/2025\/#\/schema\/person\/de752c2731c17671f16b16b77bd283ac","name":"biurokomunikacji","url":"https:\/\/podlaskifestiwal.pl\/2025\/author\/biurokomunikacji\/"}]}},"_links":{"self":[{"href":"https:\/\/podlaskifestiwal.pl\/2025\/wp-json\/wp\/v2\/posts\/12681","targetHints":{"allow":["GET"]}}],"collection":[{"href":"https:\/\/podlaskifestiwal.pl\/2025\/wp-json\/wp\/v2\/posts"}],"about":[{"href":"https:\/\/podlaskifestiwal.pl\/2025\/wp-json\/wp\/v2\/types\/post"}],"author":[{"embeddable":true,"href":"https:\/\/podlaskifestiwal.pl\/2025\/wp-json\/wp\/v2\/users\/170"}],"replies":[{"embeddable":true,"href":"https:\/\/podlaskifestiwal.pl\/2025\/wp-json\/wp\/v2\/comments?post=12681"}],"version-history":[{"count":3,"href":"https:\/\/podlaskifestiwal.pl\/2025\/wp-json\/wp\/v2\/posts\/12681\/revisions"}],"predecessor-version":[{"id":12707,"href":"https:\/\/podlaskifestiwal.pl\/2025\/wp-json\/wp\/v2\/posts\/12681\/revisions\/12707"}],"wp:featuredmedia":[{"embeddable":true,"href":"https:\/\/podlaskifestiwal.pl\/2025\/wp-json\/wp\/v2\/media\/12682"}],"wp:attachment":[{"href":"https:\/\/podlaskifestiwal.pl\/2025\/wp-json\/wp\/v2\/media?parent=12681"}],"wp:term":[{"taxonomy":"category","embeddable":true,"href":"https:\/\/podlaskifestiwal.pl\/2025\/wp-json\/wp\/v2\/categories?post=12681"},{"taxonomy":"post_tag","embeddable":true,"href":"https:\/\/podlaskifestiwal.pl\/2025\/wp-json\/wp\/v2\/tags?post=12681"}],"curies":[{"name":"wp","href":"https:\/\/api.w.org\/{rel}","templated":true}]}}