{"id":12650,"date":"2025-05-09T23:00:05","date_gmt":"2025-05-09T23:00:05","guid":{"rendered":"https:\/\/podlaskifestiwal.pl\/2025\/?p=12650"},"modified":"2025-05-12T06:57:05","modified_gmt":"2025-05-12T06:57:05","slug":"ruszyl-xxi-podlaski-festiwal-nauki-i-sztuki-blisko-500-wydarzen-w-dniach-9-18-maja","status":"publish","type":"post","link":"https:\/\/podlaskifestiwal.pl\/2025\/ruszyl-xxi-podlaski-festiwal-nauki-i-sztuki-blisko-500-wydarzen-w-dniach-9-18-maja\/","title":{"rendered":"Ruszy\u0142 XXI Podlaski Festiwal Nauki i Sztuki. Blisko 500 wydarze\u0144 w dniach 9- 18 maja"},"content":{"rendered":"<p><strong>Ju\u017c po raz 21. podlaskie uczelnie po\u0142\u0105czy\u0142y si\u0142y, aby pokaza\u0107, \u017ce nauka mo\u017ce by\u0107 ciekawa i inspiruj\u0105ca. W pi\u0105tek, 9 maja 2025r., w Auli Magna Pa\u0142acu Branickich zainaugurowano Podlaski Festiwal Nauki i Sztuki &#8211; ponad tygodniowy maraton wyk\u0142ad\u00f3w, warsztat\u00f3w, debat, spektakli i koncert\u00f3w. W sumie ponad 500 wydarze\u0144 w dniach 9 &#8211; 18 maja 2025 r. odbywaj\u0105cych si\u0119 w Bia\u0142ymstoku, \u0141om\u017cy, Suwa\u0142kach oraz w Wilnie na Litwie.<\/strong><\/p>\n<p><strong><em>Nie lekcewa\u017ccie nigdy zjawisk, kt\u00f3re wydaj\u0105 wam si\u0119 niezwyk\u0142e<\/em><\/strong><\/p>\n<p>Tegorocznej 21. edycji PFNiS przy\u015bwiecaj\u0105 s\u0142owa wynalazcy penicyliny, Alexandra Fleminga: <em>Nie lekcewa\u017ccie nigdy zjawisk, kt\u00f3re wydaj\u0105 wam si\u0119 niezwyk\u0142e.<\/em> To nie tylko ho\u0142d dla jego prze\u0142omowego odkrycia \u2013 to tak\u017ce sygna\u0142 ostrzegawczy. Podczas festiwalu chcemy m\u00f3wi\u0107 nie tylko o historii penicyliny, ale r\u00f3wnie\u017c o \u015bwiadomym i odpowiedzialnym stosowaniu antybiotyk\u00f3w, edukowa\u0107, jak je przyjmowa\u0107 i kiedy s\u0105 naprawd\u0119 potrzebne.<\/p>\n<p><img loading=\"lazy\" decoding=\"async\" class=\"alignnone size-medium wp-image-12651\" src=\"http:\/\/podlaskifestiwal.pl\/2025\/wp-content\/uploads\/sites\/7\/2025\/05\/DSCF2418-300x200.jpg\" alt=\"\" width=\"300\" height=\"200\" srcset=\"https:\/\/podlaskifestiwal.pl\/2025\/wp-content\/uploads\/sites\/7\/2025\/05\/DSCF2418-300x200.jpg 300w, https:\/\/podlaskifestiwal.pl\/2025\/wp-content\/uploads\/sites\/7\/2025\/05\/DSCF2418-1024x683.jpg 1024w, https:\/\/podlaskifestiwal.pl\/2025\/wp-content\/uploads\/sites\/7\/2025\/05\/DSCF2418-768x512.jpg 768w, https:\/\/podlaskifestiwal.pl\/2025\/wp-content\/uploads\/sites\/7\/2025\/05\/DSCF2418-1536x1024.jpg 1536w, https:\/\/podlaskifestiwal.pl\/2025\/wp-content\/uploads\/sites\/7\/2025\/05\/DSCF2418.jpg 2048w\" sizes=\"auto, (max-width: 300px) 100vw, 300px\" \/><\/p>\n<h6><em>Prof. Anna Malinowska-Moniuszko UMB, koordynator g\u0142\u00f3wny XXI PFNiS<\/em><\/h6>\n<p><em>Korzystaj\u0105c z tego przywileju, \u017ce w tym roku to UMB jest koordynatorem g\u0142\u00f3wnym festiwalu, pomy\u015bleli\u015bmy, \u017ce to doskona\u0142a okazja do uczczenia 80. rocznicy otrzymania Nagrody Nobla przez Alexandra Fleminga i 70. rocznicy \u015bmierci tego wybitnego naukowca. Wynalezienie penicyliny by\u0142o wielkim odkryciem, kt\u00f3re otworzy\u0142o er\u0119 antybiotyk\u00f3w &#8211; lek\u00f3w, kt\u00f3re uratowa\u0142y miliony istnie\u0144 ludzkich<\/em> &#8211; przybli\u017cy\u0142a ide\u0119 tegorocznego festiwalu prof. Anna Moniuszko-Malinowska, koordynatorka g\u0142\u00f3wna XXI PFNiS.<\/p>\n<p>W 2025 roku zmagamy si\u0119 z jednak problemem antybiotykooporno\u015bci, co r\u00f3wnie\u017c przewidzia\u0142 Fleming. Gdy w 1945 roku odbiera\u0142 Nagrod\u0119 Nobla, powiedzia\u0142: Obawiam si\u0119, \u017ce przyjd\u0105 takie czasy, \u017ce nie\u015bwiadomy cz\u0142owiek b\u0119dzie stosowa\u0142 antybiotyki niew\u0142a\u015bciwie i b\u0119dzie szerzy\u0142a si\u0119 oporno\u015b\u0107.<\/p>\n<p>Chcemy zwr\u00f3ci\u0107 uwag\u0119 na wa\u017cny temat antybiotyk\u00f3w, ich znaczenia w procesie leczenia, ale tak\u017ce nadmiernego spo\u017cycia w Polsce oraz na problem antybiotykoodporno\u015bci &#8211; doda\u0142a prof. Moniuszko Malinowska i zaprosi\u0142a wszystkich zgromadzonych do licznego udzia\u0142u w festiwalowych wydarzeniach przygotowanych przez 11 podlaskich uczelni oraz EpiCentrum Nauki przy Bia\u0142ostockim Parku Naukowo Technologicznym.<\/p>\n<p><strong>Chcemy zara\u017ca\u0107 m\u0142ode pokolenia pasj\u0105 do nauki<\/strong><\/p>\n<p>W\u015br\u00f3d licznej publiczno\u015bci przyby\u0142ej na inauguracj\u0119 Festiwalu byli przedstawiciele w\u0142adz wojew\u00f3dztwa, miasta Bia\u0142egostoku, w\u0142adze podlaskich uczelni i Okr\u0119gowej Izby Lekarskiej, dyrektorzy szk\u00f3\u0142, mieszka\u0144cy miasta.<\/p>\n<p>Wszystkich uczestnik\u00f3w uroczysto\u015bci przywita\u0142 Rektor UMB, prof. Marcin Moniuszko, kt\u00f3ry podzi\u0119kowa\u0142 za przygotowanie tego niezwyk\u0142ego wydarzenia. <em>Czekali\u015bmy na t\u0119 chwil\u0119, kiedy to w\u0142a\u015bnie UMB b\u0119dzie organizatorem Festiwalu, aby\u015bmy mogli otworzy\u0107 go w\u0142a\u015bnie tu, w Pa\u0142acu Branickich, kt\u00f3ry jest znakomitym symbolem po\u0142\u0105czenia nauki i sztuki<\/em> &#8211; m\u00f3wi\u0142 Rektor UMB i odnosi\u0142 do roli naukowc\u00f3w i konieczno\u015bci dzielenia si\u0119 pasj\u0105 do nauki. Troch\u0119 pr\u00f3bujemy str\u0105ci\u0107 t\u0119 nauk\u0119 z piedesta\u0142u, ale nie po to, \u017ceby zmniejszy\u0107 jej warto\u015b\u0107, ale \u017ceby pokaza\u0107, \u017ce jest ona szalenie bliska &#8211; m\u00f3wi\u0142 Rektor. Prof. Marcin Moniuszko podkre\u015bla\u0142, \u017ce to uprawiania nauki potrzeba wielkiej pokory, cierpliwo\u015bci, dyscypliny i otwarto\u015bci.<\/p>\n<p><img loading=\"lazy\" decoding=\"async\" class=\"alignnone size-medium wp-image-12652\" src=\"http:\/\/podlaskifestiwal.pl\/2025\/wp-content\/uploads\/sites\/7\/2025\/05\/DSCF2547-300x200.jpg\" alt=\"\" width=\"300\" height=\"200\" srcset=\"https:\/\/podlaskifestiwal.pl\/2025\/wp-content\/uploads\/sites\/7\/2025\/05\/DSCF2547-300x200.jpg 300w, https:\/\/podlaskifestiwal.pl\/2025\/wp-content\/uploads\/sites\/7\/2025\/05\/DSCF2547-1024x683.jpg 1024w, https:\/\/podlaskifestiwal.pl\/2025\/wp-content\/uploads\/sites\/7\/2025\/05\/DSCF2547-768x512.jpg 768w, https:\/\/podlaskifestiwal.pl\/2025\/wp-content\/uploads\/sites\/7\/2025\/05\/DSCF2547-1536x1024.jpg 1536w, https:\/\/podlaskifestiwal.pl\/2025\/wp-content\/uploads\/sites\/7\/2025\/05\/DSCF2547.jpg 2048w\" sizes=\"auto, (max-width: 300px) 100vw, 300px\" \/><\/p>\n<h6><em>Wojewoda Podlaski Jacek Brzozowki<\/em><\/h6>\n<p>Wojewoda Podlaski Jacek Brzozowski w swoim wyst\u0105pieniu doda\u0142, \u017ce nauka i sztuka to<em> wielka intelektualna przygoda<\/em>, do kt\u00f3rej dzi\u0119ki XXI Podlaskiemu Festiwalowi Nauki i Sztuki chcemy przekona\u0107 nieprzekonanych. Festiwal jest po to, \u017ceby\u015bmy mogli ka\u017cdego dnia do\u015bwiadcza\u0107 nauki i sztuki, poznawa\u0107 \u015bwiat i potrafi\u0107 go opisywa\u0107.<\/p>\n<p><img loading=\"lazy\" decoding=\"async\" class=\"alignnone size-medium wp-image-12653\" src=\"http:\/\/podlaskifestiwal.pl\/2025\/wp-content\/uploads\/sites\/7\/2025\/05\/DSCF2674-300x200.jpg\" alt=\"\" width=\"300\" height=\"200\" srcset=\"https:\/\/podlaskifestiwal.pl\/2025\/wp-content\/uploads\/sites\/7\/2025\/05\/DSCF2674-300x200.jpg 300w, https:\/\/podlaskifestiwal.pl\/2025\/wp-content\/uploads\/sites\/7\/2025\/05\/DSCF2674-1024x683.jpg 1024w, https:\/\/podlaskifestiwal.pl\/2025\/wp-content\/uploads\/sites\/7\/2025\/05\/DSCF2674-768x512.jpg 768w, https:\/\/podlaskifestiwal.pl\/2025\/wp-content\/uploads\/sites\/7\/2025\/05\/DSCF2674-1536x1024.jpg 1536w, https:\/\/podlaskifestiwal.pl\/2025\/wp-content\/uploads\/sites\/7\/2025\/05\/DSCF2674.jpg 2048w\" sizes=\"auto, (max-width: 300px) 100vw, 300px\" \/><\/p>\n<h6><em>Zast\u0119pca Prezydenta Bia\u0142egostoku Rafa\u0142 Rudnicki<\/em><\/h6>\n<p><em>Dzi\u0119ki organizatorom setki tysi\u0119cy mieszka\u0144c\u00f3w naszego miasta i ca\u0142ego regionu maj\u0105 okazj\u0119 zapozna\u0107 si\u0119 z nauk\u0105, zobaczy\u0107 jaka jest wyj\u0105tkowa i porywaj\u0105ca<\/em> \u2013 m\u00f3wi\u0142 zast\u0119pca Prezydenta Bia\u0142egostoku Rafa\u0142 Rudnicki i podkre\u015bla\u0142, \u017ce cieszy si\u0119 i\u017c nauki b\u0119dzie mo\u017cna \u201edotkn\u0105\u0107\u201d nie tylko w uczelnianych murach, ale tak\u017ce na stadionie miejskim Chorten Arena, gdzie 18 maja odb\u0119dzie si\u0119 Rodzinny Piknik Naukowy.<\/p>\n<p><img loading=\"lazy\" decoding=\"async\" class=\"alignnone size-medium wp-image-12654\" src=\"http:\/\/podlaskifestiwal.pl\/2025\/wp-content\/uploads\/sites\/7\/2025\/05\/DSCF2746-300x200.jpg\" alt=\"\" width=\"300\" height=\"200\" srcset=\"https:\/\/podlaskifestiwal.pl\/2025\/wp-content\/uploads\/sites\/7\/2025\/05\/DSCF2746-300x200.jpg 300w, https:\/\/podlaskifestiwal.pl\/2025\/wp-content\/uploads\/sites\/7\/2025\/05\/DSCF2746-1024x683.jpg 1024w, https:\/\/podlaskifestiwal.pl\/2025\/wp-content\/uploads\/sites\/7\/2025\/05\/DSCF2746-768x512.jpg 768w, https:\/\/podlaskifestiwal.pl\/2025\/wp-content\/uploads\/sites\/7\/2025\/05\/DSCF2746-1536x1024.jpg 1536w, https:\/\/podlaskifestiwal.pl\/2025\/wp-content\/uploads\/sites\/7\/2025\/05\/DSCF2746.jpg 2048w\" sizes=\"auto, (max-width: 300px) 100vw, 300px\" \/><\/p>\n<h6><em>Prof. Katarzyna Dzier\u017canowska-Fangrat <\/em><\/h6>\n<h6><em>Zak\u0142ad Mikrobiologii i Immunologii Klinicznej, Instytut \u201ePomnik\u2013Centrum Zdrowia Dziecka\u201d w Warszawie<\/em><\/h6>\n<p>W dalszej cz\u0119\u015bci uroczysto\u015bci dr Magdalena Muska\u0142a, dyrektor Muzeum Uniwersytetu Medycznego w Bia\u0142ymstoku i Pa\u0142acu Branickich w niezwykle interesuj\u0105cy spos\u00f3b opowiedzia\u0142a o historii penicyliny w Polsce, a prof. Katarzyna Dzier\u017canowska-Fangrat (Zak\u0142ad Mikrobiologii i Immunologii Klinicznej, Instytut \u201ePomnik\u2013Centrum Zdrowia Dziecka\u201d w Warszawie) wyg\u0142osi\u0142a wyk\u0142ad inauguracyjny \u201eAntybiotyki: od wielkich odkry\u0107 do globalnych problem\u00f3w \u2013 korzy\u015bci i zagro\u017cenia\u201d.<\/p>\n<p>Pi\u0105tkowe wydarzenie zwie\u0144czy\u0142 klimatyczny koncert \u201eBia\u0142ostocki Project\u201d z muzyk\u0105 dwudziestolecia mi\u0119dzywojennego w wykonaniu Alicji Grabowskiej i zespo\u0142u. Mo\u017cna by\u0142o us\u0142ysze\u0107 m.in. piosenki mistrza przedwojennego tanga Zygmunta Bia\u0142ostockiego, dla kt\u00f3rego Bia\u0142ystok to miasto dzieci\u0144stwa.<\/p>\n<p><strong>Historyczne laboratorium Fleminga i &#8230;. prof. Tadeusza Korzybskiego<\/strong><\/p>\n<p>Jeszcze przed rozpocz\u0119ciem wieczoru zgromadzeni go\u015bcie mogli obejrze\u0107 niezwyk\u0142\u0105 wystaw\u0119 przygotowan\u0105 w westybulu Pa\u0142acu Branickich. Odtworzone zosta\u0142o laboratorium Alexandra Fleminga. Laboratorium przygotowane zosta\u0142o przez zespo\u0142y Muzeum Uniwersytetu Medycznego w Bia\u0142ymstoku i Pa\u0142acu Branickich oraz Zak\u0142adu Mikrobiologii Lekarskiej i In\u017cynierii Nanobiomedycznej. W posta\u0107 Alexandra Fleminga i jego asystentki wcielali si\u0119 ucharakteryzowani: Alicja Toczyd\u0142owska (zwi\u0105zana z Centrum Medycyny Regeneracyjnej UMB), Damian Toczyd\u0142owski (Zak\u0142ad Mikrobiologii Lekarskiej i In\u017cynierii Nanobiomedycznej) i Gabriela \u017bynel (Centrum Bada\u0144 Klinicznych).<\/p>\n<p><img loading=\"lazy\" decoding=\"async\" class=\"alignnone size-medium wp-image-12655\" src=\"http:\/\/podlaskifestiwal.pl\/2025\/wp-content\/uploads\/sites\/7\/2025\/05\/laboratorium_odkrywcow_penicyliny_01_____kopia_d-300x200.jpg\" alt=\"\" width=\"300\" height=\"200\" srcset=\"https:\/\/podlaskifestiwal.pl\/2025\/wp-content\/uploads\/sites\/7\/2025\/05\/laboratorium_odkrywcow_penicyliny_01_____kopia_d-300x200.jpg 300w, https:\/\/podlaskifestiwal.pl\/2025\/wp-content\/uploads\/sites\/7\/2025\/05\/laboratorium_odkrywcow_penicyliny_01_____kopia_d-1024x682.jpg 1024w, https:\/\/podlaskifestiwal.pl\/2025\/wp-content\/uploads\/sites\/7\/2025\/05\/laboratorium_odkrywcow_penicyliny_01_____kopia_d-768x512.jpg 768w, https:\/\/podlaskifestiwal.pl\/2025\/wp-content\/uploads\/sites\/7\/2025\/05\/laboratorium_odkrywcow_penicyliny_01_____kopia_d.jpg 1300w\" sizes=\"auto, (max-width: 300px) 100vw, 300px\" \/><\/p>\n<h6>Odtworzone laboratorium Alexandra Fleminga, wynalazcy penicyliny<\/h6>\n<p>Ekspozycja zosta\u0142a wzbogacona o kolejny \u201eEksponat miesi\u0105ca\u201d (cykl powsta\u0142 z okazji 75-lecia Uniwersytetu Medycznego w Bia\u0142ymstoku). Zaprezentowano pami\u0105tki po prof. Tadeuszu Korzybskim. Profesor by\u0142 biochemikiem, zwi\u0105zanym z UJ i Uniwersytetem Jana Kazimierza we Lwowie, kt\u00f3ry jako pierwszy w Polsce wyizolowa\u0142 penicylin\u0119. Eksponaty uczelnianemu muzeum udost\u0119pni\u0142y krewne prof. Korzybskiego: Blanka Wyszy\u0144ska \u2013 Walczak z siostr\u0105 Monik\u0105 Wro\u0144sk\u0105.<\/p>\n<p><em>Ciesz\u0119 si\u0119, \u017ce kolekcja stryja trafi\u0142a w\u0142a\u015bnie na uczelni\u0119. Idea, kt\u00f3ra mu przy\u015bwieca\u0142a ca\u0142e \u017cycie dotyczy\u0142a dzielenia si\u0119 nauk\u0105. Na pewno ucieszy\u0142by si\u0119 z takiego przyj\u0119cia swojej kolekcji<\/em> &#8211; m\u00f3wi\u0142a podczas inauguracji Festiwalu Blanka Wyszy\u0144ska-Wro\u0144ska.<\/p>\n<p><strong>Co dalej? Harmonogram XXI PFNiS (9 -18 maja 2025 r.)<\/strong><\/p>\n<p>10 maja (sobota) festiwalowa scena nale\u017cy do bia\u0142ostockiej filii Akademii Teatralnej im. A. Zelwerowicza z pokazem spektaklu \u201eWypi\u00f3r\u201d.<br \/>\n12 maja (poniedzia\u0142ek) pa\u0142eczk\u0119 przejmuje Politechnika Bia\u0142ostocka, oferuj\u0105c prawie 140 warsztat\u00f3w, pokaz\u00f3w i laboratori\u00f3w.<br \/>\n13 maja (wtorek) uczestnicy przenios\u0105 si\u0119 do Akademii \u0141om\u017cy\u0144skiej i na Uniwersytet Muzyczny Fryderyka Chopina, gdzie nauka spotka si\u0119 ze sztuk\u0105 podczas koncert\u00f3w, eksperyment\u00f3w VR i kreatywnych pokaz\u00f3w.<br \/>\n14 maja (\u015broda) to dzie\u0144 Uniwersytetu Medycznego w Bia\u0142ymstoku: blisko 50 wydarze\u0144 na terenie uczelni i dziedzi\u0144cu Pa\u0142acu Branickich,14 maja odb\u0119dzie si\u0119 tak\u017ce wsp\u00f3lna Debata Nie\/akademicka \u201eNauka kontra fake newsy i dezinformacja\u201d z udzia\u0142em go\u015bcia specjalnego dr. hab. Tomasza Sobierajskiego (Uniwersytet Warszawski). Zapraszamy o godz. 11.00 do Auli Magna w Pa\u0142acu Branickich.<\/p>\n<p>Tego dnia (14 maja), r\u00f3wnolegle swoje wydarzenia zaprezentuje tak\u017ce Pa\u0144stwowa Uczelnia Zawodowa w Suwa\u0142kach.<br \/>\n15 maja (czwartek) ponad 170 festiwalowych propozycji przygotowa\u0142 Uniwersytet w Bia\u0142ymstoku, dziel\u0105c scen\u0119 z Wy\u017csz\u0105 Szko\u0142\u0105 Medyczn\u0105 i Wschodnioeuropejsk\u0105 Akademi\u0105 Nauk Stosowanych.<br \/>\n16 maja (pi\u0105tek) zapraszaj\u0105 Akademia Podlaska, Bia\u0142ostocki Park Naukowo-Technologiczny i EpiCentrum Nauki oraz Wy\u017csza Szko\u0142a Ekonomiczna \u2013 w planie pokazy nowych technologii, warsztaty biznesowe i biotech.<\/p>\n<p>Fina\u0142ow\u0105 atrakcj\u0105 b\u0119dzie <strong>Rodzinny Piknik Naukowy 18 maja (niedziela)<\/strong> <strong>na Stadionie Chorten Arena, gdzie od 10.00 do 16.00 czeka<\/strong> ponad 50 stanowisk eksperymentalnych, Studio Caf\u00e9 Nauka, \u015bcie\u017cka zdrowia, strefa zabaw i mikrobiologiczne laboratorium edukacyjne.<\/p>\n<p><span style=\"color: #0000ff\"><a style=\"color: #0000ff\" href=\"https:\/\/podlaskifestiwal.pl\/2025\/program\/lista-imprez\/\">Lista imprez &#8211; XXI Podlaski Festiwal Nauki i Sztuki | XXI Podlaski Festiwal Nauki i Sztuki<\/a><\/span><\/p>\n<p><strong>Organizatorzy i partnerzy XXI Podlaskiego Festiwalu Nauki i Sztuki<\/strong><\/p>\n<p>Podlaski Festiwal Nauki i Sztuki (PFNiS) to najwi\u0119ksza cykliczna impreza w Polsce p\u00f3\u0142nocno-wschodniej, popularyzuj\u0105ca i przybli\u017caj\u0105ca nauk\u0119 oraz sztuk\u0119.<br \/>\nW organizacj\u0119 XXI PFNiS zaanga\u017cowa\u0142o si\u0119 11 uczelni z regionu (Uniwersytet Medyczny w Bia\u0142ymstoku &#8211; koordynator g\u0142\u00f3wny, Uniwersytet w Bia\u0142ymstoku, Politechnika Bia\u0142ostocka, Akademia Teatralna im. Aleksandra Zelwerowicza w Warszawie Filia w Bia\u0142ymstoku, Uniwersytet Muzyczny Fryderyka Chopina Wydzia\u0142 Instrumentalno-Pedagogiczny, Edukacji Muzycznej i Wokalistyki Filia w Bia\u0142ymstoku, Akademia Podlaska w Bia\u0142ymstoku, Akademia \u0141om\u017cy\u0144ska, Pa\u0144stwowa Uczelnia Zawodowa im. Prof. Edwarda F. Szczepanika w Suwa\u0142kach, Wschodnioeuropejska Akademia Nauk Stosowanych w Bia\u0142ymstoku WANS, Wy\u017csza Szko\u0142a Ekonomiczna w Bia\u0142ymstoku, Wy\u017csza Szko\u0142a Medyczna w Bia\u0142ymstoku) oraz EpiCentrum Nauki.<\/p>\n<p>Wsp\u00f3\u0142organizatorami festiwalu s\u0105 Miasto Bia\u0142ystok i Stadion Chorten Arena.<br \/>\nPatroni honorowi: Minister Nauki i Szkolnictwa Wy\u017cszego, Minister Zdrowia, Wojewoda Podlaski, Marsza\u0142ek Wojew\u00f3dztwa Podlaskiego, Prezydent Bia\u0142egostoku, Prezydent \u0141om\u017cy, Prezydent Suwa\u0142k, Podlaski Kurator O\u015bwiaty.<\/p>\n<p>Patroni medialni: Nauka w Polsce, TVP3 Bia\u0142ystok, Polskie Radio Bia\u0142ystok, Radio Akadera, bialystokonline, 4lomza, Suwalki.info, Kurier Poranny i Gazeta Wsp\u00f3\u0142czesna, Nasze Miasto.<\/p>\n<p><strong>XXI Podlaski Festiwal Nauki i Sztuki dofinansowany ze \u015brodk\u00f3w bud\u017cetu pa\u0144stwa, przyznanych przez Ministra Nauki w ramach Programu Spo\u0142eczna odpowiedzialno\u015b\u0107 nauki II.<\/strong><\/p>\n<p><img loading=\"lazy\" decoding=\"async\" class=\"alignnone size-medium wp-image-12656\" src=\"http:\/\/podlaskifestiwal.pl\/2025\/wp-content\/uploads\/sites\/7\/2025\/05\/logotypy-ministerialne-300x54.jpg\" alt=\"\" width=\"300\" height=\"54\" srcset=\"https:\/\/podlaskifestiwal.pl\/2025\/wp-content\/uploads\/sites\/7\/2025\/05\/logotypy-ministerialne-300x54.jpg 300w, https:\/\/podlaskifestiwal.pl\/2025\/wp-content\/uploads\/sites\/7\/2025\/05\/logotypy-ministerialne-1024x183.jpg 1024w, https:\/\/podlaskifestiwal.pl\/2025\/wp-content\/uploads\/sites\/7\/2025\/05\/logotypy-ministerialne-768x137.jpg 768w, https:\/\/podlaskifestiwal.pl\/2025\/wp-content\/uploads\/sites\/7\/2025\/05\/logotypy-ministerialne-1536x274.jpg 1536w, https:\/\/podlaskifestiwal.pl\/2025\/wp-content\/uploads\/sites\/7\/2025\/05\/logotypy-ministerialne.jpg 1803w\" sizes=\"auto, (max-width: 300px) 100vw, 300px\" \/><\/p>\n","protected":false},"excerpt":{"rendered":"<p>Ju\u017c po raz 21. podlaskie uczelnie po\u0142\u0105czy\u0142y si\u0142y, aby pokaza\u0107, \u017ce nauka mo\u017ce by\u0107 ciekawa i inspiruj\u0105ca. W pi\u0105tek, 9 maja 2025r., w Auli Magna Pa\u0142acu Branickich zainaugurowano Podlaski Festiwal Nauki i Sztuki &#8211; ponad tygodniowy maraton wyk\u0142ad\u00f3w, warsztat\u00f3w, debat, spektakli i koncert\u00f3w. W sumie ponad 500 wydarze\u0144 w dniach 9 &#8211; 18 maja 2025 [&hellip;]<\/p>\n","protected":false},"author":170,"featured_media":12657,"comment_status":"closed","ping_status":"closed","sticky":false,"template":"","format":"standard","meta":{"ngg_post_thumbnail":0,"footnotes":""},"categories":[1],"tags":[],"class_list":["post-12650","post","type-post","status-publish","format-standard","has-post-thumbnail","hentry","category-uncategorized"],"yoast_head":"<!-- This site is optimized with the Yoast SEO plugin v27.1.1 - https:\/\/yoast.com\/product\/yoast-seo-wordpress\/ -->\n<title>Ruszy\u0142 XXI Podlaski Festiwal Nauki i Sztuki. Blisko 500 wydarze\u0144 w dniach 9- 18 maja - XX Podlaski Festiwal Nauki i Sztuki 2025<\/title>\n<meta name=\"robots\" content=\"index, follow, max-snippet:-1, max-image-preview:large, max-video-preview:-1\" \/>\n<link rel=\"canonical\" href=\"https:\/\/podlaskifestiwal.pl\/2025\/ruszyl-xxi-podlaski-festiwal-nauki-i-sztuki-blisko-500-wydarzen-w-dniach-9-18-maja\/\" \/>\n<meta property=\"og:locale\" content=\"pl_PL\" \/>\n<meta property=\"og:type\" content=\"article\" \/>\n<meta property=\"og:title\" content=\"Ruszy\u0142 XXI Podlaski Festiwal Nauki i Sztuki. Blisko 500 wydarze\u0144 w dniach 9- 18 maja - XX Podlaski Festiwal Nauki i Sztuki 2025\" \/>\n<meta property=\"og:description\" content=\"Ju\u017c po raz 21. podlaskie uczelnie po\u0142\u0105czy\u0142y si\u0142y, aby pokaza\u0107, \u017ce nauka mo\u017ce by\u0107 ciekawa i inspiruj\u0105ca. W pi\u0105tek, 9 maja 2025r., w Auli Magna Pa\u0142acu Branickich zainaugurowano Podlaski Festiwal Nauki i Sztuki &#8211; ponad tygodniowy maraton wyk\u0142ad\u00f3w, warsztat\u00f3w, debat, spektakli i koncert\u00f3w. W sumie ponad 500 wydarze\u0144 w dniach 9 &#8211; 18 maja 2025 [&hellip;]\" \/>\n<meta property=\"og:url\" content=\"https:\/\/podlaskifestiwal.pl\/2025\/ruszyl-xxi-podlaski-festiwal-nauki-i-sztuki-blisko-500-wydarzen-w-dniach-9-18-maja\/\" \/>\n<meta property=\"og:site_name\" content=\"XX Podlaski Festiwal Nauki i Sztuki 2025\" \/>\n<meta property=\"article:published_time\" content=\"2025-05-09T23:00:05+00:00\" \/>\n<meta property=\"article:modified_time\" content=\"2025-05-12T06:57:05+00:00\" \/>\n<meta property=\"og:image\" content=\"http:\/\/podlaskifestiwal.pl\/2025\/wp-content\/uploads\/sites\/7\/2025\/05\/DSCF2787.jpg\" \/>\n\t<meta property=\"og:image:width\" content=\"2048\" \/>\n\t<meta property=\"og:image:height\" content=\"1365\" \/>\n\t<meta property=\"og:image:type\" content=\"image\/jpeg\" \/>\n<meta name=\"author\" content=\"biurokomunikacji\" \/>\n<meta name=\"twitter:card\" content=\"summary_large_image\" \/>\n<meta name=\"twitter:label1\" content=\"Napisane przez\" \/>\n\t<meta name=\"twitter:data1\" content=\"biurokomunikacji\" \/>\n\t<meta name=\"twitter:label2\" content=\"Szacowany czas czytania\" \/>\n\t<meta name=\"twitter:data2\" content=\"9 minut\" \/>\n<script type=\"application\/ld+json\" class=\"yoast-schema-graph\">{\"@context\":\"https:\/\/schema.org\",\"@graph\":[{\"@type\":\"Article\",\"@id\":\"https:\/\/podlaskifestiwal.pl\/2025\/ruszyl-xxi-podlaski-festiwal-nauki-i-sztuki-blisko-500-wydarzen-w-dniach-9-18-maja\/#article\",\"isPartOf\":{\"@id\":\"https:\/\/podlaskifestiwal.pl\/2025\/ruszyl-xxi-podlaski-festiwal-nauki-i-sztuki-blisko-500-wydarzen-w-dniach-9-18-maja\/\"},\"author\":{\"name\":\"biurokomunikacji\",\"@id\":\"https:\/\/podlaskifestiwal.pl\/2025\/#\/schema\/person\/de752c2731c17671f16b16b77bd283ac\"},\"headline\":\"Ruszy\u0142 XXI Podlaski Festiwal Nauki i Sztuki. Blisko 500 wydarze\u0144 w dniach 9- 18 maja\",\"datePublished\":\"2025-05-09T23:00:05+00:00\",\"dateModified\":\"2025-05-12T06:57:05+00:00\",\"mainEntityOfPage\":{\"@id\":\"https:\/\/podlaskifestiwal.pl\/2025\/ruszyl-xxi-podlaski-festiwal-nauki-i-sztuki-blisko-500-wydarzen-w-dniach-9-18-maja\/\"},\"wordCount\":1491,\"publisher\":{\"@id\":\"https:\/\/podlaskifestiwal.pl\/2025\/#organization\"},\"image\":{\"@id\":\"https:\/\/podlaskifestiwal.pl\/2025\/ruszyl-xxi-podlaski-festiwal-nauki-i-sztuki-blisko-500-wydarzen-w-dniach-9-18-maja\/#primaryimage\"},\"thumbnailUrl\":\"https:\/\/podlaskifestiwal.pl\/2025\/wp-content\/uploads\/sites\/7\/2025\/05\/DSCF2787.jpg\",\"articleSection\":[\"Uncategorized\"],\"inLanguage\":\"pl-PL\"},{\"@type\":\"WebPage\",\"@id\":\"https:\/\/podlaskifestiwal.pl\/2025\/ruszyl-xxi-podlaski-festiwal-nauki-i-sztuki-blisko-500-wydarzen-w-dniach-9-18-maja\/\",\"url\":\"https:\/\/podlaskifestiwal.pl\/2025\/ruszyl-xxi-podlaski-festiwal-nauki-i-sztuki-blisko-500-wydarzen-w-dniach-9-18-maja\/\",\"name\":\"Ruszy\u0142 XXI Podlaski Festiwal Nauki i Sztuki. Blisko 500 wydarze\u0144 w dniach 9- 18 maja - XX Podlaski Festiwal Nauki i Sztuki 2025\",\"isPartOf\":{\"@id\":\"https:\/\/podlaskifestiwal.pl\/2025\/#website\"},\"primaryImageOfPage\":{\"@id\":\"https:\/\/podlaskifestiwal.pl\/2025\/ruszyl-xxi-podlaski-festiwal-nauki-i-sztuki-blisko-500-wydarzen-w-dniach-9-18-maja\/#primaryimage\"},\"image\":{\"@id\":\"https:\/\/podlaskifestiwal.pl\/2025\/ruszyl-xxi-podlaski-festiwal-nauki-i-sztuki-blisko-500-wydarzen-w-dniach-9-18-maja\/#primaryimage\"},\"thumbnailUrl\":\"https:\/\/podlaskifestiwal.pl\/2025\/wp-content\/uploads\/sites\/7\/2025\/05\/DSCF2787.jpg\",\"datePublished\":\"2025-05-09T23:00:05+00:00\",\"dateModified\":\"2025-05-12T06:57:05+00:00\",\"breadcrumb\":{\"@id\":\"https:\/\/podlaskifestiwal.pl\/2025\/ruszyl-xxi-podlaski-festiwal-nauki-i-sztuki-blisko-500-wydarzen-w-dniach-9-18-maja\/#breadcrumb\"},\"inLanguage\":\"pl-PL\",\"potentialAction\":[{\"@type\":\"ReadAction\",\"target\":[\"https:\/\/podlaskifestiwal.pl\/2025\/ruszyl-xxi-podlaski-festiwal-nauki-i-sztuki-blisko-500-wydarzen-w-dniach-9-18-maja\/\"]}]},{\"@type\":\"ImageObject\",\"inLanguage\":\"pl-PL\",\"@id\":\"https:\/\/podlaskifestiwal.pl\/2025\/ruszyl-xxi-podlaski-festiwal-nauki-i-sztuki-blisko-500-wydarzen-w-dniach-9-18-maja\/#primaryimage\",\"url\":\"https:\/\/podlaskifestiwal.pl\/2025\/wp-content\/uploads\/sites\/7\/2025\/05\/DSCF2787.jpg\",\"contentUrl\":\"https:\/\/podlaskifestiwal.pl\/2025\/wp-content\/uploads\/sites\/7\/2025\/05\/DSCF2787.jpg\",\"width\":2048,\"height\":1365,\"caption\":\"Wyst\u0119p Alicji Grabowskiej w Aula Magna Pa\u0142acu Branickich.\"},{\"@type\":\"BreadcrumbList\",\"@id\":\"https:\/\/podlaskifestiwal.pl\/2025\/ruszyl-xxi-podlaski-festiwal-nauki-i-sztuki-blisko-500-wydarzen-w-dniach-9-18-maja\/#breadcrumb\",\"itemListElement\":[{\"@type\":\"ListItem\",\"position\":1,\"name\":\"Strona g\u0142\u00f3wna\",\"item\":\"https:\/\/podlaskifestiwal.pl\/2025\/\"},{\"@type\":\"ListItem\",\"position\":2,\"name\":\"Ruszy\u0142 XXI Podlaski Festiwal Nauki i Sztuki. Blisko 500 wydarze\u0144 w dniach 9- 18 maja\"}]},{\"@type\":\"WebSite\",\"@id\":\"https:\/\/podlaskifestiwal.pl\/2025\/#website\",\"url\":\"https:\/\/podlaskifestiwal.pl\/2025\/\",\"name\":\"XXI Podlaski Festiwal Nauki i Sztuki\",\"description\":\"XXI Podlaski Festiwal Nauki i Sztuki\",\"publisher\":{\"@id\":\"https:\/\/podlaskifestiwal.pl\/2025\/#organization\"},\"potentialAction\":[{\"@type\":\"SearchAction\",\"target\":{\"@type\":\"EntryPoint\",\"urlTemplate\":\"https:\/\/podlaskifestiwal.pl\/2025\/?s={search_term_string}\"},\"query-input\":{\"@type\":\"PropertyValueSpecification\",\"valueRequired\":true,\"valueName\":\"search_term_string\"}}],\"inLanguage\":\"pl-PL\"},{\"@type\":\"Organization\",\"@id\":\"https:\/\/podlaskifestiwal.pl\/2025\/#organization\",\"name\":\"XXI Podlaski Festiwal Nauki i Sztuki\",\"url\":\"https:\/\/podlaskifestiwal.pl\/2025\/\",\"logo\":{\"@type\":\"ImageObject\",\"inLanguage\":\"pl-PL\",\"@id\":\"https:\/\/podlaskifestiwal.pl\/2025\/#\/schema\/logo\/image\/\",\"url\":\"https:\/\/podlaskifestiwal.pl\/2025\/wp-content\/uploads\/sites\/7\/2025\/04\/Baner-Fleming-1.png\",\"contentUrl\":\"https:\/\/podlaskifestiwal.pl\/2025\/wp-content\/uploads\/sites\/7\/2025\/04\/Baner-Fleming-1.png\",\"width\":2400,\"height\":800,\"caption\":\"XXI Podlaski Festiwal Nauki i Sztuki\"},\"image\":{\"@id\":\"https:\/\/podlaskifestiwal.pl\/2025\/#\/schema\/logo\/image\/\"}},{\"@type\":\"Person\",\"@id\":\"https:\/\/podlaskifestiwal.pl\/2025\/#\/schema\/person\/de752c2731c17671f16b16b77bd283ac\",\"name\":\"biurokomunikacji\",\"url\":\"https:\/\/podlaskifestiwal.pl\/2025\/author\/biurokomunikacji\/\"}]}<\/script>\n<!-- \/ Yoast SEO plugin. -->","yoast_head_json":{"title":"Ruszy\u0142 XXI Podlaski Festiwal Nauki i Sztuki. Blisko 500 wydarze\u0144 w dniach 9- 18 maja - XX Podlaski Festiwal Nauki i Sztuki 2025","robots":{"index":"index","follow":"follow","max-snippet":"max-snippet:-1","max-image-preview":"max-image-preview:large","max-video-preview":"max-video-preview:-1"},"canonical":"https:\/\/podlaskifestiwal.pl\/2025\/ruszyl-xxi-podlaski-festiwal-nauki-i-sztuki-blisko-500-wydarzen-w-dniach-9-18-maja\/","og_locale":"pl_PL","og_type":"article","og_title":"Ruszy\u0142 XXI Podlaski Festiwal Nauki i Sztuki. Blisko 500 wydarze\u0144 w dniach 9- 18 maja - XX Podlaski Festiwal Nauki i Sztuki 2025","og_description":"Ju\u017c po raz 21. podlaskie uczelnie po\u0142\u0105czy\u0142y si\u0142y, aby pokaza\u0107, \u017ce nauka mo\u017ce by\u0107 ciekawa i inspiruj\u0105ca. W pi\u0105tek, 9 maja 2025r., w Auli Magna Pa\u0142acu Branickich zainaugurowano Podlaski Festiwal Nauki i Sztuki &#8211; ponad tygodniowy maraton wyk\u0142ad\u00f3w, warsztat\u00f3w, debat, spektakli i koncert\u00f3w. W sumie ponad 500 wydarze\u0144 w dniach 9 &#8211; 18 maja 2025 [&hellip;]","og_url":"https:\/\/podlaskifestiwal.pl\/2025\/ruszyl-xxi-podlaski-festiwal-nauki-i-sztuki-blisko-500-wydarzen-w-dniach-9-18-maja\/","og_site_name":"XX Podlaski Festiwal Nauki i Sztuki 2025","article_published_time":"2025-05-09T23:00:05+00:00","article_modified_time":"2025-05-12T06:57:05+00:00","og_image":[{"width":2048,"height":1365,"url":"http:\/\/podlaskifestiwal.pl\/2025\/wp-content\/uploads\/sites\/7\/2025\/05\/DSCF2787.jpg","type":"image\/jpeg"}],"author":"biurokomunikacji","twitter_card":"summary_large_image","twitter_misc":{"Napisane przez":"biurokomunikacji","Szacowany czas czytania":"9 minut"},"schema":{"@context":"https:\/\/schema.org","@graph":[{"@type":"Article","@id":"https:\/\/podlaskifestiwal.pl\/2025\/ruszyl-xxi-podlaski-festiwal-nauki-i-sztuki-blisko-500-wydarzen-w-dniach-9-18-maja\/#article","isPartOf":{"@id":"https:\/\/podlaskifestiwal.pl\/2025\/ruszyl-xxi-podlaski-festiwal-nauki-i-sztuki-blisko-500-wydarzen-w-dniach-9-18-maja\/"},"author":{"name":"biurokomunikacji","@id":"https:\/\/podlaskifestiwal.pl\/2025\/#\/schema\/person\/de752c2731c17671f16b16b77bd283ac"},"headline":"Ruszy\u0142 XXI Podlaski Festiwal Nauki i Sztuki. Blisko 500 wydarze\u0144 w dniach 9- 18 maja","datePublished":"2025-05-09T23:00:05+00:00","dateModified":"2025-05-12T06:57:05+00:00","mainEntityOfPage":{"@id":"https:\/\/podlaskifestiwal.pl\/2025\/ruszyl-xxi-podlaski-festiwal-nauki-i-sztuki-blisko-500-wydarzen-w-dniach-9-18-maja\/"},"wordCount":1491,"publisher":{"@id":"https:\/\/podlaskifestiwal.pl\/2025\/#organization"},"image":{"@id":"https:\/\/podlaskifestiwal.pl\/2025\/ruszyl-xxi-podlaski-festiwal-nauki-i-sztuki-blisko-500-wydarzen-w-dniach-9-18-maja\/#primaryimage"},"thumbnailUrl":"https:\/\/podlaskifestiwal.pl\/2025\/wp-content\/uploads\/sites\/7\/2025\/05\/DSCF2787.jpg","articleSection":["Uncategorized"],"inLanguage":"pl-PL"},{"@type":"WebPage","@id":"https:\/\/podlaskifestiwal.pl\/2025\/ruszyl-xxi-podlaski-festiwal-nauki-i-sztuki-blisko-500-wydarzen-w-dniach-9-18-maja\/","url":"https:\/\/podlaskifestiwal.pl\/2025\/ruszyl-xxi-podlaski-festiwal-nauki-i-sztuki-blisko-500-wydarzen-w-dniach-9-18-maja\/","name":"Ruszy\u0142 XXI Podlaski Festiwal Nauki i Sztuki. Blisko 500 wydarze\u0144 w dniach 9- 18 maja - XX Podlaski Festiwal Nauki i Sztuki 2025","isPartOf":{"@id":"https:\/\/podlaskifestiwal.pl\/2025\/#website"},"primaryImageOfPage":{"@id":"https:\/\/podlaskifestiwal.pl\/2025\/ruszyl-xxi-podlaski-festiwal-nauki-i-sztuki-blisko-500-wydarzen-w-dniach-9-18-maja\/#primaryimage"},"image":{"@id":"https:\/\/podlaskifestiwal.pl\/2025\/ruszyl-xxi-podlaski-festiwal-nauki-i-sztuki-blisko-500-wydarzen-w-dniach-9-18-maja\/#primaryimage"},"thumbnailUrl":"https:\/\/podlaskifestiwal.pl\/2025\/wp-content\/uploads\/sites\/7\/2025\/05\/DSCF2787.jpg","datePublished":"2025-05-09T23:00:05+00:00","dateModified":"2025-05-12T06:57:05+00:00","breadcrumb":{"@id":"https:\/\/podlaskifestiwal.pl\/2025\/ruszyl-xxi-podlaski-festiwal-nauki-i-sztuki-blisko-500-wydarzen-w-dniach-9-18-maja\/#breadcrumb"},"inLanguage":"pl-PL","potentialAction":[{"@type":"ReadAction","target":["https:\/\/podlaskifestiwal.pl\/2025\/ruszyl-xxi-podlaski-festiwal-nauki-i-sztuki-blisko-500-wydarzen-w-dniach-9-18-maja\/"]}]},{"@type":"ImageObject","inLanguage":"pl-PL","@id":"https:\/\/podlaskifestiwal.pl\/2025\/ruszyl-xxi-podlaski-festiwal-nauki-i-sztuki-blisko-500-wydarzen-w-dniach-9-18-maja\/#primaryimage","url":"https:\/\/podlaskifestiwal.pl\/2025\/wp-content\/uploads\/sites\/7\/2025\/05\/DSCF2787.jpg","contentUrl":"https:\/\/podlaskifestiwal.pl\/2025\/wp-content\/uploads\/sites\/7\/2025\/05\/DSCF2787.jpg","width":2048,"height":1365,"caption":"Wyst\u0119p Alicji Grabowskiej w Aula Magna Pa\u0142acu Branickich."},{"@type":"BreadcrumbList","@id":"https:\/\/podlaskifestiwal.pl\/2025\/ruszyl-xxi-podlaski-festiwal-nauki-i-sztuki-blisko-500-wydarzen-w-dniach-9-18-maja\/#breadcrumb","itemListElement":[{"@type":"ListItem","position":1,"name":"Strona g\u0142\u00f3wna","item":"https:\/\/podlaskifestiwal.pl\/2025\/"},{"@type":"ListItem","position":2,"name":"Ruszy\u0142 XXI Podlaski Festiwal Nauki i Sztuki. Blisko 500 wydarze\u0144 w dniach 9- 18 maja"}]},{"@type":"WebSite","@id":"https:\/\/podlaskifestiwal.pl\/2025\/#website","url":"https:\/\/podlaskifestiwal.pl\/2025\/","name":"XXI Podlaski Festiwal Nauki i Sztuki","description":"XXI Podlaski Festiwal Nauki i Sztuki","publisher":{"@id":"https:\/\/podlaskifestiwal.pl\/2025\/#organization"},"potentialAction":[{"@type":"SearchAction","target":{"@type":"EntryPoint","urlTemplate":"https:\/\/podlaskifestiwal.pl\/2025\/?s={search_term_string}"},"query-input":{"@type":"PropertyValueSpecification","valueRequired":true,"valueName":"search_term_string"}}],"inLanguage":"pl-PL"},{"@type":"Organization","@id":"https:\/\/podlaskifestiwal.pl\/2025\/#organization","name":"XXI Podlaski Festiwal Nauki i Sztuki","url":"https:\/\/podlaskifestiwal.pl\/2025\/","logo":{"@type":"ImageObject","inLanguage":"pl-PL","@id":"https:\/\/podlaskifestiwal.pl\/2025\/#\/schema\/logo\/image\/","url":"https:\/\/podlaskifestiwal.pl\/2025\/wp-content\/uploads\/sites\/7\/2025\/04\/Baner-Fleming-1.png","contentUrl":"https:\/\/podlaskifestiwal.pl\/2025\/wp-content\/uploads\/sites\/7\/2025\/04\/Baner-Fleming-1.png","width":2400,"height":800,"caption":"XXI Podlaski Festiwal Nauki i Sztuki"},"image":{"@id":"https:\/\/podlaskifestiwal.pl\/2025\/#\/schema\/logo\/image\/"}},{"@type":"Person","@id":"https:\/\/podlaskifestiwal.pl\/2025\/#\/schema\/person\/de752c2731c17671f16b16b77bd283ac","name":"biurokomunikacji","url":"https:\/\/podlaskifestiwal.pl\/2025\/author\/biurokomunikacji\/"}]}},"_links":{"self":[{"href":"https:\/\/podlaskifestiwal.pl\/2025\/wp-json\/wp\/v2\/posts\/12650","targetHints":{"allow":["GET"]}}],"collection":[{"href":"https:\/\/podlaskifestiwal.pl\/2025\/wp-json\/wp\/v2\/posts"}],"about":[{"href":"https:\/\/podlaskifestiwal.pl\/2025\/wp-json\/wp\/v2\/types\/post"}],"author":[{"embeddable":true,"href":"https:\/\/podlaskifestiwal.pl\/2025\/wp-json\/wp\/v2\/users\/170"}],"replies":[{"embeddable":true,"href":"https:\/\/podlaskifestiwal.pl\/2025\/wp-json\/wp\/v2\/comments?post=12650"}],"version-history":[{"count":2,"href":"https:\/\/podlaskifestiwal.pl\/2025\/wp-json\/wp\/v2\/posts\/12650\/revisions"}],"predecessor-version":[{"id":12659,"href":"https:\/\/podlaskifestiwal.pl\/2025\/wp-json\/wp\/v2\/posts\/12650\/revisions\/12659"}],"wp:featuredmedia":[{"embeddable":true,"href":"https:\/\/podlaskifestiwal.pl\/2025\/wp-json\/wp\/v2\/media\/12657"}],"wp:attachment":[{"href":"https:\/\/podlaskifestiwal.pl\/2025\/wp-json\/wp\/v2\/media?parent=12650"}],"wp:term":[{"taxonomy":"category","embeddable":true,"href":"https:\/\/podlaskifestiwal.pl\/2025\/wp-json\/wp\/v2\/categories?post=12650"},{"taxonomy":"post_tag","embeddable":true,"href":"https:\/\/podlaskifestiwal.pl\/2025\/wp-json\/wp\/v2\/tags?post=12650"}],"curies":[{"name":"wp","href":"https:\/\/api.w.org\/{rel}","templated":true}]}}