{"id":12625,"date":"2025-05-13T12:07:09","date_gmt":"2025-05-13T12:07:09","guid":{"rendered":"https:\/\/podlaskifestiwal.pl\/2025\/?p=12625"},"modified":"2025-11-22T12:13:27","modified_gmt":"2025-11-22T12:13:27","slug":"nauka-kontra-fake-newsy-i-dezinformacja-debata-nie-akademicka-14-maja-o-11-00-w-palacu-branickich","status":"publish","type":"post","link":"https:\/\/podlaskifestiwal.pl\/2025\/nauka-kontra-fake-newsy-i-dezinformacja-debata-nie-akademicka-14-maja-o-11-00-w-palacu-branickich\/","title":{"rendered":"Nauka kontra fake newsy i dezinformacja \u2013 debata nie\/akademicka 14 maja o 11.00 w Pa\u0142acu Branickich"},"content":{"rendered":"<p><strong>Ju\u017c 14 maja 2025 roku o godzinie 11:00 Aula Magna Uniwersytetu Medycznego w Bia\u0142ymstoku w Pa\u0142acu Branickich \u2013 zamieni si\u0119 w przestrze\u0144 dyskusji nt. fakt\u00f3w i mit\u00f3w, r\u00f3\u017cnic mi\u0119dzy fikcj\u0105, rzeteln\u0105 wiedz\u0105 a manipulacj\u0105, szczeg\u00f3lnie w medycynie. A to wszystko za spraw\u0105 I Debaty nie\/akademickiej pt. \u201eNauka kontra fake newsy i dezinformacja\u201d, kt\u00f3ra odb\u0119dzie si\u0119 w ramach XXI Podlaskiego Festiwalu Nauki i Sztuki.<\/strong><\/p>\n<p><strong>Go\u015b\u0107 specjalny i wybitni eksperci<\/strong><\/p>\n<p><strong>Go\u015bciem specjalnym debaty b\u0119dzie dr hab. Tomasz Sobierajski<\/strong> \u2013 znany nie tylko z przestrzeni internetowej profesor Uniwersytetu Warszawskiego, socjolog, zdrowolog, metodolog, wakcynolog spo\u0142eczny, badacz socjomedyczny, trener komunikacji interpersonalnej i medycznej, wyk\u0142adowca akademicki, kierownik O\u015brodka Bada\u0144 Socjomedycznych na Wydziale Stosowanych Nauk Spo\u0142ecznych i Resocjalizacji UW. Autor mi\u0119dzy innymi takich publikacji jak: \u201eSpo\u0142eczny kontekst szczepie\u0144. Wprowadzenie do wakcynologii spo\u0142ecznej i socjologii szczepie\u0144\u201d, \u201eJak odpowiada\u0107 na w\u0105tpliwo\u015bci rodzic\u00f3w na temat szczepie\u0144. Wskaz\u00f3wki dla lekarzy\u201d, \u201e33 czytanki o komunikacji. Czyli jak by\u0107 dobrym lekarzem i nie zwariowa\u0107\u201d, \u201eEtyka dla nauczycieli. Czytanki o edukacji\u201d, \u201eO sztuce bycia z innymi. Dobre maniery na nowy wiek\u201d.<\/p>\n<p>&nbsp;&nbsp;&nbsp;<img loading=\"lazy\" decoding=\"async\" class=\"alignnone size-medium wp-image-12635\" src=\"http:\/\/podlaskifestiwal.pl\/2025\/wp-content\/uploads\/sites\/7\/2025\/05\/Sobierajski-300x300.png\" alt=\"\" width=\"300\" height=\"300\" srcset=\"https:\/\/podlaskifestiwal.pl\/2025\/wp-content\/uploads\/sites\/7\/2025\/05\/Sobierajski-300x300.png 300w, https:\/\/podlaskifestiwal.pl\/2025\/wp-content\/uploads\/sites\/7\/2025\/05\/Sobierajski-150x150.png 150w, https:\/\/podlaskifestiwal.pl\/2025\/wp-content\/uploads\/sites\/7\/2025\/05\/Sobierajski.png 540w\" sizes=\"auto, (max-width: 300px) 100vw, 300px\" \/><\/p>\n<p><strong><em>Dr hab. Tomasz Sobierajski z Uniwersytetu Warszawskiego<\/em><\/strong><\/p>\n<p>W debacie wezm\u0105 udzia\u0142 <strong>wybitni eksperci<\/strong>, kt\u00f3rzy z r\u00f3\u017cnych stron b\u0119d\u0105 obala\u0107 mity i t\u0142umaczy\u0107, dlaczego warto wierzy\u0107 nauce:<\/p>\n<p>\u25cf prof. Joanna Zajkowska z Kliniki Chor\u00f3b Zaka\u017anych i Neuroinfekcji Uniwersytetu Medycznego w Bia\u0142ymstoku \u2013 specjalizuj\u0105ca si\u0119 w chorobach zaka\u017anych, epidemiologii i zdrowiu publicznym<\/p>\n<p><img loading=\"lazy\" decoding=\"async\" class=\"alignnone size-medium wp-image-12634\" src=\"http:\/\/podlaskifestiwal.pl\/2025\/wp-content\/uploads\/sites\/7\/2025\/05\/5-300x300.png\" alt=\"\" width=\"300\" height=\"300\" srcset=\"https:\/\/podlaskifestiwal.pl\/2025\/wp-content\/uploads\/sites\/7\/2025\/05\/5-300x300.png 300w, https:\/\/podlaskifestiwal.pl\/2025\/wp-content\/uploads\/sites\/7\/2025\/05\/5-150x150.png 150w, https:\/\/podlaskifestiwal.pl\/2025\/wp-content\/uploads\/sites\/7\/2025\/05\/5.png 540w\" sizes=\"auto, (max-width: 300px) 100vw, 300px\" \/><\/p>\n<p><em><strong>Prof. Joanna Zajkowska z Uniwersytetu Medycznego w Bia\u0142ymstoku<\/strong><\/em><\/p>\n<p>\u25cf dr hab. n. med. Ma\u0142gorzata Chlabicz \u2013 z Zak\u0142ad Medycyny Populacyjnej i Prewencji Chor\u00f3b Cywilizacyjnych Uniwersytetu Medycznego w Bia\u0142ymstoku, wsp\u00f3\u0142tw\u00f3rczyni projektu InfoTester realizowanego przez UMB we wsp\u00f3\u0142pracy z Polsko-Japo\u0144sk\u0105 Akademi\u0105 Technik Komputerowych oraz firm\u0105 S4P pn. \u201eInfoTester\u201d (projekt dotyczy opracowania i weryfikacji oryginalnych metod wertykalnej sztucznej inteligencji do automatycznego i precyzyjnego wykrywania dezinformacji).<\/p>\n<p><img loading=\"lazy\" decoding=\"async\" class=\"alignnone size-medium wp-image-12633\" src=\"http:\/\/podlaskifestiwal.pl\/2025\/wp-content\/uploads\/sites\/7\/2025\/05\/4-300x300.png\" alt=\"\" width=\"300\" height=\"300\" srcset=\"https:\/\/podlaskifestiwal.pl\/2025\/wp-content\/uploads\/sites\/7\/2025\/05\/4-300x300.png 300w, https:\/\/podlaskifestiwal.pl\/2025\/wp-content\/uploads\/sites\/7\/2025\/05\/4-150x150.png 150w, https:\/\/podlaskifestiwal.pl\/2025\/wp-content\/uploads\/sites\/7\/2025\/05\/4.png 540w\" sizes=\"auto, (max-width: 300px) 100vw, 300px\" \/><\/p>\n<p><em><strong>Dr hab. n. med. Ma\u0142gorzata Chlabicz z Uniwersytetu Medycznego w Bia\u0142ymstoku<\/strong><\/em><\/p>\n<p>\u25cf dr hab. Krzysztof Korotkich, prof. Uniwersytetu w Bia\u0142ymstoku \u2013 polonista, literaturoznawca, wyk\u0142adowca akademicki, prorektor ds. kszta\u0142cenia UwB<\/p>\n<p><img loading=\"lazy\" decoding=\"async\" class=\"alignnone size-medium wp-image-12631\" src=\"http:\/\/podlaskifestiwal.pl\/2025\/wp-content\/uploads\/sites\/7\/2025\/05\/2-300x300.png\" alt=\"\" width=\"300\" height=\"300\" srcset=\"https:\/\/podlaskifestiwal.pl\/2025\/wp-content\/uploads\/sites\/7\/2025\/05\/2-300x300.png 300w, https:\/\/podlaskifestiwal.pl\/2025\/wp-content\/uploads\/sites\/7\/2025\/05\/2-150x150.png 150w, https:\/\/podlaskifestiwal.pl\/2025\/wp-content\/uploads\/sites\/7\/2025\/05\/2.png 540w\" sizes=\"auto, (max-width: 300px) 100vw, 300px\" \/><\/p>\n<p><em><strong>Dr hab. Krzysztof Korotkich, prof. Uniwersytetu w Bia\u0142ymstoku<\/strong><\/em><\/p>\n<p>\u25cf dr in\u017c. Pawe\u0142 Tadejko z Wydzia\u0142u Informatyki Politechniki Bia\u0142ostockiej, ekspert grupy roboczej ds. AI przy Ministerstwie Cyfryzacji, koordynator zadania \u201eKapita\u0142 ludzki\u201d aktualizacji Strategii AI dla Polski do 2030.<\/p>\n<p><img loading=\"lazy\" decoding=\"async\" class=\"alignnone size-medium wp-image-12632\" src=\"http:\/\/podlaskifestiwal.pl\/2025\/wp-content\/uploads\/sites\/7\/2025\/05\/3-300x300.png\" alt=\"\" width=\"300\" height=\"300\" srcset=\"https:\/\/podlaskifestiwal.pl\/2025\/wp-content\/uploads\/sites\/7\/2025\/05\/3-300x300.png 300w, https:\/\/podlaskifestiwal.pl\/2025\/wp-content\/uploads\/sites\/7\/2025\/05\/3-150x150.png 150w, https:\/\/podlaskifestiwal.pl\/2025\/wp-content\/uploads\/sites\/7\/2025\/05\/3.png 540w\" sizes=\"auto, (max-width: 300px) 100vw, 300px\" \/><\/p>\n<p><em><strong>Dr in\u017c. Pawe\u0142 Tadejko z Politechniki Bia\u0142ostockiej<\/strong><\/em><\/p>\n<p>Formu\u0142a debaty przewiduje aktywny udzia\u0142 publiczno\u015bci \u2013 uczestnicy b\u0119d\u0105 mogli nie tylko przys\u0142uchiwa\u0107 si\u0119 dyskusji ekspert\u00f3w, ale tak\u017ce zadawa\u0107 pytania i dzieli\u0107 si\u0119 swoimi refleksjami.<\/p>\n<p><strong>Jak nie da\u0107 si\u0119 dezinformacji, czyli warsztaty dla uczni\u00f3w szk\u00f3\u0142 \u015brednich<\/strong><\/p>\n<p>Debat\u0119 poprzedz\u0105 <strong>warsztaty dla uczni\u00f3w szk\u00f3\u0142 \u015brednich <span style=\"color: #0000ff\"><a style=\"color: #0000ff\" href=\"https:\/\/podlaskifestiwal.pl\/2025\/imprezy\/prawda-czy-falsz-jak-nie-dac-sie-dezinformacji\/\">\u201ePrawda czy fa\u0142sz? Jak nie da\u0107 si\u0119 dezinformacji\u201d<\/a><\/span><\/strong><span style=\"color: #0000ff\">,<\/span> prowadzone przez Dominika So\u0142owieja z Wschodnioeuropejskiej Akademii Nauk Stosowanych w Bia\u0142ymstoku \u2013 eksperta ds. medi\u00f3w spo\u0142eczno\u015bciowych i edukatora z zakresu cyberbezpiecze\u0144stwa.<\/p>\n<p>Uczestnicy dowiedz\u0105 si\u0119 m.in., jak rozpoznawa\u0107 manipulacj\u0119, weryfikowa\u0107 zdj\u0119cia i \u017ar\u00f3d\u0142a informacji, a tak\u017ce jak zbudowa\u0107 w sobie odporno\u015b\u0107 na cyfrowe pu\u0142apki.<\/p>\n<p><strong>Zapisy<\/strong><br \/>\nZapraszamy wszystkich zainteresowanych, w tym szczeg\u00f3lnie uczni\u00f3w, student\u00f3w, nauczycieli, pasjonat\u00f3w nauki do udzia\u0142u w wydarzeniu. Wst\u0119p na debat\u0119 jest wolny, lecz liczba miejsc ograniczona (200 os\u00f3b).<\/p>\n<p>Zapisy na debat\u0119: <span style=\"color: #0000ff\"><a style=\"color: #0000ff\" href=\"https:\/\/podlaskifestiwal.pl\/2025\/imprezy\/prawda-czy-falsz-jak-nie-dac-sie-dezinformacji-2\/\">https:\/\/podlaskifestiwal.pl\/2025\/imprezy\/prawda-czy-falsz-jak-nie-dac-sie-dezinformacji-2\/<\/a><\/span><\/p>\n<p>Je\u015bli wi\u0119c jeste\u015b uczniem, studentem, nauczycielem, pasjonatem nauki albo po prostu masz serdecznie do\u015b\u0107 fake news\u00f3w i chcesz nauczy\u0107 si\u0119 je rozbraja\u0107 jak profesjonalista \u2013 nie przegap tej okazji. Dodaj debat\u0119 do ulubionych, zapisz si\u0119 i&#8230; przygotuj pytania. Bo w \u015bwiecie dezinformacji najgro\u017aniejsz\u0105 broni\u0105 jest krytyczne my\u015blenie.<\/p>\n","protected":false},"excerpt":{"rendered":"<p>Ju\u017c 14 maja 2025 roku o godzinie 11:00 Aula Magna Uniwersytetu Medycznego w Bia\u0142ymstoku w Pa\u0142acu Branickich \u2013 zamieni si\u0119 w przestrze\u0144 dyskusji nt. fakt\u00f3w i mit\u00f3w, r\u00f3\u017cnic mi\u0119dzy fikcj\u0105, rzeteln\u0105 wiedz\u0105 a manipulacj\u0105, szczeg\u00f3lnie w medycynie. A to wszystko za spraw\u0105 I Debaty nie\/akademickiej pt. \u201eNauka kontra fake newsy i dezinformacja\u201d, kt\u00f3ra odb\u0119dzie si\u0119 [&hellip;]<\/p>\n","protected":false},"author":170,"featured_media":12627,"comment_status":"closed","ping_status":"closed","sticky":false,"template":"","format":"standard","meta":{"ngg_post_thumbnail":0,"footnotes":""},"categories":[1],"tags":[],"class_list":["post-12625","post","type-post","status-publish","format-standard","has-post-thumbnail","hentry","category-uncategorized"],"yoast_head":"<!-- This site is optimized with the Yoast SEO plugin v27.1.1 - https:\/\/yoast.com\/product\/yoast-seo-wordpress\/ -->\n<title>Nauka kontra fake newsy i dezinformacja \u2013 debata nie\/akademicka 14 maja o 11.00 w Pa\u0142acu Branickich - XX Podlaski Festiwal Nauki i Sztuki 2025<\/title>\n<meta name=\"robots\" content=\"index, follow, max-snippet:-1, max-image-preview:large, max-video-preview:-1\" \/>\n<link rel=\"canonical\" href=\"https:\/\/podlaskifestiwal.pl\/2025\/nauka-kontra-fake-newsy-i-dezinformacja-debata-nie-akademicka-14-maja-o-11-00-w-palacu-branickich\/\" \/>\n<meta property=\"og:locale\" content=\"pl_PL\" \/>\n<meta property=\"og:type\" content=\"article\" \/>\n<meta property=\"og:title\" content=\"Nauka kontra fake newsy i dezinformacja \u2013 debata nie\/akademicka 14 maja o 11.00 w Pa\u0142acu Branickich - XX Podlaski Festiwal Nauki i Sztuki 2025\" \/>\n<meta property=\"og:description\" content=\"Ju\u017c 14 maja 2025 roku o godzinie 11:00 Aula Magna Uniwersytetu Medycznego w Bia\u0142ymstoku w Pa\u0142acu Branickich \u2013 zamieni si\u0119 w przestrze\u0144 dyskusji nt. fakt\u00f3w i mit\u00f3w, r\u00f3\u017cnic mi\u0119dzy fikcj\u0105, rzeteln\u0105 wiedz\u0105 a manipulacj\u0105, szczeg\u00f3lnie w medycynie. A to wszystko za spraw\u0105 I Debaty nie\/akademickiej pt. \u201eNauka kontra fake newsy i dezinformacja\u201d, kt\u00f3ra odb\u0119dzie si\u0119 [&hellip;]\" \/>\n<meta property=\"og:url\" content=\"https:\/\/podlaskifestiwal.pl\/2025\/nauka-kontra-fake-newsy-i-dezinformacja-debata-nie-akademicka-14-maja-o-11-00-w-palacu-branickich\/\" \/>\n<meta property=\"og:site_name\" content=\"XX Podlaski Festiwal Nauki i Sztuki 2025\" \/>\n<meta property=\"article:published_time\" content=\"2025-05-13T12:07:09+00:00\" \/>\n<meta property=\"article:modified_time\" content=\"2025-11-22T12:13:27+00:00\" \/>\n<meta property=\"og:image\" content=\"http:\/\/podlaskifestiwal.pl\/2025\/wp-content\/uploads\/sites\/7\/2025\/05\/Debata_grafika.png\" \/>\n\t<meta property=\"og:image:width\" content=\"416\" \/>\n\t<meta property=\"og:image:height\" content=\"285\" \/>\n\t<meta property=\"og:image:type\" content=\"image\/png\" \/>\n<meta name=\"author\" content=\"biurokomunikacji\" \/>\n<meta name=\"twitter:card\" content=\"summary_large_image\" \/>\n<meta name=\"twitter:label1\" content=\"Napisane przez\" \/>\n\t<meta name=\"twitter:data1\" content=\"biurokomunikacji\" \/>\n\t<meta name=\"twitter:label2\" content=\"Szacowany czas czytania\" \/>\n\t<meta name=\"twitter:data2\" content=\"5 minut\" \/>\n<script type=\"application\/ld+json\" class=\"yoast-schema-graph\">{\"@context\":\"https:\/\/schema.org\",\"@graph\":[{\"@type\":\"Article\",\"@id\":\"https:\/\/podlaskifestiwal.pl\/2025\/nauka-kontra-fake-newsy-i-dezinformacja-debata-nie-akademicka-14-maja-o-11-00-w-palacu-branickich\/#article\",\"isPartOf\":{\"@id\":\"https:\/\/podlaskifestiwal.pl\/2025\/nauka-kontra-fake-newsy-i-dezinformacja-debata-nie-akademicka-14-maja-o-11-00-w-palacu-branickich\/\"},\"author\":{\"name\":\"biurokomunikacji\",\"@id\":\"https:\/\/podlaskifestiwal.pl\/2025\/#\/schema\/person\/de752c2731c17671f16b16b77bd283ac\"},\"headline\":\"Nauka kontra fake newsy i dezinformacja \u2013 debata nie\/akademicka 14 maja o 11.00 w Pa\u0142acu Branickich\",\"datePublished\":\"2025-05-13T12:07:09+00:00\",\"dateModified\":\"2025-11-22T12:13:27+00:00\",\"mainEntityOfPage\":{\"@id\":\"https:\/\/podlaskifestiwal.pl\/2025\/nauka-kontra-fake-newsy-i-dezinformacja-debata-nie-akademicka-14-maja-o-11-00-w-palacu-branickich\/\"},\"wordCount\":612,\"publisher\":{\"@id\":\"https:\/\/podlaskifestiwal.pl\/2025\/#organization\"},\"image\":{\"@id\":\"https:\/\/podlaskifestiwal.pl\/2025\/nauka-kontra-fake-newsy-i-dezinformacja-debata-nie-akademicka-14-maja-o-11-00-w-palacu-branickich\/#primaryimage\"},\"thumbnailUrl\":\"https:\/\/podlaskifestiwal.pl\/2025\/wp-content\/uploads\/sites\/7\/2025\/05\/Debata_grafika.png\",\"articleSection\":[\"Uncategorized\"],\"inLanguage\":\"pl-PL\"},{\"@type\":\"WebPage\",\"@id\":\"https:\/\/podlaskifestiwal.pl\/2025\/nauka-kontra-fake-newsy-i-dezinformacja-debata-nie-akademicka-14-maja-o-11-00-w-palacu-branickich\/\",\"url\":\"https:\/\/podlaskifestiwal.pl\/2025\/nauka-kontra-fake-newsy-i-dezinformacja-debata-nie-akademicka-14-maja-o-11-00-w-palacu-branickich\/\",\"name\":\"Nauka kontra fake newsy i dezinformacja \u2013 debata nie\/akademicka 14 maja o 11.00 w Pa\u0142acu Branickich - XX Podlaski Festiwal Nauki i Sztuki 2025\",\"isPartOf\":{\"@id\":\"https:\/\/podlaskifestiwal.pl\/2025\/#website\"},\"primaryImageOfPage\":{\"@id\":\"https:\/\/podlaskifestiwal.pl\/2025\/nauka-kontra-fake-newsy-i-dezinformacja-debata-nie-akademicka-14-maja-o-11-00-w-palacu-branickich\/#primaryimage\"},\"image\":{\"@id\":\"https:\/\/podlaskifestiwal.pl\/2025\/nauka-kontra-fake-newsy-i-dezinformacja-debata-nie-akademicka-14-maja-o-11-00-w-palacu-branickich\/#primaryimage\"},\"thumbnailUrl\":\"https:\/\/podlaskifestiwal.pl\/2025\/wp-content\/uploads\/sites\/7\/2025\/05\/Debata_grafika.png\",\"datePublished\":\"2025-05-13T12:07:09+00:00\",\"dateModified\":\"2025-11-22T12:13:27+00:00\",\"breadcrumb\":{\"@id\":\"https:\/\/podlaskifestiwal.pl\/2025\/nauka-kontra-fake-newsy-i-dezinformacja-debata-nie-akademicka-14-maja-o-11-00-w-palacu-branickich\/#breadcrumb\"},\"inLanguage\":\"pl-PL\",\"potentialAction\":[{\"@type\":\"ReadAction\",\"target\":[\"https:\/\/podlaskifestiwal.pl\/2025\/nauka-kontra-fake-newsy-i-dezinformacja-debata-nie-akademicka-14-maja-o-11-00-w-palacu-branickich\/\"]}]},{\"@type\":\"ImageObject\",\"inLanguage\":\"pl-PL\",\"@id\":\"https:\/\/podlaskifestiwal.pl\/2025\/nauka-kontra-fake-newsy-i-dezinformacja-debata-nie-akademicka-14-maja-o-11-00-w-palacu-branickich\/#primaryimage\",\"url\":\"https:\/\/podlaskifestiwal.pl\/2025\/wp-content\/uploads\/sites\/7\/2025\/05\/Debata_grafika.png\",\"contentUrl\":\"https:\/\/podlaskifestiwal.pl\/2025\/wp-content\/uploads\/sites\/7\/2025\/05\/Debata_grafika.png\",\"width\":416,\"height\":285,\"caption\":\"Debata o dezinformacji. Zaproszenie\"},{\"@type\":\"BreadcrumbList\",\"@id\":\"https:\/\/podlaskifestiwal.pl\/2025\/nauka-kontra-fake-newsy-i-dezinformacja-debata-nie-akademicka-14-maja-o-11-00-w-palacu-branickich\/#breadcrumb\",\"itemListElement\":[{\"@type\":\"ListItem\",\"position\":1,\"name\":\"Strona g\u0142\u00f3wna\",\"item\":\"https:\/\/podlaskifestiwal.pl\/2025\/\"},{\"@type\":\"ListItem\",\"position\":2,\"name\":\"Nauka kontra fake newsy i dezinformacja \u2013 debata nie\/akademicka 14 maja o 11.00 w Pa\u0142acu Branickich\"}]},{\"@type\":\"WebSite\",\"@id\":\"https:\/\/podlaskifestiwal.pl\/2025\/#website\",\"url\":\"https:\/\/podlaskifestiwal.pl\/2025\/\",\"name\":\"XXI Podlaski Festiwal Nauki i Sztuki\",\"description\":\"XXI Podlaski Festiwal Nauki i Sztuki\",\"publisher\":{\"@id\":\"https:\/\/podlaskifestiwal.pl\/2025\/#organization\"},\"potentialAction\":[{\"@type\":\"SearchAction\",\"target\":{\"@type\":\"EntryPoint\",\"urlTemplate\":\"https:\/\/podlaskifestiwal.pl\/2025\/?s={search_term_string}\"},\"query-input\":{\"@type\":\"PropertyValueSpecification\",\"valueRequired\":true,\"valueName\":\"search_term_string\"}}],\"inLanguage\":\"pl-PL\"},{\"@type\":\"Organization\",\"@id\":\"https:\/\/podlaskifestiwal.pl\/2025\/#organization\",\"name\":\"XXI Podlaski Festiwal Nauki i Sztuki\",\"url\":\"https:\/\/podlaskifestiwal.pl\/2025\/\",\"logo\":{\"@type\":\"ImageObject\",\"inLanguage\":\"pl-PL\",\"@id\":\"https:\/\/podlaskifestiwal.pl\/2025\/#\/schema\/logo\/image\/\",\"url\":\"https:\/\/podlaskifestiwal.pl\/2025\/wp-content\/uploads\/sites\/7\/2025\/04\/Baner-Fleming-1.png\",\"contentUrl\":\"https:\/\/podlaskifestiwal.pl\/2025\/wp-content\/uploads\/sites\/7\/2025\/04\/Baner-Fleming-1.png\",\"width\":2400,\"height\":800,\"caption\":\"XXI Podlaski Festiwal Nauki i Sztuki\"},\"image\":{\"@id\":\"https:\/\/podlaskifestiwal.pl\/2025\/#\/schema\/logo\/image\/\"}},{\"@type\":\"Person\",\"@id\":\"https:\/\/podlaskifestiwal.pl\/2025\/#\/schema\/person\/de752c2731c17671f16b16b77bd283ac\",\"name\":\"biurokomunikacji\",\"url\":\"https:\/\/podlaskifestiwal.pl\/2025\/author\/biurokomunikacji\/\"}]}<\/script>\n<!-- \/ Yoast SEO plugin. -->","yoast_head_json":{"title":"Nauka kontra fake newsy i dezinformacja \u2013 debata nie\/akademicka 14 maja o 11.00 w Pa\u0142acu Branickich - XX Podlaski Festiwal Nauki i Sztuki 2025","robots":{"index":"index","follow":"follow","max-snippet":"max-snippet:-1","max-image-preview":"max-image-preview:large","max-video-preview":"max-video-preview:-1"},"canonical":"https:\/\/podlaskifestiwal.pl\/2025\/nauka-kontra-fake-newsy-i-dezinformacja-debata-nie-akademicka-14-maja-o-11-00-w-palacu-branickich\/","og_locale":"pl_PL","og_type":"article","og_title":"Nauka kontra fake newsy i dezinformacja \u2013 debata nie\/akademicka 14 maja o 11.00 w Pa\u0142acu Branickich - XX Podlaski Festiwal Nauki i Sztuki 2025","og_description":"Ju\u017c 14 maja 2025 roku o godzinie 11:00 Aula Magna Uniwersytetu Medycznego w Bia\u0142ymstoku w Pa\u0142acu Branickich \u2013 zamieni si\u0119 w przestrze\u0144 dyskusji nt. fakt\u00f3w i mit\u00f3w, r\u00f3\u017cnic mi\u0119dzy fikcj\u0105, rzeteln\u0105 wiedz\u0105 a manipulacj\u0105, szczeg\u00f3lnie w medycynie. A to wszystko za spraw\u0105 I Debaty nie\/akademickiej pt. \u201eNauka kontra fake newsy i dezinformacja\u201d, kt\u00f3ra odb\u0119dzie si\u0119 [&hellip;]","og_url":"https:\/\/podlaskifestiwal.pl\/2025\/nauka-kontra-fake-newsy-i-dezinformacja-debata-nie-akademicka-14-maja-o-11-00-w-palacu-branickich\/","og_site_name":"XX Podlaski Festiwal Nauki i Sztuki 2025","article_published_time":"2025-05-13T12:07:09+00:00","article_modified_time":"2025-11-22T12:13:27+00:00","og_image":[{"width":416,"height":285,"url":"http:\/\/podlaskifestiwal.pl\/2025\/wp-content\/uploads\/sites\/7\/2025\/05\/Debata_grafika.png","type":"image\/png"}],"author":"biurokomunikacji","twitter_card":"summary_large_image","twitter_misc":{"Napisane przez":"biurokomunikacji","Szacowany czas czytania":"5 minut"},"schema":{"@context":"https:\/\/schema.org","@graph":[{"@type":"Article","@id":"https:\/\/podlaskifestiwal.pl\/2025\/nauka-kontra-fake-newsy-i-dezinformacja-debata-nie-akademicka-14-maja-o-11-00-w-palacu-branickich\/#article","isPartOf":{"@id":"https:\/\/podlaskifestiwal.pl\/2025\/nauka-kontra-fake-newsy-i-dezinformacja-debata-nie-akademicka-14-maja-o-11-00-w-palacu-branickich\/"},"author":{"name":"biurokomunikacji","@id":"https:\/\/podlaskifestiwal.pl\/2025\/#\/schema\/person\/de752c2731c17671f16b16b77bd283ac"},"headline":"Nauka kontra fake newsy i dezinformacja \u2013 debata nie\/akademicka 14 maja o 11.00 w Pa\u0142acu Branickich","datePublished":"2025-05-13T12:07:09+00:00","dateModified":"2025-11-22T12:13:27+00:00","mainEntityOfPage":{"@id":"https:\/\/podlaskifestiwal.pl\/2025\/nauka-kontra-fake-newsy-i-dezinformacja-debata-nie-akademicka-14-maja-o-11-00-w-palacu-branickich\/"},"wordCount":612,"publisher":{"@id":"https:\/\/podlaskifestiwal.pl\/2025\/#organization"},"image":{"@id":"https:\/\/podlaskifestiwal.pl\/2025\/nauka-kontra-fake-newsy-i-dezinformacja-debata-nie-akademicka-14-maja-o-11-00-w-palacu-branickich\/#primaryimage"},"thumbnailUrl":"https:\/\/podlaskifestiwal.pl\/2025\/wp-content\/uploads\/sites\/7\/2025\/05\/Debata_grafika.png","articleSection":["Uncategorized"],"inLanguage":"pl-PL"},{"@type":"WebPage","@id":"https:\/\/podlaskifestiwal.pl\/2025\/nauka-kontra-fake-newsy-i-dezinformacja-debata-nie-akademicka-14-maja-o-11-00-w-palacu-branickich\/","url":"https:\/\/podlaskifestiwal.pl\/2025\/nauka-kontra-fake-newsy-i-dezinformacja-debata-nie-akademicka-14-maja-o-11-00-w-palacu-branickich\/","name":"Nauka kontra fake newsy i dezinformacja \u2013 debata nie\/akademicka 14 maja o 11.00 w Pa\u0142acu Branickich - XX Podlaski Festiwal Nauki i Sztuki 2025","isPartOf":{"@id":"https:\/\/podlaskifestiwal.pl\/2025\/#website"},"primaryImageOfPage":{"@id":"https:\/\/podlaskifestiwal.pl\/2025\/nauka-kontra-fake-newsy-i-dezinformacja-debata-nie-akademicka-14-maja-o-11-00-w-palacu-branickich\/#primaryimage"},"image":{"@id":"https:\/\/podlaskifestiwal.pl\/2025\/nauka-kontra-fake-newsy-i-dezinformacja-debata-nie-akademicka-14-maja-o-11-00-w-palacu-branickich\/#primaryimage"},"thumbnailUrl":"https:\/\/podlaskifestiwal.pl\/2025\/wp-content\/uploads\/sites\/7\/2025\/05\/Debata_grafika.png","datePublished":"2025-05-13T12:07:09+00:00","dateModified":"2025-11-22T12:13:27+00:00","breadcrumb":{"@id":"https:\/\/podlaskifestiwal.pl\/2025\/nauka-kontra-fake-newsy-i-dezinformacja-debata-nie-akademicka-14-maja-o-11-00-w-palacu-branickich\/#breadcrumb"},"inLanguage":"pl-PL","potentialAction":[{"@type":"ReadAction","target":["https:\/\/podlaskifestiwal.pl\/2025\/nauka-kontra-fake-newsy-i-dezinformacja-debata-nie-akademicka-14-maja-o-11-00-w-palacu-branickich\/"]}]},{"@type":"ImageObject","inLanguage":"pl-PL","@id":"https:\/\/podlaskifestiwal.pl\/2025\/nauka-kontra-fake-newsy-i-dezinformacja-debata-nie-akademicka-14-maja-o-11-00-w-palacu-branickich\/#primaryimage","url":"https:\/\/podlaskifestiwal.pl\/2025\/wp-content\/uploads\/sites\/7\/2025\/05\/Debata_grafika.png","contentUrl":"https:\/\/podlaskifestiwal.pl\/2025\/wp-content\/uploads\/sites\/7\/2025\/05\/Debata_grafika.png","width":416,"height":285,"caption":"Debata o dezinformacji. Zaproszenie"},{"@type":"BreadcrumbList","@id":"https:\/\/podlaskifestiwal.pl\/2025\/nauka-kontra-fake-newsy-i-dezinformacja-debata-nie-akademicka-14-maja-o-11-00-w-palacu-branickich\/#breadcrumb","itemListElement":[{"@type":"ListItem","position":1,"name":"Strona g\u0142\u00f3wna","item":"https:\/\/podlaskifestiwal.pl\/2025\/"},{"@type":"ListItem","position":2,"name":"Nauka kontra fake newsy i dezinformacja \u2013 debata nie\/akademicka 14 maja o 11.00 w Pa\u0142acu Branickich"}]},{"@type":"WebSite","@id":"https:\/\/podlaskifestiwal.pl\/2025\/#website","url":"https:\/\/podlaskifestiwal.pl\/2025\/","name":"XXI Podlaski Festiwal Nauki i Sztuki","description":"XXI Podlaski Festiwal Nauki i Sztuki","publisher":{"@id":"https:\/\/podlaskifestiwal.pl\/2025\/#organization"},"potentialAction":[{"@type":"SearchAction","target":{"@type":"EntryPoint","urlTemplate":"https:\/\/podlaskifestiwal.pl\/2025\/?s={search_term_string}"},"query-input":{"@type":"PropertyValueSpecification","valueRequired":true,"valueName":"search_term_string"}}],"inLanguage":"pl-PL"},{"@type":"Organization","@id":"https:\/\/podlaskifestiwal.pl\/2025\/#organization","name":"XXI Podlaski Festiwal Nauki i Sztuki","url":"https:\/\/podlaskifestiwal.pl\/2025\/","logo":{"@type":"ImageObject","inLanguage":"pl-PL","@id":"https:\/\/podlaskifestiwal.pl\/2025\/#\/schema\/logo\/image\/","url":"https:\/\/podlaskifestiwal.pl\/2025\/wp-content\/uploads\/sites\/7\/2025\/04\/Baner-Fleming-1.png","contentUrl":"https:\/\/podlaskifestiwal.pl\/2025\/wp-content\/uploads\/sites\/7\/2025\/04\/Baner-Fleming-1.png","width":2400,"height":800,"caption":"XXI Podlaski Festiwal Nauki i Sztuki"},"image":{"@id":"https:\/\/podlaskifestiwal.pl\/2025\/#\/schema\/logo\/image\/"}},{"@type":"Person","@id":"https:\/\/podlaskifestiwal.pl\/2025\/#\/schema\/person\/de752c2731c17671f16b16b77bd283ac","name":"biurokomunikacji","url":"https:\/\/podlaskifestiwal.pl\/2025\/author\/biurokomunikacji\/"}]}},"_links":{"self":[{"href":"https:\/\/podlaskifestiwal.pl\/2025\/wp-json\/wp\/v2\/posts\/12625","targetHints":{"allow":["GET"]}}],"collection":[{"href":"https:\/\/podlaskifestiwal.pl\/2025\/wp-json\/wp\/v2\/posts"}],"about":[{"href":"https:\/\/podlaskifestiwal.pl\/2025\/wp-json\/wp\/v2\/types\/post"}],"author":[{"embeddable":true,"href":"https:\/\/podlaskifestiwal.pl\/2025\/wp-json\/wp\/v2\/users\/170"}],"replies":[{"embeddable":true,"href":"https:\/\/podlaskifestiwal.pl\/2025\/wp-json\/wp\/v2\/comments?post=12625"}],"version-history":[{"count":7,"href":"https:\/\/podlaskifestiwal.pl\/2025\/wp-json\/wp\/v2\/posts\/12625\/revisions"}],"predecessor-version":[{"id":12730,"href":"https:\/\/podlaskifestiwal.pl\/2025\/wp-json\/wp\/v2\/posts\/12625\/revisions\/12730"}],"wp:featuredmedia":[{"embeddable":true,"href":"https:\/\/podlaskifestiwal.pl\/2025\/wp-json\/wp\/v2\/media\/12627"}],"wp:attachment":[{"href":"https:\/\/podlaskifestiwal.pl\/2025\/wp-json\/wp\/v2\/media?parent=12625"}],"wp:term":[{"taxonomy":"category","embeddable":true,"href":"https:\/\/podlaskifestiwal.pl\/2025\/wp-json\/wp\/v2\/categories?post=12625"},{"taxonomy":"post_tag","embeddable":true,"href":"https:\/\/podlaskifestiwal.pl\/2025\/wp-json\/wp\/v2\/tags?post=12625"}],"curies":[{"name":"wp","href":"https:\/\/api.w.org\/{rel}","templated":true}]}}