{"id":12567,"date":"2025-05-05T16:07:40","date_gmt":"2025-05-05T16:07:40","guid":{"rendered":"https:\/\/podlaskifestiwal.pl\/2025\/?p=12567"},"modified":"2025-05-05T16:11:38","modified_gmt":"2025-05-05T16:11:38","slug":"10-maja-akademia-teatralna-zaprasza-na-spektakl-wypior","status":"publish","type":"post","link":"https:\/\/podlaskifestiwal.pl\/2025\/10-maja-akademia-teatralna-zaprasza-na-spektakl-wypior\/","title":{"rendered":"10 maja Akademia Teatralna zaprasza na spektakl \u201eWypi\u00f3r\u201d"},"content":{"rendered":"<p>On i ona.<br \/>\nAspiruj\u0105cy poeta i aspiruj\u0105ca pisarka.<br \/>\nIch zwi\u0105zek trawi kryzys.<br \/>\nKto za tym stoi? Mo\u017ce Mickiewicz?<\/p>\n<p>W ramach tegorocznej edycji Festiwalu bia\u0142ostocka filia Akademii Teatralnej w Warszawie zaprasza na spektakl \u201eWypi\u00f3r\u201d w re\u017c. Wojciecha Le\u015bniewskiego, studenta II roku re\u017cyserii.<\/p>\n<p>10 maja, godz. 18:00, Teatr im. Jana Wilkowskiego, ul. H. Sienkiewicza 14<\/p>\n<p><strong>Wst\u0119p wolny po uprzedniej rezerwacji telefonicznej: tel.: 85 743 54 53<\/strong><\/p>\n<p>Liczba miejsc mocno ograniczona<\/p>\n<p>Przedstawienie na podstawie utworu Grzegorza Uzda\u0144skiego przygl\u0105da si\u0119 mo\u017cliwym przyczynom kryzysu pary. Mo\u017ce jest to skupienie na sobie? Mo\u017ce pragnienie zrobienia wielkiej kariery? Mo\u017ce brak rozmowy o swoich potrzebach? Mo\u017ce niedopasowanie? Mo\u017ce Mickiewicz?<\/p>\n<p>wiek odbiorc\u00f3w: 15+<br \/>\nczas trwania: 50 min<\/p>\n<p>Wypi\u00f3r<br \/>\nAdaptacja, re\u017cyseria, scenografia: Wojciech Le\u015bniewski<br \/>\nOpieka artystyczna: Rafa\u0142 Szumski<br \/>\nObsada: Julia Rotter, \u0141ukasz Dybek, Kacper Rokosz<br \/>\n\u017byczliwe g\u0142osy: Iwona Szcz\u0119sna, Agnieszka Solska<\/p>\n<div id='gallery-1' class='gallery galleryid-12567 gallery-columns-3 gallery-size-thumbnail'><dl class='gallery-item'>\n\t\t\t<dt class='gallery-icon landscape'>\n\t\t\t\t<a href='https:\/\/podlaskifestiwal.pl\/2025\/10-maja-akademia-teatralna-zaprasza-na-spektakl-wypior\/dscf0808-2\/'><img loading=\"lazy\" decoding=\"async\" width=\"150\" height=\"150\" src=\"https:\/\/podlaskifestiwal.pl\/2025\/wp-content\/uploads\/sites\/7\/2025\/05\/DSCF0808-150x150.jpg\" class=\"attachment-thumbnail size-thumbnail\" alt=\"\" \/><\/a>\n\t\t\t<\/dt><\/dl><dl class='gallery-item'>\n\t\t\t<dt class='gallery-icon landscape'>\n\t\t\t\t<a href='https:\/\/podlaskifestiwal.pl\/2025\/10-maja-akademia-teatralna-zaprasza-na-spektakl-wypior\/dscf0926-2\/'><img loading=\"lazy\" decoding=\"async\" width=\"150\" height=\"150\" src=\"https:\/\/podlaskifestiwal.pl\/2025\/wp-content\/uploads\/sites\/7\/2025\/05\/DSCF0926-150x150.jpg\" class=\"attachment-thumbnail size-thumbnail\" alt=\"\" \/><\/a>\n\t\t\t<\/dt><\/dl><dl class='gallery-item'>\n\t\t\t<dt class='gallery-icon landscape'>\n\t\t\t\t<a href='https:\/\/podlaskifestiwal.pl\/2025\/10-maja-akademia-teatralna-zaprasza-na-spektakl-wypior\/dscf0962-2\/'><img loading=\"lazy\" decoding=\"async\" width=\"150\" height=\"150\" src=\"https:\/\/podlaskifestiwal.pl\/2025\/wp-content\/uploads\/sites\/7\/2025\/05\/DSCF0962-150x150.jpg\" class=\"attachment-thumbnail size-thumbnail\" alt=\"\" \/><\/a>\n\t\t\t<\/dt><\/dl><br style=\"clear: both\" \/><dl class='gallery-item'>\n\t\t\t<dt class='gallery-icon landscape'>\n\t\t\t\t<a href='https:\/\/podlaskifestiwal.pl\/2025\/10-maja-akademia-teatralna-zaprasza-na-spektakl-wypior\/dscf1048\/'><img loading=\"lazy\" decoding=\"async\" width=\"150\" height=\"150\" src=\"https:\/\/podlaskifestiwal.pl\/2025\/wp-content\/uploads\/sites\/7\/2025\/05\/DSCF1048-150x150.jpg\" class=\"attachment-thumbnail size-thumbnail\" alt=\"\" \/><\/a>\n\t\t\t<\/dt><\/dl><dl class='gallery-item'>\n\t\t\t<dt class='gallery-icon landscape'>\n\t\t\t\t<a href='https:\/\/podlaskifestiwal.pl\/2025\/10-maja-akademia-teatralna-zaprasza-na-spektakl-wypior\/dscf1103\/'><img loading=\"lazy\" decoding=\"async\" width=\"150\" height=\"150\" src=\"https:\/\/podlaskifestiwal.pl\/2025\/wp-content\/uploads\/sites\/7\/2025\/05\/DSCF1103-150x150.jpg\" class=\"attachment-thumbnail size-thumbnail\" alt=\"\" \/><\/a>\n\t\t\t<\/dt><\/dl><dl class='gallery-item'>\n\t\t\t<dt class='gallery-icon landscape'>\n\t\t\t\t<a href='https:\/\/podlaskifestiwal.pl\/2025\/10-maja-akademia-teatralna-zaprasza-na-spektakl-wypior\/dscf1224-3\/'><img loading=\"lazy\" decoding=\"async\" width=\"150\" height=\"150\" src=\"https:\/\/podlaskifestiwal.pl\/2025\/wp-content\/uploads\/sites\/7\/2025\/05\/DSCF1224-1-150x150.jpg\" class=\"attachment-thumbnail size-thumbnail\" alt=\"\" \/><\/a>\n\t\t\t<\/dt><\/dl><br style=\"clear: both\" \/><dl class='gallery-item'>\n\t\t\t<dt class='gallery-icon landscape'>\n\t\t\t\t<a href='https:\/\/podlaskifestiwal.pl\/2025\/10-maja-akademia-teatralna-zaprasza-na-spektakl-wypior\/dscf1261\/'><img loading=\"lazy\" decoding=\"async\" width=\"150\" height=\"150\" src=\"https:\/\/podlaskifestiwal.pl\/2025\/wp-content\/uploads\/sites\/7\/2025\/05\/DSCF1261-150x150.jpg\" class=\"attachment-thumbnail size-thumbnail\" alt=\"\" \/><\/a>\n\t\t\t<\/dt><\/dl><dl class='gallery-item'>\n\t\t\t<dt class='gallery-icon landscape'>\n\t\t\t\t<a href='https:\/\/podlaskifestiwal.pl\/2025\/10-maja-akademia-teatralna-zaprasza-na-spektakl-wypior\/img_9253-2\/'><img loading=\"lazy\" decoding=\"async\" width=\"150\" height=\"150\" src=\"https:\/\/podlaskifestiwal.pl\/2025\/wp-content\/uploads\/sites\/7\/2025\/05\/IMG_9253-150x150.jpg\" class=\"attachment-thumbnail size-thumbnail\" alt=\"\" \/><\/a>\n\t\t\t<\/dt><\/dl>\n\t\t\t<br style='clear: both' \/>\n\t\t<\/div>\n\n","protected":false},"excerpt":{"rendered":"<p>On i ona. Aspiruj\u0105cy poeta i aspiruj\u0105ca pisarka. Ich zwi\u0105zek trawi kryzys. Kto za tym stoi? Mo\u017ce Mickiewicz? W ramach tegorocznej edycji Festiwalu bia\u0142ostocka filia Akademii Teatralnej w Warszawie zaprasza na spektakl \u201eWypi\u00f3r\u201d w re\u017c. Wojciecha Le\u015bniewskiego, studenta II roku re\u017cyserii. 10 maja, godz. 18:00, Teatr im. Jana Wilkowskiego, ul. H. Sienkiewicza 14 Wst\u0119p wolny [&hellip;]<\/p>\n","protected":false},"author":170,"featured_media":12568,"comment_status":"closed","ping_status":"closed","sticky":false,"template":"","format":"standard","meta":{"ngg_post_thumbnail":0,"footnotes":""},"categories":[1],"tags":[],"class_list":["post-12567","post","type-post","status-publish","format-standard","has-post-thumbnail","hentry","category-uncategorized"],"yoast_head":"<!-- This site is optimized with the Yoast SEO plugin v27.1.1 - https:\/\/yoast.com\/product\/yoast-seo-wordpress\/ -->\n<title>10 maja Akademia Teatralna zaprasza na spektakl \u201eWypi\u00f3r\u201d - XX Podlaski Festiwal Nauki i Sztuki 2025<\/title>\n<meta name=\"robots\" content=\"index, follow, max-snippet:-1, max-image-preview:large, max-video-preview:-1\" \/>\n<link rel=\"canonical\" href=\"https:\/\/podlaskifestiwal.pl\/2025\/10-maja-akademia-teatralna-zaprasza-na-spektakl-wypior\/\" \/>\n<meta property=\"og:locale\" content=\"pl_PL\" \/>\n<meta property=\"og:type\" content=\"article\" \/>\n<meta property=\"og:title\" content=\"10 maja Akademia Teatralna zaprasza na spektakl \u201eWypi\u00f3r\u201d - XX Podlaski Festiwal Nauki i Sztuki 2025\" \/>\n<meta property=\"og:description\" content=\"On i ona. Aspiruj\u0105cy poeta i aspiruj\u0105ca pisarka. Ich zwi\u0105zek trawi kryzys. Kto za tym stoi? Mo\u017ce Mickiewicz? W ramach tegorocznej edycji Festiwalu bia\u0142ostocka filia Akademii Teatralnej w Warszawie zaprasza na spektakl \u201eWypi\u00f3r\u201d w re\u017c. Wojciecha Le\u015bniewskiego, studenta II roku re\u017cyserii. 10 maja, godz. 18:00, Teatr im. Jana Wilkowskiego, ul. H. Sienkiewicza 14 Wst\u0119p wolny [&hellip;]\" \/>\n<meta property=\"og:url\" content=\"https:\/\/podlaskifestiwal.pl\/2025\/10-maja-akademia-teatralna-zaprasza-na-spektakl-wypior\/\" \/>\n<meta property=\"og:site_name\" content=\"XX Podlaski Festiwal Nauki i Sztuki 2025\" \/>\n<meta property=\"article:published_time\" content=\"2025-05-05T16:07:40+00:00\" \/>\n<meta property=\"article:modified_time\" content=\"2025-05-05T16:11:38+00:00\" \/>\n<meta property=\"og:image\" content=\"http:\/\/podlaskifestiwal.pl\/2025\/wp-content\/uploads\/sites\/7\/2025\/05\/DSCF1224.jpg\" \/>\n\t<meta property=\"og:image:width\" content=\"1280\" \/>\n\t<meta property=\"og:image:height\" content=\"853\" \/>\n\t<meta property=\"og:image:type\" content=\"image\/jpeg\" \/>\n<meta name=\"author\" content=\"biurokomunikacji\" \/>\n<meta name=\"twitter:card\" content=\"summary_large_image\" \/>\n<meta name=\"twitter:label1\" content=\"Napisane przez\" \/>\n\t<meta name=\"twitter:data1\" content=\"biurokomunikacji\" \/>\n\t<meta name=\"twitter:label2\" content=\"Szacowany czas czytania\" \/>\n\t<meta name=\"twitter:data2\" content=\"1 minuta\" \/>\n<script type=\"application\/ld+json\" class=\"yoast-schema-graph\">{\"@context\":\"https:\/\/schema.org\",\"@graph\":[{\"@type\":\"Article\",\"@id\":\"https:\/\/podlaskifestiwal.pl\/2025\/10-maja-akademia-teatralna-zaprasza-na-spektakl-wypior\/#article\",\"isPartOf\":{\"@id\":\"https:\/\/podlaskifestiwal.pl\/2025\/10-maja-akademia-teatralna-zaprasza-na-spektakl-wypior\/\"},\"author\":{\"name\":\"biurokomunikacji\",\"@id\":\"https:\/\/podlaskifestiwal.pl\/2025\/#\/schema\/person\/de752c2731c17671f16b16b77bd283ac\"},\"headline\":\"10 maja Akademia Teatralna zaprasza na spektakl \u201eWypi\u00f3r\u201d\",\"datePublished\":\"2025-05-05T16:07:40+00:00\",\"dateModified\":\"2025-05-05T16:11:38+00:00\",\"mainEntityOfPage\":{\"@id\":\"https:\/\/podlaskifestiwal.pl\/2025\/10-maja-akademia-teatralna-zaprasza-na-spektakl-wypior\/\"},\"wordCount\":155,\"publisher\":{\"@id\":\"https:\/\/podlaskifestiwal.pl\/2025\/#organization\"},\"image\":{\"@id\":\"https:\/\/podlaskifestiwal.pl\/2025\/10-maja-akademia-teatralna-zaprasza-na-spektakl-wypior\/#primaryimage\"},\"thumbnailUrl\":\"https:\/\/podlaskifestiwal.pl\/2025\/wp-content\/uploads\/sites\/7\/2025\/05\/DSCF1224.jpg\",\"articleSection\":[\"Uncategorized\"],\"inLanguage\":\"pl-PL\"},{\"@type\":\"WebPage\",\"@id\":\"https:\/\/podlaskifestiwal.pl\/2025\/10-maja-akademia-teatralna-zaprasza-na-spektakl-wypior\/\",\"url\":\"https:\/\/podlaskifestiwal.pl\/2025\/10-maja-akademia-teatralna-zaprasza-na-spektakl-wypior\/\",\"name\":\"10 maja Akademia Teatralna zaprasza na spektakl \u201eWypi\u00f3r\u201d - XX Podlaski Festiwal Nauki i Sztuki 2025\",\"isPartOf\":{\"@id\":\"https:\/\/podlaskifestiwal.pl\/2025\/#website\"},\"primaryImageOfPage\":{\"@id\":\"https:\/\/podlaskifestiwal.pl\/2025\/10-maja-akademia-teatralna-zaprasza-na-spektakl-wypior\/#primaryimage\"},\"image\":{\"@id\":\"https:\/\/podlaskifestiwal.pl\/2025\/10-maja-akademia-teatralna-zaprasza-na-spektakl-wypior\/#primaryimage\"},\"thumbnailUrl\":\"https:\/\/podlaskifestiwal.pl\/2025\/wp-content\/uploads\/sites\/7\/2025\/05\/DSCF1224.jpg\",\"datePublished\":\"2025-05-05T16:07:40+00:00\",\"dateModified\":\"2025-05-05T16:11:38+00:00\",\"breadcrumb\":{\"@id\":\"https:\/\/podlaskifestiwal.pl\/2025\/10-maja-akademia-teatralna-zaprasza-na-spektakl-wypior\/#breadcrumb\"},\"inLanguage\":\"pl-PL\",\"potentialAction\":[{\"@type\":\"ReadAction\",\"target\":[\"https:\/\/podlaskifestiwal.pl\/2025\/10-maja-akademia-teatralna-zaprasza-na-spektakl-wypior\/\"]}]},{\"@type\":\"ImageObject\",\"inLanguage\":\"pl-PL\",\"@id\":\"https:\/\/podlaskifestiwal.pl\/2025\/10-maja-akademia-teatralna-zaprasza-na-spektakl-wypior\/#primaryimage\",\"url\":\"https:\/\/podlaskifestiwal.pl\/2025\/wp-content\/uploads\/sites\/7\/2025\/05\/DSCF1224.jpg\",\"contentUrl\":\"https:\/\/podlaskifestiwal.pl\/2025\/wp-content\/uploads\/sites\/7\/2025\/05\/DSCF1224.jpg\",\"width\":1280,\"height\":853},{\"@type\":\"BreadcrumbList\",\"@id\":\"https:\/\/podlaskifestiwal.pl\/2025\/10-maja-akademia-teatralna-zaprasza-na-spektakl-wypior\/#breadcrumb\",\"itemListElement\":[{\"@type\":\"ListItem\",\"position\":1,\"name\":\"Strona g\u0142\u00f3wna\",\"item\":\"https:\/\/podlaskifestiwal.pl\/2025\/\"},{\"@type\":\"ListItem\",\"position\":2,\"name\":\"10 maja Akademia Teatralna zaprasza na spektakl \u201eWypi\u00f3r\u201d\"}]},{\"@type\":\"WebSite\",\"@id\":\"https:\/\/podlaskifestiwal.pl\/2025\/#website\",\"url\":\"https:\/\/podlaskifestiwal.pl\/2025\/\",\"name\":\"XXI Podlaski Festiwal Nauki i Sztuki\",\"description\":\"XXI Podlaski Festiwal Nauki i Sztuki\",\"publisher\":{\"@id\":\"https:\/\/podlaskifestiwal.pl\/2025\/#organization\"},\"potentialAction\":[{\"@type\":\"SearchAction\",\"target\":{\"@type\":\"EntryPoint\",\"urlTemplate\":\"https:\/\/podlaskifestiwal.pl\/2025\/?s={search_term_string}\"},\"query-input\":{\"@type\":\"PropertyValueSpecification\",\"valueRequired\":true,\"valueName\":\"search_term_string\"}}],\"inLanguage\":\"pl-PL\"},{\"@type\":\"Organization\",\"@id\":\"https:\/\/podlaskifestiwal.pl\/2025\/#organization\",\"name\":\"XXI Podlaski Festiwal Nauki i Sztuki\",\"url\":\"https:\/\/podlaskifestiwal.pl\/2025\/\",\"logo\":{\"@type\":\"ImageObject\",\"inLanguage\":\"pl-PL\",\"@id\":\"https:\/\/podlaskifestiwal.pl\/2025\/#\/schema\/logo\/image\/\",\"url\":\"https:\/\/podlaskifestiwal.pl\/2025\/wp-content\/uploads\/sites\/7\/2025\/04\/Baner-Fleming-1.png\",\"contentUrl\":\"https:\/\/podlaskifestiwal.pl\/2025\/wp-content\/uploads\/sites\/7\/2025\/04\/Baner-Fleming-1.png\",\"width\":2400,\"height\":800,\"caption\":\"XXI Podlaski Festiwal Nauki i Sztuki\"},\"image\":{\"@id\":\"https:\/\/podlaskifestiwal.pl\/2025\/#\/schema\/logo\/image\/\"}},{\"@type\":\"Person\",\"@id\":\"https:\/\/podlaskifestiwal.pl\/2025\/#\/schema\/person\/de752c2731c17671f16b16b77bd283ac\",\"name\":\"biurokomunikacji\",\"url\":\"https:\/\/podlaskifestiwal.pl\/2025\/author\/biurokomunikacji\/\"}]}<\/script>\n<!-- \/ Yoast SEO plugin. -->","yoast_head_json":{"title":"10 maja Akademia Teatralna zaprasza na spektakl \u201eWypi\u00f3r\u201d - XX Podlaski Festiwal Nauki i Sztuki 2025","robots":{"index":"index","follow":"follow","max-snippet":"max-snippet:-1","max-image-preview":"max-image-preview:large","max-video-preview":"max-video-preview:-1"},"canonical":"https:\/\/podlaskifestiwal.pl\/2025\/10-maja-akademia-teatralna-zaprasza-na-spektakl-wypior\/","og_locale":"pl_PL","og_type":"article","og_title":"10 maja Akademia Teatralna zaprasza na spektakl \u201eWypi\u00f3r\u201d - XX Podlaski Festiwal Nauki i Sztuki 2025","og_description":"On i ona. Aspiruj\u0105cy poeta i aspiruj\u0105ca pisarka. Ich zwi\u0105zek trawi kryzys. Kto za tym stoi? Mo\u017ce Mickiewicz? W ramach tegorocznej edycji Festiwalu bia\u0142ostocka filia Akademii Teatralnej w Warszawie zaprasza na spektakl \u201eWypi\u00f3r\u201d w re\u017c. Wojciecha Le\u015bniewskiego, studenta II roku re\u017cyserii. 10 maja, godz. 18:00, Teatr im. Jana Wilkowskiego, ul. H. Sienkiewicza 14 Wst\u0119p wolny [&hellip;]","og_url":"https:\/\/podlaskifestiwal.pl\/2025\/10-maja-akademia-teatralna-zaprasza-na-spektakl-wypior\/","og_site_name":"XX Podlaski Festiwal Nauki i Sztuki 2025","article_published_time":"2025-05-05T16:07:40+00:00","article_modified_time":"2025-05-05T16:11:38+00:00","og_image":[{"width":1280,"height":853,"url":"http:\/\/podlaskifestiwal.pl\/2025\/wp-content\/uploads\/sites\/7\/2025\/05\/DSCF1224.jpg","type":"image\/jpeg"}],"author":"biurokomunikacji","twitter_card":"summary_large_image","twitter_misc":{"Napisane przez":"biurokomunikacji","Szacowany czas czytania":"1 minuta"},"schema":{"@context":"https:\/\/schema.org","@graph":[{"@type":"Article","@id":"https:\/\/podlaskifestiwal.pl\/2025\/10-maja-akademia-teatralna-zaprasza-na-spektakl-wypior\/#article","isPartOf":{"@id":"https:\/\/podlaskifestiwal.pl\/2025\/10-maja-akademia-teatralna-zaprasza-na-spektakl-wypior\/"},"author":{"name":"biurokomunikacji","@id":"https:\/\/podlaskifestiwal.pl\/2025\/#\/schema\/person\/de752c2731c17671f16b16b77bd283ac"},"headline":"10 maja Akademia Teatralna zaprasza na spektakl \u201eWypi\u00f3r\u201d","datePublished":"2025-05-05T16:07:40+00:00","dateModified":"2025-05-05T16:11:38+00:00","mainEntityOfPage":{"@id":"https:\/\/podlaskifestiwal.pl\/2025\/10-maja-akademia-teatralna-zaprasza-na-spektakl-wypior\/"},"wordCount":155,"publisher":{"@id":"https:\/\/podlaskifestiwal.pl\/2025\/#organization"},"image":{"@id":"https:\/\/podlaskifestiwal.pl\/2025\/10-maja-akademia-teatralna-zaprasza-na-spektakl-wypior\/#primaryimage"},"thumbnailUrl":"https:\/\/podlaskifestiwal.pl\/2025\/wp-content\/uploads\/sites\/7\/2025\/05\/DSCF1224.jpg","articleSection":["Uncategorized"],"inLanguage":"pl-PL"},{"@type":"WebPage","@id":"https:\/\/podlaskifestiwal.pl\/2025\/10-maja-akademia-teatralna-zaprasza-na-spektakl-wypior\/","url":"https:\/\/podlaskifestiwal.pl\/2025\/10-maja-akademia-teatralna-zaprasza-na-spektakl-wypior\/","name":"10 maja Akademia Teatralna zaprasza na spektakl \u201eWypi\u00f3r\u201d - XX Podlaski Festiwal Nauki i Sztuki 2025","isPartOf":{"@id":"https:\/\/podlaskifestiwal.pl\/2025\/#website"},"primaryImageOfPage":{"@id":"https:\/\/podlaskifestiwal.pl\/2025\/10-maja-akademia-teatralna-zaprasza-na-spektakl-wypior\/#primaryimage"},"image":{"@id":"https:\/\/podlaskifestiwal.pl\/2025\/10-maja-akademia-teatralna-zaprasza-na-spektakl-wypior\/#primaryimage"},"thumbnailUrl":"https:\/\/podlaskifestiwal.pl\/2025\/wp-content\/uploads\/sites\/7\/2025\/05\/DSCF1224.jpg","datePublished":"2025-05-05T16:07:40+00:00","dateModified":"2025-05-05T16:11:38+00:00","breadcrumb":{"@id":"https:\/\/podlaskifestiwal.pl\/2025\/10-maja-akademia-teatralna-zaprasza-na-spektakl-wypior\/#breadcrumb"},"inLanguage":"pl-PL","potentialAction":[{"@type":"ReadAction","target":["https:\/\/podlaskifestiwal.pl\/2025\/10-maja-akademia-teatralna-zaprasza-na-spektakl-wypior\/"]}]},{"@type":"ImageObject","inLanguage":"pl-PL","@id":"https:\/\/podlaskifestiwal.pl\/2025\/10-maja-akademia-teatralna-zaprasza-na-spektakl-wypior\/#primaryimage","url":"https:\/\/podlaskifestiwal.pl\/2025\/wp-content\/uploads\/sites\/7\/2025\/05\/DSCF1224.jpg","contentUrl":"https:\/\/podlaskifestiwal.pl\/2025\/wp-content\/uploads\/sites\/7\/2025\/05\/DSCF1224.jpg","width":1280,"height":853},{"@type":"BreadcrumbList","@id":"https:\/\/podlaskifestiwal.pl\/2025\/10-maja-akademia-teatralna-zaprasza-na-spektakl-wypior\/#breadcrumb","itemListElement":[{"@type":"ListItem","position":1,"name":"Strona g\u0142\u00f3wna","item":"https:\/\/podlaskifestiwal.pl\/2025\/"},{"@type":"ListItem","position":2,"name":"10 maja Akademia Teatralna zaprasza na spektakl \u201eWypi\u00f3r\u201d"}]},{"@type":"WebSite","@id":"https:\/\/podlaskifestiwal.pl\/2025\/#website","url":"https:\/\/podlaskifestiwal.pl\/2025\/","name":"XXI Podlaski Festiwal Nauki i Sztuki","description":"XXI Podlaski Festiwal Nauki i Sztuki","publisher":{"@id":"https:\/\/podlaskifestiwal.pl\/2025\/#organization"},"potentialAction":[{"@type":"SearchAction","target":{"@type":"EntryPoint","urlTemplate":"https:\/\/podlaskifestiwal.pl\/2025\/?s={search_term_string}"},"query-input":{"@type":"PropertyValueSpecification","valueRequired":true,"valueName":"search_term_string"}}],"inLanguage":"pl-PL"},{"@type":"Organization","@id":"https:\/\/podlaskifestiwal.pl\/2025\/#organization","name":"XXI Podlaski Festiwal Nauki i Sztuki","url":"https:\/\/podlaskifestiwal.pl\/2025\/","logo":{"@type":"ImageObject","inLanguage":"pl-PL","@id":"https:\/\/podlaskifestiwal.pl\/2025\/#\/schema\/logo\/image\/","url":"https:\/\/podlaskifestiwal.pl\/2025\/wp-content\/uploads\/sites\/7\/2025\/04\/Baner-Fleming-1.png","contentUrl":"https:\/\/podlaskifestiwal.pl\/2025\/wp-content\/uploads\/sites\/7\/2025\/04\/Baner-Fleming-1.png","width":2400,"height":800,"caption":"XXI Podlaski Festiwal Nauki i Sztuki"},"image":{"@id":"https:\/\/podlaskifestiwal.pl\/2025\/#\/schema\/logo\/image\/"}},{"@type":"Person","@id":"https:\/\/podlaskifestiwal.pl\/2025\/#\/schema\/person\/de752c2731c17671f16b16b77bd283ac","name":"biurokomunikacji","url":"https:\/\/podlaskifestiwal.pl\/2025\/author\/biurokomunikacji\/"}]}},"_links":{"self":[{"href":"https:\/\/podlaskifestiwal.pl\/2025\/wp-json\/wp\/v2\/posts\/12567","targetHints":{"allow":["GET"]}}],"collection":[{"href":"https:\/\/podlaskifestiwal.pl\/2025\/wp-json\/wp\/v2\/posts"}],"about":[{"href":"https:\/\/podlaskifestiwal.pl\/2025\/wp-json\/wp\/v2\/types\/post"}],"author":[{"embeddable":true,"href":"https:\/\/podlaskifestiwal.pl\/2025\/wp-json\/wp\/v2\/users\/170"}],"replies":[{"embeddable":true,"href":"https:\/\/podlaskifestiwal.pl\/2025\/wp-json\/wp\/v2\/comments?post=12567"}],"version-history":[{"count":4,"href":"https:\/\/podlaskifestiwal.pl\/2025\/wp-json\/wp\/v2\/posts\/12567\/revisions"}],"predecessor-version":[{"id":12589,"href":"https:\/\/podlaskifestiwal.pl\/2025\/wp-json\/wp\/v2\/posts\/12567\/revisions\/12589"}],"wp:featuredmedia":[{"embeddable":true,"href":"https:\/\/podlaskifestiwal.pl\/2025\/wp-json\/wp\/v2\/media\/12568"}],"wp:attachment":[{"href":"https:\/\/podlaskifestiwal.pl\/2025\/wp-json\/wp\/v2\/media?parent=12567"}],"wp:term":[{"taxonomy":"category","embeddable":true,"href":"https:\/\/podlaskifestiwal.pl\/2025\/wp-json\/wp\/v2\/categories?post=12567"},{"taxonomy":"post_tag","embeddable":true,"href":"https:\/\/podlaskifestiwal.pl\/2025\/wp-json\/wp\/v2\/tags?post=12567"}],"curies":[{"name":"wp","href":"https:\/\/api.w.org\/{rel}","templated":true}]}}