{"id":12501,"date":"2025-04-28T07:18:13","date_gmt":"2025-04-28T07:18:13","guid":{"rendered":"https:\/\/podlaskifestiwal.pl\/2025\/?p=12501"},"modified":"2025-05-01T18:57:41","modified_gmt":"2025-05-01T18:57:41","slug":"wyzsza-szkola-ekonomiczna-w-bialymstoku-na-xxi-podlaski-festiwal-nauki-i-sztuki-wydarzenia-13-i-16-maja","status":"publish","type":"post","link":"https:\/\/podlaskifestiwal.pl\/2025\/wyzsza-szkola-ekonomiczna-w-bialymstoku-na-xxi-podlaski-festiwal-nauki-i-sztuki-wydarzenia-13-i-16-maja\/","title":{"rendered":"Wy\u017csza Szko\u0142a Ekonomiczna w Bia\u0142ymstoku na XXI Podlaskim Festiwalu Nauki i Sztuki! Wydarzenia 13 i 16 maja"},"content":{"rendered":"<p>Wy\u017csza Szko\u0142a Ekonomiczna w Bia\u0142ymstoku zaprasza na&nbsp; XXI Podlaski Festiwal Nauki i Sztuki! Wydarzenia festiwalowe odb\u0119d\u0105 si\u0119 13 i 16 maja.&nbsp;<\/p>\n<p>W tym roku przygotowali\u015bmy wydarzenia \u0142\u0105cz\u0105ce nauk\u0119, sztuk\u0119 i praktyczn\u0105 wiedz\u0119 finansow\u0105. Sprawd\u017a szczeg\u00f3\u0142y i do\u0142\u0105cz \u2013 liczba miejsc jest ograniczona!<\/p>\n<p><strong>Konkurs Plastyczny \u201eBezpieczny Internet\u201d<\/strong><\/p>\n<p>Konkurs plastyczny \u201eBezpieczny Internet\u201d odb\u0119dzie si\u0119 <strong>16 maja 2025 r. w godz. 9:00\u201312:00<\/strong> w Wy\u017cszej Szkole Ekonomicznej przy ul. Zwyci\u0119stwa 14\/3 i jest skierowany <strong>do dzieci z przedszkoli oraz uczni\u00f3w klas 1\u20133 szk\u00f3\u0142 podstawowych,<\/strong> jego celem jest rozwijanie \u015bwiadomo\u015bci najm\u0142odszych na temat bezpiecznego korzystania z Internetu i zach\u0119canie do kreatywnego wyra\u017cania swoich pomys\u0142\u00f3w w formie sztuki, a na laureat\u00f3w czekaj\u0105 atrakcyjne upominki w ka\u017cdej kategorii wiekowej oraz dyplomy dla wszystkich uczestnik\u00f3w; szczeg\u00f3\u0142y i regulamin dost\u0119pne s\u0105 na stronie <span style=\"color: #3366ff\"><a style=\"color: #3366ff\" href=\"http:\/\/podlaskifestiwal.pl\/2025\/imprezy\/konkurs-plastyczny-bezpieczny-internet\">podlaskifestiwal.pl\/2025\/imprezy\/konkurs-plastyczny-bezpieczny-internet<\/a><\/span><\/p>\n<p><strong>Warsztat \u201eKa\u017cdy mo\u017ce zosta\u0107 milionerem\u201d<\/strong><\/p>\n<p>Zapraszamy na warsztat \u201eKa\u017cdy mo\u017ce zosta\u0107 milionerem\u201d&nbsp; ju\u017c <strong>13 maja 2025 r. w godzinach 13:00\u201314:30 do AULI WSE<\/strong> na ul. Zwyci\u0119stwa 14\/3<\/p>\n<p>Warsztat przeznaczony dla <strong>m\u0142odzie\u017cy szk\u00f3\u0142 \u015brednich (13\u201318 lat)<\/strong>, kt\u00f3ry wprowadzi uczestnik\u00f3w w \u015bwiat finans\u00f3w osobistych i przedsi\u0119biorczo\u015bci.<\/p>\n<p><strong>A w programie:<\/strong><br \/>\n1. Moja droga do pieni\u0119dzy \u2013 po co my\u015ble\u0107 o finansach ju\u017c teraz?<\/p>\n<p>2. Moje decyzje finansowe \u2013 cele, narz\u0119dzia, bud\u017cet domowy.<\/p>\n<p>3. Czy moja przysz\u0142o\u015b\u0107 zale\u017cy tylko ode mnie? \u2013 wsp\u00f3lna dyskusja.<\/p>\n<p>Udzia\u0142 w wydarzeniu b\u0119dzie doskona\u0142\u0105 okazj\u0105 do poznania praktycznych strategii osi\u0105gania niezale\u017cno\u015bci finansowej, a tak\u017ce uzyskania wiedzy o tym, jak unika\u0107 najcz\u0119stszych b\u0142\u0119d\u00f3w i planowa\u0107 przysz\u0142o\u015b\u0107 \u015bwiadomie.<\/p>\n<p>\ud83c\udf9f\ufe0f Udzia\u0142 bezp\u0142atny \u2013 obowi\u0105zuje rejestracja.<br \/>\n\ud83d\udc49 Zapisy: <span style=\"color: #3366ff\"><a style=\"color: #3366ff\" href=\"https:\/\/podlaskifestiwal.pl\/2025\/imprezy\/warsztat-kazdy-moze-zostac-milionerem\/\">https:\/\/podlaskifestiwal.pl\/2025\/imprezy\/warsztat-kazdy-moze-zostac-milionerem\/<\/a><\/span><\/p>\n<p>Przyjd\u017a, ucz si\u0119, tw\u00f3rz i inspiruj si\u0119 razem z nami podczas XXI Podlaskiego Festiwalu Nauki i Sztuki.<br \/>\nDo zobaczenia w WSE!<\/p>\n","protected":false},"excerpt":{"rendered":"<p>Wy\u017csza Szko\u0142a Ekonomiczna w Bia\u0142ymstoku zaprasza na&nbsp; XXI Podlaski Festiwal Nauki i Sztuki! Wydarzenia festiwalowe odb\u0119d\u0105 si\u0119 13 i 16 maja.&nbsp; W tym roku przygotowali\u015bmy wydarzenia \u0142\u0105cz\u0105ce nauk\u0119, sztuk\u0119 i praktyczn\u0105 wiedz\u0119 finansow\u0105. Sprawd\u017a szczeg\u00f3\u0142y i do\u0142\u0105cz \u2013 liczba miejsc jest ograniczona! Konkurs Plastyczny \u201eBezpieczny Internet\u201d Konkurs plastyczny \u201eBezpieczny Internet\u201d odb\u0119dzie si\u0119 16 maja 2025 [&hellip;]<\/p>\n","protected":false},"author":170,"featured_media":12503,"comment_status":"closed","ping_status":"closed","sticky":false,"template":"","format":"standard","meta":{"ngg_post_thumbnail":0,"footnotes":""},"categories":[1],"tags":[],"class_list":["post-12501","post","type-post","status-publish","format-standard","has-post-thumbnail","hentry","category-uncategorized"],"yoast_head":"<!-- This site is optimized with the Yoast SEO plugin v27.1.1 - https:\/\/yoast.com\/product\/yoast-seo-wordpress\/ -->\n<title>Wy\u017csza Szko\u0142a Ekonomiczna w Bia\u0142ymstoku na XXI Podlaskim Festiwalu Nauki i Sztuki! Wydarzenia 13 i 16 maja - XX Podlaski Festiwal Nauki i Sztuki 2025<\/title>\n<meta name=\"robots\" content=\"index, follow, max-snippet:-1, max-image-preview:large, max-video-preview:-1\" \/>\n<link rel=\"canonical\" href=\"https:\/\/podlaskifestiwal.pl\/2025\/wyzsza-szkola-ekonomiczna-w-bialymstoku-na-xxi-podlaski-festiwal-nauki-i-sztuki-wydarzenia-13-i-16-maja\/\" \/>\n<meta property=\"og:locale\" content=\"pl_PL\" \/>\n<meta property=\"og:type\" content=\"article\" \/>\n<meta property=\"og:title\" content=\"Wy\u017csza Szko\u0142a Ekonomiczna w Bia\u0142ymstoku na XXI Podlaskim Festiwalu Nauki i Sztuki! Wydarzenia 13 i 16 maja - XX Podlaski Festiwal Nauki i Sztuki 2025\" \/>\n<meta property=\"og:description\" content=\"Wy\u017csza Szko\u0142a Ekonomiczna w Bia\u0142ymstoku zaprasza na&nbsp; XXI Podlaski Festiwal Nauki i Sztuki! Wydarzenia festiwalowe odb\u0119d\u0105 si\u0119 13 i 16 maja.&nbsp; W tym roku przygotowali\u015bmy wydarzenia \u0142\u0105cz\u0105ce nauk\u0119, sztuk\u0119 i praktyczn\u0105 wiedz\u0119 finansow\u0105. Sprawd\u017a szczeg\u00f3\u0142y i do\u0142\u0105cz \u2013 liczba miejsc jest ograniczona! Konkurs Plastyczny \u201eBezpieczny Internet\u201d Konkurs plastyczny \u201eBezpieczny Internet\u201d odb\u0119dzie si\u0119 16 maja 2025 [&hellip;]\" \/>\n<meta property=\"og:url\" content=\"https:\/\/podlaskifestiwal.pl\/2025\/wyzsza-szkola-ekonomiczna-w-bialymstoku-na-xxi-podlaski-festiwal-nauki-i-sztuki-wydarzenia-13-i-16-maja\/\" \/>\n<meta property=\"og:site_name\" content=\"XX Podlaski Festiwal Nauki i Sztuki 2025\" \/>\n<meta property=\"article:published_time\" content=\"2025-04-28T07:18:13+00:00\" \/>\n<meta property=\"article:modified_time\" content=\"2025-05-01T18:57:41+00:00\" \/>\n<meta property=\"og:image\" content=\"https:\/\/podlaskifestiwal.pl\/2025\/wp-content\/uploads\/sites\/7\/2025\/04\/490654219_1296526479149204_8231249692217807855_n.jpg\" \/>\n\t<meta property=\"og:image:width\" content=\"1440\" \/>\n\t<meta property=\"og:image:height\" content=\"1146\" \/>\n\t<meta property=\"og:image:type\" content=\"image\/jpeg\" \/>\n<meta name=\"author\" content=\"biurokomunikacji\" \/>\n<meta name=\"twitter:card\" content=\"summary_large_image\" \/>\n<meta name=\"twitter:label1\" content=\"Napisane przez\" \/>\n\t<meta name=\"twitter:data1\" content=\"biurokomunikacji\" \/>\n\t<meta name=\"twitter:label2\" content=\"Szacowany czas czytania\" \/>\n\t<meta name=\"twitter:data2\" content=\"2 minuty\" \/>\n<script type=\"application\/ld+json\" class=\"yoast-schema-graph\">{\"@context\":\"https:\/\/schema.org\",\"@graph\":[{\"@type\":\"Article\",\"@id\":\"https:\/\/podlaskifestiwal.pl\/2025\/wyzsza-szkola-ekonomiczna-w-bialymstoku-na-xxi-podlaski-festiwal-nauki-i-sztuki-wydarzenia-13-i-16-maja\/#article\",\"isPartOf\":{\"@id\":\"https:\/\/podlaskifestiwal.pl\/2025\/wyzsza-szkola-ekonomiczna-w-bialymstoku-na-xxi-podlaski-festiwal-nauki-i-sztuki-wydarzenia-13-i-16-maja\/\"},\"author\":{\"name\":\"biurokomunikacji\",\"@id\":\"https:\/\/podlaskifestiwal.pl\/2025\/#\/schema\/person\/de752c2731c17671f16b16b77bd283ac\"},\"headline\":\"Wy\u017csza Szko\u0142a Ekonomiczna w Bia\u0142ymstoku na XXI Podlaskim Festiwalu Nauki i Sztuki! Wydarzenia 13 i 16 maja\",\"datePublished\":\"2025-04-28T07:18:13+00:00\",\"dateModified\":\"2025-05-01T18:57:41+00:00\",\"mainEntityOfPage\":{\"@id\":\"https:\/\/podlaskifestiwal.pl\/2025\/wyzsza-szkola-ekonomiczna-w-bialymstoku-na-xxi-podlaski-festiwal-nauki-i-sztuki-wydarzenia-13-i-16-maja\/\"},\"wordCount\":321,\"publisher\":{\"@id\":\"https:\/\/podlaskifestiwal.pl\/2025\/#organization\"},\"image\":{\"@id\":\"https:\/\/podlaskifestiwal.pl\/2025\/wyzsza-szkola-ekonomiczna-w-bialymstoku-na-xxi-podlaski-festiwal-nauki-i-sztuki-wydarzenia-13-i-16-maja\/#primaryimage\"},\"thumbnailUrl\":\"https:\/\/podlaskifestiwal.pl\/2025\/wp-content\/uploads\/sites\/7\/2025\/04\/490654219_1296526479149204_8231249692217807855_n.jpg\",\"articleSection\":[\"Uncategorized\"],\"inLanguage\":\"pl-PL\"},{\"@type\":\"WebPage\",\"@id\":\"https:\/\/podlaskifestiwal.pl\/2025\/wyzsza-szkola-ekonomiczna-w-bialymstoku-na-xxi-podlaski-festiwal-nauki-i-sztuki-wydarzenia-13-i-16-maja\/\",\"url\":\"https:\/\/podlaskifestiwal.pl\/2025\/wyzsza-szkola-ekonomiczna-w-bialymstoku-na-xxi-podlaski-festiwal-nauki-i-sztuki-wydarzenia-13-i-16-maja\/\",\"name\":\"Wy\u017csza Szko\u0142a Ekonomiczna w Bia\u0142ymstoku na XXI Podlaskim Festiwalu Nauki i Sztuki! Wydarzenia 13 i 16 maja - XX Podlaski Festiwal Nauki i Sztuki 2025\",\"isPartOf\":{\"@id\":\"https:\/\/podlaskifestiwal.pl\/2025\/#website\"},\"primaryImageOfPage\":{\"@id\":\"https:\/\/podlaskifestiwal.pl\/2025\/wyzsza-szkola-ekonomiczna-w-bialymstoku-na-xxi-podlaski-festiwal-nauki-i-sztuki-wydarzenia-13-i-16-maja\/#primaryimage\"},\"image\":{\"@id\":\"https:\/\/podlaskifestiwal.pl\/2025\/wyzsza-szkola-ekonomiczna-w-bialymstoku-na-xxi-podlaski-festiwal-nauki-i-sztuki-wydarzenia-13-i-16-maja\/#primaryimage\"},\"thumbnailUrl\":\"https:\/\/podlaskifestiwal.pl\/2025\/wp-content\/uploads\/sites\/7\/2025\/04\/490654219_1296526479149204_8231249692217807855_n.jpg\",\"datePublished\":\"2025-04-28T07:18:13+00:00\",\"dateModified\":\"2025-05-01T18:57:41+00:00\",\"breadcrumb\":{\"@id\":\"https:\/\/podlaskifestiwal.pl\/2025\/wyzsza-szkola-ekonomiczna-w-bialymstoku-na-xxi-podlaski-festiwal-nauki-i-sztuki-wydarzenia-13-i-16-maja\/#breadcrumb\"},\"inLanguage\":\"pl-PL\",\"potentialAction\":[{\"@type\":\"ReadAction\",\"target\":[\"https:\/\/podlaskifestiwal.pl\/2025\/wyzsza-szkola-ekonomiczna-w-bialymstoku-na-xxi-podlaski-festiwal-nauki-i-sztuki-wydarzenia-13-i-16-maja\/\"]}]},{\"@type\":\"ImageObject\",\"inLanguage\":\"pl-PL\",\"@id\":\"https:\/\/podlaskifestiwal.pl\/2025\/wyzsza-szkola-ekonomiczna-w-bialymstoku-na-xxi-podlaski-festiwal-nauki-i-sztuki-wydarzenia-13-i-16-maja\/#primaryimage\",\"url\":\"https:\/\/podlaskifestiwal.pl\/2025\/wp-content\/uploads\/sites\/7\/2025\/04\/490654219_1296526479149204_8231249692217807855_n.jpg\",\"contentUrl\":\"https:\/\/podlaskifestiwal.pl\/2025\/wp-content\/uploads\/sites\/7\/2025\/04\/490654219_1296526479149204_8231249692217807855_n.jpg\",\"width\":1440,\"height\":1146},{\"@type\":\"BreadcrumbList\",\"@id\":\"https:\/\/podlaskifestiwal.pl\/2025\/wyzsza-szkola-ekonomiczna-w-bialymstoku-na-xxi-podlaski-festiwal-nauki-i-sztuki-wydarzenia-13-i-16-maja\/#breadcrumb\",\"itemListElement\":[{\"@type\":\"ListItem\",\"position\":1,\"name\":\"Strona g\u0142\u00f3wna\",\"item\":\"https:\/\/podlaskifestiwal.pl\/2025\/\"},{\"@type\":\"ListItem\",\"position\":2,\"name\":\"Wy\u017csza Szko\u0142a Ekonomiczna w Bia\u0142ymstoku na XXI Podlaskim Festiwalu Nauki i Sztuki! Wydarzenia 13 i 16 maja\"}]},{\"@type\":\"WebSite\",\"@id\":\"https:\/\/podlaskifestiwal.pl\/2025\/#website\",\"url\":\"https:\/\/podlaskifestiwal.pl\/2025\/\",\"name\":\"XXI Podlaski Festiwal Nauki i Sztuki\",\"description\":\"XXI Podlaski Festiwal Nauki i Sztuki\",\"publisher\":{\"@id\":\"https:\/\/podlaskifestiwal.pl\/2025\/#organization\"},\"potentialAction\":[{\"@type\":\"SearchAction\",\"target\":{\"@type\":\"EntryPoint\",\"urlTemplate\":\"https:\/\/podlaskifestiwal.pl\/2025\/?s={search_term_string}\"},\"query-input\":{\"@type\":\"PropertyValueSpecification\",\"valueRequired\":true,\"valueName\":\"search_term_string\"}}],\"inLanguage\":\"pl-PL\"},{\"@type\":\"Organization\",\"@id\":\"https:\/\/podlaskifestiwal.pl\/2025\/#organization\",\"name\":\"XXI Podlaski Festiwal Nauki i Sztuki\",\"url\":\"https:\/\/podlaskifestiwal.pl\/2025\/\",\"logo\":{\"@type\":\"ImageObject\",\"inLanguage\":\"pl-PL\",\"@id\":\"https:\/\/podlaskifestiwal.pl\/2025\/#\/schema\/logo\/image\/\",\"url\":\"https:\/\/podlaskifestiwal.pl\/2025\/wp-content\/uploads\/sites\/7\/2025\/04\/Baner-Fleming-1.png\",\"contentUrl\":\"https:\/\/podlaskifestiwal.pl\/2025\/wp-content\/uploads\/sites\/7\/2025\/04\/Baner-Fleming-1.png\",\"width\":2400,\"height\":800,\"caption\":\"XXI Podlaski Festiwal Nauki i Sztuki\"},\"image\":{\"@id\":\"https:\/\/podlaskifestiwal.pl\/2025\/#\/schema\/logo\/image\/\"}},{\"@type\":\"Person\",\"@id\":\"https:\/\/podlaskifestiwal.pl\/2025\/#\/schema\/person\/de752c2731c17671f16b16b77bd283ac\",\"name\":\"biurokomunikacji\",\"url\":\"https:\/\/podlaskifestiwal.pl\/2025\/author\/biurokomunikacji\/\"}]}<\/script>\n<!-- \/ Yoast SEO plugin. -->","yoast_head_json":{"title":"Wy\u017csza Szko\u0142a Ekonomiczna w Bia\u0142ymstoku na XXI Podlaskim Festiwalu Nauki i Sztuki! Wydarzenia 13 i 16 maja - XX Podlaski Festiwal Nauki i Sztuki 2025","robots":{"index":"index","follow":"follow","max-snippet":"max-snippet:-1","max-image-preview":"max-image-preview:large","max-video-preview":"max-video-preview:-1"},"canonical":"https:\/\/podlaskifestiwal.pl\/2025\/wyzsza-szkola-ekonomiczna-w-bialymstoku-na-xxi-podlaski-festiwal-nauki-i-sztuki-wydarzenia-13-i-16-maja\/","og_locale":"pl_PL","og_type":"article","og_title":"Wy\u017csza Szko\u0142a Ekonomiczna w Bia\u0142ymstoku na XXI Podlaskim Festiwalu Nauki i Sztuki! Wydarzenia 13 i 16 maja - XX Podlaski Festiwal Nauki i Sztuki 2025","og_description":"Wy\u017csza Szko\u0142a Ekonomiczna w Bia\u0142ymstoku zaprasza na&nbsp; XXI Podlaski Festiwal Nauki i Sztuki! Wydarzenia festiwalowe odb\u0119d\u0105 si\u0119 13 i 16 maja.&nbsp; W tym roku przygotowali\u015bmy wydarzenia \u0142\u0105cz\u0105ce nauk\u0119, sztuk\u0119 i praktyczn\u0105 wiedz\u0119 finansow\u0105. Sprawd\u017a szczeg\u00f3\u0142y i do\u0142\u0105cz \u2013 liczba miejsc jest ograniczona! Konkurs Plastyczny \u201eBezpieczny Internet\u201d Konkurs plastyczny \u201eBezpieczny Internet\u201d odb\u0119dzie si\u0119 16 maja 2025 [&hellip;]","og_url":"https:\/\/podlaskifestiwal.pl\/2025\/wyzsza-szkola-ekonomiczna-w-bialymstoku-na-xxi-podlaski-festiwal-nauki-i-sztuki-wydarzenia-13-i-16-maja\/","og_site_name":"XX Podlaski Festiwal Nauki i Sztuki 2025","article_published_time":"2025-04-28T07:18:13+00:00","article_modified_time":"2025-05-01T18:57:41+00:00","og_image":[{"width":1440,"height":1146,"url":"https:\/\/podlaskifestiwal.pl\/2025\/wp-content\/uploads\/sites\/7\/2025\/04\/490654219_1296526479149204_8231249692217807855_n.jpg","type":"image\/jpeg"}],"author":"biurokomunikacji","twitter_card":"summary_large_image","twitter_misc":{"Napisane przez":"biurokomunikacji","Szacowany czas czytania":"2 minuty"},"schema":{"@context":"https:\/\/schema.org","@graph":[{"@type":"Article","@id":"https:\/\/podlaskifestiwal.pl\/2025\/wyzsza-szkola-ekonomiczna-w-bialymstoku-na-xxi-podlaski-festiwal-nauki-i-sztuki-wydarzenia-13-i-16-maja\/#article","isPartOf":{"@id":"https:\/\/podlaskifestiwal.pl\/2025\/wyzsza-szkola-ekonomiczna-w-bialymstoku-na-xxi-podlaski-festiwal-nauki-i-sztuki-wydarzenia-13-i-16-maja\/"},"author":{"name":"biurokomunikacji","@id":"https:\/\/podlaskifestiwal.pl\/2025\/#\/schema\/person\/de752c2731c17671f16b16b77bd283ac"},"headline":"Wy\u017csza Szko\u0142a Ekonomiczna w Bia\u0142ymstoku na XXI Podlaskim Festiwalu Nauki i Sztuki! Wydarzenia 13 i 16 maja","datePublished":"2025-04-28T07:18:13+00:00","dateModified":"2025-05-01T18:57:41+00:00","mainEntityOfPage":{"@id":"https:\/\/podlaskifestiwal.pl\/2025\/wyzsza-szkola-ekonomiczna-w-bialymstoku-na-xxi-podlaski-festiwal-nauki-i-sztuki-wydarzenia-13-i-16-maja\/"},"wordCount":321,"publisher":{"@id":"https:\/\/podlaskifestiwal.pl\/2025\/#organization"},"image":{"@id":"https:\/\/podlaskifestiwal.pl\/2025\/wyzsza-szkola-ekonomiczna-w-bialymstoku-na-xxi-podlaski-festiwal-nauki-i-sztuki-wydarzenia-13-i-16-maja\/#primaryimage"},"thumbnailUrl":"https:\/\/podlaskifestiwal.pl\/2025\/wp-content\/uploads\/sites\/7\/2025\/04\/490654219_1296526479149204_8231249692217807855_n.jpg","articleSection":["Uncategorized"],"inLanguage":"pl-PL"},{"@type":"WebPage","@id":"https:\/\/podlaskifestiwal.pl\/2025\/wyzsza-szkola-ekonomiczna-w-bialymstoku-na-xxi-podlaski-festiwal-nauki-i-sztuki-wydarzenia-13-i-16-maja\/","url":"https:\/\/podlaskifestiwal.pl\/2025\/wyzsza-szkola-ekonomiczna-w-bialymstoku-na-xxi-podlaski-festiwal-nauki-i-sztuki-wydarzenia-13-i-16-maja\/","name":"Wy\u017csza Szko\u0142a Ekonomiczna w Bia\u0142ymstoku na XXI Podlaskim Festiwalu Nauki i Sztuki! Wydarzenia 13 i 16 maja - XX Podlaski Festiwal Nauki i Sztuki 2025","isPartOf":{"@id":"https:\/\/podlaskifestiwal.pl\/2025\/#website"},"primaryImageOfPage":{"@id":"https:\/\/podlaskifestiwal.pl\/2025\/wyzsza-szkola-ekonomiczna-w-bialymstoku-na-xxi-podlaski-festiwal-nauki-i-sztuki-wydarzenia-13-i-16-maja\/#primaryimage"},"image":{"@id":"https:\/\/podlaskifestiwal.pl\/2025\/wyzsza-szkola-ekonomiczna-w-bialymstoku-na-xxi-podlaski-festiwal-nauki-i-sztuki-wydarzenia-13-i-16-maja\/#primaryimage"},"thumbnailUrl":"https:\/\/podlaskifestiwal.pl\/2025\/wp-content\/uploads\/sites\/7\/2025\/04\/490654219_1296526479149204_8231249692217807855_n.jpg","datePublished":"2025-04-28T07:18:13+00:00","dateModified":"2025-05-01T18:57:41+00:00","breadcrumb":{"@id":"https:\/\/podlaskifestiwal.pl\/2025\/wyzsza-szkola-ekonomiczna-w-bialymstoku-na-xxi-podlaski-festiwal-nauki-i-sztuki-wydarzenia-13-i-16-maja\/#breadcrumb"},"inLanguage":"pl-PL","potentialAction":[{"@type":"ReadAction","target":["https:\/\/podlaskifestiwal.pl\/2025\/wyzsza-szkola-ekonomiczna-w-bialymstoku-na-xxi-podlaski-festiwal-nauki-i-sztuki-wydarzenia-13-i-16-maja\/"]}]},{"@type":"ImageObject","inLanguage":"pl-PL","@id":"https:\/\/podlaskifestiwal.pl\/2025\/wyzsza-szkola-ekonomiczna-w-bialymstoku-na-xxi-podlaski-festiwal-nauki-i-sztuki-wydarzenia-13-i-16-maja\/#primaryimage","url":"https:\/\/podlaskifestiwal.pl\/2025\/wp-content\/uploads\/sites\/7\/2025\/04\/490654219_1296526479149204_8231249692217807855_n.jpg","contentUrl":"https:\/\/podlaskifestiwal.pl\/2025\/wp-content\/uploads\/sites\/7\/2025\/04\/490654219_1296526479149204_8231249692217807855_n.jpg","width":1440,"height":1146},{"@type":"BreadcrumbList","@id":"https:\/\/podlaskifestiwal.pl\/2025\/wyzsza-szkola-ekonomiczna-w-bialymstoku-na-xxi-podlaski-festiwal-nauki-i-sztuki-wydarzenia-13-i-16-maja\/#breadcrumb","itemListElement":[{"@type":"ListItem","position":1,"name":"Strona g\u0142\u00f3wna","item":"https:\/\/podlaskifestiwal.pl\/2025\/"},{"@type":"ListItem","position":2,"name":"Wy\u017csza Szko\u0142a Ekonomiczna w Bia\u0142ymstoku na XXI Podlaskim Festiwalu Nauki i Sztuki! Wydarzenia 13 i 16 maja"}]},{"@type":"WebSite","@id":"https:\/\/podlaskifestiwal.pl\/2025\/#website","url":"https:\/\/podlaskifestiwal.pl\/2025\/","name":"XXI Podlaski Festiwal Nauki i Sztuki","description":"XXI Podlaski Festiwal Nauki i Sztuki","publisher":{"@id":"https:\/\/podlaskifestiwal.pl\/2025\/#organization"},"potentialAction":[{"@type":"SearchAction","target":{"@type":"EntryPoint","urlTemplate":"https:\/\/podlaskifestiwal.pl\/2025\/?s={search_term_string}"},"query-input":{"@type":"PropertyValueSpecification","valueRequired":true,"valueName":"search_term_string"}}],"inLanguage":"pl-PL"},{"@type":"Organization","@id":"https:\/\/podlaskifestiwal.pl\/2025\/#organization","name":"XXI Podlaski Festiwal Nauki i Sztuki","url":"https:\/\/podlaskifestiwal.pl\/2025\/","logo":{"@type":"ImageObject","inLanguage":"pl-PL","@id":"https:\/\/podlaskifestiwal.pl\/2025\/#\/schema\/logo\/image\/","url":"https:\/\/podlaskifestiwal.pl\/2025\/wp-content\/uploads\/sites\/7\/2025\/04\/Baner-Fleming-1.png","contentUrl":"https:\/\/podlaskifestiwal.pl\/2025\/wp-content\/uploads\/sites\/7\/2025\/04\/Baner-Fleming-1.png","width":2400,"height":800,"caption":"XXI Podlaski Festiwal Nauki i Sztuki"},"image":{"@id":"https:\/\/podlaskifestiwal.pl\/2025\/#\/schema\/logo\/image\/"}},{"@type":"Person","@id":"https:\/\/podlaskifestiwal.pl\/2025\/#\/schema\/person\/de752c2731c17671f16b16b77bd283ac","name":"biurokomunikacji","url":"https:\/\/podlaskifestiwal.pl\/2025\/author\/biurokomunikacji\/"}]}},"_links":{"self":[{"href":"https:\/\/podlaskifestiwal.pl\/2025\/wp-json\/wp\/v2\/posts\/12501","targetHints":{"allow":["GET"]}}],"collection":[{"href":"https:\/\/podlaskifestiwal.pl\/2025\/wp-json\/wp\/v2\/posts"}],"about":[{"href":"https:\/\/podlaskifestiwal.pl\/2025\/wp-json\/wp\/v2\/types\/post"}],"author":[{"embeddable":true,"href":"https:\/\/podlaskifestiwal.pl\/2025\/wp-json\/wp\/v2\/users\/170"}],"replies":[{"embeddable":true,"href":"https:\/\/podlaskifestiwal.pl\/2025\/wp-json\/wp\/v2\/comments?post=12501"}],"version-history":[{"count":7,"href":"https:\/\/podlaskifestiwal.pl\/2025\/wp-json\/wp\/v2\/posts\/12501\/revisions"}],"predecessor-version":[{"id":12546,"href":"https:\/\/podlaskifestiwal.pl\/2025\/wp-json\/wp\/v2\/posts\/12501\/revisions\/12546"}],"wp:featuredmedia":[{"embeddable":true,"href":"https:\/\/podlaskifestiwal.pl\/2025\/wp-json\/wp\/v2\/media\/12503"}],"wp:attachment":[{"href":"https:\/\/podlaskifestiwal.pl\/2025\/wp-json\/wp\/v2\/media?parent=12501"}],"wp:term":[{"taxonomy":"category","embeddable":true,"href":"https:\/\/podlaskifestiwal.pl\/2025\/wp-json\/wp\/v2\/categories?post=12501"},{"taxonomy":"post_tag","embeddable":true,"href":"https:\/\/podlaskifestiwal.pl\/2025\/wp-json\/wp\/v2\/tags?post=12501"}],"curies":[{"name":"wp","href":"https:\/\/api.w.org\/{rel}","templated":true}]}}