{"id":12445,"date":"2025-04-24T08:47:28","date_gmt":"2025-04-24T08:47:28","guid":{"rendered":"https:\/\/podlaskifestiwal.pl\/2025\/?p=12445"},"modified":"2025-04-24T08:47:28","modified_gmt":"2025-04-24T08:47:28","slug":"xxi-podlaski-festiwal-nauki-i-sztuki-w-akademii-lomzynskiej-juz-13-maja","status":"publish","type":"post","link":"https:\/\/podlaskifestiwal.pl\/2025\/xxi-podlaski-festiwal-nauki-i-sztuki-w-akademii-lomzynskiej-juz-13-maja\/","title":{"rendered":"XXI Podlaski Festiwal Nauki i Sztuki w Akademii \u0141om\u017cy\u0144skiej ju\u017c 13 maja"},"content":{"rendered":"<p>Nie lekcewa\u017ccie nigdy zjawisk, kt\u00f3re wydaj\u0105 si\u0119 wam niezwyk\u0142e \u2013 to przes\u0142anie przy\u015bwieca tegorocznej edycji XXI Podlaskiego Festiwalu Nauki i Sztuki, kt\u00f3ry ju\u017c 13 maja zago\u015bci w murach Akademii \u0141om\u017cy\u0144skiej. Pracownie, aule i laboratoria uczelni wype\u0142ni atmosfera pasjonuj\u0105cych odkry\u0107, nowatorskich wynalazk\u00f3w oraz niesko\u0144czonej mocy rozumu i wyobra\u017ani. Nasi naukowcy i popularyzatorzy wiedzy przygotowali ponad sze\u015b\u0107dziesi\u0105t wydarze\u0144, udowadniaj\u0105c, \u017ce nauka i sztuka nie posiadaj\u0105 granic \u2013 wystarczy otworzy\u0107 si\u0119 na to, co niezwyk\u0142e.<\/p>\n<p><strong>Festiwal inaugurujemy 13 maja o godz. 9:00<\/strong> symulacj\u0105 rozprawy z zakresu prawa cywilnego.<br \/>\nSala s\u0105dowa, role procesowe, prawdziwe akta sprawy \u2013 wszystko przygotowane z dba\u0142o\u015bci\u0105 o szczeg\u00f3\u0142y, by uczestnicy mogli poczu\u0107 si\u0119, jak \u015bwiadkowie autentycznego procesu. W rolach g\u0142\u00f3wnych wyst\u0105pi\u0105 studenci prawa, kt\u00f3rzy przenios\u0105 publiczno\u015b\u0107 w \u015bwiat paragraf\u00f3w, argument\u00f3w i decyzji. To fascynuj\u0105ce do\u015bwiadczenie pozwoli zrozumie\u0107, jak dzia\u0142a wymiar sprawiedliwo\u015bci \u2013 i jak cienka bywa granica mi\u0119dzy teori\u0105 a praktyk\u0105. To b\u0119dzie nie tylko lekcja prawa \u2013 to b\u0119dzie lekcja \u017cycia.<br \/>\nA to dopiero pocz\u0105tek.<\/p>\n<p><strong>Przed uczestnikami dzie\u0144 pe\u0142en inspiruj\u0105cych spotka\u0144 \u2013 warsztaty, wyk\u0142ady, interaktywne pokazy i eksperymenty, przygotowane z my\u015bl\u0105 o dzieciach, m\u0142odzie\u017cy i doros\u0142ych. Bez wzgl\u0119du na wiek czy zainteresowania, ka\u017cdy znajdzie co\u015b, co go poruszy, zaciekawi albo zainspiruje.<\/strong><\/p>\n<p>Najm\u0142odszych uczestnik\u00f3w zapraszamy na efektowny pokaz naukowy, pe\u0142en barwnych do\u015bwiadcze\u0144 chemicznych i zaskakuj\u0105cych zjawisk fizycznych. Dzieci poznaj\u0105 r\u00f3\u017cne rodzaje szk\u0142a laboratoryjnego, dowiedz\u0105 si\u0119, jak dzia\u0142aj\u0105 reakcje chemiczne i przekonaj\u0105 si\u0119, \u017ce nauka mo\u017ce by\u0107 zabaw\u0105! W programie r\u00f3wnie\u017c kolorowa lekcja anatomii, gry, zabawy i animacje.<\/p>\n<p>Dla starszych uczestnik\u00f3w przygotowali\u015bmy cykle prelekcji i warsztat\u00f3w \u2013 zar\u00f3wno naukowych, jak i praktycznych. B\u0119dzie mo\u017cna dowiedzie\u0107 si\u0119, jak zadba\u0107 o zdrowie i kondycj\u0119, radzi\u0107 sobie ze stresem, trenowa\u0107 kompetencje komunikacyjne czy rozwija\u0107 umiej\u0119tno\u015bci pozwalaj\u0105ce odnie\u015b\u0107 sukces.<\/p>\n<p>Na wszystkich czeka widowiskowy, plenerowy pokaz bezpiecze\u0144stwa w ruchu drogowym z udzia\u0142em Policji, Stra\u017cy Po\u017carnej i Ratownictwa Medycznego. Zaplanowali\u015bmy r\u00f3wnie\u017c prezentacje s\u0142u\u017cb mundurowych \u2013 Wojska Polskiego oraz S\u0142u\u017cby Wi\u0119ziennej, kt\u00f3re przybli\u017c\u0105 swoj\u0105 codzienn\u0105 prac\u0119, zaprezentuj\u0105 specjalistyczny sprz\u0119t i umundurowanie, a tak\u017ce opowiedz\u0105 o mo\u017cliwo\u015bciach rozwoju zawodowego.<\/p>\n<p>Nie zabraknie te\u017c atrakcji dla pasjonat\u00f3w nauk przyrodniczych \u2013 stanowiska mikroskopowe, warsztaty z termowizji, pokazy, kt\u00f3re \u0142\u0105cz\u0105 precyzj\u0119 nauki z efektowno\u015bci\u0105 widowiska.<\/p>\n<p>A mo\u017ce macie ochot\u0119 sprawdzi\u0107, jak powstaj\u0105 najsmaczniejsze na \u015bwiecie lody? Zapraszamy na warsztaty do naszej Hali technologicznej, gdzie pod okiem specjalist\u00f3w poznacie sekrety ich produkcji \u2013 od receptury po proces ch\u0142odzenia. To nie tylko porcja wiedzy, ale te\u017c okazja, by poczu\u0107, jak nauka dos\u0142ownie\u2026 zamienia si\u0119 w smak!<\/p>\n<p>Zapraszamy do odkrywania naukowego i popularnonaukowego \u015bwiata Akademii \u0141om\u017cy\u0144skiej. Nie lekcewa\u017ccie nigdy zjawisk, kt\u00f3re wydaj\u0105 si\u0119 wam niezwyk\u0142e \u2013 w\u0142a\u015bnie one otwieraj\u0105 drzwi do prawdziwego poznania.<\/p>\n<p><a href=\"https:\/\/podlaskifestiwal.pl\/2025\/program\/lista-imprez\/?data_imprezy=&amp;sciezka_dydaktyczna=&amp;odbiorca_imprezy=wszyscy+zainteresowani&amp;grupa_docelowa=&amp;organizator=135&amp;title=&amp;rodzaj_imprezy=&amp;miasto_imprezy=&amp;dostepnosc_imprezy=\">Pe\u0142ny program wydarze\u0144<\/a><\/p>\n<p>&nbsp;<\/p>\n","protected":false},"excerpt":{"rendered":"<p>Nie lekcewa\u017ccie nigdy zjawisk, kt\u00f3re wydaj\u0105 si\u0119 wam niezwyk\u0142e \u2013 to przes\u0142anie przy\u015bwieca tegorocznej edycji XXI Podlaskiego Festiwalu Nauki i Sztuki, kt\u00f3ry ju\u017c 13 maja zago\u015bci w murach Akademii \u0141om\u017cy\u0144skiej. Pracownie, aule i laboratoria uczelni wype\u0142ni atmosfera pasjonuj\u0105cych odkry\u0107, nowatorskich wynalazk\u00f3w oraz niesko\u0144czonej mocy rozumu i wyobra\u017ani. Nasi naukowcy i popularyzatorzy wiedzy przygotowali ponad sze\u015b\u0107dziesi\u0105t [&hellip;]<\/p>\n","protected":false},"author":170,"featured_media":12446,"comment_status":"closed","ping_status":"closed","sticky":false,"template":"","format":"standard","meta":{"ngg_post_thumbnail":0,"footnotes":""},"categories":[1],"tags":[],"class_list":["post-12445","post","type-post","status-publish","format-standard","has-post-thumbnail","hentry","category-uncategorized"],"yoast_head":"<!-- This site is optimized with the Yoast SEO plugin v27.1.1 - https:\/\/yoast.com\/product\/yoast-seo-wordpress\/ -->\n<title>XXI Podlaski Festiwal Nauki i Sztuki w Akademii \u0141om\u017cy\u0144skiej ju\u017c 13 maja - XX Podlaski Festiwal Nauki i Sztuki 2025<\/title>\n<meta name=\"robots\" content=\"index, follow, max-snippet:-1, max-image-preview:large, max-video-preview:-1\" \/>\n<link rel=\"canonical\" href=\"https:\/\/podlaskifestiwal.pl\/2025\/xxi-podlaski-festiwal-nauki-i-sztuki-w-akademii-lomzynskiej-juz-13-maja\/\" \/>\n<meta property=\"og:locale\" content=\"pl_PL\" \/>\n<meta property=\"og:type\" content=\"article\" \/>\n<meta property=\"og:title\" content=\"XXI Podlaski Festiwal Nauki i Sztuki w Akademii \u0141om\u017cy\u0144skiej ju\u017c 13 maja - XX Podlaski Festiwal Nauki i Sztuki 2025\" \/>\n<meta property=\"og:description\" content=\"Nie lekcewa\u017ccie nigdy zjawisk, kt\u00f3re wydaj\u0105 si\u0119 wam niezwyk\u0142e \u2013 to przes\u0142anie przy\u015bwieca tegorocznej edycji XXI Podlaskiego Festiwalu Nauki i Sztuki, kt\u00f3ry ju\u017c 13 maja zago\u015bci w murach Akademii \u0141om\u017cy\u0144skiej. Pracownie, aule i laboratoria uczelni wype\u0142ni atmosfera pasjonuj\u0105cych odkry\u0107, nowatorskich wynalazk\u00f3w oraz niesko\u0144czonej mocy rozumu i wyobra\u017ani. Nasi naukowcy i popularyzatorzy wiedzy przygotowali ponad sze\u015b\u0107dziesi\u0105t [&hellip;]\" \/>\n<meta property=\"og:url\" content=\"https:\/\/podlaskifestiwal.pl\/2025\/xxi-podlaski-festiwal-nauki-i-sztuki-w-akademii-lomzynskiej-juz-13-maja\/\" \/>\n<meta property=\"og:site_name\" content=\"XX Podlaski Festiwal Nauki i Sztuki 2025\" \/>\n<meta property=\"article:published_time\" content=\"2025-04-24T08:47:28+00:00\" \/>\n<meta property=\"og:image\" content=\"https:\/\/podlaskifestiwal.pl\/2025\/wp-content\/uploads\/sites\/7\/2025\/04\/489090886_1242782947851066_2799518250100917450_n.jpg\" \/>\n\t<meta property=\"og:image:width\" content=\"2048\" \/>\n\t<meta property=\"og:image:height\" content=\"1365\" \/>\n\t<meta property=\"og:image:type\" content=\"image\/jpeg\" \/>\n<meta name=\"author\" content=\"biurokomunikacji\" \/>\n<meta name=\"twitter:card\" content=\"summary_large_image\" \/>\n<meta name=\"twitter:label1\" content=\"Napisane przez\" \/>\n\t<meta name=\"twitter:data1\" content=\"biurokomunikacji\" \/>\n\t<meta name=\"twitter:label2\" content=\"Szacowany czas czytania\" \/>\n\t<meta name=\"twitter:data2\" content=\"3 minuty\" \/>\n<script type=\"application\/ld+json\" class=\"yoast-schema-graph\">{\"@context\":\"https:\/\/schema.org\",\"@graph\":[{\"@type\":\"Article\",\"@id\":\"https:\/\/podlaskifestiwal.pl\/2025\/xxi-podlaski-festiwal-nauki-i-sztuki-w-akademii-lomzynskiej-juz-13-maja\/#article\",\"isPartOf\":{\"@id\":\"https:\/\/podlaskifestiwal.pl\/2025\/xxi-podlaski-festiwal-nauki-i-sztuki-w-akademii-lomzynskiej-juz-13-maja\/\"},\"author\":{\"name\":\"biurokomunikacji\",\"@id\":\"https:\/\/podlaskifestiwal.pl\/2025\/#\/schema\/person\/de752c2731c17671f16b16b77bd283ac\"},\"headline\":\"XXI Podlaski Festiwal Nauki i Sztuki w Akademii \u0141om\u017cy\u0144skiej ju\u017c 13 maja\",\"datePublished\":\"2025-04-24T08:47:28+00:00\",\"mainEntityOfPage\":{\"@id\":\"https:\/\/podlaskifestiwal.pl\/2025\/xxi-podlaski-festiwal-nauki-i-sztuki-w-akademii-lomzynskiej-juz-13-maja\/\"},\"wordCount\":515,\"publisher\":{\"@id\":\"https:\/\/podlaskifestiwal.pl\/2025\/#organization\"},\"image\":{\"@id\":\"https:\/\/podlaskifestiwal.pl\/2025\/xxi-podlaski-festiwal-nauki-i-sztuki-w-akademii-lomzynskiej-juz-13-maja\/#primaryimage\"},\"thumbnailUrl\":\"https:\/\/podlaskifestiwal.pl\/2025\/wp-content\/uploads\/sites\/7\/2025\/04\/489090886_1242782947851066_2799518250100917450_n.jpg\",\"articleSection\":[\"Uncategorized\"],\"inLanguage\":\"pl-PL\"},{\"@type\":\"WebPage\",\"@id\":\"https:\/\/podlaskifestiwal.pl\/2025\/xxi-podlaski-festiwal-nauki-i-sztuki-w-akademii-lomzynskiej-juz-13-maja\/\",\"url\":\"https:\/\/podlaskifestiwal.pl\/2025\/xxi-podlaski-festiwal-nauki-i-sztuki-w-akademii-lomzynskiej-juz-13-maja\/\",\"name\":\"XXI Podlaski Festiwal Nauki i Sztuki w Akademii \u0141om\u017cy\u0144skiej ju\u017c 13 maja - XX Podlaski Festiwal Nauki i Sztuki 2025\",\"isPartOf\":{\"@id\":\"https:\/\/podlaskifestiwal.pl\/2025\/#website\"},\"primaryImageOfPage\":{\"@id\":\"https:\/\/podlaskifestiwal.pl\/2025\/xxi-podlaski-festiwal-nauki-i-sztuki-w-akademii-lomzynskiej-juz-13-maja\/#primaryimage\"},\"image\":{\"@id\":\"https:\/\/podlaskifestiwal.pl\/2025\/xxi-podlaski-festiwal-nauki-i-sztuki-w-akademii-lomzynskiej-juz-13-maja\/#primaryimage\"},\"thumbnailUrl\":\"https:\/\/podlaskifestiwal.pl\/2025\/wp-content\/uploads\/sites\/7\/2025\/04\/489090886_1242782947851066_2799518250100917450_n.jpg\",\"datePublished\":\"2025-04-24T08:47:28+00:00\",\"breadcrumb\":{\"@id\":\"https:\/\/podlaskifestiwal.pl\/2025\/xxi-podlaski-festiwal-nauki-i-sztuki-w-akademii-lomzynskiej-juz-13-maja\/#breadcrumb\"},\"inLanguage\":\"pl-PL\",\"potentialAction\":[{\"@type\":\"ReadAction\",\"target\":[\"https:\/\/podlaskifestiwal.pl\/2025\/xxi-podlaski-festiwal-nauki-i-sztuki-w-akademii-lomzynskiej-juz-13-maja\/\"]}]},{\"@type\":\"ImageObject\",\"inLanguage\":\"pl-PL\",\"@id\":\"https:\/\/podlaskifestiwal.pl\/2025\/xxi-podlaski-festiwal-nauki-i-sztuki-w-akademii-lomzynskiej-juz-13-maja\/#primaryimage\",\"url\":\"https:\/\/podlaskifestiwal.pl\/2025\/wp-content\/uploads\/sites\/7\/2025\/04\/489090886_1242782947851066_2799518250100917450_n.jpg\",\"contentUrl\":\"https:\/\/podlaskifestiwal.pl\/2025\/wp-content\/uploads\/sites\/7\/2025\/04\/489090886_1242782947851066_2799518250100917450_n.jpg\",\"width\":2048,\"height\":1365},{\"@type\":\"BreadcrumbList\",\"@id\":\"https:\/\/podlaskifestiwal.pl\/2025\/xxi-podlaski-festiwal-nauki-i-sztuki-w-akademii-lomzynskiej-juz-13-maja\/#breadcrumb\",\"itemListElement\":[{\"@type\":\"ListItem\",\"position\":1,\"name\":\"Strona g\u0142\u00f3wna\",\"item\":\"https:\/\/podlaskifestiwal.pl\/2025\/\"},{\"@type\":\"ListItem\",\"position\":2,\"name\":\"XXI Podlaski Festiwal Nauki i Sztuki w Akademii \u0141om\u017cy\u0144skiej ju\u017c 13 maja\"}]},{\"@type\":\"WebSite\",\"@id\":\"https:\/\/podlaskifestiwal.pl\/2025\/#website\",\"url\":\"https:\/\/podlaskifestiwal.pl\/2025\/\",\"name\":\"XXI Podlaski Festiwal Nauki i Sztuki\",\"description\":\"XXI Podlaski Festiwal Nauki i Sztuki\",\"publisher\":{\"@id\":\"https:\/\/podlaskifestiwal.pl\/2025\/#organization\"},\"potentialAction\":[{\"@type\":\"SearchAction\",\"target\":{\"@type\":\"EntryPoint\",\"urlTemplate\":\"https:\/\/podlaskifestiwal.pl\/2025\/?s={search_term_string}\"},\"query-input\":{\"@type\":\"PropertyValueSpecification\",\"valueRequired\":true,\"valueName\":\"search_term_string\"}}],\"inLanguage\":\"pl-PL\"},{\"@type\":\"Organization\",\"@id\":\"https:\/\/podlaskifestiwal.pl\/2025\/#organization\",\"name\":\"XXI Podlaski Festiwal Nauki i Sztuki\",\"url\":\"https:\/\/podlaskifestiwal.pl\/2025\/\",\"logo\":{\"@type\":\"ImageObject\",\"inLanguage\":\"pl-PL\",\"@id\":\"https:\/\/podlaskifestiwal.pl\/2025\/#\/schema\/logo\/image\/\",\"url\":\"https:\/\/podlaskifestiwal.pl\/2025\/wp-content\/uploads\/sites\/7\/2025\/04\/Baner-Fleming-1.png\",\"contentUrl\":\"https:\/\/podlaskifestiwal.pl\/2025\/wp-content\/uploads\/sites\/7\/2025\/04\/Baner-Fleming-1.png\",\"width\":2400,\"height\":800,\"caption\":\"XXI Podlaski Festiwal Nauki i Sztuki\"},\"image\":{\"@id\":\"https:\/\/podlaskifestiwal.pl\/2025\/#\/schema\/logo\/image\/\"}},{\"@type\":\"Person\",\"@id\":\"https:\/\/podlaskifestiwal.pl\/2025\/#\/schema\/person\/de752c2731c17671f16b16b77bd283ac\",\"name\":\"biurokomunikacji\",\"url\":\"https:\/\/podlaskifestiwal.pl\/2025\/author\/biurokomunikacji\/\"}]}<\/script>\n<!-- \/ Yoast SEO plugin. -->","yoast_head_json":{"title":"XXI Podlaski Festiwal Nauki i Sztuki w Akademii \u0141om\u017cy\u0144skiej ju\u017c 13 maja - XX Podlaski Festiwal Nauki i Sztuki 2025","robots":{"index":"index","follow":"follow","max-snippet":"max-snippet:-1","max-image-preview":"max-image-preview:large","max-video-preview":"max-video-preview:-1"},"canonical":"https:\/\/podlaskifestiwal.pl\/2025\/xxi-podlaski-festiwal-nauki-i-sztuki-w-akademii-lomzynskiej-juz-13-maja\/","og_locale":"pl_PL","og_type":"article","og_title":"XXI Podlaski Festiwal Nauki i Sztuki w Akademii \u0141om\u017cy\u0144skiej ju\u017c 13 maja - XX Podlaski Festiwal Nauki i Sztuki 2025","og_description":"Nie lekcewa\u017ccie nigdy zjawisk, kt\u00f3re wydaj\u0105 si\u0119 wam niezwyk\u0142e \u2013 to przes\u0142anie przy\u015bwieca tegorocznej edycji XXI Podlaskiego Festiwalu Nauki i Sztuki, kt\u00f3ry ju\u017c 13 maja zago\u015bci w murach Akademii \u0141om\u017cy\u0144skiej. Pracownie, aule i laboratoria uczelni wype\u0142ni atmosfera pasjonuj\u0105cych odkry\u0107, nowatorskich wynalazk\u00f3w oraz niesko\u0144czonej mocy rozumu i wyobra\u017ani. Nasi naukowcy i popularyzatorzy wiedzy przygotowali ponad sze\u015b\u0107dziesi\u0105t [&hellip;]","og_url":"https:\/\/podlaskifestiwal.pl\/2025\/xxi-podlaski-festiwal-nauki-i-sztuki-w-akademii-lomzynskiej-juz-13-maja\/","og_site_name":"XX Podlaski Festiwal Nauki i Sztuki 2025","article_published_time":"2025-04-24T08:47:28+00:00","og_image":[{"width":2048,"height":1365,"url":"https:\/\/podlaskifestiwal.pl\/2025\/wp-content\/uploads\/sites\/7\/2025\/04\/489090886_1242782947851066_2799518250100917450_n.jpg","type":"image\/jpeg"}],"author":"biurokomunikacji","twitter_card":"summary_large_image","twitter_misc":{"Napisane przez":"biurokomunikacji","Szacowany czas czytania":"3 minuty"},"schema":{"@context":"https:\/\/schema.org","@graph":[{"@type":"Article","@id":"https:\/\/podlaskifestiwal.pl\/2025\/xxi-podlaski-festiwal-nauki-i-sztuki-w-akademii-lomzynskiej-juz-13-maja\/#article","isPartOf":{"@id":"https:\/\/podlaskifestiwal.pl\/2025\/xxi-podlaski-festiwal-nauki-i-sztuki-w-akademii-lomzynskiej-juz-13-maja\/"},"author":{"name":"biurokomunikacji","@id":"https:\/\/podlaskifestiwal.pl\/2025\/#\/schema\/person\/de752c2731c17671f16b16b77bd283ac"},"headline":"XXI Podlaski Festiwal Nauki i Sztuki w Akademii \u0141om\u017cy\u0144skiej ju\u017c 13 maja","datePublished":"2025-04-24T08:47:28+00:00","mainEntityOfPage":{"@id":"https:\/\/podlaskifestiwal.pl\/2025\/xxi-podlaski-festiwal-nauki-i-sztuki-w-akademii-lomzynskiej-juz-13-maja\/"},"wordCount":515,"publisher":{"@id":"https:\/\/podlaskifestiwal.pl\/2025\/#organization"},"image":{"@id":"https:\/\/podlaskifestiwal.pl\/2025\/xxi-podlaski-festiwal-nauki-i-sztuki-w-akademii-lomzynskiej-juz-13-maja\/#primaryimage"},"thumbnailUrl":"https:\/\/podlaskifestiwal.pl\/2025\/wp-content\/uploads\/sites\/7\/2025\/04\/489090886_1242782947851066_2799518250100917450_n.jpg","articleSection":["Uncategorized"],"inLanguage":"pl-PL"},{"@type":"WebPage","@id":"https:\/\/podlaskifestiwal.pl\/2025\/xxi-podlaski-festiwal-nauki-i-sztuki-w-akademii-lomzynskiej-juz-13-maja\/","url":"https:\/\/podlaskifestiwal.pl\/2025\/xxi-podlaski-festiwal-nauki-i-sztuki-w-akademii-lomzynskiej-juz-13-maja\/","name":"XXI Podlaski Festiwal Nauki i Sztuki w Akademii \u0141om\u017cy\u0144skiej ju\u017c 13 maja - XX Podlaski Festiwal Nauki i Sztuki 2025","isPartOf":{"@id":"https:\/\/podlaskifestiwal.pl\/2025\/#website"},"primaryImageOfPage":{"@id":"https:\/\/podlaskifestiwal.pl\/2025\/xxi-podlaski-festiwal-nauki-i-sztuki-w-akademii-lomzynskiej-juz-13-maja\/#primaryimage"},"image":{"@id":"https:\/\/podlaskifestiwal.pl\/2025\/xxi-podlaski-festiwal-nauki-i-sztuki-w-akademii-lomzynskiej-juz-13-maja\/#primaryimage"},"thumbnailUrl":"https:\/\/podlaskifestiwal.pl\/2025\/wp-content\/uploads\/sites\/7\/2025\/04\/489090886_1242782947851066_2799518250100917450_n.jpg","datePublished":"2025-04-24T08:47:28+00:00","breadcrumb":{"@id":"https:\/\/podlaskifestiwal.pl\/2025\/xxi-podlaski-festiwal-nauki-i-sztuki-w-akademii-lomzynskiej-juz-13-maja\/#breadcrumb"},"inLanguage":"pl-PL","potentialAction":[{"@type":"ReadAction","target":["https:\/\/podlaskifestiwal.pl\/2025\/xxi-podlaski-festiwal-nauki-i-sztuki-w-akademii-lomzynskiej-juz-13-maja\/"]}]},{"@type":"ImageObject","inLanguage":"pl-PL","@id":"https:\/\/podlaskifestiwal.pl\/2025\/xxi-podlaski-festiwal-nauki-i-sztuki-w-akademii-lomzynskiej-juz-13-maja\/#primaryimage","url":"https:\/\/podlaskifestiwal.pl\/2025\/wp-content\/uploads\/sites\/7\/2025\/04\/489090886_1242782947851066_2799518250100917450_n.jpg","contentUrl":"https:\/\/podlaskifestiwal.pl\/2025\/wp-content\/uploads\/sites\/7\/2025\/04\/489090886_1242782947851066_2799518250100917450_n.jpg","width":2048,"height":1365},{"@type":"BreadcrumbList","@id":"https:\/\/podlaskifestiwal.pl\/2025\/xxi-podlaski-festiwal-nauki-i-sztuki-w-akademii-lomzynskiej-juz-13-maja\/#breadcrumb","itemListElement":[{"@type":"ListItem","position":1,"name":"Strona g\u0142\u00f3wna","item":"https:\/\/podlaskifestiwal.pl\/2025\/"},{"@type":"ListItem","position":2,"name":"XXI Podlaski Festiwal Nauki i Sztuki w Akademii \u0141om\u017cy\u0144skiej ju\u017c 13 maja"}]},{"@type":"WebSite","@id":"https:\/\/podlaskifestiwal.pl\/2025\/#website","url":"https:\/\/podlaskifestiwal.pl\/2025\/","name":"XXI Podlaski Festiwal Nauki i Sztuki","description":"XXI Podlaski Festiwal Nauki i Sztuki","publisher":{"@id":"https:\/\/podlaskifestiwal.pl\/2025\/#organization"},"potentialAction":[{"@type":"SearchAction","target":{"@type":"EntryPoint","urlTemplate":"https:\/\/podlaskifestiwal.pl\/2025\/?s={search_term_string}"},"query-input":{"@type":"PropertyValueSpecification","valueRequired":true,"valueName":"search_term_string"}}],"inLanguage":"pl-PL"},{"@type":"Organization","@id":"https:\/\/podlaskifestiwal.pl\/2025\/#organization","name":"XXI Podlaski Festiwal Nauki i Sztuki","url":"https:\/\/podlaskifestiwal.pl\/2025\/","logo":{"@type":"ImageObject","inLanguage":"pl-PL","@id":"https:\/\/podlaskifestiwal.pl\/2025\/#\/schema\/logo\/image\/","url":"https:\/\/podlaskifestiwal.pl\/2025\/wp-content\/uploads\/sites\/7\/2025\/04\/Baner-Fleming-1.png","contentUrl":"https:\/\/podlaskifestiwal.pl\/2025\/wp-content\/uploads\/sites\/7\/2025\/04\/Baner-Fleming-1.png","width":2400,"height":800,"caption":"XXI Podlaski Festiwal Nauki i Sztuki"},"image":{"@id":"https:\/\/podlaskifestiwal.pl\/2025\/#\/schema\/logo\/image\/"}},{"@type":"Person","@id":"https:\/\/podlaskifestiwal.pl\/2025\/#\/schema\/person\/de752c2731c17671f16b16b77bd283ac","name":"biurokomunikacji","url":"https:\/\/podlaskifestiwal.pl\/2025\/author\/biurokomunikacji\/"}]}},"_links":{"self":[{"href":"https:\/\/podlaskifestiwal.pl\/2025\/wp-json\/wp\/v2\/posts\/12445","targetHints":{"allow":["GET"]}}],"collection":[{"href":"https:\/\/podlaskifestiwal.pl\/2025\/wp-json\/wp\/v2\/posts"}],"about":[{"href":"https:\/\/podlaskifestiwal.pl\/2025\/wp-json\/wp\/v2\/types\/post"}],"author":[{"embeddable":true,"href":"https:\/\/podlaskifestiwal.pl\/2025\/wp-json\/wp\/v2\/users\/170"}],"replies":[{"embeddable":true,"href":"https:\/\/podlaskifestiwal.pl\/2025\/wp-json\/wp\/v2\/comments?post=12445"}],"version-history":[{"count":1,"href":"https:\/\/podlaskifestiwal.pl\/2025\/wp-json\/wp\/v2\/posts\/12445\/revisions"}],"predecessor-version":[{"id":12447,"href":"https:\/\/podlaskifestiwal.pl\/2025\/wp-json\/wp\/v2\/posts\/12445\/revisions\/12447"}],"wp:featuredmedia":[{"embeddable":true,"href":"https:\/\/podlaskifestiwal.pl\/2025\/wp-json\/wp\/v2\/media\/12446"}],"wp:attachment":[{"href":"https:\/\/podlaskifestiwal.pl\/2025\/wp-json\/wp\/v2\/media?parent=12445"}],"wp:term":[{"taxonomy":"category","embeddable":true,"href":"https:\/\/podlaskifestiwal.pl\/2025\/wp-json\/wp\/v2\/categories?post=12445"},{"taxonomy":"post_tag","embeddable":true,"href":"https:\/\/podlaskifestiwal.pl\/2025\/wp-json\/wp\/v2\/tags?post=12445"}],"curies":[{"name":"wp","href":"https:\/\/api.w.org\/{rel}","templated":true}]}}