{"id":12397,"date":"2025-04-18T06:38:26","date_gmt":"2025-04-18T06:38:26","guid":{"rendered":"https:\/\/podlaskifestiwal.pl\/2025\/?p=12397"},"modified":"2025-04-18T06:38:26","modified_gmt":"2025-04-18T06:38:26","slug":"xxi-podlaski-festiwalu-nauki-i-sztuki-14-maja-dzien-uniwersytetu-medycznego-w-bialymstoku","status":"publish","type":"post","link":"https:\/\/podlaskifestiwal.pl\/2025\/xxi-podlaski-festiwalu-nauki-i-sztuki-14-maja-dzien-uniwersytetu-medycznego-w-bialymstoku\/","title":{"rendered":"XXI Podlaski Festiwalu Nauki i Sztuki. 14 maja Dzie\u0144 Uniwersytetu Medycznego w Bia\u0142ymstoku"},"content":{"rendered":"<p><strong>14 maja 2025 serdecznie zapraszamy do udzia\u0142u w wydarzeniach przygotowanych z okazji XXI Podlaskiego Festiwalu Nauki i Sztuki przez Uniwersytet Medyczny w Bia\u0142ymstoku. Tego dnia zapraszamy zar\u00f3wno na Dzie\u0144 UMB, kt\u00f3ry odb\u0119dzie si\u0119 na dziedzi\u0144cu Pa\u0142acu Branickich, czyli w sercu Bia\u0142egostoku oraz do udzia\u0142u w warsztatach i zaj\u0119ciach dla grup i uczestnik\u00f3w indywidualnych, kt\u00f3re na terenie ca\u0142ego kampusu przygotowali nasi pracownicy. <\/strong><\/p>\n<p><strong>Uniwersytet Medyczny w Bia\u0142ymstoku jest koordynatorem g\u0142\u00f3wnym tegorocznej edycji Podlaskiego Festiwalu Nauki i Sztuki.<\/strong><\/p>\n<p><strong>14 maja Dzie\u0144 UMB na dziedzi\u0144cu Pa\u0142acu Branickich<\/strong><\/p>\n<p>14 maja b\u0119dzie dniem pe\u0142nym naukowych atrakcji, warsztat\u00f3w i interaktywnych pokaz\u00f3w, kt\u00f3re udowodni\u0105, \u017ce medycyna, farmacja i zdrowie to nie tylko wiedza, ale te\u017c pasja, ciekawo\u015b\u0107 \u015bwiata i zjawisk,&nbsp; oraz&nbsp; &#8211; a mo\u017ce przede wszystkim &#8211; dobra zabawa. Spotykamy si\u0119 w godzinach 10.00-14.00.<\/p>\n<p>W programie m.in.<\/p>\n<ul>\n<li>Warsztaty szycia chirurgicznego<\/li>\n<li>\u0106wiczenia stomatologiczne i badania mikroskopowe<\/li>\n<li>Chustowanie niemowl\u0105t, masa\u017c, zdrowe od\u017cywianie i pierwsza pomoc<\/li>\n<li>Bezp\u0142atne badania profilaktyczne<\/li>\n<li>Zwiedzanie Muzeum Historii Medycyny i Farmacji UMB \u2013 zajrzyj do dawnej apteki, gabinetu rentgenowskiego czy szpitala polowego<\/li>\n<li>Prezentacja wszystkich kierunk\u00f3w studi\u00f3w UMB i szczeg\u00f3\u0142y zwi\u0105zane z tegoroczn\u0105 rekrutacj\u0105 na studia<\/li>\n<\/ul>\n<p><strong>Rejestracja na wydarzenia specjalne<\/strong><\/p>\n<p>A do tego blisko 30 wydarze\u0144 specjalistycznych, na kt\u00f3re obowi\u0105zuje wcze\u015bniejsza rejestracja. Serdecznie zapraszamy grupy zorganizowane, przedszkola, szko\u0142y, m\u0142odzie\u017c, rodzic\u00f3w z dzie\u0107mi do udzia\u0142u w przygotowanych przez nas atrakcjach.<\/p>\n<p>&nbsp;<\/p>\n<ol>\n<li>Wsp\u00f3\u0142czesna receptura &#8211; prezentacja nowoczesnych urz\u0105dze\u0144 usprawniaj\u0105cych wykonywanie produkt\u00f3w leczniczych &#8211; Zak\u0142ad Farmacji Stosowanej<br \/>\n<a href=\"https:\/\/podlaskifestiwal.pl\/2025\/imprezy\/wspolczesna-receptura-prezentacja-nowoczesnych-urzadzen-usprawniajacych-wykonywanie-produktow-leczniczych-3\/\">https:\/\/podlaskifestiwal.pl\/2025\/imprezy\/wspolczesna-receptura-prezentacja-nowoczesnych-urzadzen-usprawniajacych-wykonywanie-produktow-leczniczych-3\/<\/a><br \/>\n<a href=\"https:\/\/podlaskifestiwal.pl\/2025\/imprezy\/wspolczesna-receptura-prezentacja-nowoczesnych-urzadzen-usprawniajacych-wykonywanie-produktow-leczniczych-2\/\">https:\/\/podlaskifestiwal.pl\/2025\/imprezy\/wspolczesna-receptura-prezentacja-nowoczesnych-urzadzen-usprawniajacych-wykonywanie-produktow-leczniczych-2\/<\/a><\/li>\n<li>Czas to m\u00f3zg &#8211; jak ograniczy\u0107 nast\u0119pstwa udaru? &#8211; Zak\u0142ad Medycyny Klinicznej<br \/>\n<a href=\"https:\/\/podlaskifestiwal.pl\/2025\/imprezy\/czas-to-mozg-jak-ograniczyc-nastepstwa-udaru\/\">https:\/\/podlaskifestiwal.pl\/2025\/imprezy\/czas-to-mozg-jak-ograniczyc-nastepstwa-udaru\/<\/a><\/li>\n<li>Rodzaje RNA i ich rola w kom\u00f3rkach zdrowych i nowotworowych &#8211; Centrum Bada\u0144 Klinicznych UMB, Laboratorium Genomiki i Analiz Epigenetycznych<br \/>\n<a href=\"https:\/\/podlaskifestiwal.pl\/2025\/imprezy\/rodzaje-rna-i-ich-rola-w-komorkach-zdrowych-i-nowotworowych\/\">https:\/\/podlaskifestiwal.pl\/2025\/imprezy\/rodzaje-rna-i-ich-rola-w-komorkach-zdrowych-i-nowotworowych\/<\/a><\/li>\n<li>Jak skutecznie leczy\u0107, aby wyleczy\u0107, czyli jak dzia\u0142aj\u0105 leki? &#8211; Zak\u0142ad Farmakoterapii Monitorowanej<br \/>\n<a href=\"https:\/\/podlaskifestiwal.pl\/2025\/imprezy\/jak-skutecznie-leczyc-aby-wyleczyc-czyli-jak-dzialaja-leki-3\/\">https:\/\/podlaskifestiwal.pl\/2025\/imprezy\/jak-skutecznie-leczyc-aby-wyleczyc-czyli-jak-dzialaja-leki-3\/<\/a><br \/>\n<a href=\"https:\/\/podlaskifestiwal.pl\/2025\/imprezy\/jak-skutecznie-leczyc-aby-wyleczyc-czyli-jak-dzialaja-leki-2\/\">https:\/\/podlaskifestiwal.pl\/2025\/imprezy\/jak-skutecznie-leczyc-aby-wyleczyc-czyli-jak-dzialaja-leki-2\/<\/a><\/li>\n<li>Nie do wiary, co \u017cyje na Twojej sk\u00f3rze &#8211; Zak\u0142ad Higieny, Epidemiologii i Ergonomii<br \/>\n<a href=\"https:\/\/podlaskifestiwal.pl\/2025\/imprezy\/nie-do-wiary-co-zyje-na-twojej-skorze\/\">https:\/\/podlaskifestiwal.pl\/2025\/imprezy\/nie-do-wiary-co-zyje-na-twojej-skorze\/<\/a><\/li>\n<li>\u015alina jako materia\u0142 diagnostyczny &#8211; Zak\u0142ad Higieny, Epidemiologii i Ergonomii<br \/>\n<a href=\"https:\/\/podlaskifestiwal.pl\/2025\/imprezy\/slina-jako-material-diagnostyczny\/\">https:\/\/podlaskifestiwal.pl\/2025\/imprezy\/slina-jako-material-diagnostyczny\/<\/a><\/li>\n<li>Ocena jako\u015bci wody &#8211; Zak\u0142ad Higieny, Epidemiologii i Ergonomii<br \/>\n<a href=\"https:\/\/podlaskifestiwal.pl\/2025\/imprezy\/ocena-jakosci-wody-2\/\">https:\/\/podlaskifestiwal.pl\/2025\/imprezy\/ocena-jakosci-wody-2\/<\/a><\/li>\n<li>Kosmiczny wynalazek u\u017cywany przez ka\u017cdego &#8211; filtry do oczyszczania wody &#8211; Zak\u0142ad Higieny, Epidemiologii i Ergonomii<br \/>\n<a href=\"https:\/\/podlaskifestiwal.pl\/2025\/imprezy\/kosmiczny-wynalazek-uzywany-przez-kazdego-filtry-do-oczyszczania-wody\/\">https:\/\/podlaskifestiwal.pl\/2025\/imprezy\/kosmiczny-wynalazek-uzywany-przez-kazdego-filtry-do-oczyszczania-wody\/<\/a><\/li>\n<li>Iluzja czy nauka? Tajemnice niezwyk\u0142ych zjawisk &#8211; Zak\u0142ad Higieny, Epidemiologii i Ergonomii<br \/>\n<a href=\"https:\/\/podlaskifestiwal.pl\/2025\/imprezy\/iluzja-czy-nauka-tajemnice-niezwyklych-zjawisk\/\">https:\/\/podlaskifestiwal.pl\/2025\/imprezy\/iluzja-czy-nauka-tajemnice-niezwyklych-zjawisk\/<\/a><\/li>\n<li>Pozory myl\u0105 \u2013 nauka pe\u0142na niespodzianek! &#8211; Zak\u0142ad Higieny, Epidemiologii i Ergonomii<br \/>\n<a href=\"https:\/\/podlaskifestiwal.pl\/2025\/imprezy\/pozory-myla-nauka-pelna-niespodzianek\/\">https:\/\/podlaskifestiwal.pl\/2025\/imprezy\/pozory-myla-nauka-pelna-niespodzianek\/<\/a><\/li>\n<li>Ocena ryzyka kardiometabolicznego &#8211; Zak\u0142ad Higieny, Epidemiologii i Ergonomii<br \/>\n<a href=\"https:\/\/podlaskifestiwal.pl\/2025\/imprezy\/ocena-ryzyka-kardiometabolicznego\/\">https:\/\/podlaskifestiwal.pl\/2025\/imprezy\/ocena-ryzyka-kardiometabolicznego\/<\/a><\/li>\n<li>\u017bycie i \u015bmier\u0107 kom\u00f3rek uk\u0142adu odporno\u015bciowego w mikroskopie! &#8211; Zak\u0142ad Immunologii<br \/>\n<a href=\"https:\/\/podlaskifestiwal.pl\/2025\/imprezy\/zycie-i-smierc-komorek-ukladu-odpornosciowego-w-mikroskopie-2\/\">https:\/\/podlaskifestiwal.pl\/2025\/imprezy\/zycie-i-smierc-komorek-ukladu-odpornosciowego-w-mikroskopie-2\/<\/a><\/li>\n<li>Odda\u0142em\/am krew do badania. Jak odbywa si\u0119 jej analiza? \u2013 Zak\u0142ad Laboratoryjnej Diagnostyki Klinicznej; Diagnostyki Biochemicznej; Diagnostyki Hematologicznej<br \/>\n<a href=\"https:\/\/podlaskifestiwal.pl\/2025\/imprezy\/oddalem-am-krew-do-badania-jak-odbywa-sie-jej-analiza-3\/\">https:\/\/podlaskifestiwal.pl\/2025\/imprezy\/oddalem-am-krew-do-badania-jak-odbywa-sie-jej-analiza-3\/<\/a><\/li>\n<li>Badania laboratoryjne ma\u0142ych pacjent\u00f3w &#8211; Zak\u0142ad Laboratoryjnej Diagnostyki Pediatrycznej<br \/>\n<a href=\"https:\/\/podlaskifestiwal.pl\/2025\/imprezy\/badania-laboratoryjne-malych-pacjentow-3\/\">https:\/\/podlaskifestiwal.pl\/2025\/imprezy\/badania-laboratoryjne-malych-pacjentow-3\/<\/a><br \/>\n<a href=\"https:\/\/podlaskifestiwal.pl\/2025\/imprezy\/badania-laboratoryjne-malych-pacjentow-2\/\">https:\/\/podlaskifestiwal.pl\/2025\/imprezy\/badania-laboratoryjne-malych-pacjentow-2\/<\/a><br \/>\n<a href=\"https:\/\/podlaskifestiwal.pl\/2025\/imprezy\/badania-laboratoryjne-malych-pacjentow\/\">https:\/\/podlaskifestiwal.pl\/2025\/imprezy\/badania-laboratoryjne-malych-pacjentow\/<\/a><\/li>\n<li>Por\u00f3wnanie zawarto\u015bci \u017celaza w lekach, suplementach diety i preparatach nieznanego pochodzenia \u2013 problem lek\u00f3w zafa\u0142szowanych &#8211; Zak\u0142ad Analizy i Bioanalizy Lek\u00f3w<br \/>\n<a href=\"https:\/\/podlaskifestiwal.pl\/2025\/imprezy\/porownanie-zawartosci-zelaza-w-lekach-suplementach-diety-i-preparatach-nieznanego-pochodzenia-problem-lekow-zafalszowanych-3\/\">https:\/\/podlaskifestiwal.pl\/2025\/imprezy\/porownanie-zawartosci-zelaza-w-lekach-suplementach-diety-i-preparatach-nieznanego-pochodzenia-problem-lekow-zafalszowanych-3\/<\/a><\/li>\n<li>Kryminalne zagadki Bia\u0142egostoku &#8211; Zak\u0142ad Fizjologii<br \/>\n<a href=\"https:\/\/podlaskifestiwal.pl\/2025\/imprezy\/kryminalne-zagadki-bialegostoku\/\">https:\/\/podlaskifestiwal.pl\/2025\/imprezy\/kryminalne-zagadki-bialegostoku\/<\/a><br \/>\n<a href=\"https:\/\/podlaskifestiwal.pl\/2025\/imprezy\/kryminalne-zagadki-bialegostoku-2\/\">https:\/\/podlaskifestiwal.pl\/2025\/imprezy\/kryminalne-zagadki-bialegostoku-2\/<\/a><\/li>\n<li>Ro\u015blinny lunchbox pod mikroskopem &#8211; Zak\u0142ad Biologii Wydzia\u0142 Farmaceutyczny z Oddzia\u0142em Medycyny Laboratoryjnej<br \/>\n<a href=\"https:\/\/podlaskifestiwal.pl\/2025\/imprezy\/roslinny-lunchbox-pod-mikroskopem\/\">https:\/\/podlaskifestiwal.pl\/2025\/imprezy\/roslinny-lunchbox-pod-mikroskopem\/<\/a><\/li>\n<li>Bank Mleka Kobiecego \u2013 dzielenie si\u0119 pokarmem jako inwestycja w zdrowie przysz\u0142ych pokole\u0144 -Klinika Neonatologii i Intensywnej Terapii Noworodka UMB, Wydzia\u0142 Nauk o Zdrowiu UMB<br \/>\n<a href=\"https:\/\/podlaskifestiwal.pl\/2025\/wp-admin\/post.php?post=11306&amp;action=edit&amp;classic-editor\">https:\/\/podlaskifestiwal.pl\/2025\/wp-admin\/post.php?post=11306&amp;action=edit&amp;classic-editor<\/a><br \/>\n<a href=\"https:\/\/podlaskifestiwal.pl\/2025\/imprezy\/bank-mleka-kobiecego-dzielenie-sie-pokarmem-jako-inwestycja-w-zdrowie-przyszlych-pokolen-4\/\">https:\/\/podlaskifestiwal.pl\/2025\/imprezy\/bank-mleka-kobiecego-dzielenie-sie-pokarmem-jako-inwestycja-w-zdrowie-przyszlych-pokolen-4\/<\/a><br \/>\n<a href=\"https:\/\/podlaskifestiwal.pl\/2025\/imprezy\/bank-mleka-kobiecego-dzielenie-sie-pokarmem-jako-inwestycja-w-zdrowie-przyszlych-pokolen-3\/\">https:\/\/podlaskifestiwal.pl\/2025\/imprezy\/bank-mleka-kobiecego-dzielenie-sie-pokarmem-jako-inwestycja-w-zdrowie-przyszlych-pokolen-3\/<\/a><br \/>\n<a href=\"https:\/\/podlaskifestiwal.pl\/2025\/imprezy\/bank-mleka-kobiecego-dzielenie-sie-pokarmem-jako-inwestycja-w-zdrowie-przyszlych-pokolen\/\">https:\/\/podlaskifestiwal.pl\/2025\/imprezy\/bank-mleka-kobiecego-dzielenie-sie-pokarmem-jako-inwestycja-w-zdrowie-przyszlych-pokolen\/<\/a><\/li>\n<li>Metale szkodliwe w naszym otoczeniu &#8211; Zak\u0142ad Toksykologii<br \/>\n<a href=\"https:\/\/podlaskifestiwal.pl\/2025\/imprezy\/metale-szkodliwe-dla-zdrowia-w-naszym-otoczeniu-2\/\">https:\/\/podlaskifestiwal.pl\/2025\/imprezy\/metale-szkodliwe-dla-zdrowia-w-naszym-otoczeniu-2\/<\/a><\/li>\n<\/ol>\n<p><strong>14 maja w Auli Magna Pa\u0142acu Branickich Uczelnia przygotowuje tak\u017ce specjaln\u0105 debat\u0119 na temat dezinformacji i fake news\u00f3w.<\/strong> Szczeg\u00f3\u0142y wkr\u00f3tce.<\/p>\n<p>Uniwersytet Medyczny w Bia\u0142ymstoku przygotowa\u0142 r\u00f3wnie\u017c <strong>szereg atrakcji, kt\u00f3re b\u0119d\u0105 czeka\u0142y na uczestnik\u00f3w XXI PFNiS podczas Rodzinnego Pikniku na Stadionie Chorten Arena 18 maja 2025.<\/strong><\/p>\n<p>Serdecznie zapraszamy!<\/p>\n<p>Wi\u0119cej informacji o programie XXI Podlaskiego Festiwalu Nauki i Sztuki na stronie <a href=\"http:\/\/podlaskifestiwal.pl\/2025\">podlaskifestiwal.pl\/2025<\/a><\/p>\n<p>&nbsp;<\/p>\n<p>&nbsp;<\/p>\n<p>&nbsp;<\/p>\n","protected":false},"excerpt":{"rendered":"<p>14 maja 2025 serdecznie zapraszamy do udzia\u0142u w wydarzeniach przygotowanych z okazji XXI Podlaskiego Festiwalu Nauki i Sztuki przez Uniwersytet Medyczny w Bia\u0142ymstoku. Tego dnia zapraszamy zar\u00f3wno na Dzie\u0144 UMB, kt\u00f3ry odb\u0119dzie si\u0119 na dziedzi\u0144cu Pa\u0142acu Branickich, czyli w sercu Bia\u0142egostoku oraz do udzia\u0142u w warsztatach i zaj\u0119ciach dla grup i uczestnik\u00f3w indywidualnych, kt\u00f3re na [&hellip;]<\/p>\n","protected":false},"author":170,"featured_media":12398,"comment_status":"closed","ping_status":"closed","sticky":false,"template":"","format":"standard","meta":{"ngg_post_thumbnail":0,"footnotes":""},"categories":[1],"tags":[],"class_list":["post-12397","post","type-post","status-publish","format-standard","has-post-thumbnail","hentry","category-uncategorized"],"yoast_head":"<!-- This site is optimized with the Yoast SEO plugin v27.1.1 - https:\/\/yoast.com\/product\/yoast-seo-wordpress\/ -->\n<title>XXI Podlaski Festiwalu Nauki i Sztuki. 14 maja Dzie\u0144 Uniwersytetu Medycznego w Bia\u0142ymstoku - XX Podlaski Festiwal Nauki i Sztuki 2025<\/title>\n<meta name=\"robots\" content=\"index, follow, max-snippet:-1, max-image-preview:large, max-video-preview:-1\" \/>\n<link rel=\"canonical\" href=\"https:\/\/podlaskifestiwal.pl\/2025\/xxi-podlaski-festiwalu-nauki-i-sztuki-14-maja-dzien-uniwersytetu-medycznego-w-bialymstoku\/\" \/>\n<meta property=\"og:locale\" content=\"pl_PL\" \/>\n<meta property=\"og:type\" content=\"article\" \/>\n<meta property=\"og:title\" content=\"XXI Podlaski Festiwalu Nauki i Sztuki. 14 maja Dzie\u0144 Uniwersytetu Medycznego w Bia\u0142ymstoku - XX Podlaski Festiwal Nauki i Sztuki 2025\" \/>\n<meta property=\"og:description\" content=\"14 maja 2025 serdecznie zapraszamy do udzia\u0142u w wydarzeniach przygotowanych z okazji XXI Podlaskiego Festiwalu Nauki i Sztuki przez Uniwersytet Medyczny w Bia\u0142ymstoku. Tego dnia zapraszamy zar\u00f3wno na Dzie\u0144 UMB, kt\u00f3ry odb\u0119dzie si\u0119 na dziedzi\u0144cu Pa\u0142acu Branickich, czyli w sercu Bia\u0142egostoku oraz do udzia\u0142u w warsztatach i zaj\u0119ciach dla grup i uczestnik\u00f3w indywidualnych, kt\u00f3re na [&hellip;]\" \/>\n<meta property=\"og:url\" content=\"https:\/\/podlaskifestiwal.pl\/2025\/xxi-podlaski-festiwalu-nauki-i-sztuki-14-maja-dzien-uniwersytetu-medycznego-w-bialymstoku\/\" \/>\n<meta property=\"og:site_name\" content=\"XX Podlaski Festiwal Nauki i Sztuki 2025\" \/>\n<meta property=\"article:published_time\" content=\"2025-04-18T06:38:26+00:00\" \/>\n<meta property=\"og:image\" content=\"https:\/\/podlaskifestiwal.pl\/2025\/wp-content\/uploads\/sites\/7\/2025\/04\/DSCF4567.jpg\" \/>\n\t<meta property=\"og:image:width\" content=\"2048\" \/>\n\t<meta property=\"og:image:height\" content=\"1365\" \/>\n\t<meta property=\"og:image:type\" content=\"image\/jpeg\" \/>\n<meta name=\"author\" content=\"biurokomunikacji\" \/>\n<meta name=\"twitter:card\" content=\"summary_large_image\" \/>\n<meta name=\"twitter:label1\" content=\"Napisane przez\" \/>\n\t<meta name=\"twitter:data1\" content=\"biurokomunikacji\" \/>\n\t<meta name=\"twitter:label2\" content=\"Szacowany czas czytania\" \/>\n\t<meta name=\"twitter:data2\" content=\"4 minuty\" \/>\n<script type=\"application\/ld+json\" class=\"yoast-schema-graph\">{\"@context\":\"https:\/\/schema.org\",\"@graph\":[{\"@type\":\"Article\",\"@id\":\"https:\/\/podlaskifestiwal.pl\/2025\/xxi-podlaski-festiwalu-nauki-i-sztuki-14-maja-dzien-uniwersytetu-medycznego-w-bialymstoku\/#article\",\"isPartOf\":{\"@id\":\"https:\/\/podlaskifestiwal.pl\/2025\/xxi-podlaski-festiwalu-nauki-i-sztuki-14-maja-dzien-uniwersytetu-medycznego-w-bialymstoku\/\"},\"author\":{\"name\":\"biurokomunikacji\",\"@id\":\"https:\/\/podlaskifestiwal.pl\/2025\/#\/schema\/person\/de752c2731c17671f16b16b77bd283ac\"},\"headline\":\"XXI Podlaski Festiwalu Nauki i Sztuki. 14 maja Dzie\u0144 Uniwersytetu Medycznego w Bia\u0142ymstoku\",\"datePublished\":\"2025-04-18T06:38:26+00:00\",\"mainEntityOfPage\":{\"@id\":\"https:\/\/podlaskifestiwal.pl\/2025\/xxi-podlaski-festiwalu-nauki-i-sztuki-14-maja-dzien-uniwersytetu-medycznego-w-bialymstoku\/\"},\"wordCount\":770,\"publisher\":{\"@id\":\"https:\/\/podlaskifestiwal.pl\/2025\/#organization\"},\"image\":{\"@id\":\"https:\/\/podlaskifestiwal.pl\/2025\/xxi-podlaski-festiwalu-nauki-i-sztuki-14-maja-dzien-uniwersytetu-medycznego-w-bialymstoku\/#primaryimage\"},\"thumbnailUrl\":\"https:\/\/podlaskifestiwal.pl\/2025\/wp-content\/uploads\/sites\/7\/2025\/04\/DSCF4567.jpg\",\"articleSection\":[\"Uncategorized\"],\"inLanguage\":\"pl-PL\"},{\"@type\":\"WebPage\",\"@id\":\"https:\/\/podlaskifestiwal.pl\/2025\/xxi-podlaski-festiwalu-nauki-i-sztuki-14-maja-dzien-uniwersytetu-medycznego-w-bialymstoku\/\",\"url\":\"https:\/\/podlaskifestiwal.pl\/2025\/xxi-podlaski-festiwalu-nauki-i-sztuki-14-maja-dzien-uniwersytetu-medycznego-w-bialymstoku\/\",\"name\":\"XXI Podlaski Festiwalu Nauki i Sztuki. 14 maja Dzie\u0144 Uniwersytetu Medycznego w Bia\u0142ymstoku - XX Podlaski Festiwal Nauki i Sztuki 2025\",\"isPartOf\":{\"@id\":\"https:\/\/podlaskifestiwal.pl\/2025\/#website\"},\"primaryImageOfPage\":{\"@id\":\"https:\/\/podlaskifestiwal.pl\/2025\/xxi-podlaski-festiwalu-nauki-i-sztuki-14-maja-dzien-uniwersytetu-medycznego-w-bialymstoku\/#primaryimage\"},\"image\":{\"@id\":\"https:\/\/podlaskifestiwal.pl\/2025\/xxi-podlaski-festiwalu-nauki-i-sztuki-14-maja-dzien-uniwersytetu-medycznego-w-bialymstoku\/#primaryimage\"},\"thumbnailUrl\":\"https:\/\/podlaskifestiwal.pl\/2025\/wp-content\/uploads\/sites\/7\/2025\/04\/DSCF4567.jpg\",\"datePublished\":\"2025-04-18T06:38:26+00:00\",\"breadcrumb\":{\"@id\":\"https:\/\/podlaskifestiwal.pl\/2025\/xxi-podlaski-festiwalu-nauki-i-sztuki-14-maja-dzien-uniwersytetu-medycznego-w-bialymstoku\/#breadcrumb\"},\"inLanguage\":\"pl-PL\",\"potentialAction\":[{\"@type\":\"ReadAction\",\"target\":[\"https:\/\/podlaskifestiwal.pl\/2025\/xxi-podlaski-festiwalu-nauki-i-sztuki-14-maja-dzien-uniwersytetu-medycznego-w-bialymstoku\/\"]}]},{\"@type\":\"ImageObject\",\"inLanguage\":\"pl-PL\",\"@id\":\"https:\/\/podlaskifestiwal.pl\/2025\/xxi-podlaski-festiwalu-nauki-i-sztuki-14-maja-dzien-uniwersytetu-medycznego-w-bialymstoku\/#primaryimage\",\"url\":\"https:\/\/podlaskifestiwal.pl\/2025\/wp-content\/uploads\/sites\/7\/2025\/04\/DSCF4567.jpg\",\"contentUrl\":\"https:\/\/podlaskifestiwal.pl\/2025\/wp-content\/uploads\/sites\/7\/2025\/04\/DSCF4567.jpg\",\"width\":2048,\"height\":1365},{\"@type\":\"BreadcrumbList\",\"@id\":\"https:\/\/podlaskifestiwal.pl\/2025\/xxi-podlaski-festiwalu-nauki-i-sztuki-14-maja-dzien-uniwersytetu-medycznego-w-bialymstoku\/#breadcrumb\",\"itemListElement\":[{\"@type\":\"ListItem\",\"position\":1,\"name\":\"Strona g\u0142\u00f3wna\",\"item\":\"https:\/\/podlaskifestiwal.pl\/2025\/\"},{\"@type\":\"ListItem\",\"position\":2,\"name\":\"XXI Podlaski Festiwalu Nauki i Sztuki. 14 maja Dzie\u0144 Uniwersytetu Medycznego w Bia\u0142ymstoku\"}]},{\"@type\":\"WebSite\",\"@id\":\"https:\/\/podlaskifestiwal.pl\/2025\/#website\",\"url\":\"https:\/\/podlaskifestiwal.pl\/2025\/\",\"name\":\"XXI Podlaski Festiwal Nauki i Sztuki\",\"description\":\"XXI Podlaski Festiwal Nauki i Sztuki\",\"publisher\":{\"@id\":\"https:\/\/podlaskifestiwal.pl\/2025\/#organization\"},\"potentialAction\":[{\"@type\":\"SearchAction\",\"target\":{\"@type\":\"EntryPoint\",\"urlTemplate\":\"https:\/\/podlaskifestiwal.pl\/2025\/?s={search_term_string}\"},\"query-input\":{\"@type\":\"PropertyValueSpecification\",\"valueRequired\":true,\"valueName\":\"search_term_string\"}}],\"inLanguage\":\"pl-PL\"},{\"@type\":\"Organization\",\"@id\":\"https:\/\/podlaskifestiwal.pl\/2025\/#organization\",\"name\":\"XXI Podlaski Festiwal Nauki i Sztuki\",\"url\":\"https:\/\/podlaskifestiwal.pl\/2025\/\",\"logo\":{\"@type\":\"ImageObject\",\"inLanguage\":\"pl-PL\",\"@id\":\"https:\/\/podlaskifestiwal.pl\/2025\/#\/schema\/logo\/image\/\",\"url\":\"https:\/\/podlaskifestiwal.pl\/2025\/wp-content\/uploads\/sites\/7\/2025\/04\/Baner-Fleming-1.png\",\"contentUrl\":\"https:\/\/podlaskifestiwal.pl\/2025\/wp-content\/uploads\/sites\/7\/2025\/04\/Baner-Fleming-1.png\",\"width\":2400,\"height\":800,\"caption\":\"XXI Podlaski Festiwal Nauki i Sztuki\"},\"image\":{\"@id\":\"https:\/\/podlaskifestiwal.pl\/2025\/#\/schema\/logo\/image\/\"}},{\"@type\":\"Person\",\"@id\":\"https:\/\/podlaskifestiwal.pl\/2025\/#\/schema\/person\/de752c2731c17671f16b16b77bd283ac\",\"name\":\"biurokomunikacji\",\"url\":\"https:\/\/podlaskifestiwal.pl\/2025\/author\/biurokomunikacji\/\"}]}<\/script>\n<!-- \/ Yoast SEO plugin. -->","yoast_head_json":{"title":"XXI Podlaski Festiwalu Nauki i Sztuki. 14 maja Dzie\u0144 Uniwersytetu Medycznego w Bia\u0142ymstoku - XX Podlaski Festiwal Nauki i Sztuki 2025","robots":{"index":"index","follow":"follow","max-snippet":"max-snippet:-1","max-image-preview":"max-image-preview:large","max-video-preview":"max-video-preview:-1"},"canonical":"https:\/\/podlaskifestiwal.pl\/2025\/xxi-podlaski-festiwalu-nauki-i-sztuki-14-maja-dzien-uniwersytetu-medycznego-w-bialymstoku\/","og_locale":"pl_PL","og_type":"article","og_title":"XXI Podlaski Festiwalu Nauki i Sztuki. 14 maja Dzie\u0144 Uniwersytetu Medycznego w Bia\u0142ymstoku - XX Podlaski Festiwal Nauki i Sztuki 2025","og_description":"14 maja 2025 serdecznie zapraszamy do udzia\u0142u w wydarzeniach przygotowanych z okazji XXI Podlaskiego Festiwalu Nauki i Sztuki przez Uniwersytet Medyczny w Bia\u0142ymstoku. Tego dnia zapraszamy zar\u00f3wno na Dzie\u0144 UMB, kt\u00f3ry odb\u0119dzie si\u0119 na dziedzi\u0144cu Pa\u0142acu Branickich, czyli w sercu Bia\u0142egostoku oraz do udzia\u0142u w warsztatach i zaj\u0119ciach dla grup i uczestnik\u00f3w indywidualnych, kt\u00f3re na [&hellip;]","og_url":"https:\/\/podlaskifestiwal.pl\/2025\/xxi-podlaski-festiwalu-nauki-i-sztuki-14-maja-dzien-uniwersytetu-medycznego-w-bialymstoku\/","og_site_name":"XX Podlaski Festiwal Nauki i Sztuki 2025","article_published_time":"2025-04-18T06:38:26+00:00","og_image":[{"width":2048,"height":1365,"url":"https:\/\/podlaskifestiwal.pl\/2025\/wp-content\/uploads\/sites\/7\/2025\/04\/DSCF4567.jpg","type":"image\/jpeg"}],"author":"biurokomunikacji","twitter_card":"summary_large_image","twitter_misc":{"Napisane przez":"biurokomunikacji","Szacowany czas czytania":"4 minuty"},"schema":{"@context":"https:\/\/schema.org","@graph":[{"@type":"Article","@id":"https:\/\/podlaskifestiwal.pl\/2025\/xxi-podlaski-festiwalu-nauki-i-sztuki-14-maja-dzien-uniwersytetu-medycznego-w-bialymstoku\/#article","isPartOf":{"@id":"https:\/\/podlaskifestiwal.pl\/2025\/xxi-podlaski-festiwalu-nauki-i-sztuki-14-maja-dzien-uniwersytetu-medycznego-w-bialymstoku\/"},"author":{"name":"biurokomunikacji","@id":"https:\/\/podlaskifestiwal.pl\/2025\/#\/schema\/person\/de752c2731c17671f16b16b77bd283ac"},"headline":"XXI Podlaski Festiwalu Nauki i Sztuki. 14 maja Dzie\u0144 Uniwersytetu Medycznego w Bia\u0142ymstoku","datePublished":"2025-04-18T06:38:26+00:00","mainEntityOfPage":{"@id":"https:\/\/podlaskifestiwal.pl\/2025\/xxi-podlaski-festiwalu-nauki-i-sztuki-14-maja-dzien-uniwersytetu-medycznego-w-bialymstoku\/"},"wordCount":770,"publisher":{"@id":"https:\/\/podlaskifestiwal.pl\/2025\/#organization"},"image":{"@id":"https:\/\/podlaskifestiwal.pl\/2025\/xxi-podlaski-festiwalu-nauki-i-sztuki-14-maja-dzien-uniwersytetu-medycznego-w-bialymstoku\/#primaryimage"},"thumbnailUrl":"https:\/\/podlaskifestiwal.pl\/2025\/wp-content\/uploads\/sites\/7\/2025\/04\/DSCF4567.jpg","articleSection":["Uncategorized"],"inLanguage":"pl-PL"},{"@type":"WebPage","@id":"https:\/\/podlaskifestiwal.pl\/2025\/xxi-podlaski-festiwalu-nauki-i-sztuki-14-maja-dzien-uniwersytetu-medycznego-w-bialymstoku\/","url":"https:\/\/podlaskifestiwal.pl\/2025\/xxi-podlaski-festiwalu-nauki-i-sztuki-14-maja-dzien-uniwersytetu-medycznego-w-bialymstoku\/","name":"XXI Podlaski Festiwalu Nauki i Sztuki. 14 maja Dzie\u0144 Uniwersytetu Medycznego w Bia\u0142ymstoku - XX Podlaski Festiwal Nauki i Sztuki 2025","isPartOf":{"@id":"https:\/\/podlaskifestiwal.pl\/2025\/#website"},"primaryImageOfPage":{"@id":"https:\/\/podlaskifestiwal.pl\/2025\/xxi-podlaski-festiwalu-nauki-i-sztuki-14-maja-dzien-uniwersytetu-medycznego-w-bialymstoku\/#primaryimage"},"image":{"@id":"https:\/\/podlaskifestiwal.pl\/2025\/xxi-podlaski-festiwalu-nauki-i-sztuki-14-maja-dzien-uniwersytetu-medycznego-w-bialymstoku\/#primaryimage"},"thumbnailUrl":"https:\/\/podlaskifestiwal.pl\/2025\/wp-content\/uploads\/sites\/7\/2025\/04\/DSCF4567.jpg","datePublished":"2025-04-18T06:38:26+00:00","breadcrumb":{"@id":"https:\/\/podlaskifestiwal.pl\/2025\/xxi-podlaski-festiwalu-nauki-i-sztuki-14-maja-dzien-uniwersytetu-medycznego-w-bialymstoku\/#breadcrumb"},"inLanguage":"pl-PL","potentialAction":[{"@type":"ReadAction","target":["https:\/\/podlaskifestiwal.pl\/2025\/xxi-podlaski-festiwalu-nauki-i-sztuki-14-maja-dzien-uniwersytetu-medycznego-w-bialymstoku\/"]}]},{"@type":"ImageObject","inLanguage":"pl-PL","@id":"https:\/\/podlaskifestiwal.pl\/2025\/xxi-podlaski-festiwalu-nauki-i-sztuki-14-maja-dzien-uniwersytetu-medycznego-w-bialymstoku\/#primaryimage","url":"https:\/\/podlaskifestiwal.pl\/2025\/wp-content\/uploads\/sites\/7\/2025\/04\/DSCF4567.jpg","contentUrl":"https:\/\/podlaskifestiwal.pl\/2025\/wp-content\/uploads\/sites\/7\/2025\/04\/DSCF4567.jpg","width":2048,"height":1365},{"@type":"BreadcrumbList","@id":"https:\/\/podlaskifestiwal.pl\/2025\/xxi-podlaski-festiwalu-nauki-i-sztuki-14-maja-dzien-uniwersytetu-medycznego-w-bialymstoku\/#breadcrumb","itemListElement":[{"@type":"ListItem","position":1,"name":"Strona g\u0142\u00f3wna","item":"https:\/\/podlaskifestiwal.pl\/2025\/"},{"@type":"ListItem","position":2,"name":"XXI Podlaski Festiwalu Nauki i Sztuki. 14 maja Dzie\u0144 Uniwersytetu Medycznego w Bia\u0142ymstoku"}]},{"@type":"WebSite","@id":"https:\/\/podlaskifestiwal.pl\/2025\/#website","url":"https:\/\/podlaskifestiwal.pl\/2025\/","name":"XXI Podlaski Festiwal Nauki i Sztuki","description":"XXI Podlaski Festiwal Nauki i Sztuki","publisher":{"@id":"https:\/\/podlaskifestiwal.pl\/2025\/#organization"},"potentialAction":[{"@type":"SearchAction","target":{"@type":"EntryPoint","urlTemplate":"https:\/\/podlaskifestiwal.pl\/2025\/?s={search_term_string}"},"query-input":{"@type":"PropertyValueSpecification","valueRequired":true,"valueName":"search_term_string"}}],"inLanguage":"pl-PL"},{"@type":"Organization","@id":"https:\/\/podlaskifestiwal.pl\/2025\/#organization","name":"XXI Podlaski Festiwal Nauki i Sztuki","url":"https:\/\/podlaskifestiwal.pl\/2025\/","logo":{"@type":"ImageObject","inLanguage":"pl-PL","@id":"https:\/\/podlaskifestiwal.pl\/2025\/#\/schema\/logo\/image\/","url":"https:\/\/podlaskifestiwal.pl\/2025\/wp-content\/uploads\/sites\/7\/2025\/04\/Baner-Fleming-1.png","contentUrl":"https:\/\/podlaskifestiwal.pl\/2025\/wp-content\/uploads\/sites\/7\/2025\/04\/Baner-Fleming-1.png","width":2400,"height":800,"caption":"XXI Podlaski Festiwal Nauki i Sztuki"},"image":{"@id":"https:\/\/podlaskifestiwal.pl\/2025\/#\/schema\/logo\/image\/"}},{"@type":"Person","@id":"https:\/\/podlaskifestiwal.pl\/2025\/#\/schema\/person\/de752c2731c17671f16b16b77bd283ac","name":"biurokomunikacji","url":"https:\/\/podlaskifestiwal.pl\/2025\/author\/biurokomunikacji\/"}]}},"_links":{"self":[{"href":"https:\/\/podlaskifestiwal.pl\/2025\/wp-json\/wp\/v2\/posts\/12397","targetHints":{"allow":["GET"]}}],"collection":[{"href":"https:\/\/podlaskifestiwal.pl\/2025\/wp-json\/wp\/v2\/posts"}],"about":[{"href":"https:\/\/podlaskifestiwal.pl\/2025\/wp-json\/wp\/v2\/types\/post"}],"author":[{"embeddable":true,"href":"https:\/\/podlaskifestiwal.pl\/2025\/wp-json\/wp\/v2\/users\/170"}],"replies":[{"embeddable":true,"href":"https:\/\/podlaskifestiwal.pl\/2025\/wp-json\/wp\/v2\/comments?post=12397"}],"version-history":[{"count":2,"href":"https:\/\/podlaskifestiwal.pl\/2025\/wp-json\/wp\/v2\/posts\/12397\/revisions"}],"predecessor-version":[{"id":12400,"href":"https:\/\/podlaskifestiwal.pl\/2025\/wp-json\/wp\/v2\/posts\/12397\/revisions\/12400"}],"wp:featuredmedia":[{"embeddable":true,"href":"https:\/\/podlaskifestiwal.pl\/2025\/wp-json\/wp\/v2\/media\/12398"}],"wp:attachment":[{"href":"https:\/\/podlaskifestiwal.pl\/2025\/wp-json\/wp\/v2\/media?parent=12397"}],"wp:term":[{"taxonomy":"category","embeddable":true,"href":"https:\/\/podlaskifestiwal.pl\/2025\/wp-json\/wp\/v2\/categories?post=12397"},{"taxonomy":"post_tag","embeddable":true,"href":"https:\/\/podlaskifestiwal.pl\/2025\/wp-json\/wp\/v2\/tags?post=12397"}],"curies":[{"name":"wp","href":"https:\/\/api.w.org\/{rel}","templated":true}]}}