{"id":12378,"date":"2025-04-17T09:13:57","date_gmt":"2025-04-17T09:13:57","guid":{"rendered":"https:\/\/podlaskifestiwal.pl\/2025\/?p=12378"},"modified":"2025-04-17T11:39:12","modified_gmt":"2025-04-17T11:39:12","slug":"alexander-fleming-i-penicylina-przypadek-ktory-zmienil-medycyne-i-uratowal-miliony-ludzkich-istnien","status":"publish","type":"post","link":"https:\/\/podlaskifestiwal.pl\/2025\/alexander-fleming-i-penicylina-przypadek-ktory-zmienil-medycyne-i-uratowal-miliony-ludzkich-istnien\/","title":{"rendered":"Alexander Fleming i penicylina \u2013 przypadek, kt\u00f3ry zmieni\u0142 medycyn\u0119 i uratowa\u0142 miliony ludzkich istnie\u0144"},"content":{"rendered":"<p><strong>28 wrze\u015bnia 1928 roku wybitny szkocki bakteriolog Alexander Fleming nie planowa\u0142 rewolucji. A jednak tego dnia po powrocie z wakacji odkry\u0142 co\u015b, co na zawsze zmieni\u0142o histori\u0119 medycy i \u2026 ludzko\u015bci.<\/strong><\/p>\n<p>Zanim wyjecha\u0142, pracowa\u0142 nad szczepami gronkowca z\u0142ocistego i pozostawi\u0142 kilka p\u0142ytek z hodowlami bakterii w rogu laboratorium. Po powrocie zauwa\u017cy\u0142 co\u015b niecodziennego \u2013 na jednej z p\u0142ytek rozwin\u0119\u0142a si\u0119 niebieskawa ple\u015b\u0144, wok\u00f3\u0142 kt\u00f3rej gronkowce przesta\u0142y rosn\u0105\u0107. Zamiast j\u0105 wyrzuci\u0107, jak zrobi\u0142by pewnie ka\u017cdy inny, naukowiec przyjrza\u0142 si\u0119 jej uwa\u017cnie.<\/p>\n<p>Okaza\u0142o si\u0119, \u017ce to rodzaj p\u0119dzlaka (Penicillium). Fleming wyhodowa\u0142 j\u0105 w czystej kulturze i szybko potwierdzi\u0142 jej silne dzia\u0142anie bakteriob\u00f3jcze \u2013 nie tylko wobec gronkowc\u00f3w, ale te\u017c wobec innych gro\u017anych patogen\u00f3w, jak te wywo\u0142uj\u0105ce dur brzuszny, zapalenie p\u0142uc czy zapalenie opon m\u00f3zgowo-rdzeniowych.<\/p>\n<p>W ten spos\u00f3b narodzi\u0142a si\u0119 penicylina \u2013 pierwszy skuteczny antybiotyk. Odkrycie, kt\u00f3re zapocz\u0105tkowa\u0142o now\u0105 er\u0119 w medycynie i uratowa\u0142o niezliczon\u0105 liczb\u0119 ludzkich istnie\u0144.<\/p>\n<p><strong>Wynalazek, kt\u00f3ry zmieni\u0142 losy ludzko\u015bci<\/strong><\/p>\n<p>Odkrycie penicyliny by\u0142o jak otwarcie drzwi do zupe\u0142nie nowej ery w leczeniu chor\u00f3b zaka\u017anych. Wcze\u015bniej zapalenie p\u0142uc, gru\u017alica czy sepsa, bardzo cz\u0119sto by\u0142y wyrokiem \u015bmierci. Dzi\u0119ki penicylinie po raz pierwszy medycyna mog\u0142a skutecznie leczy\u0107 te choroby.<\/p>\n<p>W czasie II wojny \u015bwiatowej penicylina ocali\u0142a setki tysi\u0119cy \u017co\u0142nierzy. Wkr\u00f3tce powsta\u0142y kolejne antybiotyki i \u015bwiat zacz\u0105\u0142 wierzy\u0107, \u017ce era chor\u00f3b zaka\u017anych dobiega ko\u0144ca.<\/p>\n<p><strong>Fleming ostrzega\u0142. Mia\u0142 racj\u0119<\/strong><\/p>\n<p>W 1945 roku Alexander Fleming otrzyma\u0142 Nagrod\u0119 Nobla. Ju\u017c wtedy, podczas wr\u0119czenia najwa\u017cniejszej nagrody w \u015bwiecie nauki ostrzega\u0142, \u017ce je\u015bli antybiotyki b\u0119d\u0105 stosowane niew\u0142a\u015bciwie, bakterie si\u0119 uodporni\u0105. Przewidywa\u0142, \u017ce je\u015bli penicylina stanie si\u0119 dost\u0119pna bez recepty, istnieje niebezpiecze\u0144stwo, \u017ce ludzie b\u0119d\u0105 j\u0105 przyjmowa\u0107 w niew\u0142a\u015bciwy spos\u00f3b, co doprowadzi do powstania opornych szczep\u00f3w bakterii. Dzi\u015b, 80 lat po Noblu i 70 lat po jego \u015bmierci, te s\u0142owa s\u0105 bole\u015bnie aktualne.<\/p>\n<p>W 2025 roku mierzymy si\u0119 z globalnym problemem: antybiotyki faktycznie przestaj\u0105 dzia\u0142a\u0107. Bakterie staj\u0105 si\u0119 odporne, a skuteczno\u015b\u0107 leczenia maleje. <strong>Antybiotykooporno\u015b\u0107 sta\u0142a si\u0119 cichym kryzysem naszych czas\u00f3w, o kt\u00f3rym chcemy jednak m\u00f3wi\u0107 g\u0142o\u015bno podczas XXI Podlaskiego Festiwalu Nauki i Sztuki.<\/strong><\/p>\n<p><strong>XXI Festiwal Nauki i Sztuki \u2013 nauka, sztuka i debaty<\/strong><\/p>\n<p>W dniach 9 &#8211; 18 maja, podczas XXI Podlaskiego Festiwalu Nauki i Sztuki chcemy upami\u0119tni\u0107 80. rocznic\u0119 przyznania Alexandrowi Flemingowi Nagrody Nobla za wynalezienie penicyliny i 70. rocznic\u0119 jego \u015bmierci. Tegoroczna, XXI edycja Podlaskiego Festiwalu Nauki i Sztuki odbywa si\u0119 pod has\u0142em s\u0142\u00f3w Alexandra Fleminga: \u201eNie lekcewa\u017ccie nigdy zjawisk, kt\u00f3re wydaj\u0105 wam si\u0119 niezwyk\u0142e\u201d.<br \/>\nTo nie tylko ho\u0142d dla jego prze\u0142omowego odkrycia \u2013 to tak\u017ce sygna\u0142 ostrzegawczy. Podczas festiwalu chcemy m\u00f3wi\u0107 nie tylko o historii penicyliny, ale r\u00f3wnie\u017c o \u015bwiadomym i odpowiedzialnym stosowaniu antybiotyk\u00f3w, edukowa\u0107, jak je przyjmowa\u0107 i kiedy s\u0105 naprawd\u0119 potrzebne.<\/p>\n<p>\u2013 Wiemy, ile istnie\u0144 zosta\u0142o uratowanych dzi\u0119ki antybiotykom, ale dzi\u015b musimy m\u00f3wi\u0107 o ich nadu\u017cywaniu i o problemie antybiotykooporno\u015bci. Chcemy tak\u017ce zwr\u00f3ci\u0107 uwag\u0119 na choroby zaka\u017ane i sposoby ich leczenia \u2013 podkre\u015bla\u0142a prof. Anna Moniuszko-Malinowska, g\u0142\u00f3wna koordynatorka festiwalu z Uniwersytetu Medycznego w Bia\u0142ymstoku.<\/p>\n<p>Zapraszamy do udzia\u0142u w wydarzeniach przygotowanych przez uczelnie z regionu i Epi-Centrum przy Bia\u0142ostockim Parku Naukowo-Technologicznym \u2013 bo zjawiska niezwyk\u0142e zmieniaj\u0105 \u015bwiat tylko wtedy, gdy je zauwa\u017cymy.<\/p>\n<p>Pe\u0142ny program wydarze\u0144 oraz rejestracja na warsztaty i zaj\u0119cia dost\u0119pne na <a href=\"https:\/\/podlaskifestiwal.pl\/2025\/program\/\">Program | XXI Podlaski Festiwal Nauki i Sztuki<\/a><\/p>\n<p><strong>Udzia\u0142 we wszystkich festiwalowych wydarzeniach jest bezp\u0142atny.<\/strong><\/p>\n<p>XXI Podlaski Festiwal Nauki i Sztuki otrzyma\u0142 dofinansowanie ze \u015brodk\u00f3w bud\u017cetu pa\u0144stwa przyznanych przez Ministerstwo Nauki i Szkolnictwa Wy\u017cszego w ramach programu Spo\u0142eczna Odpowiedzialno\u015b\u0107 Nauki II.<\/p>\n<p><img loading=\"lazy\" decoding=\"async\" class=\"alignnone size-medium wp-image-12387\" src=\"http:\/\/podlaskifestiwal.pl\/2025\/wp-content\/uploads\/sites\/7\/2025\/04\/Zrzut-ekranu-2025-04-14-120330-1-300x62.png\" alt=\"\" width=\"300\" height=\"62\" srcset=\"https:\/\/podlaskifestiwal.pl\/2025\/wp-content\/uploads\/sites\/7\/2025\/04\/Zrzut-ekranu-2025-04-14-120330-1-300x62.png 300w, https:\/\/podlaskifestiwal.pl\/2025\/wp-content\/uploads\/sites\/7\/2025\/04\/Zrzut-ekranu-2025-04-14-120330-1-1024x211.png 1024w, https:\/\/podlaskifestiwal.pl\/2025\/wp-content\/uploads\/sites\/7\/2025\/04\/Zrzut-ekranu-2025-04-14-120330-1-768x158.png 768w, https:\/\/podlaskifestiwal.pl\/2025\/wp-content\/uploads\/sites\/7\/2025\/04\/Zrzut-ekranu-2025-04-14-120330-1.png 1262w\" sizes=\"auto, (max-width: 300px) 100vw, 300px\" \/><\/p>\n","protected":false},"excerpt":{"rendered":"<p>28 wrze\u015bnia 1928 roku wybitny szkocki bakteriolog Alexander Fleming nie planowa\u0142 rewolucji. A jednak tego dnia po powrocie z wakacji odkry\u0142 co\u015b, co na zawsze zmieni\u0142o histori\u0119 medycy i \u2026 ludzko\u015bci. Zanim wyjecha\u0142, pracowa\u0142 nad szczepami gronkowca z\u0142ocistego i pozostawi\u0142 kilka p\u0142ytek z hodowlami bakterii w rogu laboratorium. Po powrocie zauwa\u017cy\u0142 co\u015b niecodziennego \u2013 na [&hellip;]<\/p>\n","protected":false},"author":170,"featured_media":12381,"comment_status":"closed","ping_status":"closed","sticky":false,"template":"","format":"standard","meta":{"ngg_post_thumbnail":0,"footnotes":""},"categories":[1],"tags":[],"class_list":["post-12378","post","type-post","status-publish","format-standard","has-post-thumbnail","hentry","category-uncategorized"],"yoast_head":"<!-- This site is optimized with the Yoast SEO plugin v27.1.1 - https:\/\/yoast.com\/product\/yoast-seo-wordpress\/ -->\n<title>Alexander Fleming i penicylina \u2013 przypadek, kt\u00f3ry zmieni\u0142 medycyn\u0119 i uratowa\u0142 miliony ludzkich istnie\u0144 - XX Podlaski Festiwal Nauki i Sztuki 2025<\/title>\n<meta name=\"robots\" content=\"index, follow, max-snippet:-1, max-image-preview:large, max-video-preview:-1\" \/>\n<link rel=\"canonical\" href=\"https:\/\/podlaskifestiwal.pl\/2025\/alexander-fleming-i-penicylina-przypadek-ktory-zmienil-medycyne-i-uratowal-miliony-ludzkich-istnien\/\" \/>\n<meta property=\"og:locale\" content=\"pl_PL\" \/>\n<meta property=\"og:type\" content=\"article\" \/>\n<meta property=\"og:title\" content=\"Alexander Fleming i penicylina \u2013 przypadek, kt\u00f3ry zmieni\u0142 medycyn\u0119 i uratowa\u0142 miliony ludzkich istnie\u0144 - XX Podlaski Festiwal Nauki i Sztuki 2025\" \/>\n<meta property=\"og:description\" content=\"28 wrze\u015bnia 1928 roku wybitny szkocki bakteriolog Alexander Fleming nie planowa\u0142 rewolucji. A jednak tego dnia po powrocie z wakacji odkry\u0142 co\u015b, co na zawsze zmieni\u0142o histori\u0119 medycy i \u2026 ludzko\u015bci. Zanim wyjecha\u0142, pracowa\u0142 nad szczepami gronkowca z\u0142ocistego i pozostawi\u0142 kilka p\u0142ytek z hodowlami bakterii w rogu laboratorium. Po powrocie zauwa\u017cy\u0142 co\u015b niecodziennego \u2013 na [&hellip;]\" \/>\n<meta property=\"og:url\" content=\"https:\/\/podlaskifestiwal.pl\/2025\/alexander-fleming-i-penicylina-przypadek-ktory-zmienil-medycyne-i-uratowal-miliony-ludzkich-istnien\/\" \/>\n<meta property=\"og:site_name\" content=\"XX Podlaski Festiwal Nauki i Sztuki 2025\" \/>\n<meta property=\"article:published_time\" content=\"2025-04-17T09:13:57+00:00\" \/>\n<meta property=\"article:modified_time\" content=\"2025-04-17T11:39:12+00:00\" \/>\n<meta property=\"og:image\" content=\"https:\/\/podlaskifestiwal.pl\/2025\/wp-content\/uploads\/sites\/7\/2025\/04\/alexander-fleming-odkryl-penicyline-jednak-pierwszy-antybiotyk-opracowali-dwaj-inni-malo-znani-uczeni-fot-navy-medicine-wikimedia-commons-public-domain-e2983e9.jpg\" \/>\n\t<meta property=\"og:image:width\" content=\"980\" \/>\n\t<meta property=\"og:image:height\" content=\"654\" \/>\n\t<meta property=\"og:image:type\" content=\"image\/jpeg\" \/>\n<meta name=\"author\" content=\"biurokomunikacji\" \/>\n<meta name=\"twitter:card\" content=\"summary_large_image\" \/>\n<meta name=\"twitter:label1\" content=\"Napisane przez\" \/>\n\t<meta name=\"twitter:data1\" content=\"biurokomunikacji\" \/>\n\t<meta name=\"twitter:label2\" content=\"Szacowany czas czytania\" \/>\n\t<meta name=\"twitter:data2\" content=\"3 minuty\" \/>\n<script type=\"application\/ld+json\" class=\"yoast-schema-graph\">{\"@context\":\"https:\/\/schema.org\",\"@graph\":[{\"@type\":\"Article\",\"@id\":\"https:\/\/podlaskifestiwal.pl\/2025\/alexander-fleming-i-penicylina-przypadek-ktory-zmienil-medycyne-i-uratowal-miliony-ludzkich-istnien\/#article\",\"isPartOf\":{\"@id\":\"https:\/\/podlaskifestiwal.pl\/2025\/alexander-fleming-i-penicylina-przypadek-ktory-zmienil-medycyne-i-uratowal-miliony-ludzkich-istnien\/\"},\"author\":{\"name\":\"biurokomunikacji\",\"@id\":\"https:\/\/podlaskifestiwal.pl\/2025\/#\/schema\/person\/de752c2731c17671f16b16b77bd283ac\"},\"headline\":\"Alexander Fleming i penicylina \u2013 przypadek, kt\u00f3ry zmieni\u0142 medycyn\u0119 i uratowa\u0142 miliony ludzkich istnie\u0144\",\"datePublished\":\"2025-04-17T09:13:57+00:00\",\"dateModified\":\"2025-04-17T11:39:12+00:00\",\"mainEntityOfPage\":{\"@id\":\"https:\/\/podlaskifestiwal.pl\/2025\/alexander-fleming-i-penicylina-przypadek-ktory-zmienil-medycyne-i-uratowal-miliony-ludzkich-istnien\/\"},\"wordCount\":653,\"publisher\":{\"@id\":\"https:\/\/podlaskifestiwal.pl\/2025\/#organization\"},\"image\":{\"@id\":\"https:\/\/podlaskifestiwal.pl\/2025\/alexander-fleming-i-penicylina-przypadek-ktory-zmienil-medycyne-i-uratowal-miliony-ludzkich-istnien\/#primaryimage\"},\"thumbnailUrl\":\"https:\/\/podlaskifestiwal.pl\/2025\/wp-content\/uploads\/sites\/7\/2025\/04\/alexander-fleming-odkryl-penicyline-jednak-pierwszy-antybiotyk-opracowali-dwaj-inni-malo-znani-uczeni-fot-navy-medicine-wikimedia-commons-public-domain-e2983e9.jpg\",\"articleSection\":[\"Uncategorized\"],\"inLanguage\":\"pl-PL\"},{\"@type\":\"WebPage\",\"@id\":\"https:\/\/podlaskifestiwal.pl\/2025\/alexander-fleming-i-penicylina-przypadek-ktory-zmienil-medycyne-i-uratowal-miliony-ludzkich-istnien\/\",\"url\":\"https:\/\/podlaskifestiwal.pl\/2025\/alexander-fleming-i-penicylina-przypadek-ktory-zmienil-medycyne-i-uratowal-miliony-ludzkich-istnien\/\",\"name\":\"Alexander Fleming i penicylina \u2013 przypadek, kt\u00f3ry zmieni\u0142 medycyn\u0119 i uratowa\u0142 miliony ludzkich istnie\u0144 - XX Podlaski Festiwal Nauki i Sztuki 2025\",\"isPartOf\":{\"@id\":\"https:\/\/podlaskifestiwal.pl\/2025\/#website\"},\"primaryImageOfPage\":{\"@id\":\"https:\/\/podlaskifestiwal.pl\/2025\/alexander-fleming-i-penicylina-przypadek-ktory-zmienil-medycyne-i-uratowal-miliony-ludzkich-istnien\/#primaryimage\"},\"image\":{\"@id\":\"https:\/\/podlaskifestiwal.pl\/2025\/alexander-fleming-i-penicylina-przypadek-ktory-zmienil-medycyne-i-uratowal-miliony-ludzkich-istnien\/#primaryimage\"},\"thumbnailUrl\":\"https:\/\/podlaskifestiwal.pl\/2025\/wp-content\/uploads\/sites\/7\/2025\/04\/alexander-fleming-odkryl-penicyline-jednak-pierwszy-antybiotyk-opracowali-dwaj-inni-malo-znani-uczeni-fot-navy-medicine-wikimedia-commons-public-domain-e2983e9.jpg\",\"datePublished\":\"2025-04-17T09:13:57+00:00\",\"dateModified\":\"2025-04-17T11:39:12+00:00\",\"breadcrumb\":{\"@id\":\"https:\/\/podlaskifestiwal.pl\/2025\/alexander-fleming-i-penicylina-przypadek-ktory-zmienil-medycyne-i-uratowal-miliony-ludzkich-istnien\/#breadcrumb\"},\"inLanguage\":\"pl-PL\",\"potentialAction\":[{\"@type\":\"ReadAction\",\"target\":[\"https:\/\/podlaskifestiwal.pl\/2025\/alexander-fleming-i-penicylina-przypadek-ktory-zmienil-medycyne-i-uratowal-miliony-ludzkich-istnien\/\"]}]},{\"@type\":\"ImageObject\",\"inLanguage\":\"pl-PL\",\"@id\":\"https:\/\/podlaskifestiwal.pl\/2025\/alexander-fleming-i-penicylina-przypadek-ktory-zmienil-medycyne-i-uratowal-miliony-ludzkich-istnien\/#primaryimage\",\"url\":\"https:\/\/podlaskifestiwal.pl\/2025\/wp-content\/uploads\/sites\/7\/2025\/04\/alexander-fleming-odkryl-penicyline-jednak-pierwszy-antybiotyk-opracowali-dwaj-inni-malo-znani-uczeni-fot-navy-medicine-wikimedia-commons-public-domain-e2983e9.jpg\",\"contentUrl\":\"https:\/\/podlaskifestiwal.pl\/2025\/wp-content\/uploads\/sites\/7\/2025\/04\/alexander-fleming-odkryl-penicyline-jednak-pierwszy-antybiotyk-opracowali-dwaj-inni-malo-znani-uczeni-fot-navy-medicine-wikimedia-commons-public-domain-e2983e9.jpg\",\"width\":980,\"height\":654},{\"@type\":\"BreadcrumbList\",\"@id\":\"https:\/\/podlaskifestiwal.pl\/2025\/alexander-fleming-i-penicylina-przypadek-ktory-zmienil-medycyne-i-uratowal-miliony-ludzkich-istnien\/#breadcrumb\",\"itemListElement\":[{\"@type\":\"ListItem\",\"position\":1,\"name\":\"Strona g\u0142\u00f3wna\",\"item\":\"https:\/\/podlaskifestiwal.pl\/2025\/\"},{\"@type\":\"ListItem\",\"position\":2,\"name\":\"Alexander Fleming i penicylina \u2013 przypadek, kt\u00f3ry zmieni\u0142 medycyn\u0119 i uratowa\u0142 miliony ludzkich istnie\u0144\"}]},{\"@type\":\"WebSite\",\"@id\":\"https:\/\/podlaskifestiwal.pl\/2025\/#website\",\"url\":\"https:\/\/podlaskifestiwal.pl\/2025\/\",\"name\":\"XXI Podlaski Festiwal Nauki i Sztuki\",\"description\":\"XXI Podlaski Festiwal Nauki i Sztuki\",\"publisher\":{\"@id\":\"https:\/\/podlaskifestiwal.pl\/2025\/#organization\"},\"potentialAction\":[{\"@type\":\"SearchAction\",\"target\":{\"@type\":\"EntryPoint\",\"urlTemplate\":\"https:\/\/podlaskifestiwal.pl\/2025\/?s={search_term_string}\"},\"query-input\":{\"@type\":\"PropertyValueSpecification\",\"valueRequired\":true,\"valueName\":\"search_term_string\"}}],\"inLanguage\":\"pl-PL\"},{\"@type\":\"Organization\",\"@id\":\"https:\/\/podlaskifestiwal.pl\/2025\/#organization\",\"name\":\"XXI Podlaski Festiwal Nauki i Sztuki\",\"url\":\"https:\/\/podlaskifestiwal.pl\/2025\/\",\"logo\":{\"@type\":\"ImageObject\",\"inLanguage\":\"pl-PL\",\"@id\":\"https:\/\/podlaskifestiwal.pl\/2025\/#\/schema\/logo\/image\/\",\"url\":\"https:\/\/podlaskifestiwal.pl\/2025\/wp-content\/uploads\/sites\/7\/2025\/04\/Baner-Fleming-1.png\",\"contentUrl\":\"https:\/\/podlaskifestiwal.pl\/2025\/wp-content\/uploads\/sites\/7\/2025\/04\/Baner-Fleming-1.png\",\"width\":2400,\"height\":800,\"caption\":\"XXI Podlaski Festiwal Nauki i Sztuki\"},\"image\":{\"@id\":\"https:\/\/podlaskifestiwal.pl\/2025\/#\/schema\/logo\/image\/\"}},{\"@type\":\"Person\",\"@id\":\"https:\/\/podlaskifestiwal.pl\/2025\/#\/schema\/person\/de752c2731c17671f16b16b77bd283ac\",\"name\":\"biurokomunikacji\",\"url\":\"https:\/\/podlaskifestiwal.pl\/2025\/author\/biurokomunikacji\/\"}]}<\/script>\n<!-- \/ Yoast SEO plugin. -->","yoast_head_json":{"title":"Alexander Fleming i penicylina \u2013 przypadek, kt\u00f3ry zmieni\u0142 medycyn\u0119 i uratowa\u0142 miliony ludzkich istnie\u0144 - XX Podlaski Festiwal Nauki i Sztuki 2025","robots":{"index":"index","follow":"follow","max-snippet":"max-snippet:-1","max-image-preview":"max-image-preview:large","max-video-preview":"max-video-preview:-1"},"canonical":"https:\/\/podlaskifestiwal.pl\/2025\/alexander-fleming-i-penicylina-przypadek-ktory-zmienil-medycyne-i-uratowal-miliony-ludzkich-istnien\/","og_locale":"pl_PL","og_type":"article","og_title":"Alexander Fleming i penicylina \u2013 przypadek, kt\u00f3ry zmieni\u0142 medycyn\u0119 i uratowa\u0142 miliony ludzkich istnie\u0144 - XX Podlaski Festiwal Nauki i Sztuki 2025","og_description":"28 wrze\u015bnia 1928 roku wybitny szkocki bakteriolog Alexander Fleming nie planowa\u0142 rewolucji. A jednak tego dnia po powrocie z wakacji odkry\u0142 co\u015b, co na zawsze zmieni\u0142o histori\u0119 medycy i \u2026 ludzko\u015bci. Zanim wyjecha\u0142, pracowa\u0142 nad szczepami gronkowca z\u0142ocistego i pozostawi\u0142 kilka p\u0142ytek z hodowlami bakterii w rogu laboratorium. Po powrocie zauwa\u017cy\u0142 co\u015b niecodziennego \u2013 na [&hellip;]","og_url":"https:\/\/podlaskifestiwal.pl\/2025\/alexander-fleming-i-penicylina-przypadek-ktory-zmienil-medycyne-i-uratowal-miliony-ludzkich-istnien\/","og_site_name":"XX Podlaski Festiwal Nauki i Sztuki 2025","article_published_time":"2025-04-17T09:13:57+00:00","article_modified_time":"2025-04-17T11:39:12+00:00","og_image":[{"width":980,"height":654,"url":"https:\/\/podlaskifestiwal.pl\/2025\/wp-content\/uploads\/sites\/7\/2025\/04\/alexander-fleming-odkryl-penicyline-jednak-pierwszy-antybiotyk-opracowali-dwaj-inni-malo-znani-uczeni-fot-navy-medicine-wikimedia-commons-public-domain-e2983e9.jpg","type":"image\/jpeg"}],"author":"biurokomunikacji","twitter_card":"summary_large_image","twitter_misc":{"Napisane przez":"biurokomunikacji","Szacowany czas czytania":"3 minuty"},"schema":{"@context":"https:\/\/schema.org","@graph":[{"@type":"Article","@id":"https:\/\/podlaskifestiwal.pl\/2025\/alexander-fleming-i-penicylina-przypadek-ktory-zmienil-medycyne-i-uratowal-miliony-ludzkich-istnien\/#article","isPartOf":{"@id":"https:\/\/podlaskifestiwal.pl\/2025\/alexander-fleming-i-penicylina-przypadek-ktory-zmienil-medycyne-i-uratowal-miliony-ludzkich-istnien\/"},"author":{"name":"biurokomunikacji","@id":"https:\/\/podlaskifestiwal.pl\/2025\/#\/schema\/person\/de752c2731c17671f16b16b77bd283ac"},"headline":"Alexander Fleming i penicylina \u2013 przypadek, kt\u00f3ry zmieni\u0142 medycyn\u0119 i uratowa\u0142 miliony ludzkich istnie\u0144","datePublished":"2025-04-17T09:13:57+00:00","dateModified":"2025-04-17T11:39:12+00:00","mainEntityOfPage":{"@id":"https:\/\/podlaskifestiwal.pl\/2025\/alexander-fleming-i-penicylina-przypadek-ktory-zmienil-medycyne-i-uratowal-miliony-ludzkich-istnien\/"},"wordCount":653,"publisher":{"@id":"https:\/\/podlaskifestiwal.pl\/2025\/#organization"},"image":{"@id":"https:\/\/podlaskifestiwal.pl\/2025\/alexander-fleming-i-penicylina-przypadek-ktory-zmienil-medycyne-i-uratowal-miliony-ludzkich-istnien\/#primaryimage"},"thumbnailUrl":"https:\/\/podlaskifestiwal.pl\/2025\/wp-content\/uploads\/sites\/7\/2025\/04\/alexander-fleming-odkryl-penicyline-jednak-pierwszy-antybiotyk-opracowali-dwaj-inni-malo-znani-uczeni-fot-navy-medicine-wikimedia-commons-public-domain-e2983e9.jpg","articleSection":["Uncategorized"],"inLanguage":"pl-PL"},{"@type":"WebPage","@id":"https:\/\/podlaskifestiwal.pl\/2025\/alexander-fleming-i-penicylina-przypadek-ktory-zmienil-medycyne-i-uratowal-miliony-ludzkich-istnien\/","url":"https:\/\/podlaskifestiwal.pl\/2025\/alexander-fleming-i-penicylina-przypadek-ktory-zmienil-medycyne-i-uratowal-miliony-ludzkich-istnien\/","name":"Alexander Fleming i penicylina \u2013 przypadek, kt\u00f3ry zmieni\u0142 medycyn\u0119 i uratowa\u0142 miliony ludzkich istnie\u0144 - XX Podlaski Festiwal Nauki i Sztuki 2025","isPartOf":{"@id":"https:\/\/podlaskifestiwal.pl\/2025\/#website"},"primaryImageOfPage":{"@id":"https:\/\/podlaskifestiwal.pl\/2025\/alexander-fleming-i-penicylina-przypadek-ktory-zmienil-medycyne-i-uratowal-miliony-ludzkich-istnien\/#primaryimage"},"image":{"@id":"https:\/\/podlaskifestiwal.pl\/2025\/alexander-fleming-i-penicylina-przypadek-ktory-zmienil-medycyne-i-uratowal-miliony-ludzkich-istnien\/#primaryimage"},"thumbnailUrl":"https:\/\/podlaskifestiwal.pl\/2025\/wp-content\/uploads\/sites\/7\/2025\/04\/alexander-fleming-odkryl-penicyline-jednak-pierwszy-antybiotyk-opracowali-dwaj-inni-malo-znani-uczeni-fot-navy-medicine-wikimedia-commons-public-domain-e2983e9.jpg","datePublished":"2025-04-17T09:13:57+00:00","dateModified":"2025-04-17T11:39:12+00:00","breadcrumb":{"@id":"https:\/\/podlaskifestiwal.pl\/2025\/alexander-fleming-i-penicylina-przypadek-ktory-zmienil-medycyne-i-uratowal-miliony-ludzkich-istnien\/#breadcrumb"},"inLanguage":"pl-PL","potentialAction":[{"@type":"ReadAction","target":["https:\/\/podlaskifestiwal.pl\/2025\/alexander-fleming-i-penicylina-przypadek-ktory-zmienil-medycyne-i-uratowal-miliony-ludzkich-istnien\/"]}]},{"@type":"ImageObject","inLanguage":"pl-PL","@id":"https:\/\/podlaskifestiwal.pl\/2025\/alexander-fleming-i-penicylina-przypadek-ktory-zmienil-medycyne-i-uratowal-miliony-ludzkich-istnien\/#primaryimage","url":"https:\/\/podlaskifestiwal.pl\/2025\/wp-content\/uploads\/sites\/7\/2025\/04\/alexander-fleming-odkryl-penicyline-jednak-pierwszy-antybiotyk-opracowali-dwaj-inni-malo-znani-uczeni-fot-navy-medicine-wikimedia-commons-public-domain-e2983e9.jpg","contentUrl":"https:\/\/podlaskifestiwal.pl\/2025\/wp-content\/uploads\/sites\/7\/2025\/04\/alexander-fleming-odkryl-penicyline-jednak-pierwszy-antybiotyk-opracowali-dwaj-inni-malo-znani-uczeni-fot-navy-medicine-wikimedia-commons-public-domain-e2983e9.jpg","width":980,"height":654},{"@type":"BreadcrumbList","@id":"https:\/\/podlaskifestiwal.pl\/2025\/alexander-fleming-i-penicylina-przypadek-ktory-zmienil-medycyne-i-uratowal-miliony-ludzkich-istnien\/#breadcrumb","itemListElement":[{"@type":"ListItem","position":1,"name":"Strona g\u0142\u00f3wna","item":"https:\/\/podlaskifestiwal.pl\/2025\/"},{"@type":"ListItem","position":2,"name":"Alexander Fleming i penicylina \u2013 przypadek, kt\u00f3ry zmieni\u0142 medycyn\u0119 i uratowa\u0142 miliony ludzkich istnie\u0144"}]},{"@type":"WebSite","@id":"https:\/\/podlaskifestiwal.pl\/2025\/#website","url":"https:\/\/podlaskifestiwal.pl\/2025\/","name":"XXI Podlaski Festiwal Nauki i Sztuki","description":"XXI Podlaski Festiwal Nauki i Sztuki","publisher":{"@id":"https:\/\/podlaskifestiwal.pl\/2025\/#organization"},"potentialAction":[{"@type":"SearchAction","target":{"@type":"EntryPoint","urlTemplate":"https:\/\/podlaskifestiwal.pl\/2025\/?s={search_term_string}"},"query-input":{"@type":"PropertyValueSpecification","valueRequired":true,"valueName":"search_term_string"}}],"inLanguage":"pl-PL"},{"@type":"Organization","@id":"https:\/\/podlaskifestiwal.pl\/2025\/#organization","name":"XXI Podlaski Festiwal Nauki i Sztuki","url":"https:\/\/podlaskifestiwal.pl\/2025\/","logo":{"@type":"ImageObject","inLanguage":"pl-PL","@id":"https:\/\/podlaskifestiwal.pl\/2025\/#\/schema\/logo\/image\/","url":"https:\/\/podlaskifestiwal.pl\/2025\/wp-content\/uploads\/sites\/7\/2025\/04\/Baner-Fleming-1.png","contentUrl":"https:\/\/podlaskifestiwal.pl\/2025\/wp-content\/uploads\/sites\/7\/2025\/04\/Baner-Fleming-1.png","width":2400,"height":800,"caption":"XXI Podlaski Festiwal Nauki i Sztuki"},"image":{"@id":"https:\/\/podlaskifestiwal.pl\/2025\/#\/schema\/logo\/image\/"}},{"@type":"Person","@id":"https:\/\/podlaskifestiwal.pl\/2025\/#\/schema\/person\/de752c2731c17671f16b16b77bd283ac","name":"biurokomunikacji","url":"https:\/\/podlaskifestiwal.pl\/2025\/author\/biurokomunikacji\/"}]}},"_links":{"self":[{"href":"https:\/\/podlaskifestiwal.pl\/2025\/wp-json\/wp\/v2\/posts\/12378","targetHints":{"allow":["GET"]}}],"collection":[{"href":"https:\/\/podlaskifestiwal.pl\/2025\/wp-json\/wp\/v2\/posts"}],"about":[{"href":"https:\/\/podlaskifestiwal.pl\/2025\/wp-json\/wp\/v2\/types\/post"}],"author":[{"embeddable":true,"href":"https:\/\/podlaskifestiwal.pl\/2025\/wp-json\/wp\/v2\/users\/170"}],"replies":[{"embeddable":true,"href":"https:\/\/podlaskifestiwal.pl\/2025\/wp-json\/wp\/v2\/comments?post=12378"}],"version-history":[{"count":6,"href":"https:\/\/podlaskifestiwal.pl\/2025\/wp-json\/wp\/v2\/posts\/12378\/revisions"}],"predecessor-version":[{"id":12388,"href":"https:\/\/podlaskifestiwal.pl\/2025\/wp-json\/wp\/v2\/posts\/12378\/revisions\/12388"}],"wp:featuredmedia":[{"embeddable":true,"href":"https:\/\/podlaskifestiwal.pl\/2025\/wp-json\/wp\/v2\/media\/12381"}],"wp:attachment":[{"href":"https:\/\/podlaskifestiwal.pl\/2025\/wp-json\/wp\/v2\/media?parent=12378"}],"wp:term":[{"taxonomy":"category","embeddable":true,"href":"https:\/\/podlaskifestiwal.pl\/2025\/wp-json\/wp\/v2\/categories?post=12378"},{"taxonomy":"post_tag","embeddable":true,"href":"https:\/\/podlaskifestiwal.pl\/2025\/wp-json\/wp\/v2\/tags?post=12378"}],"curies":[{"name":"wp","href":"https:\/\/api.w.org\/{rel}","templated":true}]}}