{"id":12363,"date":"2025-04-15T16:42:12","date_gmt":"2025-04-15T16:42:12","guid":{"rendered":"https:\/\/podlaskifestiwal.pl\/2025\/?p=12363"},"modified":"2025-04-15T16:42:57","modified_gmt":"2025-04-15T16:42:57","slug":"15-kwietnia-czyli-swiatowy-dzien-sztuki-zobacz-jakie-wydarzenia-artystyczne-przygotowali-organizatorzy-xxi-pfnis","status":"publish","type":"post","link":"https:\/\/podlaskifestiwal.pl\/2025\/15-kwietnia-czyli-swiatowy-dzien-sztuki-zobacz-jakie-wydarzenia-artystyczne-przygotowali-organizatorzy-xxi-pfnis\/","title":{"rendered":"15 kwietnia, czyli \u015awiatowy Dzie\u0144 Sztuki. Zobacz, jakie wydarzenia artystyczne przygotowali organizatorzy XXI PFNiS"},"content":{"rendered":"<p><strong>Dzi\u015b ( 15 kwietnia) obchodzimy \u015awiatowy Dzie\u0144 Sztuki. Z tej okazji zapraszamy do udzia\u0142u w licznych wydarzeniach artystycznych, kt\u00f3re podczas XXI Podlaskiego Festiwalu Nauki i Sztuki przygotowali organizatorzy wydarzenia. W tym roku to blisko 90 spotka\u0144 ze sztuk\u0105 w formie wystaw, koncert\u00f3w, warsztat\u00f3w plastycznych i innych technik artystycznych, kt\u00f3re znalaz\u0142y si\u0119 w programie Festiwalu. <\/strong><\/p>\n<p>Ju\u017c 10 maja, dzie\u0144 po oficjalnej inauguracji festiwalu, Akademia Teatralna w Bia\u0142ymstoku zaprasza na pe\u0142en ekspresji spektakl \u201eWypi\u00f3r\u201d <strong>o godz.<\/strong> <strong>18.00<\/strong> w Teatrze Szkolnym im. Jana Wilkowskiego przy ul. Sienkiewicza 14 w Bia\u0142ymstoku.<\/p>\n<p>Uniwersytet w Bia\u0142ymstoku <strong>12 maja o 18.30<\/strong> zaprasza m.in. na oryginalne spotkanie ze sztuk\u0105 przysz\u0142o\u015bci podczas pokazu \u201eFerrando AI\u201d, adresowanego do wszystkich zainteresowanych \u2013 i tych m\u0142odszych, i starszych. Miejscem spotkania b\u0119dzie Aula im. Janusza Korczaka na ul. \u015awierkowej 20 w Bia\u0142ymstoku.<\/p>\n<p>Politechnika Bia\u0142ostocka przygotowa\u0142a m.in. warsztaty z chi\u0144skiej kaligrafii, kt\u00f3re odb\u0119d\u0105 si\u0119 <strong>12 maja o godzinie 9.00<\/strong> w Domu Studenta ALFA przy ul. Zwierzynieckiej 14\/4a, gdzie b\u0119dzie mo\u017cna pozna\u0107 tajniki pi\u0119knego pisma i wyj\u0105tkowej kultury Dalekiego Wschodu.<\/p>\n<p>Akademia \u0141om\u017cy\u0144ska <strong>13 maja o godz. 9.30<\/strong> organizuje \u201eStref\u0119 pedagogiki\u201d \u2013 propozycj\u0119 dla przedszkoli, szk\u00f3\u0142 i student\u00f3w, \u0142\u0105cz\u0105c\u0105 sztuk\u0119 z edukacj\u0105. Zapraszamy na ul. Akademicka 14 w \u0141om\u017cy.<\/p>\n<p>Uniwersytet Muzyczny Fryderyka Chopina w Bia\u0142ymstoku zaprasza na koncert Orkiestry Kameralnej Sinfonia Academica, podczas kt\u00f3rego us\u0142yszymy znakomite wykonania muzyki klasycznej. <strong>13 maja o 19.00 w Sal Koncertowej UMFC, ul. Kawaleryjska 5. <\/strong><\/p>\n<p>Z kolei Akademia Podlaska w Bia\u0142ymstoku przygotowa\u0142a warsztaty \u201eZdobienie \u015bwiec metod\u0105 decoupage\u201d dla najm\u0142odszych. To znakomita okazja do stworzenia r\u0119kodzie\u0142a i zabawy. Zapraszamy<strong> 14 maja o godz. 13.00 na ul. Hetma\u0144ska 8<\/strong> do \u015awiata Ucznia PSP.<\/p>\n<p><strong>16 maja o godz. 9.00<\/strong> w Epi-Centrum Nauki w Bia\u0142ymstoku na ul. S\u0142onecznej 1 dowiemy si\u0119, \u017ce nauka i sztuka id\u0105 w parze, chocia\u017cby podczas \u201eWarsztat\u00f3w druku 3D \u2013 piszemy tr\u00f3jwymiarowo\u201d. Serdecznie zapraszamy!<\/p>\n<p>A ju\u017c<strong> 18 maja<\/strong>, w ramach Rodzinnego Pikniku Naukowego o cz\u0119\u015b\u0107 artystyczn\u0105 Festiwalu zadba Uniwersytet Medyczny w Bia\u0142ymstoku, zapewniaj\u0105c mn\u00f3stwo muzyki i kreatywnych atrakcji dla rodzin. Zapraszamy od 10.00 na Stadion Chorten Arena w Bia\u0142ymstoku.<\/p>\n<p>R\u00f3wnie\u017c <strong>18 maja o 10.00 <\/strong>podczas Rodzinnego Pikniku&nbsp;na warsztaty \u201eBalloon twisting\u201d zaprasza Wy\u017csza Szko\u0142a Ekonomiczna w Bia\u0142ymstoku, kt\u00f3re odb\u0119d\u0105 si\u0119 w ramach Rodzinnego Pikniku.<\/p>\n<p>To jedynie cz\u0119\u015b\u0107 propozycji, kt\u00f3re w dniach od 9 do 18 maja przygotowali organizatorzy XXI PFNiS. Lista wydarze\u0144 zwi\u0105zanych ze sztuk\u0105 znajduje si\u0119 w zak\u0142adce <a href=\"https:\/\/podlaskifestiwal.pl\/2025\/program\/lista-imprez\/\">PROGRAM <\/a>na naszej stronie.<\/p>\n<p>Serdecznie zapraszamy do udzia\u0142u w wydarzeniach otwartych oraz do rejestracji na warsztaty i zaj\u0119cia dla grup zorganizowanych i dla uczestnik\u00f3w indywidualnych.<\/p>\n<p>Do zobaczenia na Festiwalu!<\/p>\n","protected":false},"excerpt":{"rendered":"<p>Dzi\u015b ( 15 kwietnia) obchodzimy \u015awiatowy Dzie\u0144 Sztuki. Z tej okazji zapraszamy do udzia\u0142u w licznych wydarzeniach artystycznych, kt\u00f3re podczas XXI Podlaskiego Festiwalu Nauki i Sztuki przygotowali organizatorzy wydarzenia. W tym roku to blisko 90 spotka\u0144 ze sztuk\u0105 w formie wystaw, koncert\u00f3w, warsztat\u00f3w plastycznych i innych technik artystycznych, kt\u00f3re znalaz\u0142y si\u0119 w programie Festiwalu. Ju\u017c [&hellip;]<\/p>\n","protected":false},"author":170,"featured_media":12365,"comment_status":"closed","ping_status":"closed","sticky":false,"template":"","format":"standard","meta":{"ngg_post_thumbnail":0,"footnotes":""},"categories":[1],"tags":[],"class_list":["post-12363","post","type-post","status-publish","format-standard","has-post-thumbnail","hentry","category-uncategorized"],"yoast_head":"<!-- This site is optimized with the Yoast SEO plugin v27.1.1 - https:\/\/yoast.com\/product\/yoast-seo-wordpress\/ -->\n<title>15 kwietnia, czyli \u015awiatowy Dzie\u0144 Sztuki. Zobacz, jakie wydarzenia artystyczne przygotowali organizatorzy XXI PFNiS - XX Podlaski Festiwal Nauki i Sztuki 2025<\/title>\n<meta name=\"robots\" content=\"index, follow, max-snippet:-1, max-image-preview:large, max-video-preview:-1\" \/>\n<link rel=\"canonical\" href=\"https:\/\/podlaskifestiwal.pl\/2025\/15-kwietnia-czyli-swiatowy-dzien-sztuki-zobacz-jakie-wydarzenia-artystyczne-przygotowali-organizatorzy-xxi-pfnis\/\" \/>\n<meta property=\"og:locale\" content=\"pl_PL\" \/>\n<meta property=\"og:type\" content=\"article\" \/>\n<meta property=\"og:title\" content=\"15 kwietnia, czyli \u015awiatowy Dzie\u0144 Sztuki. Zobacz, jakie wydarzenia artystyczne przygotowali organizatorzy XXI PFNiS - XX Podlaski Festiwal Nauki i Sztuki 2025\" \/>\n<meta property=\"og:description\" content=\"Dzi\u015b ( 15 kwietnia) obchodzimy \u015awiatowy Dzie\u0144 Sztuki. Z tej okazji zapraszamy do udzia\u0142u w licznych wydarzeniach artystycznych, kt\u00f3re podczas XXI Podlaskiego Festiwalu Nauki i Sztuki przygotowali organizatorzy wydarzenia. W tym roku to blisko 90 spotka\u0144 ze sztuk\u0105 w formie wystaw, koncert\u00f3w, warsztat\u00f3w plastycznych i innych technik artystycznych, kt\u00f3re znalaz\u0142y si\u0119 w programie Festiwalu. Ju\u017c [&hellip;]\" \/>\n<meta property=\"og:url\" content=\"https:\/\/podlaskifestiwal.pl\/2025\/15-kwietnia-czyli-swiatowy-dzien-sztuki-zobacz-jakie-wydarzenia-artystyczne-przygotowali-organizatorzy-xxi-pfnis\/\" \/>\n<meta property=\"og:site_name\" content=\"XX Podlaski Festiwal Nauki i Sztuki 2025\" \/>\n<meta property=\"article:published_time\" content=\"2025-04-15T16:42:12+00:00\" \/>\n<meta property=\"article:modified_time\" content=\"2025-04-15T16:42:57+00:00\" \/>\n<meta property=\"og:image\" content=\"https:\/\/podlaskifestiwal.pl\/2025\/wp-content\/uploads\/sites\/7\/2025\/04\/480815132_1293357215452048_5634986726702123842_n.jpg\" \/>\n\t<meta property=\"og:image:width\" content=\"1920\" \/>\n\t<meta property=\"og:image:height\" content=\"1281\" \/>\n\t<meta property=\"og:image:type\" content=\"image\/jpeg\" \/>\n<meta name=\"author\" content=\"biurokomunikacji\" \/>\n<meta name=\"twitter:card\" content=\"summary_large_image\" \/>\n<meta name=\"twitter:label1\" content=\"Napisane przez\" \/>\n\t<meta name=\"twitter:data1\" content=\"biurokomunikacji\" \/>\n\t<meta name=\"twitter:label2\" content=\"Szacowany czas czytania\" \/>\n\t<meta name=\"twitter:data2\" content=\"2 minuty\" \/>\n<script type=\"application\/ld+json\" class=\"yoast-schema-graph\">{\"@context\":\"https:\/\/schema.org\",\"@graph\":[{\"@type\":\"Article\",\"@id\":\"https:\/\/podlaskifestiwal.pl\/2025\/15-kwietnia-czyli-swiatowy-dzien-sztuki-zobacz-jakie-wydarzenia-artystyczne-przygotowali-organizatorzy-xxi-pfnis\/#article\",\"isPartOf\":{\"@id\":\"https:\/\/podlaskifestiwal.pl\/2025\/15-kwietnia-czyli-swiatowy-dzien-sztuki-zobacz-jakie-wydarzenia-artystyczne-przygotowali-organizatorzy-xxi-pfnis\/\"},\"author\":{\"name\":\"biurokomunikacji\",\"@id\":\"https:\/\/podlaskifestiwal.pl\/2025\/#\/schema\/person\/de752c2731c17671f16b16b77bd283ac\"},\"headline\":\"15 kwietnia, czyli \u015awiatowy Dzie\u0144 Sztuki. Zobacz, jakie wydarzenia artystyczne przygotowali organizatorzy XXI PFNiS\",\"datePublished\":\"2025-04-15T16:42:12+00:00\",\"dateModified\":\"2025-04-15T16:42:57+00:00\",\"mainEntityOfPage\":{\"@id\":\"https:\/\/podlaskifestiwal.pl\/2025\/15-kwietnia-czyli-swiatowy-dzien-sztuki-zobacz-jakie-wydarzenia-artystyczne-przygotowali-organizatorzy-xxi-pfnis\/\"},\"wordCount\":451,\"publisher\":{\"@id\":\"https:\/\/podlaskifestiwal.pl\/2025\/#organization\"},\"image\":{\"@id\":\"https:\/\/podlaskifestiwal.pl\/2025\/15-kwietnia-czyli-swiatowy-dzien-sztuki-zobacz-jakie-wydarzenia-artystyczne-przygotowali-organizatorzy-xxi-pfnis\/#primaryimage\"},\"thumbnailUrl\":\"https:\/\/podlaskifestiwal.pl\/2025\/wp-content\/uploads\/sites\/7\/2025\/04\/480815132_1293357215452048_5634986726702123842_n.jpg\",\"articleSection\":[\"Uncategorized\"],\"inLanguage\":\"pl-PL\"},{\"@type\":\"WebPage\",\"@id\":\"https:\/\/podlaskifestiwal.pl\/2025\/15-kwietnia-czyli-swiatowy-dzien-sztuki-zobacz-jakie-wydarzenia-artystyczne-przygotowali-organizatorzy-xxi-pfnis\/\",\"url\":\"https:\/\/podlaskifestiwal.pl\/2025\/15-kwietnia-czyli-swiatowy-dzien-sztuki-zobacz-jakie-wydarzenia-artystyczne-przygotowali-organizatorzy-xxi-pfnis\/\",\"name\":\"15 kwietnia, czyli \u015awiatowy Dzie\u0144 Sztuki. Zobacz, jakie wydarzenia artystyczne przygotowali organizatorzy XXI PFNiS - XX Podlaski Festiwal Nauki i Sztuki 2025\",\"isPartOf\":{\"@id\":\"https:\/\/podlaskifestiwal.pl\/2025\/#website\"},\"primaryImageOfPage\":{\"@id\":\"https:\/\/podlaskifestiwal.pl\/2025\/15-kwietnia-czyli-swiatowy-dzien-sztuki-zobacz-jakie-wydarzenia-artystyczne-przygotowali-organizatorzy-xxi-pfnis\/#primaryimage\"},\"image\":{\"@id\":\"https:\/\/podlaskifestiwal.pl\/2025\/15-kwietnia-czyli-swiatowy-dzien-sztuki-zobacz-jakie-wydarzenia-artystyczne-przygotowali-organizatorzy-xxi-pfnis\/#primaryimage\"},\"thumbnailUrl\":\"https:\/\/podlaskifestiwal.pl\/2025\/wp-content\/uploads\/sites\/7\/2025\/04\/480815132_1293357215452048_5634986726702123842_n.jpg\",\"datePublished\":\"2025-04-15T16:42:12+00:00\",\"dateModified\":\"2025-04-15T16:42:57+00:00\",\"breadcrumb\":{\"@id\":\"https:\/\/podlaskifestiwal.pl\/2025\/15-kwietnia-czyli-swiatowy-dzien-sztuki-zobacz-jakie-wydarzenia-artystyczne-przygotowali-organizatorzy-xxi-pfnis\/#breadcrumb\"},\"inLanguage\":\"pl-PL\",\"potentialAction\":[{\"@type\":\"ReadAction\",\"target\":[\"https:\/\/podlaskifestiwal.pl\/2025\/15-kwietnia-czyli-swiatowy-dzien-sztuki-zobacz-jakie-wydarzenia-artystyczne-przygotowali-organizatorzy-xxi-pfnis\/\"]}]},{\"@type\":\"ImageObject\",\"inLanguage\":\"pl-PL\",\"@id\":\"https:\/\/podlaskifestiwal.pl\/2025\/15-kwietnia-czyli-swiatowy-dzien-sztuki-zobacz-jakie-wydarzenia-artystyczne-przygotowali-organizatorzy-xxi-pfnis\/#primaryimage\",\"url\":\"https:\/\/podlaskifestiwal.pl\/2025\/wp-content\/uploads\/sites\/7\/2025\/04\/480815132_1293357215452048_5634986726702123842_n.jpg\",\"contentUrl\":\"https:\/\/podlaskifestiwal.pl\/2025\/wp-content\/uploads\/sites\/7\/2025\/04\/480815132_1293357215452048_5634986726702123842_n.jpg\",\"width\":1920,\"height\":1281},{\"@type\":\"BreadcrumbList\",\"@id\":\"https:\/\/podlaskifestiwal.pl\/2025\/15-kwietnia-czyli-swiatowy-dzien-sztuki-zobacz-jakie-wydarzenia-artystyczne-przygotowali-organizatorzy-xxi-pfnis\/#breadcrumb\",\"itemListElement\":[{\"@type\":\"ListItem\",\"position\":1,\"name\":\"Strona g\u0142\u00f3wna\",\"item\":\"https:\/\/podlaskifestiwal.pl\/2025\/\"},{\"@type\":\"ListItem\",\"position\":2,\"name\":\"15 kwietnia, czyli \u015awiatowy Dzie\u0144 Sztuki. Zobacz, jakie wydarzenia artystyczne przygotowali organizatorzy XXI PFNiS\"}]},{\"@type\":\"WebSite\",\"@id\":\"https:\/\/podlaskifestiwal.pl\/2025\/#website\",\"url\":\"https:\/\/podlaskifestiwal.pl\/2025\/\",\"name\":\"XXI Podlaski Festiwal Nauki i Sztuki\",\"description\":\"XXI Podlaski Festiwal Nauki i Sztuki\",\"publisher\":{\"@id\":\"https:\/\/podlaskifestiwal.pl\/2025\/#organization\"},\"potentialAction\":[{\"@type\":\"SearchAction\",\"target\":{\"@type\":\"EntryPoint\",\"urlTemplate\":\"https:\/\/podlaskifestiwal.pl\/2025\/?s={search_term_string}\"},\"query-input\":{\"@type\":\"PropertyValueSpecification\",\"valueRequired\":true,\"valueName\":\"search_term_string\"}}],\"inLanguage\":\"pl-PL\"},{\"@type\":\"Organization\",\"@id\":\"https:\/\/podlaskifestiwal.pl\/2025\/#organization\",\"name\":\"XXI Podlaski Festiwal Nauki i Sztuki\",\"url\":\"https:\/\/podlaskifestiwal.pl\/2025\/\",\"logo\":{\"@type\":\"ImageObject\",\"inLanguage\":\"pl-PL\",\"@id\":\"https:\/\/podlaskifestiwal.pl\/2025\/#\/schema\/logo\/image\/\",\"url\":\"https:\/\/podlaskifestiwal.pl\/2025\/wp-content\/uploads\/sites\/7\/2025\/04\/Baner-Fleming-1.png\",\"contentUrl\":\"https:\/\/podlaskifestiwal.pl\/2025\/wp-content\/uploads\/sites\/7\/2025\/04\/Baner-Fleming-1.png\",\"width\":2400,\"height\":800,\"caption\":\"XXI Podlaski Festiwal Nauki i Sztuki\"},\"image\":{\"@id\":\"https:\/\/podlaskifestiwal.pl\/2025\/#\/schema\/logo\/image\/\"}},{\"@type\":\"Person\",\"@id\":\"https:\/\/podlaskifestiwal.pl\/2025\/#\/schema\/person\/de752c2731c17671f16b16b77bd283ac\",\"name\":\"biurokomunikacji\",\"url\":\"https:\/\/podlaskifestiwal.pl\/2025\/author\/biurokomunikacji\/\"}]}<\/script>\n<!-- \/ Yoast SEO plugin. -->","yoast_head_json":{"title":"15 kwietnia, czyli \u015awiatowy Dzie\u0144 Sztuki. Zobacz, jakie wydarzenia artystyczne przygotowali organizatorzy XXI PFNiS - XX Podlaski Festiwal Nauki i Sztuki 2025","robots":{"index":"index","follow":"follow","max-snippet":"max-snippet:-1","max-image-preview":"max-image-preview:large","max-video-preview":"max-video-preview:-1"},"canonical":"https:\/\/podlaskifestiwal.pl\/2025\/15-kwietnia-czyli-swiatowy-dzien-sztuki-zobacz-jakie-wydarzenia-artystyczne-przygotowali-organizatorzy-xxi-pfnis\/","og_locale":"pl_PL","og_type":"article","og_title":"15 kwietnia, czyli \u015awiatowy Dzie\u0144 Sztuki. Zobacz, jakie wydarzenia artystyczne przygotowali organizatorzy XXI PFNiS - XX Podlaski Festiwal Nauki i Sztuki 2025","og_description":"Dzi\u015b ( 15 kwietnia) obchodzimy \u015awiatowy Dzie\u0144 Sztuki. Z tej okazji zapraszamy do udzia\u0142u w licznych wydarzeniach artystycznych, kt\u00f3re podczas XXI Podlaskiego Festiwalu Nauki i Sztuki przygotowali organizatorzy wydarzenia. W tym roku to blisko 90 spotka\u0144 ze sztuk\u0105 w formie wystaw, koncert\u00f3w, warsztat\u00f3w plastycznych i innych technik artystycznych, kt\u00f3re znalaz\u0142y si\u0119 w programie Festiwalu. Ju\u017c [&hellip;]","og_url":"https:\/\/podlaskifestiwal.pl\/2025\/15-kwietnia-czyli-swiatowy-dzien-sztuki-zobacz-jakie-wydarzenia-artystyczne-przygotowali-organizatorzy-xxi-pfnis\/","og_site_name":"XX Podlaski Festiwal Nauki i Sztuki 2025","article_published_time":"2025-04-15T16:42:12+00:00","article_modified_time":"2025-04-15T16:42:57+00:00","og_image":[{"width":1920,"height":1281,"url":"https:\/\/podlaskifestiwal.pl\/2025\/wp-content\/uploads\/sites\/7\/2025\/04\/480815132_1293357215452048_5634986726702123842_n.jpg","type":"image\/jpeg"}],"author":"biurokomunikacji","twitter_card":"summary_large_image","twitter_misc":{"Napisane przez":"biurokomunikacji","Szacowany czas czytania":"2 minuty"},"schema":{"@context":"https:\/\/schema.org","@graph":[{"@type":"Article","@id":"https:\/\/podlaskifestiwal.pl\/2025\/15-kwietnia-czyli-swiatowy-dzien-sztuki-zobacz-jakie-wydarzenia-artystyczne-przygotowali-organizatorzy-xxi-pfnis\/#article","isPartOf":{"@id":"https:\/\/podlaskifestiwal.pl\/2025\/15-kwietnia-czyli-swiatowy-dzien-sztuki-zobacz-jakie-wydarzenia-artystyczne-przygotowali-organizatorzy-xxi-pfnis\/"},"author":{"name":"biurokomunikacji","@id":"https:\/\/podlaskifestiwal.pl\/2025\/#\/schema\/person\/de752c2731c17671f16b16b77bd283ac"},"headline":"15 kwietnia, czyli \u015awiatowy Dzie\u0144 Sztuki. Zobacz, jakie wydarzenia artystyczne przygotowali organizatorzy XXI PFNiS","datePublished":"2025-04-15T16:42:12+00:00","dateModified":"2025-04-15T16:42:57+00:00","mainEntityOfPage":{"@id":"https:\/\/podlaskifestiwal.pl\/2025\/15-kwietnia-czyli-swiatowy-dzien-sztuki-zobacz-jakie-wydarzenia-artystyczne-przygotowali-organizatorzy-xxi-pfnis\/"},"wordCount":451,"publisher":{"@id":"https:\/\/podlaskifestiwal.pl\/2025\/#organization"},"image":{"@id":"https:\/\/podlaskifestiwal.pl\/2025\/15-kwietnia-czyli-swiatowy-dzien-sztuki-zobacz-jakie-wydarzenia-artystyczne-przygotowali-organizatorzy-xxi-pfnis\/#primaryimage"},"thumbnailUrl":"https:\/\/podlaskifestiwal.pl\/2025\/wp-content\/uploads\/sites\/7\/2025\/04\/480815132_1293357215452048_5634986726702123842_n.jpg","articleSection":["Uncategorized"],"inLanguage":"pl-PL"},{"@type":"WebPage","@id":"https:\/\/podlaskifestiwal.pl\/2025\/15-kwietnia-czyli-swiatowy-dzien-sztuki-zobacz-jakie-wydarzenia-artystyczne-przygotowali-organizatorzy-xxi-pfnis\/","url":"https:\/\/podlaskifestiwal.pl\/2025\/15-kwietnia-czyli-swiatowy-dzien-sztuki-zobacz-jakie-wydarzenia-artystyczne-przygotowali-organizatorzy-xxi-pfnis\/","name":"15 kwietnia, czyli \u015awiatowy Dzie\u0144 Sztuki. Zobacz, jakie wydarzenia artystyczne przygotowali organizatorzy XXI PFNiS - XX Podlaski Festiwal Nauki i Sztuki 2025","isPartOf":{"@id":"https:\/\/podlaskifestiwal.pl\/2025\/#website"},"primaryImageOfPage":{"@id":"https:\/\/podlaskifestiwal.pl\/2025\/15-kwietnia-czyli-swiatowy-dzien-sztuki-zobacz-jakie-wydarzenia-artystyczne-przygotowali-organizatorzy-xxi-pfnis\/#primaryimage"},"image":{"@id":"https:\/\/podlaskifestiwal.pl\/2025\/15-kwietnia-czyli-swiatowy-dzien-sztuki-zobacz-jakie-wydarzenia-artystyczne-przygotowali-organizatorzy-xxi-pfnis\/#primaryimage"},"thumbnailUrl":"https:\/\/podlaskifestiwal.pl\/2025\/wp-content\/uploads\/sites\/7\/2025\/04\/480815132_1293357215452048_5634986726702123842_n.jpg","datePublished":"2025-04-15T16:42:12+00:00","dateModified":"2025-04-15T16:42:57+00:00","breadcrumb":{"@id":"https:\/\/podlaskifestiwal.pl\/2025\/15-kwietnia-czyli-swiatowy-dzien-sztuki-zobacz-jakie-wydarzenia-artystyczne-przygotowali-organizatorzy-xxi-pfnis\/#breadcrumb"},"inLanguage":"pl-PL","potentialAction":[{"@type":"ReadAction","target":["https:\/\/podlaskifestiwal.pl\/2025\/15-kwietnia-czyli-swiatowy-dzien-sztuki-zobacz-jakie-wydarzenia-artystyczne-przygotowali-organizatorzy-xxi-pfnis\/"]}]},{"@type":"ImageObject","inLanguage":"pl-PL","@id":"https:\/\/podlaskifestiwal.pl\/2025\/15-kwietnia-czyli-swiatowy-dzien-sztuki-zobacz-jakie-wydarzenia-artystyczne-przygotowali-organizatorzy-xxi-pfnis\/#primaryimage","url":"https:\/\/podlaskifestiwal.pl\/2025\/wp-content\/uploads\/sites\/7\/2025\/04\/480815132_1293357215452048_5634986726702123842_n.jpg","contentUrl":"https:\/\/podlaskifestiwal.pl\/2025\/wp-content\/uploads\/sites\/7\/2025\/04\/480815132_1293357215452048_5634986726702123842_n.jpg","width":1920,"height":1281},{"@type":"BreadcrumbList","@id":"https:\/\/podlaskifestiwal.pl\/2025\/15-kwietnia-czyli-swiatowy-dzien-sztuki-zobacz-jakie-wydarzenia-artystyczne-przygotowali-organizatorzy-xxi-pfnis\/#breadcrumb","itemListElement":[{"@type":"ListItem","position":1,"name":"Strona g\u0142\u00f3wna","item":"https:\/\/podlaskifestiwal.pl\/2025\/"},{"@type":"ListItem","position":2,"name":"15 kwietnia, czyli \u015awiatowy Dzie\u0144 Sztuki. Zobacz, jakie wydarzenia artystyczne przygotowali organizatorzy XXI PFNiS"}]},{"@type":"WebSite","@id":"https:\/\/podlaskifestiwal.pl\/2025\/#website","url":"https:\/\/podlaskifestiwal.pl\/2025\/","name":"XXI Podlaski Festiwal Nauki i Sztuki","description":"XXI Podlaski Festiwal Nauki i Sztuki","publisher":{"@id":"https:\/\/podlaskifestiwal.pl\/2025\/#organization"},"potentialAction":[{"@type":"SearchAction","target":{"@type":"EntryPoint","urlTemplate":"https:\/\/podlaskifestiwal.pl\/2025\/?s={search_term_string}"},"query-input":{"@type":"PropertyValueSpecification","valueRequired":true,"valueName":"search_term_string"}}],"inLanguage":"pl-PL"},{"@type":"Organization","@id":"https:\/\/podlaskifestiwal.pl\/2025\/#organization","name":"XXI Podlaski Festiwal Nauki i Sztuki","url":"https:\/\/podlaskifestiwal.pl\/2025\/","logo":{"@type":"ImageObject","inLanguage":"pl-PL","@id":"https:\/\/podlaskifestiwal.pl\/2025\/#\/schema\/logo\/image\/","url":"https:\/\/podlaskifestiwal.pl\/2025\/wp-content\/uploads\/sites\/7\/2025\/04\/Baner-Fleming-1.png","contentUrl":"https:\/\/podlaskifestiwal.pl\/2025\/wp-content\/uploads\/sites\/7\/2025\/04\/Baner-Fleming-1.png","width":2400,"height":800,"caption":"XXI Podlaski Festiwal Nauki i Sztuki"},"image":{"@id":"https:\/\/podlaskifestiwal.pl\/2025\/#\/schema\/logo\/image\/"}},{"@type":"Person","@id":"https:\/\/podlaskifestiwal.pl\/2025\/#\/schema\/person\/de752c2731c17671f16b16b77bd283ac","name":"biurokomunikacji","url":"https:\/\/podlaskifestiwal.pl\/2025\/author\/biurokomunikacji\/"}]}},"_links":{"self":[{"href":"https:\/\/podlaskifestiwal.pl\/2025\/wp-json\/wp\/v2\/posts\/12363","targetHints":{"allow":["GET"]}}],"collection":[{"href":"https:\/\/podlaskifestiwal.pl\/2025\/wp-json\/wp\/v2\/posts"}],"about":[{"href":"https:\/\/podlaskifestiwal.pl\/2025\/wp-json\/wp\/v2\/types\/post"}],"author":[{"embeddable":true,"href":"https:\/\/podlaskifestiwal.pl\/2025\/wp-json\/wp\/v2\/users\/170"}],"replies":[{"embeddable":true,"href":"https:\/\/podlaskifestiwal.pl\/2025\/wp-json\/wp\/v2\/comments?post=12363"}],"version-history":[{"count":4,"href":"https:\/\/podlaskifestiwal.pl\/2025\/wp-json\/wp\/v2\/posts\/12363\/revisions"}],"predecessor-version":[{"id":12368,"href":"https:\/\/podlaskifestiwal.pl\/2025\/wp-json\/wp\/v2\/posts\/12363\/revisions\/12368"}],"wp:featuredmedia":[{"embeddable":true,"href":"https:\/\/podlaskifestiwal.pl\/2025\/wp-json\/wp\/v2\/media\/12365"}],"wp:attachment":[{"href":"https:\/\/podlaskifestiwal.pl\/2025\/wp-json\/wp\/v2\/media?parent=12363"}],"wp:term":[{"taxonomy":"category","embeddable":true,"href":"https:\/\/podlaskifestiwal.pl\/2025\/wp-json\/wp\/v2\/categories?post=12363"},{"taxonomy":"post_tag","embeddable":true,"href":"https:\/\/podlaskifestiwal.pl\/2025\/wp-json\/wp\/v2\/tags?post=12363"}],"curies":[{"name":"wp","href":"https:\/\/api.w.org\/{rel}","templated":true}]}}