{"id":12343,"date":"2025-04-21T08:20:00","date_gmt":"2025-04-21T08:20:00","guid":{"rendered":"https:\/\/podlaskifestiwal.pl\/2025\/?p=12343"},"modified":"2025-04-22T06:31:16","modified_gmt":"2025-04-22T06:31:16","slug":"xxi-podlaski-festiwal-nauki-i-sztuki-z-politechnika-bialostocka-12-maja-2025-r","status":"publish","type":"post","link":"https:\/\/podlaskifestiwal.pl\/2025\/xxi-podlaski-festiwal-nauki-i-sztuki-z-politechnika-bialostocka-12-maja-2025-r\/","title":{"rendered":"XXI Podlaski Festiwal Nauki i Sztuki z Politechnik\u0105 Bia\u0142ostock\u0105. 12 maja 2025 r."},"content":{"rendered":"<h3>Politechnika Bia\u0142ostocka zaprasza na prezentacje i warsztaty w ramach XXI Podlaskiego Festiwalu Nauki i Sztuki w poniedzia\u0142ek 12 maja 2025 roku. Bolidy Formula Student, programowanie robot\u00f3w, miotanie piorun\u00f3w, energoch\u0142onno\u015b\u0107 budynk\u00f3w, kolorowa chemia czy zarz\u0105dzanie finansami to tylko kilka spo\u015br\u00f3d 130 naukowych atrakcji dopasowanych do dzieci, m\u0142odzie\u017cy i doros\u0142ych.<\/h3>\n<p>Uczelnia przygotowa\u0142a atrakcje dla ponad 2 tys. os\u00f3b &#8211; od przedszkolak\u00f3w, uczni\u00f3w szk\u00f3\u0142 podstawowych i ponadpodstawowych, student\u00f3w po wszystkich zainteresowanych dzia\u0142alno\u015bci\u0105 najwi\u0119kszej uczelni technicznej w regionie p\u00f3\u0142nocno-wschodniej Polski. Udzia\u0142 we wszystkich jest bezp\u0142atny, ale na wi\u0119kszo\u015b\u0107 z nich obowi\u0105zuje wcze\u015bniejsza rejestracja.<\/p>\n<p>Ze wzgl\u0119du na wygod\u0119 uczestnik\u00f3w oraz pojemno\u015b\u0107 niekt\u00f3rych laboratori\u00f3w zapraszamy do wcze\u015bniejszych zapis\u00f3w. W ten spos\u00f3b na poszczeg\u00f3lne zaj\u0119cia zg\u0142osi\u0107 si\u0119 mo\u017cna indywidualnie lub w zorganizowanej grupie i zaplanowa\u0107 ca\u0142y dzie\u0144 w Politechnice Bia\u0142ostockiej.<\/p>\n<p><strong><span style=\"color: #008000\">Link do zapis\u00f3w:<\/span> https:\/\/pb.edu.pl\/i\/XXIPFNiSzPB<\/strong><\/p>\n<p>&nbsp;<\/p>\n<p><strong>Na kampusie g\u0142\u00f3wnym Politechniki Bia\u0142ostockiej mo\u017cna zapisa\u0107 si\u0119 na warsztaty i pokazy na Wydzia\u0142ach:<\/strong><\/p>\n<ul>\n<li>Budownictwa i Nauk o \u015arodowisku<\/li>\n<li>Elektrycznym<\/li>\n<li>Informatyki<\/li>\n<li>Mechanicznym<\/li>\n<\/ul>\n<p>oraz wzi\u0105\u0107 udzia\u0142 w wycieczce \u015bladami historycznych mozaik, zajrze\u0107 do imponuj\u0105cej biblioteki, w uczelnianym muzeum zobaczy\u0107 historyczne \u0142aziki, czy zajrze\u0107 do dwupoziomowej hali sportowej.<\/p>\n<p><span style=\"color: #008000\"><strong>Wydzia\u0142 Budownictwa i Nauk o \u015arodowisku Politechniki Bia\u0142ostockiej <\/strong><\/span>organizuje 12 maja uwielbiane przez najm\u0142odszych uczestnik\u00f3w Festiwalu kolorowe warsztaty chemiczne, a tak\u017ce zaj\u0119cia, podczas kt\u00f3rych uczniowie mog\u0105 sprawdzi\u0107 pod mikroskopem, jakie organizmy \u017cyj\u0105 w wodzie. B\u0119dziemy te\u017c m\u00f3wi\u0107 du\u017co o ochronie przyrody i rozpoznawa\u0107 z uczestnikami le\u015bne zwierz\u0119ta i ro\u015bliny. Tematyka ekologii i nowoczesnego budownictwa, kt\u00f3re wykorzystuje technologi\u0119 do zmniejszenia energoch\u0142onno\u015bci budynk\u00f3w, b\u0119dzie obecna na spotkaniach, po\u0142\u0105czonych z prezentacj\u0105 pomp ciep\u0142a czy wyk\u0142adzie \u201eCo krowa ma wsp\u00f3lnego z klimatem i pr\u0105dem\u201d. Dla os\u00f3b, kt\u00f3re wi\u0105\u017c\u0105 swoj\u0105 przysz\u0142o\u015b\u0107 z geodezj\u0105 i budownictwem mamy prezentacj\u0119 r\u00f3\u017cnych urz\u0105dze\u0144 i technik pomiarowych.<\/p>\n<div class=\"embed-responsive embed-responsive-16by9\">&nbsp;<\/div>\n<p><span style=\"color: #008000\"><strong>Wydzia\u0142 Elektryczny Politechniki Bia\u0142ostockiej <\/strong><\/span>zaprasza najm\u0142odszych na rozmow\u0119 \u201eDlaczego nie wolno u\u017cywa\u0107 suszarki w trakcie k\u0105pieli\u201d. Tak przybli\u017cy uczniom zasady bezpiecznego u\u017cytkowania urz\u0105dze\u0144 elektrycznych. Nastolatk\u00f3w mog\u0105 zainteresowa\u0107 prezentacje sterownik\u00f3w programowalnych PLC, kt\u00f3re stanowi\u0105 serce i rozum wsp\u00f3\u0142czesnych automat\u00f3w i robot\u00f3w oraz warsztaty w sieci 5G. Naukowcy opowiedz\u0105 o dzia\u0142aniu elektrowni wiatrowej i hybrydowej na przyk\u0142adzie Elektrowni Hybrydowej Politechniki Bia\u0142ostockiej. Otwarte b\u0119d\u0105 te\u017c pomieszczenia Laboratorium Techniki Wysokich Napi\u0119\u0107, w kt\u00f3rych mo\u017cna generowa\u0107 prawdziwe pioruny oraz zobaczy\u0107 jakie sposoby maj\u0105 elektrotechnicy, \u017ceby zminimalizowa\u0107 ich wp\u0142yw na sie\u0107 energetyczn\u0105.<\/p>\n<div class=\"embed-responsive embed-responsive-16by9\">&nbsp;<\/div>\n<p><span style=\"color: #008000\"><strong>Wydzia\u0142 Informatyki Politechniki Bia\u0142ostockiej<\/strong> <\/span>organizuje 12 maja spotkania, kt\u00f3rych tematyk\u0119 mo\u017cna podzieli\u0107 na trzy sfery: ciekawostek matematycznych, programowania dla pocz\u0105tkuj\u0105cych oraz samodzielnego budowania konstrukcji robotycznych. Mo\u017cna wybiera\u0107 z bogatej oferty warsztat\u00f3w, wyk\u0142ad\u00f3w, konkurs\u00f3w kierowanych do r\u00f3\u017cnych grup odbiorc\u00f3w, od najm\u0142odszych klas szko\u0142y podstawowej \u2013 kt\u00f3rzy naucz\u0105 si\u0119 wykonywania dzia\u0142a\u0144 matematycznych na klockach LEGO, po uczni\u00f3w szk\u00f3\u0142 \u015brednich, kt\u00f3rzy dowiedz\u0105 si\u0119 jak za pomoc\u0105 algorytmu Edmondsa-Karpa mo\u017cna wy\u0142oni\u0107 finalist\u00f3w mistrzostw \u015bwiata w pi\u0142ce no\u017cnej.<\/p>\n<div class=\"embed-responsive embed-responsive-16by9\">&nbsp;<\/div>\n<p>Podczas Festiwalowego dnia na <span style=\"color: #008000\"><strong>Wydziale Mechanicznym Politechniki Bia\u0142ostockiej<\/strong><\/span> warto zajrze\u0107 do hali maszyn, obejrze\u0107 bolidy wy\u015bcigowe konstruowane przez student\u00f3w, spotka\u0107 si\u0119 z zespo\u0142em Cerber Motorsport i porozmawia\u0107 o ich udziale w zawodach Formula Student. B\u0119dzie mo\u017cna te\u017c zobaczy\u0107 jak przebiegaj\u0105 zaawansowanie badania auta: pod wzgl\u0119dem przep\u0142ywu powietrza i uk\u0142adu hamowania. Na spotkanie zapraszaj\u0105 r\u00f3wnie\u017c studenci z Ko\u0142a Naukowego ORTHOS, kt\u00f3rzy poka\u017c\u0105 swoje pomys\u0142y i wynalazki na sprz\u0119ty, kt\u00f3re konstruuj\u0105 z my\u015bl\u0105 o pomocy osobom z niepe\u0142nosprawno\u015bciami. B\u0119dzie te\u017c mo\u017cna zobaczy\u0107, jak wygl\u0105da metalurgia proszk\u00f3w, czyli bardzo ciekawy spos\u00f3b wytwarzania ro\u017cnych przedmiot\u00f3w z proszk\u00f3w metali, bez konieczno\u015bci ich topienia w hucie. B\u0119d\u0105 te\u017c warsztaty matematyczne oraz ze sztucznej inteligencji.<\/p>\n<div class=\"embed-responsive embed-responsive-16by9\">&nbsp;<\/div>\n<p>Ciekawie zapowiada si\u0119 festiwalowe spotkanie z <span style=\"color: #008000\"><strong>Bibliotek\u0105 Politechniki Bia\u0142ostockiej <\/strong><\/span>oraz <span style=\"color: #008000\"><strong>Centrum Historii Politechniki Bia\u0142ostockiej im. in\u017c. Miros\u0142awa Bujanowskiego<\/strong><\/span>. Biblioteka zaprasza wsp\u00f3lne zwiedzanie i kreatywne warsztaty. Natomiast razem z Centrum Historii Politechniki Bia\u0142ostockiej b\u0119dzie mo\u017cna obejrze\u0107 kolorowe mozaiki znajduj\u0105ce si\u0119 w przestrzeniach budynk\u00f3w Uczelni. Wystarczy zapisa\u0107 si\u0119 na spacer, podczas kt\u00f3rego obejrzymy murale, napisy informacyjne i r\u00f3\u017cnego typu zdobienia, kt\u00f3re powsta\u0142y w naszej uczelni w latach siedemdziesi\u0105tych, du\u017co m\u00f3wi\u0105 o historii uczelni oraz s\u0105 cennym \u015bwiadectwem tamtych czas\u00f3w.<\/p>\n<p><span style=\"color: #008000\"><strong>Wydzia\u0142 Architektury Politechniki Bia\u0142ostockiej<\/strong><\/span>, kt\u00f3ry mie\u015bci si\u0119 przy ul. Oskara Sosnowskiego 11 przygotowa\u0142 wystawy malarstwa, fotografii, projekt\u00f3w architektonicznych, tworzonych zar\u00f3wno przez pracownik\u00f3w Wydzia\u0142u, jak i jego student\u00f3w. Wystawy w Hali Wydzia\u0142u Architektury mo\u017cna zwiedza\u0107 bez wcze\u015bniejszej rejestracji.<\/p>\n<p>B\u0119dzie te\u017c spotkanie ze studentami, kt\u00f3rzy na Wydziale Architektury realizuj\u0105 swoje pasje w ko\u0142ach naukowych: SKN Cave, SKN Ciemnia, SKN Forma, SKN Ko\u0142o Miasta, SKN ma\u0142aARCHITEKTURA, SKN VHS. Studenci zorganizuj\u0105 kilka wydarze\u0144 pod wsp\u00f3ln\u0105 nazw\u0105 Ko\u0142o Pasji. W\u015br\u00f3d propozycji s\u0105: spotkanie przy kawie z wybitnym architektem Janem Kabacem, warsztaty dla dzieci: Ma\u0142y urbanista, ciekawe warsztaty z okulografii, kt\u00f3ra przydaje si\u0119 na przyk\u0142ad w tworzeniu gier komputerowych. Polecamy r\u00f3wnie\u017c zupe\u0142nie niezwyk\u0142e spotkanie prezentuj\u0105ce wk\u0142ad Politechniki Bia\u0142ostockiej w projekt D\u017awi\u0119kowa Mapa Bia\u0142egostoku. B\u0119dzie to prezentacja po\u0142\u0105czona z \u0107wiczeniami aktywnego s\u0142uchania. Us\u0142yszymy jak brzmi\u0105 okre\u015blone miejsca Bia\u0142egostoku. Wys\u0142ucha\u0107 te\u017c b\u0119dzie mo\u017cna wyk\u0142ad\u00f3w, na kt\u00f3rych zastanawia\u0107 si\u0119 b\u0119dziemy: Czy warto inwestowa\u0107 w dzie\u0142a sztuki? Dlaczego bia\u0142ostocki Zwierzyniec to park, a nie las?<\/p>\n<div class=\"embed-responsive embed-responsive-16by9\">&nbsp;<\/div>\n<p><span style=\"color: #008000\"><strong>Wydzia\u0142 In\u017cynierii Zarz\u0105dzania Politechniki Bia\u0142ostockiej<\/strong><\/span> w Kleosinie przy ulicy Ojca Tarasiuka 2 przygotowa\u0142 warsztaty z zarz\u0105dzania finansami osobistymi i wyk\u0142ad na temat koncepcji foresight, czyli naukowego zarz\u0105dzania przysz\u0142o\u015bci\u0105. B\u0119d\u0105 te\u017c spotkania z technologiami i rozwi\u0105zaniami stosowanymi w fabryce Przemys\u0142u 4.0<\/p>\n<div class=\"embed-responsive embed-responsive-16by9\">&nbsp;<\/div>\n<p>XXI Podlaski Festiwal Nauki i Sztuki to przedsi\u0119wzi\u0119cie anga\u017cuj\u0105ce ca\u0142\u0105 Politechnik\u0119 Bia\u0142ostock\u0105: sze\u015b\u0107 naszych wydzia\u0142\u00f3w, Bibliotek\u0119, Studium J\u0119zyk\u00f3w Obcych, Studium Wychowania Fizycznego i Sportu. Nasi naukowcy, studenci i pracownicy przygotowali wyk\u0142ady, warsztaty, pokazy, konkursy, spotkania, wycieczki.<\/p>\n<p>Znakomitym przewodnikiem po atrakcjach XXI Podlaskiego Festiwalu Nauki i Sztuki w Politechnice Bia\u0142ostockiej jest strona festiwalu: <a href=\"https:\/\/podlaskifestiwal.pl\/2025\/\">https:\/\/podlaskifestiwal.pl\/2025\/<\/a><\/p>\n<p>Przechodz\u0105c do zak\u0142adki <a href=\"https:\/\/podlaskifestiwal.pl\/2025\/program\/lista-imprez\/\">Lista Imprez<\/a> mo\u017cna wybra\u0107 dzie\u0144, organizatora, tematyk\u0119, czy grup\u0119 odbiorc\u00f3w. W ten spos\u00f3b mo\u017cna skomponowa\u0107 w\u0142asny plan na sp\u0119dzenie 12 maja z Politechnik\u0105 Bia\u0142ostock\u0105.<\/p>\n<p>Politechnika Bia\u0142ostocka zaprezentuje sw\u00f3j potencja\u0142 tak\u017ce 18 maja (niedziela) na Rodzinnym Pikniku Naukowym na Stadionie Chorten Arena w Bia\u0142ymstoku (ul. S\u0142oneczna 1). Od godz. 10 na stoisko Politechniki Bia\u0142ostockiej zapraszamy ma\u0142ych i du\u017cych odkrywc\u00f3w.<\/p>\n<p>Wi\u0119cej:&nbsp;<a title=\"Zobacz jak bawili\u015bmy si\u0119 w poprzednich edycjach\" href=\"https:\/\/www.youtube.com\/playlist?list=PLSWFQy6lDc75qZB-5JwyzqS9Mdg1jU2-J\">Zobacz jak bawili\u015bmy si\u0119 w poprzednich edycjach<\/a><\/p>\n<p>Zapraszamy!<\/p>\n<p>XXI Podlaski Festiwal Nauki i Sztuki to najwi\u0119ksze cykliczne wydarzenie popularyzuj\u0105ce nauk\u0119 w Polsce p\u00f3\u0142nocno-wschodniej.<\/p>\n<p>Organizuje je wsp\u00f3lnie 11 uczelni publicznych i niepublicznych: Uniwersytet Medyczny w Bia\u0142ymstoku, Uniwersytet w Bia\u0142ymstoku, Politechnika Bia\u0142ostocka, Uniwersytet Muzyczny Fryderyka Chopina \u2013 Wydzia\u0142 Instrumentalno-Pedagogiczny, Edukacji Muzycznej i Wokalistyki w Bia\u0142ymstoku, Akademia Teatralna im. Aleksandra Zelwerowicza Filia w Bia\u0142ymstoku, Wy\u017csza Szko\u0142a Medyczna w Bia\u0142ymstoku, Akademia Podlaska w Bia\u0142ymstoku \u2013 Akademia Nauk Stosowanych, Akademia \u0141om\u017cy\u0144ska, Pa\u0144stwowa Uczelnia Zawodowa w Suwa\u0142kach, Wy\u017csza Szko\u0142a Ekonomiczna w Bia\u0142ymstoku, Wschodnioeuropejska Akademia Nauk Stosowanych w Bia\u0142ymstoku oraz Bia\u0142ostocki Park Naukowo-Technologiczny.<\/p>\n<p>W 2025 roku koordynatorem g\u0142\u00f3wnym Festiwalu jest Uniwersytet Medyczny w Bia\u0142ymstoku.<\/p>\n<p>Projekt dofinansowany ze \u015brodk\u00f3w bud\u017cetu pa\u0144stwa, przyznanych przez Ministerstwo Nauki i Szkolnictwa Wy\u017cszego w ramach Programu \u201eSpo\u0142eczna odpowiedzialno\u015b\u0107 nauki II\u201d.<\/p>\n<p>&nbsp;<\/p>\n","protected":false},"excerpt":{"rendered":"<p>Politechnika Bia\u0142ostocka zaprasza na prezentacje i warsztaty w ramach XXI Podlaskiego Festiwalu Nauki i Sztuki w poniedzia\u0142ek 12 maja 2025 roku. Bolidy Formula Student, programowanie robot\u00f3w, miotanie piorun\u00f3w, energoch\u0142onno\u015b\u0107 budynk\u00f3w, kolorowa chemia czy zarz\u0105dzanie finansami to tylko kilka spo\u015br\u00f3d 130 naukowych atrakcji dopasowanych do dzieci, m\u0142odzie\u017cy i doros\u0142ych. Uczelnia przygotowa\u0142a atrakcje dla ponad 2 tys. [&hellip;]<\/p>\n","protected":false},"author":79,"featured_media":12347,"comment_status":"closed","ping_status":"closed","sticky":false,"template":"","format":"standard","meta":{"ngg_post_thumbnail":0,"footnotes":""},"categories":[1],"tags":[],"class_list":["post-12343","post","type-post","status-publish","format-standard","has-post-thumbnail","hentry","category-uncategorized"],"yoast_head":"<!-- This site is optimized with the Yoast SEO plugin v27.1.1 - https:\/\/yoast.com\/product\/yoast-seo-wordpress\/ -->\n<title>XXI Podlaski Festiwal Nauki i Sztuki z Politechnik\u0105 Bia\u0142ostock\u0105. 12 maja 2025 r. - XX Podlaski Festiwal Nauki i Sztuki 2025<\/title>\n<meta name=\"robots\" content=\"index, follow, max-snippet:-1, max-image-preview:large, max-video-preview:-1\" \/>\n<link rel=\"canonical\" href=\"https:\/\/podlaskifestiwal.pl\/2025\/xxi-podlaski-festiwal-nauki-i-sztuki-z-politechnika-bialostocka-12-maja-2025-r\/\" \/>\n<meta property=\"og:locale\" content=\"pl_PL\" \/>\n<meta property=\"og:type\" content=\"article\" \/>\n<meta property=\"og:title\" content=\"XXI Podlaski Festiwal Nauki i Sztuki z Politechnik\u0105 Bia\u0142ostock\u0105. 12 maja 2025 r. - XX Podlaski Festiwal Nauki i Sztuki 2025\" \/>\n<meta property=\"og:description\" content=\"Politechnika Bia\u0142ostocka zaprasza na prezentacje i warsztaty w ramach XXI Podlaskiego Festiwalu Nauki i Sztuki w poniedzia\u0142ek 12 maja 2025 roku. Bolidy Formula Student, programowanie robot\u00f3w, miotanie piorun\u00f3w, energoch\u0142onno\u015b\u0107 budynk\u00f3w, kolorowa chemia czy zarz\u0105dzanie finansami to tylko kilka spo\u015br\u00f3d 130 naukowych atrakcji dopasowanych do dzieci, m\u0142odzie\u017cy i doros\u0142ych. Uczelnia przygotowa\u0142a atrakcje dla ponad 2 tys. [&hellip;]\" \/>\n<meta property=\"og:url\" content=\"https:\/\/podlaskifestiwal.pl\/2025\/xxi-podlaski-festiwal-nauki-i-sztuki-z-politechnika-bialostocka-12-maja-2025-r\/\" \/>\n<meta property=\"og:site_name\" content=\"XX Podlaski Festiwal Nauki i Sztuki 2025\" \/>\n<meta property=\"article:published_time\" content=\"2025-04-21T08:20:00+00:00\" \/>\n<meta property=\"article:modified_time\" content=\"2025-04-22T06:31:16+00:00\" \/>\n<meta property=\"og:image\" content=\"https:\/\/podlaskifestiwal.pl\/2025\/wp-content\/uploads\/sites\/7\/2025\/04\/2024-05-13-Podlaski-Festiwal-Nauki-i-Sztuki-na-PB-fot-Dariusz-Piekut-43.jpg\" \/>\n\t<meta property=\"og:image:width\" content=\"2160\" \/>\n\t<meta property=\"og:image:height\" content=\"1350\" \/>\n\t<meta property=\"og:image:type\" content=\"image\/jpeg\" \/>\n<meta name=\"author\" content=\"mrokicka\" \/>\n<meta name=\"twitter:card\" content=\"summary_large_image\" \/>\n<meta name=\"twitter:label1\" content=\"Napisane przez\" \/>\n\t<meta name=\"twitter:data1\" content=\"mrokicka\" \/>\n\t<meta name=\"twitter:label2\" content=\"Szacowany czas czytania\" \/>\n\t<meta name=\"twitter:data2\" content=\"7 minut\" \/>\n<script type=\"application\/ld+json\" class=\"yoast-schema-graph\">{\"@context\":\"https:\/\/schema.org\",\"@graph\":[{\"@type\":\"Article\",\"@id\":\"https:\/\/podlaskifestiwal.pl\/2025\/xxi-podlaski-festiwal-nauki-i-sztuki-z-politechnika-bialostocka-12-maja-2025-r\/#article\",\"isPartOf\":{\"@id\":\"https:\/\/podlaskifestiwal.pl\/2025\/xxi-podlaski-festiwal-nauki-i-sztuki-z-politechnika-bialostocka-12-maja-2025-r\/\"},\"author\":{\"name\":\"mrokicka\",\"@id\":\"https:\/\/podlaskifestiwal.pl\/2025\/#\/schema\/person\/dca926f86026b7b03f31a74b58ddbe3c\"},\"headline\":\"XXI Podlaski Festiwal Nauki i Sztuki z Politechnik\u0105 Bia\u0142ostock\u0105. 12 maja 2025 r.\",\"datePublished\":\"2025-04-21T08:20:00+00:00\",\"dateModified\":\"2025-04-22T06:31:16+00:00\",\"mainEntityOfPage\":{\"@id\":\"https:\/\/podlaskifestiwal.pl\/2025\/xxi-podlaski-festiwal-nauki-i-sztuki-z-politechnika-bialostocka-12-maja-2025-r\/\"},\"wordCount\":1337,\"publisher\":{\"@id\":\"https:\/\/podlaskifestiwal.pl\/2025\/#organization\"},\"image\":{\"@id\":\"https:\/\/podlaskifestiwal.pl\/2025\/xxi-podlaski-festiwal-nauki-i-sztuki-z-politechnika-bialostocka-12-maja-2025-r\/#primaryimage\"},\"thumbnailUrl\":\"https:\/\/podlaskifestiwal.pl\/2025\/wp-content\/uploads\/sites\/7\/2025\/04\/2024-05-13-Podlaski-Festiwal-Nauki-i-Sztuki-na-PB-fot-Dariusz-Piekut-43.jpg\",\"articleSection\":[\"Uncategorized\"],\"inLanguage\":\"pl-PL\"},{\"@type\":\"WebPage\",\"@id\":\"https:\/\/podlaskifestiwal.pl\/2025\/xxi-podlaski-festiwal-nauki-i-sztuki-z-politechnika-bialostocka-12-maja-2025-r\/\",\"url\":\"https:\/\/podlaskifestiwal.pl\/2025\/xxi-podlaski-festiwal-nauki-i-sztuki-z-politechnika-bialostocka-12-maja-2025-r\/\",\"name\":\"XXI Podlaski Festiwal Nauki i Sztuki z Politechnik\u0105 Bia\u0142ostock\u0105. 12 maja 2025 r. - XX Podlaski Festiwal Nauki i Sztuki 2025\",\"isPartOf\":{\"@id\":\"https:\/\/podlaskifestiwal.pl\/2025\/#website\"},\"primaryImageOfPage\":{\"@id\":\"https:\/\/podlaskifestiwal.pl\/2025\/xxi-podlaski-festiwal-nauki-i-sztuki-z-politechnika-bialostocka-12-maja-2025-r\/#primaryimage\"},\"image\":{\"@id\":\"https:\/\/podlaskifestiwal.pl\/2025\/xxi-podlaski-festiwal-nauki-i-sztuki-z-politechnika-bialostocka-12-maja-2025-r\/#primaryimage\"},\"thumbnailUrl\":\"https:\/\/podlaskifestiwal.pl\/2025\/wp-content\/uploads\/sites\/7\/2025\/04\/2024-05-13-Podlaski-Festiwal-Nauki-i-Sztuki-na-PB-fot-Dariusz-Piekut-43.jpg\",\"datePublished\":\"2025-04-21T08:20:00+00:00\",\"dateModified\":\"2025-04-22T06:31:16+00:00\",\"breadcrumb\":{\"@id\":\"https:\/\/podlaskifestiwal.pl\/2025\/xxi-podlaski-festiwal-nauki-i-sztuki-z-politechnika-bialostocka-12-maja-2025-r\/#breadcrumb\"},\"inLanguage\":\"pl-PL\",\"potentialAction\":[{\"@type\":\"ReadAction\",\"target\":[\"https:\/\/podlaskifestiwal.pl\/2025\/xxi-podlaski-festiwal-nauki-i-sztuki-z-politechnika-bialostocka-12-maja-2025-r\/\"]}]},{\"@type\":\"ImageObject\",\"inLanguage\":\"pl-PL\",\"@id\":\"https:\/\/podlaskifestiwal.pl\/2025\/xxi-podlaski-festiwal-nauki-i-sztuki-z-politechnika-bialostocka-12-maja-2025-r\/#primaryimage\",\"url\":\"https:\/\/podlaskifestiwal.pl\/2025\/wp-content\/uploads\/sites\/7\/2025\/04\/2024-05-13-Podlaski-Festiwal-Nauki-i-Sztuki-na-PB-fot-Dariusz-Piekut-43.jpg\",\"contentUrl\":\"https:\/\/podlaskifestiwal.pl\/2025\/wp-content\/uploads\/sites\/7\/2025\/04\/2024-05-13-Podlaski-Festiwal-Nauki-i-Sztuki-na-PB-fot-Dariusz-Piekut-43.jpg\",\"width\":2160,\"height\":1350,\"caption\":\"2024-05-13-Podlaski-Festiwal-Nauki-i-Sztuki-na-PB-fot-Dariusz-Piekut\"},{\"@type\":\"BreadcrumbList\",\"@id\":\"https:\/\/podlaskifestiwal.pl\/2025\/xxi-podlaski-festiwal-nauki-i-sztuki-z-politechnika-bialostocka-12-maja-2025-r\/#breadcrumb\",\"itemListElement\":[{\"@type\":\"ListItem\",\"position\":1,\"name\":\"Strona g\u0142\u00f3wna\",\"item\":\"https:\/\/podlaskifestiwal.pl\/2025\/\"},{\"@type\":\"ListItem\",\"position\":2,\"name\":\"XXI Podlaski Festiwal Nauki i Sztuki z Politechnik\u0105 Bia\u0142ostock\u0105. 12 maja 2025 r.\"}]},{\"@type\":\"WebSite\",\"@id\":\"https:\/\/podlaskifestiwal.pl\/2025\/#website\",\"url\":\"https:\/\/podlaskifestiwal.pl\/2025\/\",\"name\":\"XXI Podlaski Festiwal Nauki i Sztuki\",\"description\":\"XXI Podlaski Festiwal Nauki i Sztuki\",\"publisher\":{\"@id\":\"https:\/\/podlaskifestiwal.pl\/2025\/#organization\"},\"potentialAction\":[{\"@type\":\"SearchAction\",\"target\":{\"@type\":\"EntryPoint\",\"urlTemplate\":\"https:\/\/podlaskifestiwal.pl\/2025\/?s={search_term_string}\"},\"query-input\":{\"@type\":\"PropertyValueSpecification\",\"valueRequired\":true,\"valueName\":\"search_term_string\"}}],\"inLanguage\":\"pl-PL\"},{\"@type\":\"Organization\",\"@id\":\"https:\/\/podlaskifestiwal.pl\/2025\/#organization\",\"name\":\"XXI Podlaski Festiwal Nauki i Sztuki\",\"url\":\"https:\/\/podlaskifestiwal.pl\/2025\/\",\"logo\":{\"@type\":\"ImageObject\",\"inLanguage\":\"pl-PL\",\"@id\":\"https:\/\/podlaskifestiwal.pl\/2025\/#\/schema\/logo\/image\/\",\"url\":\"https:\/\/podlaskifestiwal.pl\/2025\/wp-content\/uploads\/sites\/7\/2025\/04\/Baner-Fleming-1.png\",\"contentUrl\":\"https:\/\/podlaskifestiwal.pl\/2025\/wp-content\/uploads\/sites\/7\/2025\/04\/Baner-Fleming-1.png\",\"width\":2400,\"height\":800,\"caption\":\"XXI Podlaski Festiwal Nauki i Sztuki\"},\"image\":{\"@id\":\"https:\/\/podlaskifestiwal.pl\/2025\/#\/schema\/logo\/image\/\"}},{\"@type\":\"Person\",\"@id\":\"https:\/\/podlaskifestiwal.pl\/2025\/#\/schema\/person\/dca926f86026b7b03f31a74b58ddbe3c\",\"name\":\"mrokicka\",\"url\":\"https:\/\/podlaskifestiwal.pl\/2025\/author\/mrokicka\/\"}]}<\/script>\n<!-- \/ Yoast SEO plugin. -->","yoast_head_json":{"title":"XXI Podlaski Festiwal Nauki i Sztuki z Politechnik\u0105 Bia\u0142ostock\u0105. 12 maja 2025 r. - XX Podlaski Festiwal Nauki i Sztuki 2025","robots":{"index":"index","follow":"follow","max-snippet":"max-snippet:-1","max-image-preview":"max-image-preview:large","max-video-preview":"max-video-preview:-1"},"canonical":"https:\/\/podlaskifestiwal.pl\/2025\/xxi-podlaski-festiwal-nauki-i-sztuki-z-politechnika-bialostocka-12-maja-2025-r\/","og_locale":"pl_PL","og_type":"article","og_title":"XXI Podlaski Festiwal Nauki i Sztuki z Politechnik\u0105 Bia\u0142ostock\u0105. 12 maja 2025 r. - XX Podlaski Festiwal Nauki i Sztuki 2025","og_description":"Politechnika Bia\u0142ostocka zaprasza na prezentacje i warsztaty w ramach XXI Podlaskiego Festiwalu Nauki i Sztuki w poniedzia\u0142ek 12 maja 2025 roku. Bolidy Formula Student, programowanie robot\u00f3w, miotanie piorun\u00f3w, energoch\u0142onno\u015b\u0107 budynk\u00f3w, kolorowa chemia czy zarz\u0105dzanie finansami to tylko kilka spo\u015br\u00f3d 130 naukowych atrakcji dopasowanych do dzieci, m\u0142odzie\u017cy i doros\u0142ych. Uczelnia przygotowa\u0142a atrakcje dla ponad 2 tys. [&hellip;]","og_url":"https:\/\/podlaskifestiwal.pl\/2025\/xxi-podlaski-festiwal-nauki-i-sztuki-z-politechnika-bialostocka-12-maja-2025-r\/","og_site_name":"XX Podlaski Festiwal Nauki i Sztuki 2025","article_published_time":"2025-04-21T08:20:00+00:00","article_modified_time":"2025-04-22T06:31:16+00:00","og_image":[{"width":2160,"height":1350,"url":"https:\/\/podlaskifestiwal.pl\/2025\/wp-content\/uploads\/sites\/7\/2025\/04\/2024-05-13-Podlaski-Festiwal-Nauki-i-Sztuki-na-PB-fot-Dariusz-Piekut-43.jpg","type":"image\/jpeg"}],"author":"mrokicka","twitter_card":"summary_large_image","twitter_misc":{"Napisane przez":"mrokicka","Szacowany czas czytania":"7 minut"},"schema":{"@context":"https:\/\/schema.org","@graph":[{"@type":"Article","@id":"https:\/\/podlaskifestiwal.pl\/2025\/xxi-podlaski-festiwal-nauki-i-sztuki-z-politechnika-bialostocka-12-maja-2025-r\/#article","isPartOf":{"@id":"https:\/\/podlaskifestiwal.pl\/2025\/xxi-podlaski-festiwal-nauki-i-sztuki-z-politechnika-bialostocka-12-maja-2025-r\/"},"author":{"name":"mrokicka","@id":"https:\/\/podlaskifestiwal.pl\/2025\/#\/schema\/person\/dca926f86026b7b03f31a74b58ddbe3c"},"headline":"XXI Podlaski Festiwal Nauki i Sztuki z Politechnik\u0105 Bia\u0142ostock\u0105. 12 maja 2025 r.","datePublished":"2025-04-21T08:20:00+00:00","dateModified":"2025-04-22T06:31:16+00:00","mainEntityOfPage":{"@id":"https:\/\/podlaskifestiwal.pl\/2025\/xxi-podlaski-festiwal-nauki-i-sztuki-z-politechnika-bialostocka-12-maja-2025-r\/"},"wordCount":1337,"publisher":{"@id":"https:\/\/podlaskifestiwal.pl\/2025\/#organization"},"image":{"@id":"https:\/\/podlaskifestiwal.pl\/2025\/xxi-podlaski-festiwal-nauki-i-sztuki-z-politechnika-bialostocka-12-maja-2025-r\/#primaryimage"},"thumbnailUrl":"https:\/\/podlaskifestiwal.pl\/2025\/wp-content\/uploads\/sites\/7\/2025\/04\/2024-05-13-Podlaski-Festiwal-Nauki-i-Sztuki-na-PB-fot-Dariusz-Piekut-43.jpg","articleSection":["Uncategorized"],"inLanguage":"pl-PL"},{"@type":"WebPage","@id":"https:\/\/podlaskifestiwal.pl\/2025\/xxi-podlaski-festiwal-nauki-i-sztuki-z-politechnika-bialostocka-12-maja-2025-r\/","url":"https:\/\/podlaskifestiwal.pl\/2025\/xxi-podlaski-festiwal-nauki-i-sztuki-z-politechnika-bialostocka-12-maja-2025-r\/","name":"XXI Podlaski Festiwal Nauki i Sztuki z Politechnik\u0105 Bia\u0142ostock\u0105. 12 maja 2025 r. - XX Podlaski Festiwal Nauki i Sztuki 2025","isPartOf":{"@id":"https:\/\/podlaskifestiwal.pl\/2025\/#website"},"primaryImageOfPage":{"@id":"https:\/\/podlaskifestiwal.pl\/2025\/xxi-podlaski-festiwal-nauki-i-sztuki-z-politechnika-bialostocka-12-maja-2025-r\/#primaryimage"},"image":{"@id":"https:\/\/podlaskifestiwal.pl\/2025\/xxi-podlaski-festiwal-nauki-i-sztuki-z-politechnika-bialostocka-12-maja-2025-r\/#primaryimage"},"thumbnailUrl":"https:\/\/podlaskifestiwal.pl\/2025\/wp-content\/uploads\/sites\/7\/2025\/04\/2024-05-13-Podlaski-Festiwal-Nauki-i-Sztuki-na-PB-fot-Dariusz-Piekut-43.jpg","datePublished":"2025-04-21T08:20:00+00:00","dateModified":"2025-04-22T06:31:16+00:00","breadcrumb":{"@id":"https:\/\/podlaskifestiwal.pl\/2025\/xxi-podlaski-festiwal-nauki-i-sztuki-z-politechnika-bialostocka-12-maja-2025-r\/#breadcrumb"},"inLanguage":"pl-PL","potentialAction":[{"@type":"ReadAction","target":["https:\/\/podlaskifestiwal.pl\/2025\/xxi-podlaski-festiwal-nauki-i-sztuki-z-politechnika-bialostocka-12-maja-2025-r\/"]}]},{"@type":"ImageObject","inLanguage":"pl-PL","@id":"https:\/\/podlaskifestiwal.pl\/2025\/xxi-podlaski-festiwal-nauki-i-sztuki-z-politechnika-bialostocka-12-maja-2025-r\/#primaryimage","url":"https:\/\/podlaskifestiwal.pl\/2025\/wp-content\/uploads\/sites\/7\/2025\/04\/2024-05-13-Podlaski-Festiwal-Nauki-i-Sztuki-na-PB-fot-Dariusz-Piekut-43.jpg","contentUrl":"https:\/\/podlaskifestiwal.pl\/2025\/wp-content\/uploads\/sites\/7\/2025\/04\/2024-05-13-Podlaski-Festiwal-Nauki-i-Sztuki-na-PB-fot-Dariusz-Piekut-43.jpg","width":2160,"height":1350,"caption":"2024-05-13-Podlaski-Festiwal-Nauki-i-Sztuki-na-PB-fot-Dariusz-Piekut"},{"@type":"BreadcrumbList","@id":"https:\/\/podlaskifestiwal.pl\/2025\/xxi-podlaski-festiwal-nauki-i-sztuki-z-politechnika-bialostocka-12-maja-2025-r\/#breadcrumb","itemListElement":[{"@type":"ListItem","position":1,"name":"Strona g\u0142\u00f3wna","item":"https:\/\/podlaskifestiwal.pl\/2025\/"},{"@type":"ListItem","position":2,"name":"XXI Podlaski Festiwal Nauki i Sztuki z Politechnik\u0105 Bia\u0142ostock\u0105. 12 maja 2025 r."}]},{"@type":"WebSite","@id":"https:\/\/podlaskifestiwal.pl\/2025\/#website","url":"https:\/\/podlaskifestiwal.pl\/2025\/","name":"XXI Podlaski Festiwal Nauki i Sztuki","description":"XXI Podlaski Festiwal Nauki i Sztuki","publisher":{"@id":"https:\/\/podlaskifestiwal.pl\/2025\/#organization"},"potentialAction":[{"@type":"SearchAction","target":{"@type":"EntryPoint","urlTemplate":"https:\/\/podlaskifestiwal.pl\/2025\/?s={search_term_string}"},"query-input":{"@type":"PropertyValueSpecification","valueRequired":true,"valueName":"search_term_string"}}],"inLanguage":"pl-PL"},{"@type":"Organization","@id":"https:\/\/podlaskifestiwal.pl\/2025\/#organization","name":"XXI Podlaski Festiwal Nauki i Sztuki","url":"https:\/\/podlaskifestiwal.pl\/2025\/","logo":{"@type":"ImageObject","inLanguage":"pl-PL","@id":"https:\/\/podlaskifestiwal.pl\/2025\/#\/schema\/logo\/image\/","url":"https:\/\/podlaskifestiwal.pl\/2025\/wp-content\/uploads\/sites\/7\/2025\/04\/Baner-Fleming-1.png","contentUrl":"https:\/\/podlaskifestiwal.pl\/2025\/wp-content\/uploads\/sites\/7\/2025\/04\/Baner-Fleming-1.png","width":2400,"height":800,"caption":"XXI Podlaski Festiwal Nauki i Sztuki"},"image":{"@id":"https:\/\/podlaskifestiwal.pl\/2025\/#\/schema\/logo\/image\/"}},{"@type":"Person","@id":"https:\/\/podlaskifestiwal.pl\/2025\/#\/schema\/person\/dca926f86026b7b03f31a74b58ddbe3c","name":"mrokicka","url":"https:\/\/podlaskifestiwal.pl\/2025\/author\/mrokicka\/"}]}},"_links":{"self":[{"href":"https:\/\/podlaskifestiwal.pl\/2025\/wp-json\/wp\/v2\/posts\/12343","targetHints":{"allow":["GET"]}}],"collection":[{"href":"https:\/\/podlaskifestiwal.pl\/2025\/wp-json\/wp\/v2\/posts"}],"about":[{"href":"https:\/\/podlaskifestiwal.pl\/2025\/wp-json\/wp\/v2\/types\/post"}],"author":[{"embeddable":true,"href":"https:\/\/podlaskifestiwal.pl\/2025\/wp-json\/wp\/v2\/users\/79"}],"replies":[{"embeddable":true,"href":"https:\/\/podlaskifestiwal.pl\/2025\/wp-json\/wp\/v2\/comments?post=12343"}],"version-history":[{"count":4,"href":"https:\/\/podlaskifestiwal.pl\/2025\/wp-json\/wp\/v2\/posts\/12343\/revisions"}],"predecessor-version":[{"id":12350,"href":"https:\/\/podlaskifestiwal.pl\/2025\/wp-json\/wp\/v2\/posts\/12343\/revisions\/12350"}],"wp:featuredmedia":[{"embeddable":true,"href":"https:\/\/podlaskifestiwal.pl\/2025\/wp-json\/wp\/v2\/media\/12347"}],"wp:attachment":[{"href":"https:\/\/podlaskifestiwal.pl\/2025\/wp-json\/wp\/v2\/media?parent=12343"}],"wp:term":[{"taxonomy":"category","embeddable":true,"href":"https:\/\/podlaskifestiwal.pl\/2025\/wp-json\/wp\/v2\/categories?post=12343"},{"taxonomy":"post_tag","embeddable":true,"href":"https:\/\/podlaskifestiwal.pl\/2025\/wp-json\/wp\/v2\/tags?post=12343"}],"curies":[{"name":"wp","href":"https:\/\/api.w.org\/{rel}","templated":true}]}}