{"id":12320,"date":"2025-04-14T10:10:55","date_gmt":"2025-04-14T10:10:55","guid":{"rendered":"https:\/\/podlaskifestiwal.pl\/2025\/?p=12320"},"modified":"2025-04-14T17:08:47","modified_gmt":"2025-04-14T17:08:47","slug":"blisko-500-wydarzen-na-xxi-podlaskim-festiwalu-nauki-i-sztuki-ruszyla-rejestracja-na-warsztaty-i-zajecia-festiwalowe","status":"publish","type":"post","link":"https:\/\/podlaskifestiwal.pl\/2025\/blisko-500-wydarzen-na-xxi-podlaskim-festiwalu-nauki-i-sztuki-ruszyla-rejestracja-na-warsztaty-i-zajecia-festiwalowe\/","title":{"rendered":"Blisko 500 wydarze\u0144 na XXI Podlaskim Festiwalu Nauki i Sztuki. Ruszy\u0142a rejestracja na warsztaty i zaj\u0119cia festiwalowe!"},"content":{"rendered":"<p><strong>Podlaski Festiwal Nauki i Sztuki (PFNiS) to najwi\u0119ksza cykliczna impreza w Polsce p\u00f3\u0142nocno-wschodniej, popularyzuj\u0105ca i przybli\u017caj\u0105ca nauk\u0119 oraz sztuk\u0119. W 2025 roku odbywa si\u0119&nbsp; po raz dwudziesty pierwszy, a organizuj\u0105 j\u0105 ju\u017c tradycyjnie i wsp\u00f3lnie prawie wszystkie publiczne i niepubliczne uczelnie wy\u017csze wojew\u00f3dztwa podlaskiego oraz Bia\u0142ostocki Park Naukowo-Technologiczny \u2013 w sumie 12 partner\u00f3w. Do udzia\u0142u w blisko 500 wydarzeniach, kt\u00f3re odb\u0119d\u0105 si\u0119 w dniach od 9 do 18 maja 2025 r. zapraszali podczas konferencji prasowej (11 kwietnia 2025 r.) organizatorzy i koordynatorzy tegorocznego Festiwalu. Rejestracja na wydarzenia festiwalowe \u2013 warsztaty i zaj\u0119cia \u2013 jest ju\u017c otwarta. Zapraszamy na stron\u0119 <span style=\"color: #3366ff\"><a style=\"color: #3366ff\" href=\"https:\/\/podlaskifestiwal.pl\/2025\/rejestracja\/\">https:\/\/podlaskifestiwal.pl\/2025\/rejestracja\/<\/a><\/span><\/strong><\/p>\n<p>Podlaski Festiwal Nauki i Sztuki (PFNiS) to najwi\u0119ksza cykliczna impreza w Polsce p\u00f3\u0142nocno-wschodniej, popularyzuj\u0105ca i przybli\u017caj\u0105ca nauk\u0119 oraz sztuk\u0119. W 2025 roku odbywa si\u0119 po raz dwudziesty pierwszy.<\/p>\n<p>W organizacj\u0119 tegorocznego Festiwalu zaanga\u017cowa\u0142o si\u0119 11 uczelni z regionu, a koordynatorem g\u0142\u00f3wnym wydarzenia jest w tym roku Uniwersytet Medyczny w Bia\u0142ymstoku. Ju\u017c tradycyjnie bogaty program festiwalowy przygotowa\u0142y: Uniwersytet w Bia\u0142ymstoku, Politechnika Bia\u0142ostocka, Akademia Teatralna im. Aleksandra Zelwerowicza w Warszawie Filia w Bia\u0142ymstoku, Uniwersytet Muzyczny Fryderyka Chopina Wydzia\u0142 Instrumentalno-Pedagogiczny, Edukacji Muzycznej i Wokalistyki Filia w Bia\u0142ymstoku, Akademia Podlaska w Bia\u0142ymstoku, Akademia \u0141om\u017cy\u0144ska, Pa\u0144stwowa Uczelnia Zawodowa im. Prof. Edwarda F. Szczepanika w Suwa\u0142kach, Wschodnioeuropejska Akademia Nauk Stosowanych w Bia\u0142ymstoku WANS, Wy\u017csza Szko\u0142a Ekonomiczna w Bia\u0142ymstoku, Wy\u017csza Szko\u0142a Medyczna w Bia\u0142ymstoku oraz EpiCentrum Nauki, prowadzone przez Bia\u0142ostocki Park Naukowo-Technologiczny.<\/p>\n<p><strong>Blisko 500 wydarze\u0144 w 7 dni<\/strong><\/p>\n<p>W programie m.in. wyk\u0142ady, warsztaty, laboratoria, wystawy, koncerty i spektakle, dzi\u0119ki kt\u00f3rym b\u0119dzie mo\u017cna poznawa\u0107 r\u00f3\u017cnorodne dziedziny nauki: humanistyczne, techniczne, \u015bcis\u0142e, przyrodnicze, spo\u0142eczne, medyczne, a tak\u017ce kultur\u0119 i sztuk\u0119.<br \/>\nW sumie przygotowanych zosta\u0142o ponad 500 wydarze\u0144 skierowanych do szerokiej publiczno\u015bci: od dzieci i m\u0142odzie\u017cy, przez rodziny, pasjonat\u00f3w nauki , czy senior\u00f3w. Wszystkie wydarzenia s\u0105 bezp\u0142atne, na wi\u0119kszo\u015b\u0107 z nich obowi\u0105zuje jednak, ze wzgl\u0119du na ograniczon\u0105 liczb\u0119 miejsc w salach i laboratoriach, <strong>rejestracja poprzez stron\u0119 internetow\u0105 <span style=\"color: #3366ff\"><a style=\"color: #3366ff\" href=\"https:\/\/podlaskifestiwal.pl\/2025\/rejestracja\/\">https:\/\/podlaskifestiwal.pl\/2025\/rejestracja\/<\/a> <\/span><\/strong>.<\/p>\n<p>Festiwal odbywa\u0107 si\u0119 b\u0119dzie <strong>w Bia\u0142ymstoku, \u0141om\u017cy, Suwa\u0142kach oraz w Wilnie na Litwie<\/strong> (Filia Uniwersytetu w Bia\u0142ymstoku).<\/p>\n<p>W jakim celu organizujemy spotkania popularyzuj\u0105ce nauk\u0119? O tym podczas konferencji prasowej ( 11 kwietnia 2025 r.)m\u00f3wi\u0142a Prorektor ds. nauki i ewaluacji Uniwersytetu Medycznego w Bia\u0142ymstoku, prof. Irina Kowalska:<\/p>\n<p><em>Nauka to odkrywanie prawdy, droga do prawdy i wiedza zdobyta dzi\u0119ki nauce pozwala nam nie tylko na zrozumienie i wyja\u015bnienie zjawisk, lecz r\u00f3wnie\u017c na ich praktyczne wprowadzenie w nasze praktyczne \u017cycie. Dzi\u0119ki temu staramy si\u0119 lepiej zrozumie\u0107 \u015bwiat. Ale te\u017c staramy si\u0119 pokaza\u0107, \u017ce nauka i sztuka, to nie jest co\u015b niedost\u0119pnego. T\u0119 cykliczn\u0105 imprez\u0119 kierujemy do wszystkich &#8211; od najm\u0142odszych do najstarszych i g\u0142\u0119boko wierzymy, \u017ce ka\u017cdy znajdzie tu dla siebie co\u015b ciekawego.<\/em><\/p>\n<p><strong>Motto tegorocznego Festiwalu: \u201eNie lekcewa\u017ccie nigdy zjawisk, kt\u00f3re wydaj\u0105 wam si\u0119 niezwyk\u0142e\u201d<\/strong><\/p>\n<p>XXI edycja Festiwalu odb\u0119dzie si\u0119 pod has\u0142em: \u201eNie lekcewa\u017ccie nigdy zjawisk, kt\u00f3re wydaj\u0105 wam si\u0119 niezwyk\u0142e\u201d &#8211; to s\u0142owa Alexandra Fleminga, odkrywcy penicyliny. XXI PFNiS upami\u0119tnia 80. rocznic\u0119 przyznania Flemingowi nagrody Nobla za wynalezienie penicyliny i 70. rocznic\u0119 jego \u015bmierci. W tym roku chcemy zwr\u00f3ci\u0107 uwag\u0119 na wa\u017cny temat antybiotyk\u00f3w, ich znaczenia w procesie leczenia, ale tak\u017ce ich nadmiernego stosowania w Polsce oraz na problem antybiotykooporno\u015bci.<\/p>\n<p>Chcieliby\u015bmy r\u00f3wnie\u017c praktycznie edukowa\u0107 spo\u0142ecze\u0144stwo, kiedy nale\u017cy i jak prawid\u0142owo przyjmowa\u0107 antybiotyki.<\/p>\n<p><em>Wiemy, ile istnie\u0144 ludzkich zosta\u0142o uratowanych dzi\u0119ki antybiotykom, natomiast dzisiaj, w 2025 r. chcieliby\u015bmy zwr\u00f3ci\u0107 uwag\u0119 na problem z nadu\u017cywaniem tych lek\u00f3w oraz na problem antybiotykooporno\u015bci. Chcieliby\u015bmy r\u00f3wnie\u017c zwr\u00f3ci\u0107 uwag\u0119 na choroby zaka\u017ane (&#8230;). Zach\u0119cam wszystkich do udzia\u0142u w wydarzeniach przygotowanych przez wszystkie uczelnie naszego wojew\u00f3dztwa i przez Bia\u0142ostocki Park Naukowo -Technologiczny.<\/em> &#8211; m\u00f3wi\u0142a prof. Anna Moniuszko- Malinowska, g\u0142\u00f3wna koordynatorka wydarzenia z Uniwersytetu Medycznego w Bia\u0142ymstoku.<\/p>\n<p><strong>9 maja o 17.00 &#8211; uroczysta inauguracja Festiwalu<\/strong><\/p>\n<p>Inauguracja Festiwalu odb\u0119dzie si\u0119 9 maja (godz. 17:00, Aula Magna Pa\u0142acu Branickich), a rozpocznie go <strong>wyk\u0142ad pt. \u201eAntybiotyki: od wielkich odkry\u0107 do globalnych problem\u00f3w \u2013 korzy\u015bci i zagro\u017cenia\u201d<\/strong> prof. dr hab. Katarzyny Dzier\u017canowska-Fangrat, mikrobiologa, specjalistki w zakresie leczenia antybiotykami.<\/p>\n<p>Po wyk\u0142adzie zapraszamy <strong>na prezentacj\u0119 pt. \u201eHistoria odkrycia penicyliny w Polsce\u201d<\/strong> &#8211; dr Magdaleny Muska\u0142y, kierownik Muzeum Historii Medycyny i Farmacji Uniwersytetu Medycznego w Bia\u0142ymstoku.<\/p>\n<p>Uroczyst\u0105 inauguracj\u0119 tegorocznego Festiwalu zako\u0144czy <strong>koncert inspirowany muzyk\u0105 dwudziestolecia mi\u0119dzywojennego<\/strong> &#8211; okresu, w kt\u00f3rym Alexander Fleming odkry\u0142 penicylin\u0119. Aktorka Alicja Grabowska zaprezentuje mi\u0119dzy innymi utwory Zygmunta Bia\u0142ostockiego, urodzonego w Bia\u0142ymstoku kompozytora popularnych w dwudziestoleciu mi\u0119dzywojennym piosenek, jak r\u00f3wnie\u017c \u015bwiatowe standardy jazzowe z tego okresu.<\/p>\n<p>Podczas inauguracji zostanie przygotowane tak\u017ce specjalne laboratorium Alexandra Fleminga w uj\u0119ciu historycznym.<\/p>\n<p><strong>Harmonogram XXI PFNiS<\/strong><\/p>\n<p><strong>10 maja<\/strong>, w sobot\u0119 na Festiwalowej scenie zaprezentuje si\u0119 Akademia Teatralna im. A. Zelwerowicza w Warszawie Filia w Bia\u0142ymstoku z pokazem spektaklu \u201cWypi\u00f3r\u201d . W poniedzia\u0142ek <strong>12 maja<\/strong> festiwalowe stery przejmie Politechnika Bia\u0142ostocka, kt\u00f3ra przygotowa\u0142a tego dnia 137 wydarze\u0144. We wtorek<strong> 13 maja<\/strong> na atrakcje Festiwalowe zapraszamy do Akademii \u0141om\u017cy\u0144skiej i na Uniwersytet Muzyczny Fryderyka Chopina.<\/p>\n<p><strong>14 maja<\/strong> to dzie\u0144 Uniwersytetu Medycznego w Bia\u0142ymstoku, kt\u00f3ry przygotowa\u0142 prawie 50 r\u00f3\u017cnych wydarze\u0144 na terenie Uczelni i na dziedzi\u0144cu przed Pa\u0142acem Branickich. W tym dniu zapraszamy r\u00f3wnie\u017c do Suwa\u0142k, do Pa\u0144stwowej Uczelni Zawodowej im. Prof. Edwarda F. Szczepanika.<\/p>\n<p>W czwartek <strong>15 maja<\/strong> bank wydarze\u0144 rozbi\u0142 Uniwersytet w Bia\u0142ymstoku, przygotowa\u0142 ponad 100 atrakcji, dziel\u0105c scen\u0119 festiwalow\u0105 z Wy\u017csz\u0105 Szko\u0142\u0105 Medyczn\u0105 w Bia\u0142ymstoku i Wschodnioeuropejsk\u0105 Akademi\u0105 Nauk Stosowanych.<\/p>\n<p><strong>16 maja<\/strong> (w pi\u0105tek) do udzia\u0142u w licznych wydarzeniach festiwalowych zapraszaj\u0105: Akademia Podlaska, Bia\u0142ostocki Park Naukowo-Technologiczny i EpiCentrum Nauki oraz Wy\u017csza Szko\u0142a Ekonomiczna w Bia\u0142ymstoku.<\/p>\n<p>Pe\u0142na lista wydarze\u0144, przygotowanych przez poszczeg\u00f3lne uczelnie znajduje si\u0119 na stronie: <span style=\"color: #3366ff\"><a style=\"color: #3366ff\" href=\"https:\/\/podlaskifestiwal.pl\/2025\/program\/lista-imprez\/\">https:\/\/podlaskifestiwal.pl\/2025\/program\/lista-imprez\/<\/a><\/span><\/p>\n<p><strong>18 maja &#8211; Rodzinny Piknik Naukowy na Stadionie Chorten Arena<\/strong><\/p>\n<p>Podczas Rodzinnego Pikniku Naukowego (od 10.00 do 16.00) uczelnie wsp\u00f3lnie z EpiCentrum Nauki przygotowuj\u0105 ponad 50 r\u00f3\u017cnorodnych dzia\u0142a\u0144 naukowych oraz atrakcji edukacyjnych i kulturalnych. Czynne b\u0119dzie tak\u017ce praktyczne stanowisko mikrobiologiczne, gdzie zaprezentujemy podstawowe metody badania drobnoustroj\u00f3w oraz ich wra\u017cliwo\u015bci na antybiotyki, a tak\u017ce techniki biologii molekularnej wykorzystywane w badaniu oporno\u015bci drobnoustroj\u00f3w na antybiotyki. Do akcji edukacyjnej dotycz\u0105cej odporno\u015bci na antybiotyki w\u0142\u0105czaj\u0105 si\u0119 aktywnie studenckie ko\u0142a naukowe, szczeg\u00f3lnie SKN Prophi dzia\u0142aj\u0105cy przy Zak\u0142adzie Epidemiologii i Ergonomii UMB.<\/p>\n<p>Na Stadionie Chorten Arena uruchomione zostanie tak\u017ce specjalne studio festiwalowe Cafe Nauka. Najm\u0142odsi b\u0119d\u0105 mogli skorzysta\u0107 ze \u015bcie\u017cki zdrowia oraz specjalnego placu zabaw.<br \/>\nXXI Podlaski Festiwal Nauki i Sztuki otrzyma\u0142 dofinansowanie ze \u015brodk\u00f3w bud\u017cetu pa\u0144stwa przyznanych przez Ministerstwo Nauki i Szkolnictwa Wy\u017cszego w ramach programu Spo\u0142eczna Odpowiedzialno\u015b\u0107 Nauki II.<\/p>\n<p><strong>Wsp\u00f3\u0142organizatorami festiwalu s\u0105<\/strong>: Miasto Bia\u0142ystok i Stadion Chorten Arena. Patroni honorowi: Ministerstwo Nauki i Szkolnictwa Wy\u017cszego, Ministerstwo Zdrowia, Wojewoda Podlaski, Marsza\u0142ek Wojew\u00f3dztwa Podlaskiego, Prezydent Bia\u0142egostoku, Prezydent \u0141om\u017cy, Prezydent Suwa\u0142k, Podlaski Kurator O\u015bwiaty.<\/p>\n<p><strong>Patroni medialni:<\/strong> Nauka w Polsce, TVP3 Bia\u0142ystok, Polskie Radio Bia\u0142ystok, Radio Akadera, bialystokonline, 4lomza, Suwalki.info, Kurier Poranny i Gazeta Wsp\u00f3\u0142czesna, Nasze Miasto.<\/p>\n<p><img loading=\"lazy\" decoding=\"async\" class=\"alignnone wp-image-12322 size-large\" src=\"http:\/\/podlaskifestiwal.pl\/2025\/wp-content\/uploads\/sites\/7\/2025\/04\/Zrzut-ekranu-2025-04-14-120330-1024x211.png\" alt=\"\" width=\"1024\" height=\"211\" srcset=\"https:\/\/podlaskifestiwal.pl\/2025\/wp-content\/uploads\/sites\/7\/2025\/04\/Zrzut-ekranu-2025-04-14-120330-1024x211.png 1024w, https:\/\/podlaskifestiwal.pl\/2025\/wp-content\/uploads\/sites\/7\/2025\/04\/Zrzut-ekranu-2025-04-14-120330-300x62.png 300w, https:\/\/podlaskifestiwal.pl\/2025\/wp-content\/uploads\/sites\/7\/2025\/04\/Zrzut-ekranu-2025-04-14-120330-768x158.png 768w, https:\/\/podlaskifestiwal.pl\/2025\/wp-content\/uploads\/sites\/7\/2025\/04\/Zrzut-ekranu-2025-04-14-120330.png 1262w\" sizes=\"auto, (max-width: 1024px) 100vw, 1024px\" \/><\/p>\n","protected":false},"excerpt":{"rendered":"<p>Podlaski Festiwal Nauki i Sztuki (PFNiS) to najwi\u0119ksza cykliczna impreza w Polsce p\u00f3\u0142nocno-wschodniej, popularyzuj\u0105ca i przybli\u017caj\u0105ca nauk\u0119 oraz sztuk\u0119. W 2025 roku odbywa si\u0119&nbsp; po raz dwudziesty pierwszy, a organizuj\u0105 j\u0105 ju\u017c tradycyjnie i wsp\u00f3lnie prawie wszystkie publiczne i niepubliczne uczelnie wy\u017csze wojew\u00f3dztwa podlaskiego oraz Bia\u0142ostocki Park Naukowo-Technologiczny \u2013 w sumie 12 partner\u00f3w. Do udzia\u0142u [&hellip;]<\/p>\n","protected":false},"author":170,"featured_media":12323,"comment_status":"closed","ping_status":"closed","sticky":false,"template":"","format":"standard","meta":{"ngg_post_thumbnail":0,"footnotes":""},"categories":[1],"tags":[],"class_list":["post-12320","post","type-post","status-publish","format-standard","has-post-thumbnail","hentry","category-uncategorized"],"yoast_head":"<!-- This site is optimized with the Yoast SEO plugin v27.1.1 - https:\/\/yoast.com\/product\/yoast-seo-wordpress\/ -->\n<title>Blisko 500 wydarze\u0144 na XXI Podlaskim Festiwalu Nauki i Sztuki. Ruszy\u0142a rejestracja na warsztaty i zaj\u0119cia festiwalowe! - XX Podlaski Festiwal Nauki i Sztuki 2025<\/title>\n<meta name=\"robots\" content=\"index, follow, max-snippet:-1, max-image-preview:large, max-video-preview:-1\" \/>\n<link rel=\"canonical\" href=\"https:\/\/podlaskifestiwal.pl\/2025\/blisko-500-wydarzen-na-xxi-podlaskim-festiwalu-nauki-i-sztuki-ruszyla-rejestracja-na-warsztaty-i-zajecia-festiwalowe\/\" \/>\n<meta property=\"og:locale\" content=\"pl_PL\" \/>\n<meta property=\"og:type\" content=\"article\" \/>\n<meta property=\"og:title\" content=\"Blisko 500 wydarze\u0144 na XXI Podlaskim Festiwalu Nauki i Sztuki. Ruszy\u0142a rejestracja na warsztaty i zaj\u0119cia festiwalowe! - XX Podlaski Festiwal Nauki i Sztuki 2025\" \/>\n<meta property=\"og:description\" content=\"Podlaski Festiwal Nauki i Sztuki (PFNiS) to najwi\u0119ksza cykliczna impreza w Polsce p\u00f3\u0142nocno-wschodniej, popularyzuj\u0105ca i przybli\u017caj\u0105ca nauk\u0119 oraz sztuk\u0119. W 2025 roku odbywa si\u0119&nbsp; po raz dwudziesty pierwszy, a organizuj\u0105 j\u0105 ju\u017c tradycyjnie i wsp\u00f3lnie prawie wszystkie publiczne i niepubliczne uczelnie wy\u017csze wojew\u00f3dztwa podlaskiego oraz Bia\u0142ostocki Park Naukowo-Technologiczny \u2013 w sumie 12 partner\u00f3w. Do udzia\u0142u [&hellip;]\" \/>\n<meta property=\"og:url\" content=\"https:\/\/podlaskifestiwal.pl\/2025\/blisko-500-wydarzen-na-xxi-podlaskim-festiwalu-nauki-i-sztuki-ruszyla-rejestracja-na-warsztaty-i-zajecia-festiwalowe\/\" \/>\n<meta property=\"og:site_name\" content=\"XX Podlaski Festiwal Nauki i Sztuki 2025\" \/>\n<meta property=\"article:published_time\" content=\"2025-04-14T10:10:55+00:00\" \/>\n<meta property=\"article:modified_time\" content=\"2025-04-14T17:08:47+00:00\" \/>\n<meta property=\"og:image\" content=\"https:\/\/podlaskifestiwal.pl\/2025\/wp-content\/uploads\/sites\/7\/2025\/04\/DSCF9981.jpg\" \/>\n\t<meta property=\"og:image:width\" content=\"2048\" \/>\n\t<meta property=\"og:image:height\" content=\"1365\" \/>\n\t<meta property=\"og:image:type\" content=\"image\/jpeg\" \/>\n<meta name=\"author\" content=\"biurokomunikacji\" \/>\n<meta name=\"twitter:card\" content=\"summary_large_image\" \/>\n<meta name=\"twitter:label1\" content=\"Napisane przez\" \/>\n\t<meta name=\"twitter:data1\" content=\"biurokomunikacji\" \/>\n\t<meta name=\"twitter:label2\" content=\"Szacowany czas czytania\" \/>\n\t<meta name=\"twitter:data2\" content=\"6 minut\" \/>\n<script type=\"application\/ld+json\" class=\"yoast-schema-graph\">{\"@context\":\"https:\/\/schema.org\",\"@graph\":[{\"@type\":\"Article\",\"@id\":\"https:\/\/podlaskifestiwal.pl\/2025\/blisko-500-wydarzen-na-xxi-podlaskim-festiwalu-nauki-i-sztuki-ruszyla-rejestracja-na-warsztaty-i-zajecia-festiwalowe\/#article\",\"isPartOf\":{\"@id\":\"https:\/\/podlaskifestiwal.pl\/2025\/blisko-500-wydarzen-na-xxi-podlaskim-festiwalu-nauki-i-sztuki-ruszyla-rejestracja-na-warsztaty-i-zajecia-festiwalowe\/\"},\"author\":{\"name\":\"biurokomunikacji\",\"@id\":\"https:\/\/podlaskifestiwal.pl\/2025\/#\/schema\/person\/de752c2731c17671f16b16b77bd283ac\"},\"headline\":\"Blisko 500 wydarze\u0144 na XXI Podlaskim Festiwalu Nauki i Sztuki. Ruszy\u0142a rejestracja na warsztaty i zaj\u0119cia festiwalowe!\",\"datePublished\":\"2025-04-14T10:10:55+00:00\",\"dateModified\":\"2025-04-14T17:08:47+00:00\",\"mainEntityOfPage\":{\"@id\":\"https:\/\/podlaskifestiwal.pl\/2025\/blisko-500-wydarzen-na-xxi-podlaskim-festiwalu-nauki-i-sztuki-ruszyla-rejestracja-na-warsztaty-i-zajecia-festiwalowe\/\"},\"wordCount\":1257,\"publisher\":{\"@id\":\"https:\/\/podlaskifestiwal.pl\/2025\/#organization\"},\"image\":{\"@id\":\"https:\/\/podlaskifestiwal.pl\/2025\/blisko-500-wydarzen-na-xxi-podlaskim-festiwalu-nauki-i-sztuki-ruszyla-rejestracja-na-warsztaty-i-zajecia-festiwalowe\/#primaryimage\"},\"thumbnailUrl\":\"https:\/\/podlaskifestiwal.pl\/2025\/wp-content\/uploads\/sites\/7\/2025\/04\/DSCF9981.jpg\",\"articleSection\":[\"Uncategorized\"],\"inLanguage\":\"pl-PL\"},{\"@type\":\"WebPage\",\"@id\":\"https:\/\/podlaskifestiwal.pl\/2025\/blisko-500-wydarzen-na-xxi-podlaskim-festiwalu-nauki-i-sztuki-ruszyla-rejestracja-na-warsztaty-i-zajecia-festiwalowe\/\",\"url\":\"https:\/\/podlaskifestiwal.pl\/2025\/blisko-500-wydarzen-na-xxi-podlaskim-festiwalu-nauki-i-sztuki-ruszyla-rejestracja-na-warsztaty-i-zajecia-festiwalowe\/\",\"name\":\"Blisko 500 wydarze\u0144 na XXI Podlaskim Festiwalu Nauki i Sztuki. Ruszy\u0142a rejestracja na warsztaty i zaj\u0119cia festiwalowe! - XX Podlaski Festiwal Nauki i Sztuki 2025\",\"isPartOf\":{\"@id\":\"https:\/\/podlaskifestiwal.pl\/2025\/#website\"},\"primaryImageOfPage\":{\"@id\":\"https:\/\/podlaskifestiwal.pl\/2025\/blisko-500-wydarzen-na-xxi-podlaskim-festiwalu-nauki-i-sztuki-ruszyla-rejestracja-na-warsztaty-i-zajecia-festiwalowe\/#primaryimage\"},\"image\":{\"@id\":\"https:\/\/podlaskifestiwal.pl\/2025\/blisko-500-wydarzen-na-xxi-podlaskim-festiwalu-nauki-i-sztuki-ruszyla-rejestracja-na-warsztaty-i-zajecia-festiwalowe\/#primaryimage\"},\"thumbnailUrl\":\"https:\/\/podlaskifestiwal.pl\/2025\/wp-content\/uploads\/sites\/7\/2025\/04\/DSCF9981.jpg\",\"datePublished\":\"2025-04-14T10:10:55+00:00\",\"dateModified\":\"2025-04-14T17:08:47+00:00\",\"breadcrumb\":{\"@id\":\"https:\/\/podlaskifestiwal.pl\/2025\/blisko-500-wydarzen-na-xxi-podlaskim-festiwalu-nauki-i-sztuki-ruszyla-rejestracja-na-warsztaty-i-zajecia-festiwalowe\/#breadcrumb\"},\"inLanguage\":\"pl-PL\",\"potentialAction\":[{\"@type\":\"ReadAction\",\"target\":[\"https:\/\/podlaskifestiwal.pl\/2025\/blisko-500-wydarzen-na-xxi-podlaskim-festiwalu-nauki-i-sztuki-ruszyla-rejestracja-na-warsztaty-i-zajecia-festiwalowe\/\"]}]},{\"@type\":\"ImageObject\",\"inLanguage\":\"pl-PL\",\"@id\":\"https:\/\/podlaskifestiwal.pl\/2025\/blisko-500-wydarzen-na-xxi-podlaskim-festiwalu-nauki-i-sztuki-ruszyla-rejestracja-na-warsztaty-i-zajecia-festiwalowe\/#primaryimage\",\"url\":\"https:\/\/podlaskifestiwal.pl\/2025\/wp-content\/uploads\/sites\/7\/2025\/04\/DSCF9981.jpg\",\"contentUrl\":\"https:\/\/podlaskifestiwal.pl\/2025\/wp-content\/uploads\/sites\/7\/2025\/04\/DSCF9981.jpg\",\"width\":2048,\"height\":1365,\"caption\":\"zdj\u0119cie a-organizator\u00f3w 21. PFNiS\"},{\"@type\":\"BreadcrumbList\",\"@id\":\"https:\/\/podlaskifestiwal.pl\/2025\/blisko-500-wydarzen-na-xxi-podlaskim-festiwalu-nauki-i-sztuki-ruszyla-rejestracja-na-warsztaty-i-zajecia-festiwalowe\/#breadcrumb\",\"itemListElement\":[{\"@type\":\"ListItem\",\"position\":1,\"name\":\"Strona g\u0142\u00f3wna\",\"item\":\"https:\/\/podlaskifestiwal.pl\/2025\/\"},{\"@type\":\"ListItem\",\"position\":2,\"name\":\"Blisko 500 wydarze\u0144 na XXI Podlaskim Festiwalu Nauki i Sztuki. Ruszy\u0142a rejestracja na warsztaty i zaj\u0119cia festiwalowe!\"}]},{\"@type\":\"WebSite\",\"@id\":\"https:\/\/podlaskifestiwal.pl\/2025\/#website\",\"url\":\"https:\/\/podlaskifestiwal.pl\/2025\/\",\"name\":\"XXI Podlaski Festiwal Nauki i Sztuki\",\"description\":\"XXI Podlaski Festiwal Nauki i Sztuki\",\"publisher\":{\"@id\":\"https:\/\/podlaskifestiwal.pl\/2025\/#organization\"},\"potentialAction\":[{\"@type\":\"SearchAction\",\"target\":{\"@type\":\"EntryPoint\",\"urlTemplate\":\"https:\/\/podlaskifestiwal.pl\/2025\/?s={search_term_string}\"},\"query-input\":{\"@type\":\"PropertyValueSpecification\",\"valueRequired\":true,\"valueName\":\"search_term_string\"}}],\"inLanguage\":\"pl-PL\"},{\"@type\":\"Organization\",\"@id\":\"https:\/\/podlaskifestiwal.pl\/2025\/#organization\",\"name\":\"XXI Podlaski Festiwal Nauki i Sztuki\",\"url\":\"https:\/\/podlaskifestiwal.pl\/2025\/\",\"logo\":{\"@type\":\"ImageObject\",\"inLanguage\":\"pl-PL\",\"@id\":\"https:\/\/podlaskifestiwal.pl\/2025\/#\/schema\/logo\/image\/\",\"url\":\"https:\/\/podlaskifestiwal.pl\/2025\/wp-content\/uploads\/sites\/7\/2025\/04\/Baner-Fleming-1.png\",\"contentUrl\":\"https:\/\/podlaskifestiwal.pl\/2025\/wp-content\/uploads\/sites\/7\/2025\/04\/Baner-Fleming-1.png\",\"width\":2400,\"height\":800,\"caption\":\"XXI Podlaski Festiwal Nauki i Sztuki\"},\"image\":{\"@id\":\"https:\/\/podlaskifestiwal.pl\/2025\/#\/schema\/logo\/image\/\"}},{\"@type\":\"Person\",\"@id\":\"https:\/\/podlaskifestiwal.pl\/2025\/#\/schema\/person\/de752c2731c17671f16b16b77bd283ac\",\"name\":\"biurokomunikacji\",\"url\":\"https:\/\/podlaskifestiwal.pl\/2025\/author\/biurokomunikacji\/\"}]}<\/script>\n<!-- \/ Yoast SEO plugin. -->","yoast_head_json":{"title":"Blisko 500 wydarze\u0144 na XXI Podlaskim Festiwalu Nauki i Sztuki. Ruszy\u0142a rejestracja na warsztaty i zaj\u0119cia festiwalowe! - XX Podlaski Festiwal Nauki i Sztuki 2025","robots":{"index":"index","follow":"follow","max-snippet":"max-snippet:-1","max-image-preview":"max-image-preview:large","max-video-preview":"max-video-preview:-1"},"canonical":"https:\/\/podlaskifestiwal.pl\/2025\/blisko-500-wydarzen-na-xxi-podlaskim-festiwalu-nauki-i-sztuki-ruszyla-rejestracja-na-warsztaty-i-zajecia-festiwalowe\/","og_locale":"pl_PL","og_type":"article","og_title":"Blisko 500 wydarze\u0144 na XXI Podlaskim Festiwalu Nauki i Sztuki. Ruszy\u0142a rejestracja na warsztaty i zaj\u0119cia festiwalowe! - XX Podlaski Festiwal Nauki i Sztuki 2025","og_description":"Podlaski Festiwal Nauki i Sztuki (PFNiS) to najwi\u0119ksza cykliczna impreza w Polsce p\u00f3\u0142nocno-wschodniej, popularyzuj\u0105ca i przybli\u017caj\u0105ca nauk\u0119 oraz sztuk\u0119. W 2025 roku odbywa si\u0119&nbsp; po raz dwudziesty pierwszy, a organizuj\u0105 j\u0105 ju\u017c tradycyjnie i wsp\u00f3lnie prawie wszystkie publiczne i niepubliczne uczelnie wy\u017csze wojew\u00f3dztwa podlaskiego oraz Bia\u0142ostocki Park Naukowo-Technologiczny \u2013 w sumie 12 partner\u00f3w. Do udzia\u0142u [&hellip;]","og_url":"https:\/\/podlaskifestiwal.pl\/2025\/blisko-500-wydarzen-na-xxi-podlaskim-festiwalu-nauki-i-sztuki-ruszyla-rejestracja-na-warsztaty-i-zajecia-festiwalowe\/","og_site_name":"XX Podlaski Festiwal Nauki i Sztuki 2025","article_published_time":"2025-04-14T10:10:55+00:00","article_modified_time":"2025-04-14T17:08:47+00:00","og_image":[{"width":2048,"height":1365,"url":"https:\/\/podlaskifestiwal.pl\/2025\/wp-content\/uploads\/sites\/7\/2025\/04\/DSCF9981.jpg","type":"image\/jpeg"}],"author":"biurokomunikacji","twitter_card":"summary_large_image","twitter_misc":{"Napisane przez":"biurokomunikacji","Szacowany czas czytania":"6 minut"},"schema":{"@context":"https:\/\/schema.org","@graph":[{"@type":"Article","@id":"https:\/\/podlaskifestiwal.pl\/2025\/blisko-500-wydarzen-na-xxi-podlaskim-festiwalu-nauki-i-sztuki-ruszyla-rejestracja-na-warsztaty-i-zajecia-festiwalowe\/#article","isPartOf":{"@id":"https:\/\/podlaskifestiwal.pl\/2025\/blisko-500-wydarzen-na-xxi-podlaskim-festiwalu-nauki-i-sztuki-ruszyla-rejestracja-na-warsztaty-i-zajecia-festiwalowe\/"},"author":{"name":"biurokomunikacji","@id":"https:\/\/podlaskifestiwal.pl\/2025\/#\/schema\/person\/de752c2731c17671f16b16b77bd283ac"},"headline":"Blisko 500 wydarze\u0144 na XXI Podlaskim Festiwalu Nauki i Sztuki. Ruszy\u0142a rejestracja na warsztaty i zaj\u0119cia festiwalowe!","datePublished":"2025-04-14T10:10:55+00:00","dateModified":"2025-04-14T17:08:47+00:00","mainEntityOfPage":{"@id":"https:\/\/podlaskifestiwal.pl\/2025\/blisko-500-wydarzen-na-xxi-podlaskim-festiwalu-nauki-i-sztuki-ruszyla-rejestracja-na-warsztaty-i-zajecia-festiwalowe\/"},"wordCount":1257,"publisher":{"@id":"https:\/\/podlaskifestiwal.pl\/2025\/#organization"},"image":{"@id":"https:\/\/podlaskifestiwal.pl\/2025\/blisko-500-wydarzen-na-xxi-podlaskim-festiwalu-nauki-i-sztuki-ruszyla-rejestracja-na-warsztaty-i-zajecia-festiwalowe\/#primaryimage"},"thumbnailUrl":"https:\/\/podlaskifestiwal.pl\/2025\/wp-content\/uploads\/sites\/7\/2025\/04\/DSCF9981.jpg","articleSection":["Uncategorized"],"inLanguage":"pl-PL"},{"@type":"WebPage","@id":"https:\/\/podlaskifestiwal.pl\/2025\/blisko-500-wydarzen-na-xxi-podlaskim-festiwalu-nauki-i-sztuki-ruszyla-rejestracja-na-warsztaty-i-zajecia-festiwalowe\/","url":"https:\/\/podlaskifestiwal.pl\/2025\/blisko-500-wydarzen-na-xxi-podlaskim-festiwalu-nauki-i-sztuki-ruszyla-rejestracja-na-warsztaty-i-zajecia-festiwalowe\/","name":"Blisko 500 wydarze\u0144 na XXI Podlaskim Festiwalu Nauki i Sztuki. Ruszy\u0142a rejestracja na warsztaty i zaj\u0119cia festiwalowe! - XX Podlaski Festiwal Nauki i Sztuki 2025","isPartOf":{"@id":"https:\/\/podlaskifestiwal.pl\/2025\/#website"},"primaryImageOfPage":{"@id":"https:\/\/podlaskifestiwal.pl\/2025\/blisko-500-wydarzen-na-xxi-podlaskim-festiwalu-nauki-i-sztuki-ruszyla-rejestracja-na-warsztaty-i-zajecia-festiwalowe\/#primaryimage"},"image":{"@id":"https:\/\/podlaskifestiwal.pl\/2025\/blisko-500-wydarzen-na-xxi-podlaskim-festiwalu-nauki-i-sztuki-ruszyla-rejestracja-na-warsztaty-i-zajecia-festiwalowe\/#primaryimage"},"thumbnailUrl":"https:\/\/podlaskifestiwal.pl\/2025\/wp-content\/uploads\/sites\/7\/2025\/04\/DSCF9981.jpg","datePublished":"2025-04-14T10:10:55+00:00","dateModified":"2025-04-14T17:08:47+00:00","breadcrumb":{"@id":"https:\/\/podlaskifestiwal.pl\/2025\/blisko-500-wydarzen-na-xxi-podlaskim-festiwalu-nauki-i-sztuki-ruszyla-rejestracja-na-warsztaty-i-zajecia-festiwalowe\/#breadcrumb"},"inLanguage":"pl-PL","potentialAction":[{"@type":"ReadAction","target":["https:\/\/podlaskifestiwal.pl\/2025\/blisko-500-wydarzen-na-xxi-podlaskim-festiwalu-nauki-i-sztuki-ruszyla-rejestracja-na-warsztaty-i-zajecia-festiwalowe\/"]}]},{"@type":"ImageObject","inLanguage":"pl-PL","@id":"https:\/\/podlaskifestiwal.pl\/2025\/blisko-500-wydarzen-na-xxi-podlaskim-festiwalu-nauki-i-sztuki-ruszyla-rejestracja-na-warsztaty-i-zajecia-festiwalowe\/#primaryimage","url":"https:\/\/podlaskifestiwal.pl\/2025\/wp-content\/uploads\/sites\/7\/2025\/04\/DSCF9981.jpg","contentUrl":"https:\/\/podlaskifestiwal.pl\/2025\/wp-content\/uploads\/sites\/7\/2025\/04\/DSCF9981.jpg","width":2048,"height":1365,"caption":"zdj\u0119cie a-organizator\u00f3w 21. PFNiS"},{"@type":"BreadcrumbList","@id":"https:\/\/podlaskifestiwal.pl\/2025\/blisko-500-wydarzen-na-xxi-podlaskim-festiwalu-nauki-i-sztuki-ruszyla-rejestracja-na-warsztaty-i-zajecia-festiwalowe\/#breadcrumb","itemListElement":[{"@type":"ListItem","position":1,"name":"Strona g\u0142\u00f3wna","item":"https:\/\/podlaskifestiwal.pl\/2025\/"},{"@type":"ListItem","position":2,"name":"Blisko 500 wydarze\u0144 na XXI Podlaskim Festiwalu Nauki i Sztuki. Ruszy\u0142a rejestracja na warsztaty i zaj\u0119cia festiwalowe!"}]},{"@type":"WebSite","@id":"https:\/\/podlaskifestiwal.pl\/2025\/#website","url":"https:\/\/podlaskifestiwal.pl\/2025\/","name":"XXI Podlaski Festiwal Nauki i Sztuki","description":"XXI Podlaski Festiwal Nauki i Sztuki","publisher":{"@id":"https:\/\/podlaskifestiwal.pl\/2025\/#organization"},"potentialAction":[{"@type":"SearchAction","target":{"@type":"EntryPoint","urlTemplate":"https:\/\/podlaskifestiwal.pl\/2025\/?s={search_term_string}"},"query-input":{"@type":"PropertyValueSpecification","valueRequired":true,"valueName":"search_term_string"}}],"inLanguage":"pl-PL"},{"@type":"Organization","@id":"https:\/\/podlaskifestiwal.pl\/2025\/#organization","name":"XXI Podlaski Festiwal Nauki i Sztuki","url":"https:\/\/podlaskifestiwal.pl\/2025\/","logo":{"@type":"ImageObject","inLanguage":"pl-PL","@id":"https:\/\/podlaskifestiwal.pl\/2025\/#\/schema\/logo\/image\/","url":"https:\/\/podlaskifestiwal.pl\/2025\/wp-content\/uploads\/sites\/7\/2025\/04\/Baner-Fleming-1.png","contentUrl":"https:\/\/podlaskifestiwal.pl\/2025\/wp-content\/uploads\/sites\/7\/2025\/04\/Baner-Fleming-1.png","width":2400,"height":800,"caption":"XXI Podlaski Festiwal Nauki i Sztuki"},"image":{"@id":"https:\/\/podlaskifestiwal.pl\/2025\/#\/schema\/logo\/image\/"}},{"@type":"Person","@id":"https:\/\/podlaskifestiwal.pl\/2025\/#\/schema\/person\/de752c2731c17671f16b16b77bd283ac","name":"biurokomunikacji","url":"https:\/\/podlaskifestiwal.pl\/2025\/author\/biurokomunikacji\/"}]}},"_links":{"self":[{"href":"https:\/\/podlaskifestiwal.pl\/2025\/wp-json\/wp\/v2\/posts\/12320","targetHints":{"allow":["GET"]}}],"collection":[{"href":"https:\/\/podlaskifestiwal.pl\/2025\/wp-json\/wp\/v2\/posts"}],"about":[{"href":"https:\/\/podlaskifestiwal.pl\/2025\/wp-json\/wp\/v2\/types\/post"}],"author":[{"embeddable":true,"href":"https:\/\/podlaskifestiwal.pl\/2025\/wp-json\/wp\/v2\/users\/170"}],"replies":[{"embeddable":true,"href":"https:\/\/podlaskifestiwal.pl\/2025\/wp-json\/wp\/v2\/comments?post=12320"}],"version-history":[{"count":5,"href":"https:\/\/podlaskifestiwal.pl\/2025\/wp-json\/wp\/v2\/posts\/12320\/revisions"}],"predecessor-version":[{"id":12351,"href":"https:\/\/podlaskifestiwal.pl\/2025\/wp-json\/wp\/v2\/posts\/12320\/revisions\/12351"}],"wp:featuredmedia":[{"embeddable":true,"href":"https:\/\/podlaskifestiwal.pl\/2025\/wp-json\/wp\/v2\/media\/12323"}],"wp:attachment":[{"href":"https:\/\/podlaskifestiwal.pl\/2025\/wp-json\/wp\/v2\/media?parent=12320"}],"wp:term":[{"taxonomy":"category","embeddable":true,"href":"https:\/\/podlaskifestiwal.pl\/2025\/wp-json\/wp\/v2\/categories?post=12320"},{"taxonomy":"post_tag","embeddable":true,"href":"https:\/\/podlaskifestiwal.pl\/2025\/wp-json\/wp\/v2\/tags?post=12320"}],"curies":[{"name":"wp","href":"https:\/\/api.w.org\/{rel}","templated":true}]}}