{"id":11493,"date":"2025-05-08T13:00:17","date_gmt":"2025-05-08T13:00:17","guid":{"rendered":"https:\/\/podlaskifestiwal.pl\/2025\/?p=11493"},"modified":"2025-05-09T17:27:23","modified_gmt":"2025-05-09T17:27:23","slug":"9-maja-inauguracja-xxi-podlaskiego-festiwalu-nauki-i-sztuki","status":"publish","type":"post","link":"https:\/\/podlaskifestiwal.pl\/2025\/9-maja-inauguracja-xxi-podlaskiego-festiwalu-nauki-i-sztuki\/","title":{"rendered":"9 maja &#8211; Inauguracja XXI Podlaskiego Festiwalu Nauki i Sztuki"},"content":{"rendered":"<div data-olk-copy-source=\"MessageBody\">Serdecznie zapraszamy na uroczyste otwarcie Festiwalu, Aula Magna Pa\u0142acu Branickich, ul Jana Kili\u0144skiego 1, Bia\u0142ystok, godzina 17:00<\/div>\n<p>wst\u0119p wolny<\/p>\n<div data-olk-copy-source=\"MessageBody\"><strong>Wyk\u0142ady inauguracyjne wyg\u0142osz\u0105:<\/strong> prof. dr hab. Katarzyna Dzier\u017canowska-Fangrat, mikrobiolog, specjalistka w zakresie leczenia antybiotykami, pt. \u201eAntybiotyki: od wielkich odkry\u0107 do globalnych problem\u00f3w \u2013 korzy\u015bci zagro\u017cenia\u201d. Histori\u0119 odkrycia penicyliny i stosowania antybiotyk\u00f3w w Polsce przedstawi za\u015b dr Magdalena Muska\u0142a, kierownik Samodzielnej Pracowni Historii Medycyny i Farmacji Uniwersytetu Medycznego w Bia\u0142ymstoku. <strong>Podczas Inauguracji Festiwalu zostanie przygotowane laboratorium Alexandra Fleminga<\/strong> w uj\u0119ciu historycznym, a podczas Rodzinnego Pikniku Naukowego praktyczne stanowisko mikrobiologiczne, gdzie zaprezentujemy podstawowe metody badania drobnoustroj\u00f3w oraz ich wra\u017cliwo\u015bci na antybiotyki, a tak\u017ce techniki biologii molekularnej wykorzystywane w badaniu oporno\u015bci drobnoustroj\u00f3w na antybiotyki.<\/div>\n<div>Podczas Inauguracji Festiwalu zapraszamy r\u00f3wnie\u017c na <strong>koncert \u201eBia\u0142ostocki Project\u201d zainspirowany muzyk\u0105 dwudziestolecia mi\u0119dzywojennego,<\/strong> okresu, w kt\u00f3rym Alexander Fleming odkry\u0142 penicylin\u0119. Aktorka Alicja Grabowska z zespo\u0142em zaprezentuje mi\u0119dzy innymi utwory Zygmunta Bia\u0142ostockiego, urodzonego w Bia\u0142ymstoku kompozytora popularnych w dwudziestoleciu mi\u0119dzywojennym piosenek, jak r\u00f3wnie\u017c \u015bwiatowe standardy jazzowe z tego okresu.<\/div>\n<div>Uroczysto\u015b\u0107 b\u0119dzie transmitowana na kanale YouTube<\/div>\n<div><span style=\"color: #0000ff\">https:\/\/youtube.com\/live\/LLRroy6e6zQ?feature=share<\/span><\/div>\n","protected":false},"excerpt":{"rendered":"<p>Serdecznie zapraszamy na uroczyste otwarcie Festiwalu, Aula Magna Pa\u0142acu Branickich, ul Jana Kili\u0144skiego 1, Bia\u0142ystok, godzina 17:00 wst\u0119p wolny Wyk\u0142ady inauguracyjne wyg\u0142osz\u0105: prof. dr hab. Katarzyna Dzier\u017canowska-Fangrat, mikrobiolog, specjalistka w zakresie leczenia antybiotykami, pt. \u201eAntybiotyki: od wielkich odkry\u0107 do globalnych problem\u00f3w \u2013 korzy\u015bci zagro\u017cenia\u201d. Histori\u0119 odkrycia penicyliny i stosowania antybiotyk\u00f3w w Polsce przedstawi za\u015b dr [&hellip;]<\/p>\n","protected":false},"author":23,"featured_media":11494,"comment_status":"closed","ping_status":"closed","sticky":false,"template":"","format":"standard","meta":{"ngg_post_thumbnail":0,"footnotes":""},"categories":[1],"tags":[],"class_list":["post-11493","post","type-post","status-publish","format-standard","has-post-thumbnail","hentry","category-uncategorized"],"yoast_head":"<!-- This site is optimized with the Yoast SEO plugin v27.1.1 - https:\/\/yoast.com\/product\/yoast-seo-wordpress\/ -->\n<title>9 maja - Inauguracja XXI Podlaskiego Festiwalu Nauki i Sztuki - XX Podlaski Festiwal Nauki i Sztuki 2025<\/title>\n<meta name=\"robots\" content=\"index, follow, max-snippet:-1, max-image-preview:large, max-video-preview:-1\" \/>\n<link rel=\"canonical\" href=\"https:\/\/podlaskifestiwal.pl\/2025\/9-maja-inauguracja-xxi-podlaskiego-festiwalu-nauki-i-sztuki\/\" \/>\n<meta property=\"og:locale\" content=\"pl_PL\" \/>\n<meta property=\"og:type\" content=\"article\" \/>\n<meta property=\"og:title\" content=\"9 maja - Inauguracja XXI Podlaskiego Festiwalu Nauki i Sztuki - XX Podlaski Festiwal Nauki i Sztuki 2025\" \/>\n<meta property=\"og:description\" content=\"Serdecznie zapraszamy na uroczyste otwarcie Festiwalu, Aula Magna Pa\u0142acu Branickich, ul Jana Kili\u0144skiego 1, Bia\u0142ystok, godzina 17:00 wst\u0119p wolny Wyk\u0142ady inauguracyjne wyg\u0142osz\u0105: prof. dr hab. Katarzyna Dzier\u017canowska-Fangrat, mikrobiolog, specjalistka w zakresie leczenia antybiotykami, pt. \u201eAntybiotyki: od wielkich odkry\u0107 do globalnych problem\u00f3w \u2013 korzy\u015bci zagro\u017cenia\u201d. Histori\u0119 odkrycia penicyliny i stosowania antybiotyk\u00f3w w Polsce przedstawi za\u015b dr [&hellip;]\" \/>\n<meta property=\"og:url\" content=\"https:\/\/podlaskifestiwal.pl\/2025\/9-maja-inauguracja-xxi-podlaskiego-festiwalu-nauki-i-sztuki\/\" \/>\n<meta property=\"og:site_name\" content=\"XX Podlaski Festiwal Nauki i Sztuki 2025\" \/>\n<meta property=\"article:published_time\" content=\"2025-05-08T13:00:17+00:00\" \/>\n<meta property=\"article:modified_time\" content=\"2025-05-09T17:27:23+00:00\" \/>\n<meta property=\"og:image\" content=\"http:\/\/podlaskifestiwal.pl\/2025\/wp-content\/uploads\/sites\/7\/2025\/03\/Laboratorium-Fleminga.png\" \/>\n\t<meta property=\"og:image:width\" content=\"461\" \/>\n\t<meta property=\"og:image:height\" content=\"258\" \/>\n\t<meta property=\"og:image:type\" content=\"image\/png\" \/>\n<meta name=\"author\" content=\"Hanna Sarosiek\" \/>\n<meta name=\"twitter:card\" content=\"summary_large_image\" \/>\n<meta name=\"twitter:label1\" content=\"Napisane przez\" \/>\n\t<meta name=\"twitter:data1\" content=\"Hanna Sarosiek\" \/>\n\t<meta name=\"twitter:label2\" content=\"Szacowany czas czytania\" \/>\n\t<meta name=\"twitter:data2\" content=\"2 minuty\" \/>\n<script type=\"application\/ld+json\" class=\"yoast-schema-graph\">{\"@context\":\"https:\/\/schema.org\",\"@graph\":[{\"@type\":\"Article\",\"@id\":\"https:\/\/podlaskifestiwal.pl\/2025\/9-maja-inauguracja-xxi-podlaskiego-festiwalu-nauki-i-sztuki\/#article\",\"isPartOf\":{\"@id\":\"https:\/\/podlaskifestiwal.pl\/2025\/9-maja-inauguracja-xxi-podlaskiego-festiwalu-nauki-i-sztuki\/\"},\"author\":{\"name\":\"Hanna Sarosiek\",\"@id\":\"https:\/\/podlaskifestiwal.pl\/2025\/#\/schema\/person\/16a319ac350e337fc77e66bd3c0f7dc0\"},\"headline\":\"9 maja &#8211; Inauguracja XXI Podlaskiego Festiwalu Nauki i Sztuki\",\"datePublished\":\"2025-05-08T13:00:17+00:00\",\"dateModified\":\"2025-05-09T17:27:23+00:00\",\"mainEntityOfPage\":{\"@id\":\"https:\/\/podlaskifestiwal.pl\/2025\/9-maja-inauguracja-xxi-podlaskiego-festiwalu-nauki-i-sztuki\/\"},\"wordCount\":210,\"publisher\":{\"@id\":\"https:\/\/podlaskifestiwal.pl\/2025\/#organization\"},\"image\":{\"@id\":\"https:\/\/podlaskifestiwal.pl\/2025\/9-maja-inauguracja-xxi-podlaskiego-festiwalu-nauki-i-sztuki\/#primaryimage\"},\"thumbnailUrl\":\"https:\/\/podlaskifestiwal.pl\/2025\/wp-content\/uploads\/sites\/7\/2025\/03\/Laboratorium-Fleminga.png\",\"articleSection\":[\"Uncategorized\"],\"inLanguage\":\"pl-PL\"},{\"@type\":\"WebPage\",\"@id\":\"https:\/\/podlaskifestiwal.pl\/2025\/9-maja-inauguracja-xxi-podlaskiego-festiwalu-nauki-i-sztuki\/\",\"url\":\"https:\/\/podlaskifestiwal.pl\/2025\/9-maja-inauguracja-xxi-podlaskiego-festiwalu-nauki-i-sztuki\/\",\"name\":\"9 maja - Inauguracja XXI Podlaskiego Festiwalu Nauki i Sztuki - XX Podlaski Festiwal Nauki i Sztuki 2025\",\"isPartOf\":{\"@id\":\"https:\/\/podlaskifestiwal.pl\/2025\/#website\"},\"primaryImageOfPage\":{\"@id\":\"https:\/\/podlaskifestiwal.pl\/2025\/9-maja-inauguracja-xxi-podlaskiego-festiwalu-nauki-i-sztuki\/#primaryimage\"},\"image\":{\"@id\":\"https:\/\/podlaskifestiwal.pl\/2025\/9-maja-inauguracja-xxi-podlaskiego-festiwalu-nauki-i-sztuki\/#primaryimage\"},\"thumbnailUrl\":\"https:\/\/podlaskifestiwal.pl\/2025\/wp-content\/uploads\/sites\/7\/2025\/03\/Laboratorium-Fleminga.png\",\"datePublished\":\"2025-05-08T13:00:17+00:00\",\"dateModified\":\"2025-05-09T17:27:23+00:00\",\"breadcrumb\":{\"@id\":\"https:\/\/podlaskifestiwal.pl\/2025\/9-maja-inauguracja-xxi-podlaskiego-festiwalu-nauki-i-sztuki\/#breadcrumb\"},\"inLanguage\":\"pl-PL\",\"potentialAction\":[{\"@type\":\"ReadAction\",\"target\":[\"https:\/\/podlaskifestiwal.pl\/2025\/9-maja-inauguracja-xxi-podlaskiego-festiwalu-nauki-i-sztuki\/\"]}]},{\"@type\":\"ImageObject\",\"inLanguage\":\"pl-PL\",\"@id\":\"https:\/\/podlaskifestiwal.pl\/2025\/9-maja-inauguracja-xxi-podlaskiego-festiwalu-nauki-i-sztuki\/#primaryimage\",\"url\":\"https:\/\/podlaskifestiwal.pl\/2025\/wp-content\/uploads\/sites\/7\/2025\/03\/Laboratorium-Fleminga.png\",\"contentUrl\":\"https:\/\/podlaskifestiwal.pl\/2025\/wp-content\/uploads\/sites\/7\/2025\/03\/Laboratorium-Fleminga.png\",\"width\":461,\"height\":258,\"caption\":\"Alexander Fleming w Laboratorium\"},{\"@type\":\"BreadcrumbList\",\"@id\":\"https:\/\/podlaskifestiwal.pl\/2025\/9-maja-inauguracja-xxi-podlaskiego-festiwalu-nauki-i-sztuki\/#breadcrumb\",\"itemListElement\":[{\"@type\":\"ListItem\",\"position\":1,\"name\":\"Strona g\u0142\u00f3wna\",\"item\":\"https:\/\/podlaskifestiwal.pl\/2025\/\"},{\"@type\":\"ListItem\",\"position\":2,\"name\":\"9 maja &#8211; Inauguracja XXI Podlaskiego Festiwalu Nauki i Sztuki\"}]},{\"@type\":\"WebSite\",\"@id\":\"https:\/\/podlaskifestiwal.pl\/2025\/#website\",\"url\":\"https:\/\/podlaskifestiwal.pl\/2025\/\",\"name\":\"XXI Podlaski Festiwal Nauki i Sztuki\",\"description\":\"XXI Podlaski Festiwal Nauki i Sztuki\",\"publisher\":{\"@id\":\"https:\/\/podlaskifestiwal.pl\/2025\/#organization\"},\"potentialAction\":[{\"@type\":\"SearchAction\",\"target\":{\"@type\":\"EntryPoint\",\"urlTemplate\":\"https:\/\/podlaskifestiwal.pl\/2025\/?s={search_term_string}\"},\"query-input\":{\"@type\":\"PropertyValueSpecification\",\"valueRequired\":true,\"valueName\":\"search_term_string\"}}],\"inLanguage\":\"pl-PL\"},{\"@type\":\"Organization\",\"@id\":\"https:\/\/podlaskifestiwal.pl\/2025\/#organization\",\"name\":\"XXI Podlaski Festiwal Nauki i Sztuki\",\"url\":\"https:\/\/podlaskifestiwal.pl\/2025\/\",\"logo\":{\"@type\":\"ImageObject\",\"inLanguage\":\"pl-PL\",\"@id\":\"https:\/\/podlaskifestiwal.pl\/2025\/#\/schema\/logo\/image\/\",\"url\":\"https:\/\/podlaskifestiwal.pl\/2025\/wp-content\/uploads\/sites\/7\/2025\/04\/Baner-Fleming-1.png\",\"contentUrl\":\"https:\/\/podlaskifestiwal.pl\/2025\/wp-content\/uploads\/sites\/7\/2025\/04\/Baner-Fleming-1.png\",\"width\":2400,\"height\":800,\"caption\":\"XXI Podlaski Festiwal Nauki i Sztuki\"},\"image\":{\"@id\":\"https:\/\/podlaskifestiwal.pl\/2025\/#\/schema\/logo\/image\/\"}},{\"@type\":\"Person\",\"@id\":\"https:\/\/podlaskifestiwal.pl\/2025\/#\/schema\/person\/16a319ac350e337fc77e66bd3c0f7dc0\",\"name\":\"Hanna Sarosiek\",\"description\":\"Uniwersytet Medyczny w Bia\u0142ymstoku\",\"url\":\"https:\/\/podlaskifestiwal.pl\/2025\/author\/promocjaumb\/\"}]}<\/script>\n<!-- \/ Yoast SEO plugin. -->","yoast_head_json":{"title":"9 maja - Inauguracja XXI Podlaskiego Festiwalu Nauki i Sztuki - XX Podlaski Festiwal Nauki i Sztuki 2025","robots":{"index":"index","follow":"follow","max-snippet":"max-snippet:-1","max-image-preview":"max-image-preview:large","max-video-preview":"max-video-preview:-1"},"canonical":"https:\/\/podlaskifestiwal.pl\/2025\/9-maja-inauguracja-xxi-podlaskiego-festiwalu-nauki-i-sztuki\/","og_locale":"pl_PL","og_type":"article","og_title":"9 maja - Inauguracja XXI Podlaskiego Festiwalu Nauki i Sztuki - XX Podlaski Festiwal Nauki i Sztuki 2025","og_description":"Serdecznie zapraszamy na uroczyste otwarcie Festiwalu, Aula Magna Pa\u0142acu Branickich, ul Jana Kili\u0144skiego 1, Bia\u0142ystok, godzina 17:00 wst\u0119p wolny Wyk\u0142ady inauguracyjne wyg\u0142osz\u0105: prof. dr hab. Katarzyna Dzier\u017canowska-Fangrat, mikrobiolog, specjalistka w zakresie leczenia antybiotykami, pt. \u201eAntybiotyki: od wielkich odkry\u0107 do globalnych problem\u00f3w \u2013 korzy\u015bci zagro\u017cenia\u201d. Histori\u0119 odkrycia penicyliny i stosowania antybiotyk\u00f3w w Polsce przedstawi za\u015b dr [&hellip;]","og_url":"https:\/\/podlaskifestiwal.pl\/2025\/9-maja-inauguracja-xxi-podlaskiego-festiwalu-nauki-i-sztuki\/","og_site_name":"XX Podlaski Festiwal Nauki i Sztuki 2025","article_published_time":"2025-05-08T13:00:17+00:00","article_modified_time":"2025-05-09T17:27:23+00:00","og_image":[{"width":461,"height":258,"url":"http:\/\/podlaskifestiwal.pl\/2025\/wp-content\/uploads\/sites\/7\/2025\/03\/Laboratorium-Fleminga.png","type":"image\/png"}],"author":"Hanna Sarosiek","twitter_card":"summary_large_image","twitter_misc":{"Napisane przez":"Hanna Sarosiek","Szacowany czas czytania":"2 minuty"},"schema":{"@context":"https:\/\/schema.org","@graph":[{"@type":"Article","@id":"https:\/\/podlaskifestiwal.pl\/2025\/9-maja-inauguracja-xxi-podlaskiego-festiwalu-nauki-i-sztuki\/#article","isPartOf":{"@id":"https:\/\/podlaskifestiwal.pl\/2025\/9-maja-inauguracja-xxi-podlaskiego-festiwalu-nauki-i-sztuki\/"},"author":{"name":"Hanna Sarosiek","@id":"https:\/\/podlaskifestiwal.pl\/2025\/#\/schema\/person\/16a319ac350e337fc77e66bd3c0f7dc0"},"headline":"9 maja &#8211; Inauguracja XXI Podlaskiego Festiwalu Nauki i Sztuki","datePublished":"2025-05-08T13:00:17+00:00","dateModified":"2025-05-09T17:27:23+00:00","mainEntityOfPage":{"@id":"https:\/\/podlaskifestiwal.pl\/2025\/9-maja-inauguracja-xxi-podlaskiego-festiwalu-nauki-i-sztuki\/"},"wordCount":210,"publisher":{"@id":"https:\/\/podlaskifestiwal.pl\/2025\/#organization"},"image":{"@id":"https:\/\/podlaskifestiwal.pl\/2025\/9-maja-inauguracja-xxi-podlaskiego-festiwalu-nauki-i-sztuki\/#primaryimage"},"thumbnailUrl":"https:\/\/podlaskifestiwal.pl\/2025\/wp-content\/uploads\/sites\/7\/2025\/03\/Laboratorium-Fleminga.png","articleSection":["Uncategorized"],"inLanguage":"pl-PL"},{"@type":"WebPage","@id":"https:\/\/podlaskifestiwal.pl\/2025\/9-maja-inauguracja-xxi-podlaskiego-festiwalu-nauki-i-sztuki\/","url":"https:\/\/podlaskifestiwal.pl\/2025\/9-maja-inauguracja-xxi-podlaskiego-festiwalu-nauki-i-sztuki\/","name":"9 maja - Inauguracja XXI Podlaskiego Festiwalu Nauki i Sztuki - XX Podlaski Festiwal Nauki i Sztuki 2025","isPartOf":{"@id":"https:\/\/podlaskifestiwal.pl\/2025\/#website"},"primaryImageOfPage":{"@id":"https:\/\/podlaskifestiwal.pl\/2025\/9-maja-inauguracja-xxi-podlaskiego-festiwalu-nauki-i-sztuki\/#primaryimage"},"image":{"@id":"https:\/\/podlaskifestiwal.pl\/2025\/9-maja-inauguracja-xxi-podlaskiego-festiwalu-nauki-i-sztuki\/#primaryimage"},"thumbnailUrl":"https:\/\/podlaskifestiwal.pl\/2025\/wp-content\/uploads\/sites\/7\/2025\/03\/Laboratorium-Fleminga.png","datePublished":"2025-05-08T13:00:17+00:00","dateModified":"2025-05-09T17:27:23+00:00","breadcrumb":{"@id":"https:\/\/podlaskifestiwal.pl\/2025\/9-maja-inauguracja-xxi-podlaskiego-festiwalu-nauki-i-sztuki\/#breadcrumb"},"inLanguage":"pl-PL","potentialAction":[{"@type":"ReadAction","target":["https:\/\/podlaskifestiwal.pl\/2025\/9-maja-inauguracja-xxi-podlaskiego-festiwalu-nauki-i-sztuki\/"]}]},{"@type":"ImageObject","inLanguage":"pl-PL","@id":"https:\/\/podlaskifestiwal.pl\/2025\/9-maja-inauguracja-xxi-podlaskiego-festiwalu-nauki-i-sztuki\/#primaryimage","url":"https:\/\/podlaskifestiwal.pl\/2025\/wp-content\/uploads\/sites\/7\/2025\/03\/Laboratorium-Fleminga.png","contentUrl":"https:\/\/podlaskifestiwal.pl\/2025\/wp-content\/uploads\/sites\/7\/2025\/03\/Laboratorium-Fleminga.png","width":461,"height":258,"caption":"Alexander Fleming w Laboratorium"},{"@type":"BreadcrumbList","@id":"https:\/\/podlaskifestiwal.pl\/2025\/9-maja-inauguracja-xxi-podlaskiego-festiwalu-nauki-i-sztuki\/#breadcrumb","itemListElement":[{"@type":"ListItem","position":1,"name":"Strona g\u0142\u00f3wna","item":"https:\/\/podlaskifestiwal.pl\/2025\/"},{"@type":"ListItem","position":2,"name":"9 maja &#8211; Inauguracja XXI Podlaskiego Festiwalu Nauki i Sztuki"}]},{"@type":"WebSite","@id":"https:\/\/podlaskifestiwal.pl\/2025\/#website","url":"https:\/\/podlaskifestiwal.pl\/2025\/","name":"XXI Podlaski Festiwal Nauki i Sztuki","description":"XXI Podlaski Festiwal Nauki i Sztuki","publisher":{"@id":"https:\/\/podlaskifestiwal.pl\/2025\/#organization"},"potentialAction":[{"@type":"SearchAction","target":{"@type":"EntryPoint","urlTemplate":"https:\/\/podlaskifestiwal.pl\/2025\/?s={search_term_string}"},"query-input":{"@type":"PropertyValueSpecification","valueRequired":true,"valueName":"search_term_string"}}],"inLanguage":"pl-PL"},{"@type":"Organization","@id":"https:\/\/podlaskifestiwal.pl\/2025\/#organization","name":"XXI Podlaski Festiwal Nauki i Sztuki","url":"https:\/\/podlaskifestiwal.pl\/2025\/","logo":{"@type":"ImageObject","inLanguage":"pl-PL","@id":"https:\/\/podlaskifestiwal.pl\/2025\/#\/schema\/logo\/image\/","url":"https:\/\/podlaskifestiwal.pl\/2025\/wp-content\/uploads\/sites\/7\/2025\/04\/Baner-Fleming-1.png","contentUrl":"https:\/\/podlaskifestiwal.pl\/2025\/wp-content\/uploads\/sites\/7\/2025\/04\/Baner-Fleming-1.png","width":2400,"height":800,"caption":"XXI Podlaski Festiwal Nauki i Sztuki"},"image":{"@id":"https:\/\/podlaskifestiwal.pl\/2025\/#\/schema\/logo\/image\/"}},{"@type":"Person","@id":"https:\/\/podlaskifestiwal.pl\/2025\/#\/schema\/person\/16a319ac350e337fc77e66bd3c0f7dc0","name":"Hanna Sarosiek","description":"Uniwersytet Medyczny w Bia\u0142ymstoku","url":"https:\/\/podlaskifestiwal.pl\/2025\/author\/promocjaumb\/"}]}},"_links":{"self":[{"href":"https:\/\/podlaskifestiwal.pl\/2025\/wp-json\/wp\/v2\/posts\/11493","targetHints":{"allow":["GET"]}}],"collection":[{"href":"https:\/\/podlaskifestiwal.pl\/2025\/wp-json\/wp\/v2\/posts"}],"about":[{"href":"https:\/\/podlaskifestiwal.pl\/2025\/wp-json\/wp\/v2\/types\/post"}],"author":[{"embeddable":true,"href":"https:\/\/podlaskifestiwal.pl\/2025\/wp-json\/wp\/v2\/users\/23"}],"replies":[{"embeddable":true,"href":"https:\/\/podlaskifestiwal.pl\/2025\/wp-json\/wp\/v2\/comments?post=11493"}],"version-history":[{"count":8,"href":"https:\/\/podlaskifestiwal.pl\/2025\/wp-json\/wp\/v2\/posts\/11493\/revisions"}],"predecessor-version":[{"id":12645,"href":"https:\/\/podlaskifestiwal.pl\/2025\/wp-json\/wp\/v2\/posts\/11493\/revisions\/12645"}],"wp:featuredmedia":[{"embeddable":true,"href":"https:\/\/podlaskifestiwal.pl\/2025\/wp-json\/wp\/v2\/media\/11494"}],"wp:attachment":[{"href":"https:\/\/podlaskifestiwal.pl\/2025\/wp-json\/wp\/v2\/media?parent=11493"}],"wp:term":[{"taxonomy":"category","embeddable":true,"href":"https:\/\/podlaskifestiwal.pl\/2025\/wp-json\/wp\/v2\/categories?post=11493"},{"taxonomy":"post_tag","embeddable":true,"href":"https:\/\/podlaskifestiwal.pl\/2025\/wp-json\/wp\/v2\/tags?post=11493"}],"curies":[{"name":"wp","href":"https:\/\/api.w.org\/{rel}","templated":true}]}}