{"id":11121,"date":"2025-03-19T12:00:43","date_gmt":"2025-03-19T12:00:43","guid":{"rendered":"https:\/\/podlaskifestiwal.pl\/2025\/?p=11121"},"modified":"2025-03-26T18:54:20","modified_gmt":"2025-03-26T18:54:20","slug":"w-maju-2025-roku-zapraszamy-na-xxi-podlaski-festiwal-nauki-i-sztuki","status":"publish","type":"post","link":"https:\/\/podlaskifestiwal.pl\/2025\/w-maju-2025-roku-zapraszamy-na-xxi-podlaski-festiwal-nauki-i-sztuki\/","title":{"rendered":"W maju 2025 roku zapraszamy na XXI &nbsp;Podlaski Festiwal Nauki i Sztuki"},"content":{"rendered":"<p>Szanowni Pa\u0144stwo,<\/p>\n<p>Serdecznie zapraszamy na kolejn\u0105 edycj\u0119 Podlaskiego Festiwalu Nauki i Sztuki, kt\u00f3ry zaplanowany jest od 9 do 18 maja 2025 roku. Obecnie przygotowujemy szczeg\u00f3\u0142owy program.<\/p>\n<p>Od 11 kwietnia b\u0119dzie mo\u017cna si\u0119 rejestrowa\u0107 na poszczeg\u00f3lne imprezy. W niedziel\u0119, 18 maja 2025 roku, w godzinach 10:00-16:00, planujemy Rodzinny Piknik Naukowy na Stadionie Chorten Arena w Bia\u0142ymstoku.<\/p>\n<p>#PFNiS to najwi\u0119ksze cykliczne wydarzenie popularyzuj\u0105ce nauk\u0119 w Polsce p\u00f3\u0142nocno-wschodniej.<\/p>\n<p>Organizuje je wsp\u00f3lnie 11 uczelni publicznych i niepublicznych: Uniwersytet Medyczny w Bia\u0142ymstoku, Uniwersytet w Bia\u0142ymstoku, Politechnika Bia\u0142ostocka, Uniwersytet Muzyczny Fryderyka Chopina &#8211; Wydzia\u0142 Instrumentalno-Pedagogiczny, Edukacji Muzycznej i Wokalistyki w Bia\u0142ymstoku, Akademia Teatralna im. Aleksandra Zelwerowicza Filia w Bia\u0142ymstoku, Wy\u017csza Szko\u0142a Medyczna w Bia\u0142ymstoku, Akademia Podlaska w Bia\u0142ymstoku &#8211; Akademia Nauk Stosowanych, Akademia \u0141om\u017cy\u0144ska, Pa\u0144stwowa Uczelnia Zawodowa w Suwa\u0142kach, Wy\u017csza Szko\u0142a Ekonomiczna w Bia\u0142ymstoku, Wschodnioeuropejska Akademia Nauk Stosowanych w Bia\u0142ymstoku oraz Bia\u0142ostocki Park Naukowo-Technologiczny.<\/p>\n<p>Uniwersytet Medyczny w Bia\u0142ymstoku jest w tym roku koordynatorem g\u0142\u00f3wnym Festiwalu. Wi\u0119cej szczeg\u00f3\u0142\u00f3w nied\u0142ugo.<\/p>\n<p>Projekt dofinansowany ze \u015brodk\u00f3w bud\u017cetu pa\u0144stwa, przyznanych przez Ministerstwo Nauki i Szkolnictwa Wy\u017cszego w ramach Programu &#8222;Spo\u0142eczna odpowiedzialno\u015b\u0107 nauki II&#8221;.<\/p>\n","protected":false},"excerpt":{"rendered":"<p>Szanowni Pa\u0144stwo, Serdecznie zapraszamy na kolejn\u0105 edycj\u0119 Podlaskiego Festiwalu Nauki i Sztuki, kt\u00f3ry zaplanowany jest od 9 do 18 maja 2025 roku. Obecnie przygotowujemy szczeg\u00f3\u0142owy program. Od 11 kwietnia b\u0119dzie mo\u017cna si\u0119 rejestrowa\u0107 na poszczeg\u00f3lne imprezy. W niedziel\u0119, 18 maja 2025 roku, w godzinach 10:00-16:00, planujemy Rodzinny Piknik Naukowy na Stadionie Chorten Arena w Bia\u0142ymstoku. [&hellip;]<\/p>\n","protected":false},"author":75,"featured_media":11130,"comment_status":"closed","ping_status":"closed","sticky":false,"template":"","format":"standard","meta":{"ngg_post_thumbnail":0,"footnotes":""},"categories":[1],"tags":[],"class_list":["post-11121","post","type-post","status-publish","format-standard","has-post-thumbnail","hentry","category-uncategorized"],"yoast_head":"<!-- This site is optimized with the Yoast SEO plugin v27.1.1 - https:\/\/yoast.com\/product\/yoast-seo-wordpress\/ -->\n<title>W maju 2025 roku zapraszamy na XXI &nbsp;Podlaski Festiwal Nauki i Sztuki - XX Podlaski Festiwal Nauki i Sztuki 2025<\/title>\n<meta name=\"robots\" content=\"index, follow, max-snippet:-1, max-image-preview:large, max-video-preview:-1\" \/>\n<link rel=\"canonical\" href=\"https:\/\/podlaskifestiwal.pl\/2025\/w-maju-2025-roku-zapraszamy-na-xxi-podlaski-festiwal-nauki-i-sztuki\/\" \/>\n<meta property=\"og:locale\" content=\"pl_PL\" \/>\n<meta property=\"og:type\" content=\"article\" \/>\n<meta property=\"og:title\" content=\"W maju 2025 roku zapraszamy na XXI &nbsp;Podlaski Festiwal Nauki i Sztuki - XX Podlaski Festiwal Nauki i Sztuki 2025\" \/>\n<meta property=\"og:description\" content=\"Szanowni Pa\u0144stwo, Serdecznie zapraszamy na kolejn\u0105 edycj\u0119 Podlaskiego Festiwalu Nauki i Sztuki, kt\u00f3ry zaplanowany jest od 9 do 18 maja 2025 roku. Obecnie przygotowujemy szczeg\u00f3\u0142owy program. Od 11 kwietnia b\u0119dzie mo\u017cna si\u0119 rejestrowa\u0107 na poszczeg\u00f3lne imprezy. W niedziel\u0119, 18 maja 2025 roku, w godzinach 10:00-16:00, planujemy Rodzinny Piknik Naukowy na Stadionie Chorten Arena w Bia\u0142ymstoku. [&hellip;]\" \/>\n<meta property=\"og:url\" content=\"https:\/\/podlaskifestiwal.pl\/2025\/w-maju-2025-roku-zapraszamy-na-xxi-podlaski-festiwal-nauki-i-sztuki\/\" \/>\n<meta property=\"og:site_name\" content=\"XX Podlaski Festiwal Nauki i Sztuki 2025\" \/>\n<meta property=\"article:published_time\" content=\"2025-03-19T12:00:43+00:00\" \/>\n<meta property=\"article:modified_time\" content=\"2025-03-26T18:54:20+00:00\" \/>\n<meta property=\"og:image\" content=\"https:\/\/podlaskifestiwal.pl\/2025\/wp-content\/uploads\/sites\/7\/2025\/02\/DSC00551tiny-scaled.jpg\" \/>\n\t<meta property=\"og:image:width\" content=\"2560\" \/>\n\t<meta property=\"og:image:height\" content=\"1707\" \/>\n\t<meta property=\"og:image:type\" content=\"image\/jpeg\" \/>\n<meta name=\"author\" content=\"beataherman\" \/>\n<meta name=\"twitter:card\" content=\"summary_large_image\" \/>\n<meta name=\"twitter:label1\" content=\"Napisane przez\" \/>\n\t<meta name=\"twitter:data1\" content=\"beataherman\" \/>\n\t<meta name=\"twitter:label2\" content=\"Szacowany czas czytania\" \/>\n\t<meta name=\"twitter:data2\" content=\"1 minuta\" \/>\n<script type=\"application\/ld+json\" class=\"yoast-schema-graph\">{\"@context\":\"https:\/\/schema.org\",\"@graph\":[{\"@type\":\"Article\",\"@id\":\"https:\/\/podlaskifestiwal.pl\/2025\/w-maju-2025-roku-zapraszamy-na-xxi-podlaski-festiwal-nauki-i-sztuki\/#article\",\"isPartOf\":{\"@id\":\"https:\/\/podlaskifestiwal.pl\/2025\/w-maju-2025-roku-zapraszamy-na-xxi-podlaski-festiwal-nauki-i-sztuki\/\"},\"author\":{\"name\":\"beataherman\",\"@id\":\"https:\/\/podlaskifestiwal.pl\/2025\/#\/schema\/person\/1fa525ded219027243e9321cd49b199e\"},\"headline\":\"W maju 2025 roku zapraszamy na XXI &nbsp;Podlaski Festiwal Nauki i Sztuki\",\"datePublished\":\"2025-03-19T12:00:43+00:00\",\"dateModified\":\"2025-03-26T18:54:20+00:00\",\"mainEntityOfPage\":{\"@id\":\"https:\/\/podlaskifestiwal.pl\/2025\/w-maju-2025-roku-zapraszamy-na-xxi-podlaski-festiwal-nauki-i-sztuki\/\"},\"wordCount\":216,\"publisher\":{\"@id\":\"https:\/\/podlaskifestiwal.pl\/2025\/#organization\"},\"image\":{\"@id\":\"https:\/\/podlaskifestiwal.pl\/2025\/w-maju-2025-roku-zapraszamy-na-xxi-podlaski-festiwal-nauki-i-sztuki\/#primaryimage\"},\"thumbnailUrl\":\"https:\/\/podlaskifestiwal.pl\/2025\/wp-content\/uploads\/sites\/7\/2025\/02\/DSC00551tiny-scaled.jpg\",\"articleSection\":[\"Uncategorized\"],\"inLanguage\":\"pl-PL\"},{\"@type\":\"WebPage\",\"@id\":\"https:\/\/podlaskifestiwal.pl\/2025\/w-maju-2025-roku-zapraszamy-na-xxi-podlaski-festiwal-nauki-i-sztuki\/\",\"url\":\"https:\/\/podlaskifestiwal.pl\/2025\/w-maju-2025-roku-zapraszamy-na-xxi-podlaski-festiwal-nauki-i-sztuki\/\",\"name\":\"W maju 2025 roku zapraszamy na XXI &nbsp;Podlaski Festiwal Nauki i Sztuki - XX Podlaski Festiwal Nauki i Sztuki 2025\",\"isPartOf\":{\"@id\":\"https:\/\/podlaskifestiwal.pl\/2025\/#website\"},\"primaryImageOfPage\":{\"@id\":\"https:\/\/podlaskifestiwal.pl\/2025\/w-maju-2025-roku-zapraszamy-na-xxi-podlaski-festiwal-nauki-i-sztuki\/#primaryimage\"},\"image\":{\"@id\":\"https:\/\/podlaskifestiwal.pl\/2025\/w-maju-2025-roku-zapraszamy-na-xxi-podlaski-festiwal-nauki-i-sztuki\/#primaryimage\"},\"thumbnailUrl\":\"https:\/\/podlaskifestiwal.pl\/2025\/wp-content\/uploads\/sites\/7\/2025\/02\/DSC00551tiny-scaled.jpg\",\"datePublished\":\"2025-03-19T12:00:43+00:00\",\"dateModified\":\"2025-03-26T18:54:20+00:00\",\"breadcrumb\":{\"@id\":\"https:\/\/podlaskifestiwal.pl\/2025\/w-maju-2025-roku-zapraszamy-na-xxi-podlaski-festiwal-nauki-i-sztuki\/#breadcrumb\"},\"inLanguage\":\"pl-PL\",\"potentialAction\":[{\"@type\":\"ReadAction\",\"target\":[\"https:\/\/podlaskifestiwal.pl\/2025\/w-maju-2025-roku-zapraszamy-na-xxi-podlaski-festiwal-nauki-i-sztuki\/\"]}]},{\"@type\":\"ImageObject\",\"inLanguage\":\"pl-PL\",\"@id\":\"https:\/\/podlaskifestiwal.pl\/2025\/w-maju-2025-roku-zapraszamy-na-xxi-podlaski-festiwal-nauki-i-sztuki\/#primaryimage\",\"url\":\"https:\/\/podlaskifestiwal.pl\/2025\/wp-content\/uploads\/sites\/7\/2025\/02\/DSC00551tiny-scaled.jpg\",\"contentUrl\":\"https:\/\/podlaskifestiwal.pl\/2025\/wp-content\/uploads\/sites\/7\/2025\/02\/DSC00551tiny-scaled.jpg\",\"width\":2560,\"height\":1707,\"caption\":\"Piknik Naukowy na Stadionie Miejskim. Uczestnicy\"},{\"@type\":\"BreadcrumbList\",\"@id\":\"https:\/\/podlaskifestiwal.pl\/2025\/w-maju-2025-roku-zapraszamy-na-xxi-podlaski-festiwal-nauki-i-sztuki\/#breadcrumb\",\"itemListElement\":[{\"@type\":\"ListItem\",\"position\":1,\"name\":\"Strona g\u0142\u00f3wna\",\"item\":\"https:\/\/podlaskifestiwal.pl\/2025\/\"},{\"@type\":\"ListItem\",\"position\":2,\"name\":\"W maju 2025 roku zapraszamy na XXI &nbsp;Podlaski Festiwal Nauki i Sztuki\"}]},{\"@type\":\"WebSite\",\"@id\":\"https:\/\/podlaskifestiwal.pl\/2025\/#website\",\"url\":\"https:\/\/podlaskifestiwal.pl\/2025\/\",\"name\":\"XXI Podlaski Festiwal Nauki i Sztuki\",\"description\":\"XXI Podlaski Festiwal Nauki i Sztuki\",\"publisher\":{\"@id\":\"https:\/\/podlaskifestiwal.pl\/2025\/#organization\"},\"potentialAction\":[{\"@type\":\"SearchAction\",\"target\":{\"@type\":\"EntryPoint\",\"urlTemplate\":\"https:\/\/podlaskifestiwal.pl\/2025\/?s={search_term_string}\"},\"query-input\":{\"@type\":\"PropertyValueSpecification\",\"valueRequired\":true,\"valueName\":\"search_term_string\"}}],\"inLanguage\":\"pl-PL\"},{\"@type\":\"Organization\",\"@id\":\"https:\/\/podlaskifestiwal.pl\/2025\/#organization\",\"name\":\"XXI Podlaski Festiwal Nauki i Sztuki\",\"url\":\"https:\/\/podlaskifestiwal.pl\/2025\/\",\"logo\":{\"@type\":\"ImageObject\",\"inLanguage\":\"pl-PL\",\"@id\":\"https:\/\/podlaskifestiwal.pl\/2025\/#\/schema\/logo\/image\/\",\"url\":\"https:\/\/podlaskifestiwal.pl\/2025\/wp-content\/uploads\/sites\/7\/2025\/04\/Baner-Fleming-1.png\",\"contentUrl\":\"https:\/\/podlaskifestiwal.pl\/2025\/wp-content\/uploads\/sites\/7\/2025\/04\/Baner-Fleming-1.png\",\"width\":2400,\"height\":800,\"caption\":\"XXI Podlaski Festiwal Nauki i Sztuki\"},\"image\":{\"@id\":\"https:\/\/podlaskifestiwal.pl\/2025\/#\/schema\/logo\/image\/\"}},{\"@type\":\"Person\",\"@id\":\"https:\/\/podlaskifestiwal.pl\/2025\/#\/schema\/person\/1fa525ded219027243e9321cd49b199e\",\"name\":\"beataherman\",\"url\":\"https:\/\/podlaskifestiwal.pl\/2025\/author\/beataherman\/\"}]}<\/script>\n<!-- \/ Yoast SEO plugin. -->","yoast_head_json":{"title":"W maju 2025 roku zapraszamy na XXI &nbsp;Podlaski Festiwal Nauki i Sztuki - XX Podlaski Festiwal Nauki i Sztuki 2025","robots":{"index":"index","follow":"follow","max-snippet":"max-snippet:-1","max-image-preview":"max-image-preview:large","max-video-preview":"max-video-preview:-1"},"canonical":"https:\/\/podlaskifestiwal.pl\/2025\/w-maju-2025-roku-zapraszamy-na-xxi-podlaski-festiwal-nauki-i-sztuki\/","og_locale":"pl_PL","og_type":"article","og_title":"W maju 2025 roku zapraszamy na XXI &nbsp;Podlaski Festiwal Nauki i Sztuki - XX Podlaski Festiwal Nauki i Sztuki 2025","og_description":"Szanowni Pa\u0144stwo, Serdecznie zapraszamy na kolejn\u0105 edycj\u0119 Podlaskiego Festiwalu Nauki i Sztuki, kt\u00f3ry zaplanowany jest od 9 do 18 maja 2025 roku. Obecnie przygotowujemy szczeg\u00f3\u0142owy program. Od 11 kwietnia b\u0119dzie mo\u017cna si\u0119 rejestrowa\u0107 na poszczeg\u00f3lne imprezy. W niedziel\u0119, 18 maja 2025 roku, w godzinach 10:00-16:00, planujemy Rodzinny Piknik Naukowy na Stadionie Chorten Arena w Bia\u0142ymstoku. [&hellip;]","og_url":"https:\/\/podlaskifestiwal.pl\/2025\/w-maju-2025-roku-zapraszamy-na-xxi-podlaski-festiwal-nauki-i-sztuki\/","og_site_name":"XX Podlaski Festiwal Nauki i Sztuki 2025","article_published_time":"2025-03-19T12:00:43+00:00","article_modified_time":"2025-03-26T18:54:20+00:00","og_image":[{"width":2560,"height":1707,"url":"https:\/\/podlaskifestiwal.pl\/2025\/wp-content\/uploads\/sites\/7\/2025\/02\/DSC00551tiny-scaled.jpg","type":"image\/jpeg"}],"author":"beataherman","twitter_card":"summary_large_image","twitter_misc":{"Napisane przez":"beataherman","Szacowany czas czytania":"1 minuta"},"schema":{"@context":"https:\/\/schema.org","@graph":[{"@type":"Article","@id":"https:\/\/podlaskifestiwal.pl\/2025\/w-maju-2025-roku-zapraszamy-na-xxi-podlaski-festiwal-nauki-i-sztuki\/#article","isPartOf":{"@id":"https:\/\/podlaskifestiwal.pl\/2025\/w-maju-2025-roku-zapraszamy-na-xxi-podlaski-festiwal-nauki-i-sztuki\/"},"author":{"name":"beataherman","@id":"https:\/\/podlaskifestiwal.pl\/2025\/#\/schema\/person\/1fa525ded219027243e9321cd49b199e"},"headline":"W maju 2025 roku zapraszamy na XXI &nbsp;Podlaski Festiwal Nauki i Sztuki","datePublished":"2025-03-19T12:00:43+00:00","dateModified":"2025-03-26T18:54:20+00:00","mainEntityOfPage":{"@id":"https:\/\/podlaskifestiwal.pl\/2025\/w-maju-2025-roku-zapraszamy-na-xxi-podlaski-festiwal-nauki-i-sztuki\/"},"wordCount":216,"publisher":{"@id":"https:\/\/podlaskifestiwal.pl\/2025\/#organization"},"image":{"@id":"https:\/\/podlaskifestiwal.pl\/2025\/w-maju-2025-roku-zapraszamy-na-xxi-podlaski-festiwal-nauki-i-sztuki\/#primaryimage"},"thumbnailUrl":"https:\/\/podlaskifestiwal.pl\/2025\/wp-content\/uploads\/sites\/7\/2025\/02\/DSC00551tiny-scaled.jpg","articleSection":["Uncategorized"],"inLanguage":"pl-PL"},{"@type":"WebPage","@id":"https:\/\/podlaskifestiwal.pl\/2025\/w-maju-2025-roku-zapraszamy-na-xxi-podlaski-festiwal-nauki-i-sztuki\/","url":"https:\/\/podlaskifestiwal.pl\/2025\/w-maju-2025-roku-zapraszamy-na-xxi-podlaski-festiwal-nauki-i-sztuki\/","name":"W maju 2025 roku zapraszamy na XXI &nbsp;Podlaski Festiwal Nauki i Sztuki - XX Podlaski Festiwal Nauki i Sztuki 2025","isPartOf":{"@id":"https:\/\/podlaskifestiwal.pl\/2025\/#website"},"primaryImageOfPage":{"@id":"https:\/\/podlaskifestiwal.pl\/2025\/w-maju-2025-roku-zapraszamy-na-xxi-podlaski-festiwal-nauki-i-sztuki\/#primaryimage"},"image":{"@id":"https:\/\/podlaskifestiwal.pl\/2025\/w-maju-2025-roku-zapraszamy-na-xxi-podlaski-festiwal-nauki-i-sztuki\/#primaryimage"},"thumbnailUrl":"https:\/\/podlaskifestiwal.pl\/2025\/wp-content\/uploads\/sites\/7\/2025\/02\/DSC00551tiny-scaled.jpg","datePublished":"2025-03-19T12:00:43+00:00","dateModified":"2025-03-26T18:54:20+00:00","breadcrumb":{"@id":"https:\/\/podlaskifestiwal.pl\/2025\/w-maju-2025-roku-zapraszamy-na-xxi-podlaski-festiwal-nauki-i-sztuki\/#breadcrumb"},"inLanguage":"pl-PL","potentialAction":[{"@type":"ReadAction","target":["https:\/\/podlaskifestiwal.pl\/2025\/w-maju-2025-roku-zapraszamy-na-xxi-podlaski-festiwal-nauki-i-sztuki\/"]}]},{"@type":"ImageObject","inLanguage":"pl-PL","@id":"https:\/\/podlaskifestiwal.pl\/2025\/w-maju-2025-roku-zapraszamy-na-xxi-podlaski-festiwal-nauki-i-sztuki\/#primaryimage","url":"https:\/\/podlaskifestiwal.pl\/2025\/wp-content\/uploads\/sites\/7\/2025\/02\/DSC00551tiny-scaled.jpg","contentUrl":"https:\/\/podlaskifestiwal.pl\/2025\/wp-content\/uploads\/sites\/7\/2025\/02\/DSC00551tiny-scaled.jpg","width":2560,"height":1707,"caption":"Piknik Naukowy na Stadionie Miejskim. Uczestnicy"},{"@type":"BreadcrumbList","@id":"https:\/\/podlaskifestiwal.pl\/2025\/w-maju-2025-roku-zapraszamy-na-xxi-podlaski-festiwal-nauki-i-sztuki\/#breadcrumb","itemListElement":[{"@type":"ListItem","position":1,"name":"Strona g\u0142\u00f3wna","item":"https:\/\/podlaskifestiwal.pl\/2025\/"},{"@type":"ListItem","position":2,"name":"W maju 2025 roku zapraszamy na XXI &nbsp;Podlaski Festiwal Nauki i Sztuki"}]},{"@type":"WebSite","@id":"https:\/\/podlaskifestiwal.pl\/2025\/#website","url":"https:\/\/podlaskifestiwal.pl\/2025\/","name":"XXI Podlaski Festiwal Nauki i Sztuki","description":"XXI Podlaski Festiwal Nauki i Sztuki","publisher":{"@id":"https:\/\/podlaskifestiwal.pl\/2025\/#organization"},"potentialAction":[{"@type":"SearchAction","target":{"@type":"EntryPoint","urlTemplate":"https:\/\/podlaskifestiwal.pl\/2025\/?s={search_term_string}"},"query-input":{"@type":"PropertyValueSpecification","valueRequired":true,"valueName":"search_term_string"}}],"inLanguage":"pl-PL"},{"@type":"Organization","@id":"https:\/\/podlaskifestiwal.pl\/2025\/#organization","name":"XXI Podlaski Festiwal Nauki i Sztuki","url":"https:\/\/podlaskifestiwal.pl\/2025\/","logo":{"@type":"ImageObject","inLanguage":"pl-PL","@id":"https:\/\/podlaskifestiwal.pl\/2025\/#\/schema\/logo\/image\/","url":"https:\/\/podlaskifestiwal.pl\/2025\/wp-content\/uploads\/sites\/7\/2025\/04\/Baner-Fleming-1.png","contentUrl":"https:\/\/podlaskifestiwal.pl\/2025\/wp-content\/uploads\/sites\/7\/2025\/04\/Baner-Fleming-1.png","width":2400,"height":800,"caption":"XXI Podlaski Festiwal Nauki i Sztuki"},"image":{"@id":"https:\/\/podlaskifestiwal.pl\/2025\/#\/schema\/logo\/image\/"}},{"@type":"Person","@id":"https:\/\/podlaskifestiwal.pl\/2025\/#\/schema\/person\/1fa525ded219027243e9321cd49b199e","name":"beataherman","url":"https:\/\/podlaskifestiwal.pl\/2025\/author\/beataherman\/"}]}},"_links":{"self":[{"href":"https:\/\/podlaskifestiwal.pl\/2025\/wp-json\/wp\/v2\/posts\/11121","targetHints":{"allow":["GET"]}}],"collection":[{"href":"https:\/\/podlaskifestiwal.pl\/2025\/wp-json\/wp\/v2\/posts"}],"about":[{"href":"https:\/\/podlaskifestiwal.pl\/2025\/wp-json\/wp\/v2\/types\/post"}],"author":[{"embeddable":true,"href":"https:\/\/podlaskifestiwal.pl\/2025\/wp-json\/wp\/v2\/users\/75"}],"replies":[{"embeddable":true,"href":"https:\/\/podlaskifestiwal.pl\/2025\/wp-json\/wp\/v2\/comments?post=11121"}],"version-history":[{"count":3,"href":"https:\/\/podlaskifestiwal.pl\/2025\/wp-json\/wp\/v2\/posts\/11121\/revisions"}],"predecessor-version":[{"id":11433,"href":"https:\/\/podlaskifestiwal.pl\/2025\/wp-json\/wp\/v2\/posts\/11121\/revisions\/11433"}],"wp:featuredmedia":[{"embeddable":true,"href":"https:\/\/podlaskifestiwal.pl\/2025\/wp-json\/wp\/v2\/media\/11130"}],"wp:attachment":[{"href":"https:\/\/podlaskifestiwal.pl\/2025\/wp-json\/wp\/v2\/media?parent=11121"}],"wp:term":[{"taxonomy":"category","embeddable":true,"href":"https:\/\/podlaskifestiwal.pl\/2025\/wp-json\/wp\/v2\/categories?post=11121"},{"taxonomy":"post_tag","embeddable":true,"href":"https:\/\/podlaskifestiwal.pl\/2025\/wp-json\/wp\/v2\/tags?post=11121"}],"curies":[{"name":"wp","href":"https:\/\/api.w.org\/{rel}","templated":true}]}}