{"id":8991,"date":"2024-03-11T10:50:41","date_gmt":"2024-03-11T10:50:41","guid":{"rendered":"https:\/\/podlaskifestiwal.pl\/2024\/?p=8991"},"modified":"2024-04-12T11:50:26","modified_gmt":"2024-04-12T11:50:26","slug":"ramowy-harmonogram-wydarzenia","status":"publish","type":"post","link":"https:\/\/podlaskifestiwal.pl\/2024\/ramowy-harmonogram-wydarzenia\/","title":{"rendered":"Ramowy harmonogram wydarzenia"},"content":{"rendered":"<p><strong>10 maja pi\u0105tek<\/strong><\/p>\n<ul>\n<li>uroczyste otwarcie festiwalu i wyk\u0142ad inauguracyjny \u201eLudzki m\u00f3zg &#8211; komputer (nie)doskona\u0142y\u201d \u2013 dr Marek Bartoszewicz, Wydzia\u0142u Biologii UwB (kampus Uniwersytetu w Bia\u0142ymstoku, aula Wydzia\u0142u Matematyki, godz. 10:00)<\/li>\n<li>autorskie oprowadzanie po plenerowej wystawie \u201eSynteza Nauki i Sztuki\u201d (kampus UwB, Plac Syntezy Nauk, godz. 17:00)<\/li>\n<\/ul>\n<p><strong>13 maja poniedzia\u0142ek<\/strong><\/p>\n<ul>\n<li>imprezy festiwalowe w poszczeg\u00f3lnych uczelniach (Politechnika Bia\u0142ostocka, Pa\u0144stwowa Uczelnia Zawodowa w Suwa\u0142kach)<\/li>\n<li>koncert Antonio Vivaldi \u201eGloria na ch\u00f3r mieszany i orkiestr\u0119\u201d &#8211; Uniwersytet Muzyczny Fryderyka Chopina (Ko\u015bci\u00f3\u0142 pw. \u015bw.&nbsp; J\u00f3zefa Oblubie\u0144ca NMP, ul. \u015awi\u0119tego Rocha 12, godz. 19:00)<\/li>\n<\/ul>\n<p><strong>14 maja wtorek <\/strong><\/p>\n<ul>\n<li>imprezy festiwalowe w poszczeg\u00f3lnych uczelniach (Uniwersytet w Bia\u0142ymstoku i Planetarium UwB)<\/li>\n<\/ul>\n<p><strong>15 maja \u015broda <\/strong><\/p>\n<ul>\n<li>imprezy festiwalowe w poszczeg\u00f3lnych uczelniach (Uniwersytet Medyczny w Bia\u0142ymstoku i Wschodnioeuropejska Akademia Nauk Stosowanych w Bia\u0142ymstoku) oraz w Epi- Centrum Nauki Bia\u0142ystok)<\/li>\n<li>koncert galowy Studenckiej Orkiestry D\u0119tej &#8211; Uniwersytet Muzyczny Fryderyka Chopina (Sala Filharmonii, ul. Podle\u015bna 2, godz. 18:00)<\/li>\n<\/ul>\n<p><strong>16 maja czwartek<\/strong><\/p>\n<ul>\n<li>imprezy festiwalowe w poszczeg\u00f3lnych uczelniach (Archidiecezjalne Wy\u017csze Seminarium Duchowne, Wy\u017csza Szko\u0142a Medyczna w Bia\u0142ymstoku, Wy\u017csza Szko\u0142a Ekonomiczna w Bia\u0142ymstoku, Akademia \u0141om\u017cy\u0144ska, Akademia Podlaska w Bia\u0142ymstoku)<\/li>\n<li>spektakl \u201eSk\u0142odowska. Radium Girl\u201d \u2013 Teatr PAPAHEMA (Uniwersyteckie Centrum Kultury, kampus UwB, ul. Cio\u0142kowskiego 1N, godz. 19:00)<\/li>\n<\/ul>\n<p><strong>17 maja pi\u0105tek<\/strong><\/p>\n<ul>\n<li>wyk\u0142ad popularnonaukowy \u201eZabije nas asteroida czy raczej zbuntowane roboty\u201d \u2013 dr \u0141ukasz Lam\u017ca &#8211; dziennikarz naukowy i doktor filozofii, pracownik Centrum Kopernika Bada\u0144 Interdyscyplinarnych (CKBI) na Uniwersytecie Jagiello\u0144skim (Uniwersyteckie Centrum Kultury, kampus UwB, ul. Cio\u0142kowskiego 1N, godz. 10:00)<\/li>\n<li>spektakl \u201eDrama Club\u201d&nbsp; &#8211; Akademia Teatralna im. A. Zelwerowicza, Filia w Bia\u0142ymstoku (Teatr Szkolny im. Jana Wilkowskiego, ul. Sienkiewicza 14, godz. 18:00)<\/li>\n<li>Jan Sebastian Bach \u201eKantata o kawie\u201d \u2013 spektakl Uniwersytetu Muzycznego Fryderyka Chopina, Filii w Bia\u0142ymstoku (aula im. Janusza Korczaka Wydzia\u0142 Nauk o Edukacji UwB, ul. \u015awierkowa 20, godz. 19:00)<\/li>\n<\/ul>\n<p><strong>18 maja sobota <\/strong><\/p>\n<ul>\n<li>Rodzinny Piknik Naukowy na Stadionie Miejskim w Bia\u0142ymstoku (ul. S\u0142oneczna 1, godz. 10:00 \u2013 15:00)<\/li>\n<\/ul>\n<p><strong>19 maja niedziela<\/strong><\/p>\n<ul>\n<li>Fina\u0142 \u0142\u0105cz\u0105cy nauk\u0119 ze sztuk\u0105: koncert fina\u0142owy standard\u00f3w muzyki rozrywkowej w wykonaniu Orkiestry D\u0119tej Uniwersytetu Muzycznego Fryderyka Chopina, Filii w Bia\u0142ymstoku poprzedzony wyk\u0142adem o Marii Sk\u0142odowskiej-Curie \u201eLudzko\u015b\u0107 potrzebuje marzycieli\u2026\u201d &#8211; dr Iwona Misztalewska-Turkowicz, Wydzia\u0142 Chemii UwB (aula im. Janusza Korczaka Wydzia\u0142 Nauk o Edukacji UwB, ul. \u015awierkowa 20, godz. 19:00)<\/li>\n<\/ul>\n","protected":false},"excerpt":{"rendered":"<p>10 maja pi\u0105tek uroczyste otwarcie festiwalu i wyk\u0142ad inauguracyjny \u201eLudzki m\u00f3zg &#8211; komputer (nie)doskona\u0142y\u201d \u2013 dr Marek Bartoszewicz, Wydzia\u0142u Biologii UwB (kampus Uniwersytetu w Bia\u0142ymstoku, aula Wydzia\u0142u Matematyki, godz. 10:00) autorskie oprowadzanie po plenerowej wystawie \u201eSynteza Nauki i Sztuki\u201d (kampus UwB, Plac Syntezy Nauk, godz. 17:00) 13 maja poniedzia\u0142ek imprezy festiwalowe w poszczeg\u00f3lnych uczelniach (Politechnika [&hellip;]<\/p>\n","protected":false},"author":137,"featured_media":9030,"comment_status":"closed","ping_status":"closed","sticky":false,"template":"","format":"standard","meta":{"ngg_post_thumbnail":0,"footnotes":""},"categories":[1],"tags":[],"class_list":["post-8991","post","type-post","status-publish","format-standard","has-post-thumbnail","hentry","category-uncategorized"],"_links":{"self":[{"href":"https:\/\/podlaskifestiwal.pl\/2024\/wp-json\/wp\/v2\/posts\/8991","targetHints":{"allow":["GET"]}}],"collection":[{"href":"https:\/\/podlaskifestiwal.pl\/2024\/wp-json\/wp\/v2\/posts"}],"about":[{"href":"https:\/\/podlaskifestiwal.pl\/2024\/wp-json\/wp\/v2\/types\/post"}],"author":[{"embeddable":true,"href":"https:\/\/podlaskifestiwal.pl\/2024\/wp-json\/wp\/v2\/users\/137"}],"replies":[{"embeddable":true,"href":"https:\/\/podlaskifestiwal.pl\/2024\/wp-json\/wp\/v2\/comments?post=8991"}],"version-history":[{"count":6,"href":"https:\/\/podlaskifestiwal.pl\/2024\/wp-json\/wp\/v2\/posts\/8991\/revisions"}],"predecessor-version":[{"id":10046,"href":"https:\/\/podlaskifestiwal.pl\/2024\/wp-json\/wp\/v2\/posts\/8991\/revisions\/10046"}],"wp:featuredmedia":[{"embeddable":true,"href":"https:\/\/podlaskifestiwal.pl\/2024\/wp-json\/wp\/v2\/media\/9030"}],"wp:attachment":[{"href":"https:\/\/podlaskifestiwal.pl\/2024\/wp-json\/wp\/v2\/media?parent=8991"}],"wp:term":[{"taxonomy":"category","embeddable":true,"href":"https:\/\/podlaskifestiwal.pl\/2024\/wp-json\/wp\/v2\/categories?post=8991"},{"taxonomy":"post_tag","embeddable":true,"href":"https:\/\/podlaskifestiwal.pl\/2024\/wp-json\/wp\/v2\/tags?post=8991"}],"curies":[{"name":"wp","href":"https:\/\/api.w.org\/{rel}","templated":true}]}}