{"id":10906,"date":"2024-05-16T07:31:00","date_gmt":"2024-05-16T07:31:00","guid":{"rendered":"https:\/\/podlaskifestiwal.pl\/2024\/?p=10906"},"modified":"2024-05-17T08:41:56","modified_gmt":"2024-05-17T08:41:56","slug":"wielki-final-xx-podlaskiego-festiwalu-nauki-i-sztuki","status":"publish","type":"post","link":"https:\/\/podlaskifestiwal.pl\/2024\/wielki-final-xx-podlaskiego-festiwalu-nauki-i-sztuki\/","title":{"rendered":"Wielki fina\u0142 XX Podlaskiego Festiwalu Nauki i Sztuki"},"content":{"rendered":"<p><strong>To b\u0119dzie wiecz\u00f3r \u0142\u0105cz\u0105cy nauk\u0119 ze sztuk\u0105, bo przed nami pasjonuj\u0105cy wyk\u0142ad, znakomity koncert i wyj\u0105tkowa wystawa. W niedziel\u0119, 19 maja, zapraszamy na uroczyste zako\u0144czenie XX Podlaskiego Festiwalu Nauki i Sztuki, kt\u00f3re odb\u0119dzie si\u0119 na Wydziale Nauk o Edukacji UwB przy ul. \u015awierkowej 20 (budynek C). Pocz\u0105tek godz. 17. <\/strong><\/p>\n<p>Na pocz\u0105tek zapraszamy do Auli im. Janusza Korczaka na pasjonuj\u0105cy wyk\u0142ad po tytu\u0142em: \u201eLudzko\u015b\u0107 potrzebuje marzycieli\u2026\u201d, kt\u00f3ry wyg\u0142osi dr Iwona Misztalewska-Turkowicz z Wydzia\u0142u Chemii Uniwersytetu w Bia\u0142ymstoku. To opowie\u015b\u0107 o Marii Sk\u0142odowskiej-Curie \u2013 historia jednej z najwybitniejszych kobiet w historii ludzko\u015bci. Jeden z najgenialniejszych umys\u0142\u00f3w w historii nauki i niech \u015bwiadczy o tym fakt, \u017ce zosta\u0142a pierwsz\u0105 kobiet\u0105, kt\u00f3ra spocz\u0119\u0142a w paryskim Panteonie. Jest jedyn\u0105 osob\u0105, kt\u00f3ra otrzyma\u0142a dwie Nagrody Nobla w dw\u00f3ch r\u00f3\u017cnych dziedzinach. Podczas wyk\u0142adu uczestnicy zostan\u0105 zabrani w niezwyk\u0142a podr\u00f3\u017c w czasie, kt\u00f3ra pomo\u017ce zrozumie\u0107 realia \u017cycia i trudy pracy wybitnej polskiej badaczki.<\/p>\n<p>Po wyk\u0142adzie czeka nas niezwyk\u0142y koncert przygotowany przez Uniwersytet Muzyczny Fryderyka Chopina. Wyst\u0105pi Orkiestra D\u0119ta UMFC Filii w Bia\u0142ymstoku, kt\u00f3ra powsta\u0142a w 2014 roku z inicjatywy student\u00f3w.&nbsp; Jej pierwszym dyrygentem by\u0142 \u00f3wczesny student klasy tr\u0105bki Cezary Witkowski, kt\u00f3ry wraz z dr. Sylwestrem Sobol\u0105 (od 2017 r.) kieruje zespo\u0142em do dzisiaj. W programie koncertu popularne standardy muzyki rozrywkowej.<\/p>\n<p style=\"text-align: center\"><a href=\"https:\/\/podlaskifestiwal.pl\/2024\/imprezy\/koncert-muzyki-rozrywkowej-w-wykonaniu-orkiestry-detej-umfc-i-wyklad-o-marii-curie-sklodowskiej\/\">Szczeg\u00f3\u0142y po klikni\u0119ciu tutaj<\/a><\/p>\n<p>Z kolei o godz. 18. 30 zapraszamy do holu przed Aul\u0105 im. Janusza Korczaka, do strefy sztuki i na wystaw\u0119 Podlaskiego Domu Aukcyjnego. Arty\u015bci: Krzysztof Koniczek \u2013 malarstwo, Marek Chomczyk \u2013 malarstwo, Grzegorz Radziewicz \u2013 malarstwo, Aleksander Grzybek \u2013 malarstwo, Zbigniew Waszczeniuk \u2013 malarstwo, Alicja Szkil \u2013 malarstwo, Micha\u0142 Ja\u0144czuk \u2013 malarstwo, Piotr Brzozowski \u2013 malarstwo, Tadeusz Nie\u015bcier \u2013 malarstwo, Adam \u015alefarski \u2013 malarstwo, Kamil Kalinowski \u2013 rze\u017aba, Tomasz Tyszkiewicz &#8211; malarstwo.<\/p>\n<p style=\"text-align: center\"><a href=\"https:\/\/podlaskifestiwal.pl\/2024\/imprezy\/strefa-sztuki-na-podlaskim-festiwalu-nauki-i-sztuki-wystawa-podlaskiego-domu-aukcyjnego\/\">Wi\u0119cej o wystawie po klikni\u0119ciu tutaj<\/a><\/p>\n<p>&nbsp;<\/p>\n<p>&nbsp;<\/p>\n<p>&nbsp;<\/p>\n","protected":false},"excerpt":{"rendered":"<p>To b\u0119dzie wiecz\u00f3r \u0142\u0105cz\u0105cy nauk\u0119 ze sztuk\u0105, bo przed nami pasjonuj\u0105cy wyk\u0142ad, znakomity koncert i wyj\u0105tkowa wystawa. W niedziel\u0119, 19 maja, zapraszamy na uroczyste zako\u0144czenie XX Podlaskiego Festiwalu Nauki i Sztuki, kt\u00f3re odb\u0119dzie si\u0119 na Wydziale Nauk o Edukacji UwB przy ul. \u015awierkowej 20 (budynek C). Pocz\u0105tek godz. 17. Na pocz\u0105tek zapraszamy do Auli im. [&hellip;]<\/p>\n","protected":false},"author":74,"featured_media":10910,"comment_status":"closed","ping_status":"closed","sticky":false,"template":"","format":"standard","meta":{"ngg_post_thumbnail":0,"footnotes":""},"categories":[1],"tags":[],"class_list":["post-10906","post","type-post","status-publish","format-standard","has-post-thumbnail","hentry","category-uncategorized"],"_links":{"self":[{"href":"https:\/\/podlaskifestiwal.pl\/2024\/wp-json\/wp\/v2\/posts\/10906","targetHints":{"allow":["GET"]}}],"collection":[{"href":"https:\/\/podlaskifestiwal.pl\/2024\/wp-json\/wp\/v2\/posts"}],"about":[{"href":"https:\/\/podlaskifestiwal.pl\/2024\/wp-json\/wp\/v2\/types\/post"}],"author":[{"embeddable":true,"href":"https:\/\/podlaskifestiwal.pl\/2024\/wp-json\/wp\/v2\/users\/74"}],"replies":[{"embeddable":true,"href":"https:\/\/podlaskifestiwal.pl\/2024\/wp-json\/wp\/v2\/comments?post=10906"}],"version-history":[{"count":4,"href":"https:\/\/podlaskifestiwal.pl\/2024\/wp-json\/wp\/v2\/posts\/10906\/revisions"}],"predecessor-version":[{"id":10917,"href":"https:\/\/podlaskifestiwal.pl\/2024\/wp-json\/wp\/v2\/posts\/10906\/revisions\/10917"}],"wp:featuredmedia":[{"embeddable":true,"href":"https:\/\/podlaskifestiwal.pl\/2024\/wp-json\/wp\/v2\/media\/10910"}],"wp:attachment":[{"href":"https:\/\/podlaskifestiwal.pl\/2024\/wp-json\/wp\/v2\/media?parent=10906"}],"wp:term":[{"taxonomy":"category","embeddable":true,"href":"https:\/\/podlaskifestiwal.pl\/2024\/wp-json\/wp\/v2\/categories?post=10906"},{"taxonomy":"post_tag","embeddable":true,"href":"https:\/\/podlaskifestiwal.pl\/2024\/wp-json\/wp\/v2\/tags?post=10906"}],"curies":[{"name":"wp","href":"https:\/\/api.w.org\/{rel}","templated":true}]}}