{"id":10575,"date":"2024-05-13T06:24:07","date_gmt":"2024-05-13T06:24:07","guid":{"rendered":"https:\/\/podlaskifestiwal.pl\/2024\/?p=10575"},"modified":"2024-05-13T11:02:29","modified_gmt":"2024-05-13T11:02:29","slug":"picasso-w-politechnice-bialostockiej-w-ramach-xx-podlaskiego-festiwalu-nauki-i-sztuki","status":"publish","type":"post","link":"https:\/\/podlaskifestiwal.pl\/2024\/picasso-w-politechnice-bialostockiej-w-ramach-xx-podlaskiego-festiwalu-nauki-i-sztuki\/","title":{"rendered":"Picasso w Politechnice Bia\u0142ostockiej w ramach XX Podlaskiego Festiwalu Nauki i Sztuki!"},"content":{"rendered":"<p>Zobaczy\u0107 dzie\u0142o Picassa na \u017cywo? Nic trudnego! Wystarczy przyj\u015b\u0107 na Wydzia\u0142 Budownictwa i Nauk o \u015arodowisku Politechniki Bia\u0142ostockiej, gdzie mo\u017cna podziwia\u0107 oryginaln\u0105 prac\u0119 hiszpa\u0144skiego malarza! Grafika Pabla Picassa \u201ePij\u0105cy minotaur z kobiet\u0105\u201d zawis\u0142a w gablocie na parterze, tu\u017c obok prac student\u00f3w ze studenckiego ko\u0142a naukowego ARTchitektura. Zar\u00f3wno dzie\u0142o znanego tw\u00f3rcy, jak i prace utalentowanych student\u00f3w kierunku architektura krajobrazu s\u0105 dost\u0119pne dla mieszka\u0144c\u00f3w Bia\u0142egostoku w ramach XX Podlaskiego Festiwalu Nauki i Sztuki, na kt\u00f3ry w dniu 13 maja 2024 r. zaprasza Politechnika Bia\u0142ostocka!<\/p>\n<p>Jeden z najbardziej znanych artyst\u00f3w XX wieku, kt\u00f3rego prace na \u015bwiatowych aukcjach dzie\u0142 sztuki osi\u0105gaj\u0105 zawrotne sumy. Pablo Diego Jos\u00e9 Francisco de Paula Juan&nbsp;Nepomuceno&nbsp;Maria de los&nbsp;Remedios&nbsp;Cipriano&nbsp;de la&nbsp;Sant\u00edsima&nbsp;Trinidad&nbsp;Ruiz&nbsp;y Picasso, bo tak brzmia\u0142o w ca\u0142o\u015bci jego nazwisko \u2013 pozostawi\u0142 po sobie oko\u0142o 30 tysi\u0119cy obraz\u00f3w, rze\u017ab i ceramik. Jedna z jego prac znajduje si\u0119 na Wydziale Budownictwa i Nauk o \u015arodowisku PB! Oryginaln\u0105 akwafort\u0119 \u201ePij\u0105cy minotaur z kobiet\u0105\u201d z 1933 roku mo\u017cna zobaczy\u0107 od 13 maja do ko\u0144ca lipca 2024 r. Autentyczno\u015b\u0107 dzie\u0142a potwierdza certyfikat widniej\u0105cy nad obrazem.<\/p>\n<p><em>\u201ePij\u0105cy Minotaur z kobiet\u0105\u201d to jedna z grafik pochodz\u0105cych z teki Vollarda, marszanda Picassa. T\u0119 tek\u0119 Picasso przekaza\u0142 nam \u2013 Polakom do Muzeum Narodowego, podczas swojego pobytu na \u015awiatowym Kongresie Intelektualist\u00f3w w Obronie Pokoju we Wroc\u0142awiu w 1948 roku. Akurat praca znajduj\u0105ca si\u0119 na naszym wydziale, nie jest tam prezentowana, poniewa\u017c pochodzi z prywatnej kolekcji. Jest to wyj\u0105tkowe dzie\u0142o, z najs\u0142ynniejszej teki Picassa. Zapraszam serdecznie do obejrzenia<\/em> \u2013 zach\u0119ca mgr in\u017c. arch. El\u017cbieta Orzechowska, pomys\u0142odawczyni akcji sprowadzenia dzie\u0142a na Politechnik\u0119 Bia\u0142ostock\u0105, a tak\u017ce opiekunka <a href=\"https:\/\/pb.edu.pl\/kola-naukowe\/studenckie-kola-naukowe-na-wydziale-budownictwa-i-nauk-o-srodowisku\/#kolo-naukowe-rysunku-i-malarstwa-artchitektura\">Ko\u0142o Naukowego Rysunku i Malarstwa ARTchitektura<\/a>&nbsp;na WBiN\u015a, kt\u00f3rego studenci stworzyli galeri\u0119 prac na Wydziale. To w\u0142a\u015bnie ich <a href=\"https:\/\/pb.edu.pl\/2024\/01\/29\/studenci-architektury-krajobrazu-politechniki-bialostockiej-maluja-repliki-znanych-malarzy\/\">repliki znanych obraz\u00f3w<\/a> mo\u017cna zobaczy\u0107 tu\u017c obok Picassa! Spod r\u0119ki utalentowanych m\u0142odych tw\u00f3rc\u00f3w wysz\u0142y kopie dzie\u0142 takich mistrz\u00f3w, jak Wycz\u00f3\u0142kowski, Che\u0142mo\u0144ski, Matejko, czy Gierymski. Studenci kierunku architektura krajobrazu (cho\u0107 jest te\u017c kilku student\u00f3w gospodarki przestrzennej) na\u015bladuj\u0105 wielkich artyst\u00f3w w ramach spotka\u0144 swojego ko\u0142a naukowego, ale nauk\u0119 rysunku i malarstwa maj\u0105 r\u00f3wnie\u017c w ramach zaj\u0119\u0107 na studiach. Odr\u0119czny rysunek to umiej\u0119tno\u015b\u0107 niezb\u0119dna w pracy przysz\u0142ego specjalisty, kt\u00f3rego zadaniem jest opracowa\u0107 koncepcj\u0119 aran\u017cacji krajobrazu.<\/p>\n<p>Galeria obraz\u00f3w pokazuje wachlarz mo\u017cliwo\u015bci artystycznych student\u00f3w. Tworz\u0105 zar\u00f3wno repliki znanych dzie\u0142, jak i w\u0142asne autorskie kompozycje, kt\u00f3re zosta\u0142y wyeksponowane na II pi\u0119trze.<br \/>\n<em>\u2013 S\u0105 to prace zaliczeniowe przedmiotu i powsta\u0142y w wyniku tworzenia r\u00f3\u017cnych kompozycji opartych na zasadach ci\u0105gu Fibonacciego, z\u0142otych proporcji, z\u0142otych punkt\u00f3w ci\u0105gu arytmetycznych, geometrycznego i wszystkich innych zasad przedstawiania kompozycji graficznych. Oczywi\u015bcie s\u0105 to obrazy z\u0142ocone sztucznym z\u0142otem, wi\u0119c robi\u0105 jeszcze taki dodatkowy efekt \u201ewow\u201d. Mamy r\u00f3wnie\u017c od niedawna otwart\u0105 now\u0105 galeri\u0119, kt\u00f3ra znajduje si\u0119 przed aul\u0105 budynku C. W chwili obecnej prezentujemy tam prace uczestnik\u00f3w zaj\u0119\u0107 plastycznych Domu Kultury w \u0141apach<\/em> \u2013 wyja\u015bnia El\u017cbieta Orzechowska.<\/p>\n<p>Kolekcja na WBIN\u015a liczy ju\u017c ponad 70 prac student\u00f3w gospodarki przestrzennej i architektury krajobrazu i b\u0119dzie stale powi\u0119kszana. Tym bardziej, \u017ce studenci tworz\u0105cy w ramach ko\u0142a ARTchitektura mog\u0105 rozwija\u0107 swoje pasje w nowej pracowni plastycznej, kt\u00f3r\u0105 maj\u0105 do dyspozycji na parterze budynku.<\/p>\n<p>Czym jeszcze zaskoczy nas Wydzia\u0142 Budownictwa i Nauk o \u015arodowisku? Pomys\u0142 ekspozycji dzie\u0142 sztuki \u015bwiatowego malarstwa nie sko\u0144czy si\u0119 na hiszpa\u0144skim arty\u015bcie. W planach jest bowiem sprowadzenie oryginalnego dzia\u0142a najwybitniejszego flamandzkiego tw\u00f3rcy epoki baroku \u2013 Rubensa.<\/p>\n<p>Galeri\u0119 obraz\u00f3w na Wydziale Budownictwa i Nauk o \u015arodowisku Politechniki Bia\u0142ostockiej mo\u017cna ogl\u0105da\u0107 w ramach XX Podlaskiego Festiwalu Nauki i Sztuki.<\/p>\n<p>13 maja 2024 r. na 6 wydzia\u0142ach uczelni oraz w jej licznych jednostkach zaplanowano 140 wydarze\u0144! Atrakcje odb\u0119d\u0105 si\u0119 w godz. 8.00-15.00. Zar\u00f3wno przedszkolaki, nastolatkowie, jak i seniorzy znajd\u0105 co\u015b dla siebie!<\/p>\n<p>Wydzia\u0142owa galeria b\u0119dzie r\u00f3wnie\u017c czynna poza dniem festiwalowym:<\/p>\n<ul>\n<li>od poniedzia\u0142ku do pi\u0105tku w godz. 10.00-18.00<\/li>\n<li>w sobot\u0119 w godz.10.00-15.00.<\/li>\n<\/ul>\n<p>Wtedy te\u017c mo\u017cna ogl\u0105da\u0107 grafik\u0119 Pabla Picassa \u201ePij\u0105cy minotaur z kobiet\u0105\u201d, kt\u00f3ra b\u0119dzie cieszy\u0142a oczy bia\u0142ostoczan do ko\u0144ca lipca 2024 r.<\/p>\n<p>Wst\u0119p na wszystkie wydarzenia XX Podlaskiego Festiwalu Nauki i Sztuki jest bezp\u0142atny, ale ze wzgl\u0119du na wygod\u0119 uczestnik\u00f3w oraz pojemno\u015b\u0107 niekt\u00f3rych laboratori\u00f3w zapraszamy do wcze\u015bniejszych zapis\u00f3w. W ten spos\u00f3b na poszczeg\u00f3lne zaj\u0119cia zg\u0142osi\u0107 si\u0119 mo\u017cna indywidualnie lub w zorganizowanej grupie.<\/p>\n<p>Link do zapis\u00f3w&nbsp;<a href=\"https:\/\/podlaskifestiwal.pl\/2024\/program\/lista-imprez\/?organizator=123\">podlaskifestiwal.pl\/2024\/imprezywPB<\/a><\/p>\n<p>XX Podlaski Festiwal Nauki i Sztuki jest dofinansowany ze \u015brodk\u00f3w bud\u017cetu pa\u0144stwa, przyznanych przez Ministerstwo Nauki i Szkolnictwa Wy\u017cszego w ramach Programu \u201eSpo\u0142eczna odpowiedzialno\u015b\u0107 nauki II\u201d.<\/p>\n<p><a href=\"https:\/\/pb.edu.pl\/wp-content\/uploads\/sites\/6\/2024\/04\/Regulamin-XX-Podlaskiego-Festiwalu-Nauki-i-Sztuki-w-Politechnice-Bialostockiej.pdf\">Regulamin XX Podlaskiego Festiwalu Nauki i Sztuki w Politechnice Bia\u0142ostockiej (PDF, 318 KB, otworzy si\u0119 w nowej karcie)<\/a><\/p>\n<p>W tym roku Politechnika Bia\u0142ostocka \u015bwi\u0119tuje te\u017c jubileusz 75-lecia. Warto sprawdzi\u0107, co si\u0119 b\u0119dzie dzia\u0142o na najwi\u0119kszej uczelni w Polsce p\u0142n.-wsch. \u2013 <a href=\"https:\/\/pb.edu.pl\/jubileuszpb\/\">zobacz!<\/a><\/p>\nngg_shortcode_0_placeholder\n","protected":false},"excerpt":{"rendered":"<p>Zobaczy\u0107 dzie\u0142o Picassa na \u017cywo? Nic trudnego! Wystarczy przyj\u015b\u0107 na Wydzia\u0142 Budownictwa i Nauk o \u015arodowisku Politechniki Bia\u0142ostockiej, gdzie mo\u017cna podziwia\u0107 oryginaln\u0105 prac\u0119 hiszpa\u0144skiego malarza! Grafika Pabla Picassa \u201ePij\u0105cy minotaur z kobiet\u0105\u201d zawis\u0142a w gablocie na parterze, tu\u017c obok prac student\u00f3w ze studenckiego ko\u0142a naukowego ARTchitektura. Zar\u00f3wno dzie\u0142o znanego tw\u00f3rcy, jak i prace utalentowanych student\u00f3w [&hellip;]<\/p>\n","protected":false},"author":79,"featured_media":10576,"comment_status":"closed","ping_status":"closed","sticky":false,"template":"","format":"standard","meta":{"ngg_post_thumbnail":0,"footnotes":""},"categories":[1],"tags":[],"class_list":["post-10575","post","type-post","status-publish","format-standard","has-post-thumbnail","hentry","category-uncategorized"],"_links":{"self":[{"href":"https:\/\/podlaskifestiwal.pl\/2024\/wp-json\/wp\/v2\/posts\/10575","targetHints":{"allow":["GET"]}}],"collection":[{"href":"https:\/\/podlaskifestiwal.pl\/2024\/wp-json\/wp\/v2\/posts"}],"about":[{"href":"https:\/\/podlaskifestiwal.pl\/2024\/wp-json\/wp\/v2\/types\/post"}],"author":[{"embeddable":true,"href":"https:\/\/podlaskifestiwal.pl\/2024\/wp-json\/wp\/v2\/users\/79"}],"replies":[{"embeddable":true,"href":"https:\/\/podlaskifestiwal.pl\/2024\/wp-json\/wp\/v2\/comments?post=10575"}],"version-history":[{"count":3,"href":"https:\/\/podlaskifestiwal.pl\/2024\/wp-json\/wp\/v2\/posts\/10575\/revisions"}],"predecessor-version":[{"id":10608,"href":"https:\/\/podlaskifestiwal.pl\/2024\/wp-json\/wp\/v2\/posts\/10575\/revisions\/10608"}],"wp:featuredmedia":[{"embeddable":true,"href":"https:\/\/podlaskifestiwal.pl\/2024\/wp-json\/wp\/v2\/media\/10576"}],"wp:attachment":[{"href":"https:\/\/podlaskifestiwal.pl\/2024\/wp-json\/wp\/v2\/media?parent=10575"}],"wp:term":[{"taxonomy":"category","embeddable":true,"href":"https:\/\/podlaskifestiwal.pl\/2024\/wp-json\/wp\/v2\/categories?post=10575"},{"taxonomy":"post_tag","embeddable":true,"href":"https:\/\/podlaskifestiwal.pl\/2024\/wp-json\/wp\/v2\/tags?post=10575"}],"curies":[{"name":"wp","href":"https:\/\/api.w.org\/{rel}","templated":true}]}}