{"id":10525,"date":"2024-05-10T12:51:35","date_gmt":"2024-05-10T12:51:35","guid":{"rendered":"https:\/\/podlaskifestiwal.pl\/2024\/?p=10525"},"modified":"2024-05-14T11:04:46","modified_gmt":"2024-05-14T11:04:46","slug":"rozpoczal-sie-jubileuszowy-xx-podlaski-festiwal-nauki-i-sztuki","status":"publish","type":"post","link":"https:\/\/podlaskifestiwal.pl\/2024\/rozpoczal-sie-jubileuszowy-xx-podlaski-festiwal-nauki-i-sztuki\/","title":{"rendered":"Rozpocz\u0105\u0142 si\u0119 jubileuszowy XX Podlaski Festiwal Nauki i Sztuki"},"content":{"rendered":"<p><strong>Znakomitym wyk\u0142adem pt. \u201eLudzki m\u00f3zg \u2013 komputer (nie)doskona\u0142y\u201d dr. Marka Bartoszewicza z Wydzia\u0142u Biologii Uniwersytetu w Bia\u0142ymstoku rozpocz\u0105\u0142 si\u0119 oficjalnie w pi\u0105tek, 10 maja, XX Podlaski Festiwal Nauki i Sztuki. Spotkanie inauguracyjne odby\u0142o si\u0119 w kampusie Uniwersytetu w Bia\u0142ymstoku, kt\u00f3ry jest g\u0142\u00f3wnym koordynatorem tegorocznej edycji Festiwalu. Nie zabrak\u0142o widowiskowych niespodzianek. Teraz czas na 8 dni wype\u0142nionych nauk\u0105 i sztuk\u0105.<\/strong><\/p>\n<div class=\"embed-responsive embed-responsive-16by9\" style=\"\"><iframe class=\"embed-responsive-item\" src=\"https:\/\/www.youtube.com\/embed\/5m_2P4Yyi9w?si=SinhYMYi7SM9YdvP\" title=\"\"><\/iframe><\/div>\n<p>W spotkaniu inauguracyjnym, kt\u00f3re odby\u0142o si\u0119 w Auli Wydzia\u0142u Matematyki UwB, wzi\u0119li udzia\u0142 przedstawiciele podlaskich uczelni, Bia\u0142ostockiego Parku Naukowo-Technologicznego i instytucji, kt\u00f3re obj\u0119\u0142y patronatem XX PFNiS, a tak\u017ce partnerzy wydarzenia. Przybyli m.in. wojewoda podlaski Jacek Brzozowski, zast\u0119pca prezydenta Bia\u0142egostoku Rafa\u0142 Rudnicki, Ewa Kami\u0144ska-Gawryluk \u2013 dyrektor Urz\u0119du Statystycznego w Bia\u0142ymstoku, europose\u0142 Tomasz Frankowski, Agnieszka Krokos-Janczy\u0142o \u2013 podlaska kurator o\u015bwiaty, prof. Mariusz Pop\u0142awski -rektor elekt Uniwersytetu w Bia\u0142ymstoku. Obecni byli r\u00f3wnie\u017c pasjonaci nauki, kt\u00f3rzy zarejestrowali si\u0119 na wyk\u0142ad. Najliczniejsz\u0105 grup\u0119 stanowili uczniowie.<\/p>\n<p>Zanim zacz\u0105\u0142 si\u0119 wyk\u0142ad inauguracyjny, w auli pojawi\u0142a si\u0119 noblistka Maria Sk\u0142odowska-Curie (w tej roli Karolina Klemczak &#8211; studentka Akademii Teatralnej im. A. Zelwerowicza, Filia w Bia\u0142ymstoku), kt\u00f3ra wypowiedzia\u0142a s\u0142ynne zdanie, b\u0119d\u0105ce has\u0142em tegorocznego Festiwalu: \u201eNiczego w \u017cyciu nie nale\u017cy si\u0119 ba\u0107, nale\u017cy to tylko zrozumie\u0107\u201d.<\/p>\n<p>&#8211; To dla nas prawdziwy zaszczyt go\u015bci\u0107 Pa\u0144stwa w murach naszej Alma Mater. Osobi\u015bcie jestem niezwykle dumna, \u017ce to w\u0142a\u015bnie Uniwersytet w Bia\u0142ymstoku koordynuje tegoroczny, jubileuszowy Festiwal Nauki i Sztuki. Ten Festiwal jest na Podlasiu od 20 lat. To marka sama w sobie, to wydarzenie wyj\u0105tkowe. Rokrocznie podczas Festiwalu otwieramy nasze uczelnie, nasze laboratoria, sale dydaktyczne, wyk\u0142adowe, nasze teatry. Wszystko po to, \u017ceby zaprosi\u0107 Pa\u0144stwa do siebie. Zapraszamy wszystkich Podlasian. Chcemy przekona\u0107 wszystkich: pocz\u0105wszy od przedszkolak\u00f3w, sko\u0144czywszy na seniorach, \u017ce nauka jest pi\u0119kna, \u017ce wiedza ma moc, \u017ce tu, w podlaskich uczelniach s\u0105 dokonywane prze\u0142omowe odkrycia, kt\u00f3re odbijaj\u0105 si\u0119 szerokim echem, nie tylko w kraju, ale na \u015bwiecie. Warto z podlaskimi uczelniami wi\u0105za\u0107 swoj\u0105 przysz\u0142o\u015b\u0107 edukacyjn\u0105 i zawodow\u0105 \u2013 m\u00f3wi\u0142a, witaj\u0105c go\u015bci, prof. dr hab. Izabela \u015awi\u0119cicka, prorektor UwB ds. nauki i wsp\u00f3\u0142pracy mi\u0119dzynarodowej i koordynator g\u0142\u00f3wna tegorocznego PFNiS. Podkre\u015bla\u0142a, \u017ce Festiwal \u0142\u0105czy nauk\u0119 i sztuk\u0119, a tak\u017ce uczy wra\u017cliwo\u015bci na pi\u0119kno, na otaczaj\u0105cy nas \u015bwiat.<\/p>\n<p>O tym, \u017ce Podlaski Festiwal Nauki i Sztuki to zawsze wielkie \u015bwi\u0119to, m\u00f3wi\u0142 prof. dr hab. Marcin Moniuszko, prorektor ds. nauki i rozwoju Uniwersytetu Medycznego w Bia\u0142ymstoku.<\/p>\n<p>&#8211; Chcia\u0142bym, \u017ceby\u015bmy do tych najm\u0142odszych, kt\u00f3rzy s\u0105 przysz\u0142o\u015bci\u0105 szkolnictwa wy\u017cszego i nauki, wychodzili z przekazem, \u017ce nauka nie jest dla nudziarzy. Nauka jest jedn\u0105 z najpi\u0119kniejszych przyg\u00f3d, jakie mo\u017cna w \u017cyciu naprawd\u0119 prze\u017cy\u0107, tak\u0105, kt\u00f3ra jest przeznaczona dla ludzi, kt\u00f3rzy s\u0105 odwa\u017cni i nie boj\u0105 si\u0119 zada\u0107 pytania &#8222;dlaczego tak si\u0119 dzieje?&#8221;, kt\u00f3rzy nie boj\u0105 si\u0119 przysz\u0142o\u015bci, a kt\u00f3rzy chc\u0105 t\u0119 przysz\u0142o\u015b\u0107 swoimi odwa\u017cnymi pytaniami i dzia\u0142aniami kszta\u0142towa\u0107. I oby\u015bmy jak najwi\u0119cej takich ludzi mieli, a ten Festiwal jest okazj\u0105, aby ich odnale\u017a\u0107 i zatrzyma\u0107 przy sobie \u2013 podkre\u015bli\u0142 prof. Marcin Moniuszko.<\/p>\n<p>Z kolei prof. dr hab. in\u017c. Marek Kr\u0119towski, prorektor ds. nauki Politechniki Bia\u0142ostockiej, zwracaj\u0105c si\u0119 do obecnych na sali pierwszych festiwalowych go\u015bci, m\u00f3wi\u0142:<\/p>\n<p>&#8211; Czasami naukowcy chowaj\u0105 si\u0119 w laboratoriach, ci\u0119\u017cko pracuj\u0105, czasami mamy taki wizerunek nieco szalony. Wi\u0119c teraz jest \u015bwietna okazja, by\u015bmy mogli z tych laboratori\u00f3w wyj\u015b\u0107 i opowiedzie\u0107 o tym, czym si\u0119 zajmujemy &#8211; dla m\u0142odych, dla nieco starszych, dla tych wszystkich, kt\u00f3rzy s\u0105 ciekawi, jak ta nasza praca wygl\u0105da. I b\u0119dziemy to pr\u00f3bowali robi\u0107. Mamy nadziej\u0119, \u017ce was zaciekawimy, \u017ce b\u0119dziecie chcieli by\u0107 mo\u017ce z nami, w przysz\u0142o\u015bci, r\u00f3wnie\u017c w tej pracy naukowej uczestniczy\u0107.<\/p>\n<p>G\u0142os zabra\u0142 te\u017c Rafa\u0142 Rudnicki, zast\u0119pca prezydenta Miasta Bia\u0142egostoku, kt\u00f3re jest partnerem tegorocznego festiwalu. Nie tylko zaprasza\u0142 do udzia\u0142u w imprezach festiwalowych, ale tak\u017ce do studiowania w stolicy Podlasia.<\/p>\n<p>&#8211; Zach\u0119camy do tego, by swoj\u0105 przysz\u0142o\u015b\u0107 wi\u0105za\u0107 z naszym miastem. Tu s\u0105 uczelnie na najwy\u017cszym poziomie, nie krajowym, tylko europejskim. Dlatego warto tutaj studiowa\u0107, warto tutaj pracowa\u0107, warto tutaj \u017cy\u0107 \u2013 wylicza\u0142 Rafa\u0142 Rudnicki.<\/p>\n<p>Jednym z partner\u00f3w jubileuszowego PFNiS jest Urz\u0105d Statystyczny w Bia\u0142ymstoku. Za mo\u017cliwo\u015b\u0107 wsp\u00f3\u0142pracy dzi\u0119kowa\u0142a podczas inauguracyjnej uroczysto\u015bci jego dyrektor, Ewa Kami\u0144ska-Gawryluk.<\/p>\n<p>&#8211; Mamy dzi\u0119ki temu mo\u017cliwo\u015b\u0107 przybli\u017cenia statystyki publicznej, w kt\u00f3rej znajduje si\u0119 ogrom najr\u00f3\u017cniejszych danych dotycz\u0105cych naszego kraju, gospodarki, spo\u0142ecze\u0144stwa, \u015brodowiska. Danych, kt\u00f3rymi pos\u0142ugujemy si\u0119 wszyscy na co dzie\u0144, cz\u0119sto nie my\u015bl\u0105c o tym, \u017ce dane te pochodz\u0105 ze statystyki publicznej \u2013 m\u00f3wi\u0142a.<\/p>\n<p>O tym, \u017ce warto wzi\u0105\u0107 udzia\u0142 w festiwalowych imprezach, w spotkaniach z nauk\u0105 i sztuk\u0105, m\u00f3wi\u0142 wojewoda podlaski Jacek Brzozowski.<\/p>\n<p>&#8211; Mam nadziej\u0119, \u017ce ten czas, \u017ce te osiem dni, b\u0119d\u0105 okazj\u0105 do poznania walor\u00f3w \u015brodowiska akademickiego Bia\u0142egostoku i ca\u0142ego wojew\u00f3dztwa podlaskiego, ale przede wszystkim \u2013 i patrz\u0119 tu na te najm\u0142odsze twarze &#8211; \u017ce b\u0119dzie to dla Was okazja do poszukiwania inspiracji, wyboru drogi \u017cyciowej, a dla nieco starszych &#8211; do nowych, wspania\u0142ych odkry\u0107 \u2013 \u017cyczy\u0142 wojewoda Jacek Brzozowski.<\/p>\n<p>Niezwyk\u0142\u0105, naukow\u0105 inspiracj\u0105 dla uczestnik\u00f3w pi\u0105tkowego spotkania by\u0142 z pewno\u015bci\u0105 wyk\u0142ad dr. Marka Bartoszewicza z Wydzia\u0142u Biologii Uniwersytetu w Bia\u0142ymstoku pt. \u201eLudzki m\u00f3zg \u2013 komputer (nie)doskona\u0142y\u201d. Naukowiec w bardzo przyst\u0119pny spos\u00f3b opowiada\u0142 o tym, jak dzia\u0142a m\u00f3zg, czy nasza pami\u0119\u0107 jest sko\u0144czona, jakie s\u0105 rodzaje pami\u0119ci, w jaki spos\u00f3b uczy\u0107 si\u0119 skuteczniej i dlaczego warto \u201eu\u017cywa\u0107 m\u00f3zgu\u201d.<\/p>\n<p>Przypomnia\u0142 te\u017c, \u017ce m\u00f3zg sk\u0142ada si\u0119 86 mld neuron\u00f3w, a ka\u017cdy neuron to 10 tys. po\u0142\u0105cze\u0144 z innymi kom\u00f3rkami. W dodatku jest w stanie pomie\u015bci\u0107 ok. 2,5 petabajta danych!<\/p>\n<p>&#8211; Czasami s\u0142ysz\u0119 od student\u00f3w, \u017ce to si\u0119 nie mie\u015bci\u0142o w g\u0142owie, \u017ce tego nie sz\u0142o zapami\u0119ta\u0107. Kochani, nie ma, \u017ce nie sz\u0142o zapami\u0119ta\u0107. Czasami pojawiaj\u0105 si\u0119 czynniki, kt\u00f3re utrudniaj\u0105 nam zapami\u0119tanie, ale oszacowano, \u017ce pojemno\u015b\u0107 ludzkiego m\u00f3zgu to ok. 2,5 petabajta danych. Por\u00f3wnajcie to sobie z pojemno\u015bci\u0105 dysku w komputerze, kt\u00f3ry ma jeden terabajt. Jeden petabajt to tysi\u0105c takich dysk\u00f3w. Wi\u0119c dlaczego czasem nie umiemy czego\u015b zapami\u0119ta\u0107? Bo pojawia si\u0119 stres, chaos, szum medialny \u2013 wymienia\u0142 dr Marek Bartoszewicz.<\/p>\n<p>Inauguracja zako\u0144czy\u0142a si\u0119 wirtualnym spotkaniem z prezesem Polskiej Akademii Nauk i pracownikiem Wydzia\u0142u Biologii UwB prof. dr. hab. Markiem Konarzewskim. Apelowa\u0142 m.in. o zaufanie do nauki.<\/p>\n<p>&#8211; To, \u017ce moja wypowied\u017a zosta\u0142a zarejestrowana, jest mo\u017cliwe tylko dzi\u0119ki temu, \u017ce kiedy\u015b kto\u015b dokona\u0142 odkry\u0107, a te odkrycia zosta\u0142y przekute w wynalazki, kt\u00f3re na ko\u0144cu da\u0142y nam ogromny post\u0119p techniczny. Wydawa\u0142oby si\u0119 zatem, \u017ce nauka nie potrzebuje przybli\u017cenia, bo wszyscy powinni nauk\u0119 kocha\u0107, rozumie\u0107 i szanowa\u0107. Ale jest inaczej. To paradoks, z kt\u00f3rym wsp\u00f3\u0142czesna nauka musi si\u0119 zmierzy\u0107 \u2013 przypomina\u0142 prof. Marek Konarzewski.<\/p>\n<p>A, poniewa\u017c rozpocz\u0119\u0142a si\u0119 20. edycja PFNiS, nie mog\u0142o zabrakn\u0105\u0107 pysznego, urodzinowego tortu, kt\u00f3ry symbolicznie pokroi\u0142a prof. Izabela \u015awi\u0119cicka.<\/p>\n<p>Festiwalowe imprezy potrwaj\u0105 do 19 maja. Wst\u0119p na wszystkie wydarzenia jest bezp\u0142atny.<br \/>\nSzczeg\u00f3\u0142y znajduj\u0105 si\u0119 na stronie: https:\/\/podlaskifestiwal.pl\/2024\/<\/p>\n<p>W sobot\u0119, 18 maja, w godz. 10-15, na Stadionie Miejskim w Bia\u0142ymstoku odb\u0119dzie si\u0119 Rodzinny Piknik Naukowy. Wst\u0119p wolny.<\/p>\n<p>Partnerami tegorocznego Festiwalu s\u0105 Miasto Bia\u0142ystok, Stadion Miejski w Bia\u0142ymstoku, a tak\u017ce Urz\u0105d Statystyczny w Bia\u0142ymstoku.<\/p>\n<p>XX PFNiS zosta\u0142 obj\u0119ty Honorowym Patronatem Prezydenta Miasta Bia\u0142egostoku, Prezydenta \u0141om\u017cy oraz Prezydenta Suwa\u0142k. Jego patronami s\u0105 tak\u017ce Wojewoda Podlaski oraz Podlaski Kurator O\u015bwiaty. Patronatem medialnym wydarzenie obj\u0119\u0142y TVP 3 Bia\u0142ystok, Polskie Radio Bia\u0142ystok, Radio Akadera, portale: bialystokonline, 4_lom\u017ca, suwa\u0142ki_info, Nauka w Polsce.<\/p>\n<p>XX Podlaski Festiwal Nauki i Sztuki finansowany jest ze \u015brodk\u00f3w MNiSW w ramach programu &#8222;Spo\u0142eczna odpowiedzialno\u015b\u0107 nauki II&#8221;.<\/p>\n<p>XX PFNiS otrzyma\u0142 wsparcie finansowe Prezydenta Miasta Bia\u0142egostoku.<\/p>\n<p>Organizatorzy:<br \/>\nUniwersytet w Bia\u0142ymstoku (koordynator g\u0142\u00f3wny),<br \/>\nPolitechnika Bia\u0142ostocka<br \/>\nUniwersytet Medyczny w Bia\u0142ymstoku,<br \/>\nUniwersytet Muzyczny Fryderyka Chopina, Wydzia\u0142 Instrumentalno-Pedagogiczny, Edukacji Muzycznej i Wokalistyki w Bia\u0142ymstoku,<br \/>\nAkademia Teatralna im. A. Zelwerowicza, Filia w Bia\u0142ymstoku,<br \/>\nArchidiecezjalne Wy\u017csze Seminarium Duchowne,<br \/>\nWy\u017csza Szko\u0142a Medyczna w Bia\u0142ymstoku,<br \/>\nAkademia Podlaska w Bia\u0142ymstoku<br \/>\nAkademia \u0141om\u017cy\u0144ska,<br \/>\nPa\u0144stwowa Uczelnia Zawodowa w Suwa\u0142kach,<br \/>\nWy\u017csza Szko\u0142a Ekonomiczna w Bia\u0142ymstoku,<br \/>\nWschodnioeuropejska Akademia Nauk Stosowanych w Bia\u0142ymstoku<br \/>\nWy\u017csza Szko\u0142a Medyczna w Bia\u0142ymstoku,<br \/>\nBia\u0142ostocki Park Naukowo-Technologiczny i Epi-Centrum Nauki<\/p>\nngg_shortcode_0_placeholder\n","protected":false},"excerpt":{"rendered":"<p>Znakomitym wyk\u0142adem pt. \u201eLudzki m\u00f3zg \u2013 komputer (nie)doskona\u0142y\u201d dr. Marka Bartoszewicza z Wydzia\u0142u Biologii Uniwersytetu w Bia\u0142ymstoku rozpocz\u0105\u0142 si\u0119 oficjalnie w pi\u0105tek, 10 maja, XX Podlaski Festiwal Nauki i Sztuki. Spotkanie inauguracyjne odby\u0142o si\u0119 w kampusie Uniwersytetu w Bia\u0142ymstoku, kt\u00f3ry jest g\u0142\u00f3wnym koordynatorem tegorocznej edycji Festiwalu. Nie zabrak\u0142o widowiskowych niespodzianek. Teraz czas na 8 dni [&hellip;]<\/p>\n","protected":false},"author":137,"featured_media":10526,"comment_status":"closed","ping_status":"closed","sticky":false,"template":"","format":"standard","meta":{"ngg_post_thumbnail":0,"footnotes":""},"categories":[1],"tags":[],"class_list":["post-10525","post","type-post","status-publish","format-standard","has-post-thumbnail","hentry","category-uncategorized"],"_links":{"self":[{"href":"https:\/\/podlaskifestiwal.pl\/2024\/wp-json\/wp\/v2\/posts\/10525","targetHints":{"allow":["GET"]}}],"collection":[{"href":"https:\/\/podlaskifestiwal.pl\/2024\/wp-json\/wp\/v2\/posts"}],"about":[{"href":"https:\/\/podlaskifestiwal.pl\/2024\/wp-json\/wp\/v2\/types\/post"}],"author":[{"embeddable":true,"href":"https:\/\/podlaskifestiwal.pl\/2024\/wp-json\/wp\/v2\/users\/137"}],"replies":[{"embeddable":true,"href":"https:\/\/podlaskifestiwal.pl\/2024\/wp-json\/wp\/v2\/comments?post=10525"}],"version-history":[{"count":8,"href":"https:\/\/podlaskifestiwal.pl\/2024\/wp-json\/wp\/v2\/posts\/10525\/revisions"}],"predecessor-version":[{"id":10828,"href":"https:\/\/podlaskifestiwal.pl\/2024\/wp-json\/wp\/v2\/posts\/10525\/revisions\/10828"}],"wp:featuredmedia":[{"embeddable":true,"href":"https:\/\/podlaskifestiwal.pl\/2024\/wp-json\/wp\/v2\/media\/10526"}],"wp:attachment":[{"href":"https:\/\/podlaskifestiwal.pl\/2024\/wp-json\/wp\/v2\/media?parent=10525"}],"wp:term":[{"taxonomy":"category","embeddable":true,"href":"https:\/\/podlaskifestiwal.pl\/2024\/wp-json\/wp\/v2\/categories?post=10525"},{"taxonomy":"post_tag","embeddable":true,"href":"https:\/\/podlaskifestiwal.pl\/2024\/wp-json\/wp\/v2\/tags?post=10525"}],"curies":[{"name":"wp","href":"https:\/\/api.w.org\/{rel}","templated":true}]}}