{"id":10496,"date":"2024-05-08T12:50:54","date_gmt":"2024-05-08T12:50:54","guid":{"rendered":"https:\/\/podlaskifestiwal.pl\/2024\/?p=10496"},"modified":"2024-05-08T18:16:35","modified_gmt":"2024-05-08T18:16:35","slug":"transmisja-z-inauguracji-xx-podlaskiego-festiwalu-nauki-i-sztuki","status":"publish","type":"post","link":"https:\/\/podlaskifestiwal.pl\/2024\/transmisja-z-inauguracji-xx-podlaskiego-festiwalu-nauki-i-sztuki\/","title":{"rendered":"Transmisja z Inauguracji XX Podlaskiego Festiwalu Nauki i Sztuki"},"content":{"rendered":"<p>Festiwal rozpocznie si\u0119 10 maja o godz. 10:00, w Auli Wydzia\u0142u Matematyki (p. 1056) w kampusie UwB przy ul. Cio\u0142kowskiego 1 M, znakomitym wyk\u0142adem interaktywnym pt. \u201eLudzki m\u00f3zg \u2013 komputer (nie)doskona\u0142y\u201d. Dr Marek Bartoszewicz z Wydzia\u0142u Biologii Uniwersytetu w Bia\u0142ymstoku opowie o tym, jak dzia\u0142a m\u00f3zg, czy nasza pami\u0119\u0107 jest sko\u0144czona, w jaki spos\u00f3b uczy\u0107 si\u0119 skuteczniej i co sprawa, \u017ce jedni z nas maj\u0105 dusze artyst\u00f3w, a inni s\u0105 umys\u0142ami \u015bcis\u0142ymi.<\/p>\n<p>&nbsp;<\/p>\n<div class=\"row justify-content-center\">\n<div class=\"col-md-8\">\n<div class=\"embed-responsive embed-responsive-16by9\" style=\"\"><iframe class=\"embed-responsive-item\" src=\"https:\/\/www.youtube.com\/embed\/5m_2P4Yyi9w?si=SinhYMYi7SM9YdvP\" title=\"\"><\/iframe><\/div>\n<\/div>\n<\/div>\n","protected":false},"excerpt":{"rendered":"<p>Festiwal rozpocznie si\u0119 10 maja o godz. 10:00, w Auli Wydzia\u0142u Matematyki (p. 1056) w kampusie UwB przy ul. Cio\u0142kowskiego 1 M, znakomitym wyk\u0142adem interaktywnym pt. \u201eLudzki m\u00f3zg \u2013 komputer (nie)doskona\u0142y\u201d. Dr Marek Bartoszewicz z Wydzia\u0142u Biologii Uniwersytetu w Bia\u0142ymstoku opowie o tym, jak dzia\u0142a m\u00f3zg, czy nasza pami\u0119\u0107 jest sko\u0144czona, w jaki spos\u00f3b uczy\u0107 [&hellip;]<\/p>\n","protected":false},"author":137,"featured_media":10497,"comment_status":"closed","ping_status":"closed","sticky":false,"template":"","format":"standard","meta":{"ngg_post_thumbnail":0,"footnotes":""},"categories":[1],"tags":[],"class_list":["post-10496","post","type-post","status-publish","format-standard","has-post-thumbnail","hentry","category-uncategorized"],"_links":{"self":[{"href":"https:\/\/podlaskifestiwal.pl\/2024\/wp-json\/wp\/v2\/posts\/10496","targetHints":{"allow":["GET"]}}],"collection":[{"href":"https:\/\/podlaskifestiwal.pl\/2024\/wp-json\/wp\/v2\/posts"}],"about":[{"href":"https:\/\/podlaskifestiwal.pl\/2024\/wp-json\/wp\/v2\/types\/post"}],"author":[{"embeddable":true,"href":"https:\/\/podlaskifestiwal.pl\/2024\/wp-json\/wp\/v2\/users\/137"}],"replies":[{"embeddable":true,"href":"https:\/\/podlaskifestiwal.pl\/2024\/wp-json\/wp\/v2\/comments?post=10496"}],"version-history":[{"count":9,"href":"https:\/\/podlaskifestiwal.pl\/2024\/wp-json\/wp\/v2\/posts\/10496\/revisions"}],"predecessor-version":[{"id":10507,"href":"https:\/\/podlaskifestiwal.pl\/2024\/wp-json\/wp\/v2\/posts\/10496\/revisions\/10507"}],"wp:featuredmedia":[{"embeddable":true,"href":"https:\/\/podlaskifestiwal.pl\/2024\/wp-json\/wp\/v2\/media\/10497"}],"wp:attachment":[{"href":"https:\/\/podlaskifestiwal.pl\/2024\/wp-json\/wp\/v2\/media?parent=10496"}],"wp:term":[{"taxonomy":"category","embeddable":true,"href":"https:\/\/podlaskifestiwal.pl\/2024\/wp-json\/wp\/v2\/categories?post=10496"},{"taxonomy":"post_tag","embeddable":true,"href":"https:\/\/podlaskifestiwal.pl\/2024\/wp-json\/wp\/v2\/tags?post=10496"}],"curies":[{"name":"wp","href":"https:\/\/api.w.org\/{rel}","templated":true}]}}