{"id":10466,"date":"2024-05-06T08:17:05","date_gmt":"2024-05-06T08:17:05","guid":{"rendered":"https:\/\/podlaskifestiwal.pl\/2024\/?p=10466"},"modified":"2024-05-06T13:02:25","modified_gmt":"2024-05-06T13:02:25","slug":"wydzial-architektury-politechniki-bialostockiej-zaprasza-ponad-20-wystaw-na-xx-podlaski-festiwal-nauki-i-sztuki","status":"publish","type":"post","link":"https:\/\/podlaskifestiwal.pl\/2024\/wydzial-architektury-politechniki-bialostockiej-zaprasza-ponad-20-wystaw-na-xx-podlaski-festiwal-nauki-i-sztuki\/","title":{"rendered":"Wydzia\u0142 Architektury Politechniki Bia\u0142ostockiej zaprasza. Ponad 20 wystaw na XX Podlaski Festiwal Nauki i Sztuki!"},"content":{"rendered":"<h3>13 maja 2024 r. w ramach XX Podlaskiego Festiwalu Nauki i Sztuki Wydzia\u0142 Architektury Politechniki Bia\u0142ostockiej otworzy ponad 20 wystaw! Od makiet architektonicznych, poprzez malarstwo sztalugowe i grafiki, po wizualizacje projekt\u00f3w \u2013 prace utalentowanych student\u00f3w oraz ich wyk\u0142adowc\u00f3w b\u0119dzie mo\u017cna ogl\u0105da\u0107 w przestronnej hali wydzia\u0142u przy ul. Oskara Sosnowskiego 11.<\/h3>\n<p>Warto tu by\u0107!<\/p>\n<p>&nbsp;<br \/>\n&nbsp;<br \/>\n&nbsp;<br \/>\nWystawy przygotowane przez Wydzia\u0142 Architektury PB to niepowtarzalna okazja, \u017ceby zobaczy\u0107, jak projektuj\u0105 studenci i absolwenci trzech kierunk\u00f3w prowadzonych na wydziale: architektury, architektury wn\u0119trz oraz grafiki.<\/p>\n<p>Ich prace daj\u0105 szeroki wgl\u0105d w najnowsze trendy w projektowaniu architektonicznym oraz wn\u0119trz. Powstaj\u0105ce pod okiem do\u015bwiadczonych wyk\u0142adowc\u00f3w, projekty wyr\u00f3\u017cniaj\u0105 si\u0119 nie tylko doskona\u0142\u0105 grafik\u0105 i estetyk\u0105, ale te\u017c ciekaw\u0105 tematyk\u0105, wychodz\u0105c\u0105 na przeciw aktualnym potrzebom cz\u0142owieka i zr\u00f3wnowa\u017conego rozwoju w zgodzie z natur\u0105.<\/p>\n<p>Festiwalowe propozycje Wydzia\u0142u Architektury przybli\u017c\u0105 sztuk\u0119 projektowania oraz realizacji, szczeg\u00f3lnie uczniom szk\u00f3\u0142 ponadpodstawowych, kt\u00f3rzy my\u015bl\u0105 o studiach oraz przysz\u0142ej pracy w zawodzie architekta, projektanta, grafika.<\/p>\n<p>W hali Wydzia\u0142u Architektury Politechniki Bia\u0142ostockiej uczestnicy XX Podlaskiego Festiwalu Nauki i Sztuki b\u0119d\u0105 mogli obejrze\u0107 ponad 20 wystaw! W\u015br\u00f3d licznych propozycji s\u0105:<\/p>\n<ul>\n<li>[Opowie\u015bci barw] wystawa prac malarskich student\u00f3w I roku kierunku grafika na Wydziale Architektury PB<\/li>\n<li>[Poszerzam lini\u0119 horyzontu] wystawa prac malarskich dr. Marka \u015awirydowicza, pracownika WA PB<\/li>\n<li>[Trzy domy i wie\u015b] autorska wystawa fotografii dr. S\u0142awomira Wojtkiewicza na temat architektury trzech wsp\u00f3\u0142czesnych dom\u00f3w w kontek\u015bcie krajobrazu wsp\u00f3\u0142czesnej wsi i przedmie\u015b\u0107 miasta<\/li>\n<li>\u201eObraz s\u0142owa \u2013 eksperymenty typograficzne\u201d projekty przestrzeni ksi\u0105\u017cek wykonanych w formie makiet przez student\u00f3w kierunku architektura wn\u0119trz<\/li>\n<li>Adaptacja obiekt\u00f3w zabytkowych i o warto\u015bciach kulturowych do nowych funkcji. Projekty studenckie<\/li>\n<li>Architektura konstrukcji \u2013 mniej znaczy wi\u0119cej! czyli wystawa szkieletowych modeli przestrzennych, kt\u00f3re powsta\u0142y na \u0107wiczeniach z konstrukcji budowlanych pod kierunkiem arch. Mileny Wierci\u0144skiej<\/li>\n<li>Architektura w rysunku. Wystawa rysunk\u00f3w student\u00f3w Wydzia\u0142u Architektury<\/li>\n<li>Wystawa projekt\u00f3w studenckich<\/li>\n<li>Nie palimy most\u00f3w! &#8211; wystawa modeli przestrzennych prezentuj\u0105cych studenckie koncepcje most\u00f3w z wykorzystaniem metod wst\u0119pnego optymalizowania konstrukcji.<\/li>\n<li>Obiekt sakralny w centrum Bia\u0142egostoku. Wystawa projekt\u00f3w student\u00f3w Wydzia\u0142u Architektury PB<\/li>\n<li>Projekty budynk\u00f3w jednorodzinnych \u2013 wystawa<\/li>\n<li>PROJEKTY I REALIZACJE \u2013 dokonania tw\u00f3rcze pracownik\u00f3w kierunku architektura Wydzia\u0142u Architektury PB<\/li>\n<li>PROJEKTY ZEGARK\u00d3W \u2013 od koncepcji do realizacji &#8211; wystawa projekt\u00f3w i fotografii realizacji zegark\u00f3w nar\u0119cznych, kt\u00f3re s\u0105 wynikiem wsp\u00f3\u0142pracy projektowej dr. in\u017c. arch. Piotra Trojniela z polskim producentem zegark\u00f3w marki Vratislavia Conceptum z Wroc\u0142awia<\/li>\n<li>Przegl\u0105d temat\u00f3w projektowych na kierunku architektura wn\u0119trz<\/li>\n<li>Pustelnia anachorety w Supra\u015blu \u2013 czyli prezentacja wybranych modeli studenckich projekt\u00f3w architektonicznych miejsc, s\u0142u\u017c\u0105cych do odosobnionego \u017cycia w nieska\u017conej cywilizacj\u0105 naturze. To projekt zrealizowany przez student\u00f3w kierunku architektura, pod okiem nauczycieli z Pracowni Architektury Kultur Lokalnych<\/li>\n<li>Trzy ods\u0142ony rysunku \u2013 czyli prezentacja tw\u00f3rczo\u015bci pracownik\u00f3w Katedry Grafiki oraz zaproszonych go\u015bci, profesjonalnych artyst\u00f3w i utalentowanych student\u00f3w<\/li>\n<li>Wizje projektowe \u201ewioski akademickiej\u201d \u2013 uniwersalnego zespo\u0142u mieszkalnego dla student\u00f3w zlokalizowanego na terenie kampusu PB<\/li>\n<li>Wystawa projekt\u00f3w pawilonu informacji turystycznej<\/li>\n<li>Wystawa projekt\u00f3w pracownik\u00f3w Katedry Sztuk Projektowych \u2013 \u201eJeden projekt \u2013 wiele tre\u015bci\u201d<\/li>\n<li>Wystawa projekt\u00f3w zespo\u0142\u00f3w budynk\u00f3w wielorodzinnych w Bia\u0142ymstoku<\/li>\n<li>Zaprojektuj budynek! Wyzwanie dla studenta architektury wn\u0119trz \u2013 czyli ciekawe autorskie koncepcje budynku Szko\u0142y Muzyki Etnicznej w Choroszczy i Szko\u0142y Muzyki Folkowej w Bia\u0142ymstoku.<\/li>\n<\/ul>\n<p>&nbsp;<\/p>\n<p>Uwaga! Wst\u0119p na wystawy jest wolny i bezp\u0142atny.<\/p>\n<p>Wi\u0119cej informacji o wystawach mo\u017cna znale\u017a\u0107 w linku: <a href=\"https:\/\/pb.edu.pl\/i\/wsly\">https:\/\/pb.edu.pl\/i\/wsly<\/a><\/p>\n<p>&nbsp;<\/p>\n<h4>Zapraszamy serdecznie!<\/h4>\n<p>Razem stworzymy prawdziwy festiwal kreatywno\u015bci i b\u0119dziemy \u015bwi\u0119towa\u0107 Jubileusz 75-lecia Politechniki Bia\u0142ostockiej!<\/p>\n<p>XX PFNiS organizuje 12 uczelni z Bia\u0142egostoku, \u0141om\u017cy i Suwa\u0142k oraz BPN-T. Honorowe patronaty: Wojewoda Podlaski, Prezydent Miasta Bia\u0142ystok, Prezydent Miasta \u0141om\u017ca , Prezydent Suwa\u0142k, Podlaski Kurator O\u015bwiaty, Urz\u0105d Statystyczny w Bia\u0142ymstoku. Patronaty medialne: Radio Akadera, TVP3 Bia\u0142ystok, Polskie Radio Bia\u0142ystok, Bia\u0142ystokOnline.pl, 4lomza.pl, suwalki.info<\/p>\n<p>Projekt dofinansowany jest ze \u015brodk\u00f3w bud\u017cetu pa\u0144stwa, przyznanych przez Ministerstwo Nauki i Szkolnictwa Wy\u017cszego w ramach Programu \u201eSpo\u0142eczna odpowiedzialno\u015b\u0107 nauki II\u201d<\/p>\n<p>#PFNiSzPB #podlaskifestiwalnaukiisztuki<\/p>\n","protected":false},"excerpt":{"rendered":"<p>13 maja 2024 r. w ramach XX Podlaskiego Festiwalu Nauki i Sztuki Wydzia\u0142 Architektury Politechniki Bia\u0142ostockiej otworzy ponad 20 wystaw! Od makiet architektonicznych, poprzez malarstwo sztalugowe i grafiki, po wizualizacje projekt\u00f3w \u2013 prace utalentowanych student\u00f3w oraz ich wyk\u0142adowc\u00f3w b\u0119dzie mo\u017cna ogl\u0105da\u0107 w przestronnej hali wydzia\u0142u przy ul. Oskara Sosnowskiego 11. Warto tu by\u0107! &nbsp; &nbsp; [&hellip;]<\/p>\n","protected":false},"author":79,"featured_media":10467,"comment_status":"closed","ping_status":"closed","sticky":false,"template":"","format":"standard","meta":{"ngg_post_thumbnail":0,"footnotes":""},"categories":[1],"tags":[],"class_list":["post-10466","post","type-post","status-publish","format-standard","has-post-thumbnail","hentry","category-uncategorized"],"_links":{"self":[{"href":"https:\/\/podlaskifestiwal.pl\/2024\/wp-json\/wp\/v2\/posts\/10466","targetHints":{"allow":["GET"]}}],"collection":[{"href":"https:\/\/podlaskifestiwal.pl\/2024\/wp-json\/wp\/v2\/posts"}],"about":[{"href":"https:\/\/podlaskifestiwal.pl\/2024\/wp-json\/wp\/v2\/types\/post"}],"author":[{"embeddable":true,"href":"https:\/\/podlaskifestiwal.pl\/2024\/wp-json\/wp\/v2\/users\/79"}],"replies":[{"embeddable":true,"href":"https:\/\/podlaskifestiwal.pl\/2024\/wp-json\/wp\/v2\/comments?post=10466"}],"version-history":[{"count":4,"href":"https:\/\/podlaskifestiwal.pl\/2024\/wp-json\/wp\/v2\/posts\/10466\/revisions"}],"predecessor-version":[{"id":10475,"href":"https:\/\/podlaskifestiwal.pl\/2024\/wp-json\/wp\/v2\/posts\/10466\/revisions\/10475"}],"wp:featuredmedia":[{"embeddable":true,"href":"https:\/\/podlaskifestiwal.pl\/2024\/wp-json\/wp\/v2\/media\/10467"}],"wp:attachment":[{"href":"https:\/\/podlaskifestiwal.pl\/2024\/wp-json\/wp\/v2\/media?parent=10466"}],"wp:term":[{"taxonomy":"category","embeddable":true,"href":"https:\/\/podlaskifestiwal.pl\/2024\/wp-json\/wp\/v2\/categories?post=10466"},{"taxonomy":"post_tag","embeddable":true,"href":"https:\/\/podlaskifestiwal.pl\/2024\/wp-json\/wp\/v2\/tags?post=10466"}],"curies":[{"name":"wp","href":"https:\/\/api.w.org\/{rel}","templated":true}]}}