{"id":10348,"date":"2024-04-19T06:23:13","date_gmt":"2024-04-19T06:23:13","guid":{"rendered":"https:\/\/podlaskifestiwal.pl\/2024\/?p=10348"},"modified":"2024-04-19T06:25:43","modified_gmt":"2024-04-19T06:25:43","slug":"propozycje-akademii-wans-w-ramach-xx-podlaskiego-festiwalu-nauki-i-sztuki","status":"publish","type":"post","link":"https:\/\/podlaskifestiwal.pl\/2024\/propozycje-akademii-wans-w-ramach-xx-podlaskiego-festiwalu-nauki-i-sztuki\/","title":{"rendered":"Propozycje Akademii WANS w ramach XX Podlaskiego Festiwalu Nauki i Sztuki"},"content":{"rendered":"<p>W ramach XX Podlaskiego Festiwalu&nbsp;Nauki&nbsp;i Sztuki Wschodnioeuropejska Akademia Nauk Stosowanych w Bia\u0142ymstoku przygotowa\u0142a ciekawe propozycje popularyzuj\u0105ce nauk\u0119 m.in. warsztaty, wyk\u0142ady, wystaw\u0119, konkursy, turnieje szachowe.<\/p>\n<hr>\n<p style=\"text-align: center\">Wszystkie propozycje Akademii WANS na tegoroczny Festiwal znajduj\u0105 si\u0119 na stronie:&nbsp;<br \/>\n<strong><a href=\"https:\/\/podlaskifestiwal.pl\/2024\/program\/lista-imprez\/?data_imprezy=&amp;sciezka_dydaktyczna=&amp;odbiorca_imprezy=wszyscy+zainteresowani&amp;grupa_docelowa=&amp;organizator=140&amp;title=&amp;rodzaj_imprezy=&amp;miasto_imprezy=&amp;dostepnosc_imprezy=\" target=\"_blank\" rel=\"noopener\">https:\/\/podlaskifestiwal.pl\/2024\/program\/lista-imprez\/wans<\/a><\/strong><\/p>\n<hr>\n<p>W dniu 15 maja 2024 zapraszamy do Akademii WANS, na nast\u0119puj\u0105ce wydarzenia:<\/p>\n<p><strong>Wystawa pt. ECO POEZJA \u2013 Dzie\u0142o nie \u015bmieci!<\/strong><\/p>\n<p>Wystawa przedstawia\u0107 b\u0119dzie unikatowe prace artystyczne wykonane technik\u0105 recyklingu makulatury, m.in. starych gazet i karton\u00f3w. Poezja prezentowana na wystawie to wynik kreatywnej pracy artystycznej, kt\u00f3r\u0105 wykona\u0142a grupa os\u00f3b studiuj\u0105cych i spo\u0142ecznik\u00f3w podczas warsztatu prowadzonego w O\u015brodku Niezale\u017cnego \u017bycia 19 kwietnia 2024 r., aby wsp\u00f3lnie \u015bwi\u0119towa\u0107 Mi\u0119dzynarodowy Dzie\u0144 Matki Ziemi i Mi\u0119dzynarodowy Dzie\u0144 Poezji.<\/p>\n<p><strong>&nbsp;<\/strong><strong>\u201eZosta\u0144 Liderem Eko-Zmian\u201d(Fina\u0142 Konkursu)<\/strong><\/p>\n<p><strong>&nbsp;<\/strong>W dniu 15 maja na Auli Ma\u0142ej WANS odb\u0119dzie si\u0119 r\u00f3wnie\u017c wy\u0142onienie zwyci\u0119zc\u00f3w i wr\u0119czenie nagr\u00f3d w konkursie: Zosta\u0144 Liderem Eko-Zmian. Celem konkursu jest edukacja i zwi\u0119kszenie zaanga\u017cowania uczni\u00f3w i nauczycieli szk\u00f3\u0142 ponadpodstawowych w promocj\u0119 postaw obywatelskich w ekologii.&nbsp; Do uczestnictwa zaproszone zosta\u0142y&nbsp;2-3-osobowe&nbsp;zespo\u0142y m\u0142odzie\u017cy wraz&nbsp;z opiekunem, kt\u00f3rych to zadaniem by\u0142o stworzenie&nbsp;pracy w postaci dowolnego&nbsp;utworu\/produktu reklamowego&nbsp;(plakatu, filmu, piosenki &nbsp;lub wiersza)&nbsp;dotycz\u0105cego kampanii edukacyjnej na<strong>&nbsp;<\/strong>temat promowania postawy \u201ebycia EKO\u201d&nbsp;\u2013 troski o Ziemi\u0119 i natur\u0119.<\/p>\n<p><strong>Tw\u00f3j Ekologiczny Odcisk Stopy &#8211; warsztaty<\/strong><\/p>\n<p>Uczestnicy warsztatu b\u0119d\u0105 mogli samodzielnie obliczy\u0107 w\u0142asny \u201eodcisk stopy\u201d oraz por\u00f3wna\u0107 wyniki z danymi dotycz\u0105cymi poszczeg\u00f3lnych kraj\u00f3w.<\/p>\n<p>Celem warsztatu b\u0119dzie zapoznanie uczestnik\u00f3w z narz\u0119dziem pozwalaj\u0105cym na ocen\u0119 wp\u0142ywu cz\u0142owieka na stan \u015brodowiska naturalnego. Ekologiczny odcisk stopy to narz\u0119dzie pozwalaj\u0105ce oceni\u0107 poziom eksploatacji zasob\u00f3w naturalnych przez spo\u0142ecze\u0144stwo. \u201eOdcisk stopy\u201d obejmuje r\u00f3\u017cnorodne kategorie konsumpcji ludzkiej sprowadzaj\u0105cej si\u0119 g\u0142\u00f3wnie do: \u017cywno\u015bci, transportu, mieszkania, wytwarzania odpad\u00f3w itd.<\/p>\n<p><strong>&nbsp;<\/strong><strong>Skuteczna obrona przed manipulacj\u0105 \u2013 interaktywny wyk\u0142ad<\/strong><\/p>\n<p><strong>&nbsp;<\/strong>Kolejna nasza propozycja \u2013 wyk\u0142ad na kt\u00f3rym b\u0119dzie mo\u017cna dowiedzie\u0107 si\u0119 jakie s\u0105 techniki skutecznej obrony przed manipulacj\u0105. Uczestnicy poznaj\u0105 najcz\u0119\u015bciej stosowane narz\u0119dzia wywierania wp\u0142ywu oraz otrzymaj\u0105 wiedz\u0119 niezb\u0119dn\u0105 do identyfikowania manipulacji w \u017cyciu codziennym oraz zawodowym. Dowiedz\u0105 si\u0119 r\u00f3wnie\u017c czym si\u0119 r\u00f3\u017cni perswazja od manipulacji.<\/p>\n<p><strong>&nbsp;<\/strong><strong>Indywidualny Plan Dzia\u0142ania \u2013 Zarz\u0105dzanie w\u0142asn\u0105 karier\u0105 zawodow\u0105<\/strong><\/p>\n<p>Mamy te\u017c co\u015b dla mi\u0142o\u015bnik\u00f3w rozwoju osobistego \u2013 warsztat z zarz\u0105dzania w\u0142asn\u0105 karier\u0105 zawodowa. G\u0142\u00f3wnym celem, jest pobudzenie i zainspirowanie uczestnik\u00f3w do nabywania umiej\u0119tno\u015bci planowania w\u0142asnego rozwoju zawodowego oraz poszerzenie wiedzy o samym sobie w kontek\u015bcie przysz\u0142ych decyzji zawodowych.<\/p>\n<p><strong>Sympatia i wrogo\u015b\u0107: media spo\u0142eczno\u015bciowe i demokracja. Warsztat po\u015bwi\u0119cony fake newsom i dezinformacji<\/strong><\/p>\n<p>Kolejna nasza propozycja to warsztat (po\u0142\u0105czony z wyk\u0142adem) po\u015bwi\u0119cony&nbsp; wp\u0142ywowi fake-news\u00f3w na demokratyczne procesy na \u015bwiecie. Jednym z temat\u00f3w spotkania b\u0119dzie dzia\u0142alno\u015b\u0107 Marii Ressy \u2013 walcz\u0105cej o wolno\u015b\u0107 prasy filipi\u0144skiej dziennikarki, wsp\u00f3\u0142za\u0142o\u017cycielki portalu Rappler, laureatki Pokojowej Nagrody Nobla w 2021. Na warsztacie om\u00f3wione zostan\u0105 przyk\u0142ady kampanii dezinformacyjnych opartych o mechanizm CIB (Coordinated, Inauthentic Behavior \u2013 \u201eSkoordynowane Nieautentyczne Zachowanie\u201d) i FUD (Fear, Uncertainty, Doubt \u2013 \u201eStrach, niepewno\u015b\u0107 i w\u0105tpliwo\u015bci\u201d). Uczestnicy poznaj\u0105 aplikacje do weryfikacji zdj\u0119\u0107 (TinEye, Google Image Search) oraz portale informacyjne zajmuj\u0105ce si\u0119 fackt-checkingiem.<\/p>\n","protected":false},"excerpt":{"rendered":"<p>W ramach XX Podlaskiego Festiwalu&nbsp;Nauki&nbsp;i Sztuki Wschodnioeuropejska Akademia Nauk Stosowanych w Bia\u0142ymstoku przygotowa\u0142a ciekawe propozycje popularyzuj\u0105ce nauk\u0119 m.in. warsztaty, wyk\u0142ady, wystaw\u0119, konkursy, turnieje szachowe. Wszystkie propozycje Akademii WANS na tegoroczny Festiwal znajduj\u0105 si\u0119 na stronie:&nbsp; https:\/\/podlaskifestiwal.pl\/2024\/program\/lista-imprez\/wans W dniu 15 maja 2024 zapraszamy do Akademii WANS, na nast\u0119puj\u0105ce wydarzenia: Wystawa pt. ECO POEZJA \u2013 Dzie\u0142o nie [&hellip;]<\/p>\n","protected":false},"author":137,"featured_media":10351,"comment_status":"closed","ping_status":"closed","sticky":false,"template":"","format":"standard","meta":{"ngg_post_thumbnail":0,"footnotes":""},"categories":[1],"tags":[],"class_list":["post-10348","post","type-post","status-publish","format-standard","has-post-thumbnail","hentry","category-uncategorized"],"_links":{"self":[{"href":"https:\/\/podlaskifestiwal.pl\/2024\/wp-json\/wp\/v2\/posts\/10348","targetHints":{"allow":["GET"]}}],"collection":[{"href":"https:\/\/podlaskifestiwal.pl\/2024\/wp-json\/wp\/v2\/posts"}],"about":[{"href":"https:\/\/podlaskifestiwal.pl\/2024\/wp-json\/wp\/v2\/types\/post"}],"author":[{"embeddable":true,"href":"https:\/\/podlaskifestiwal.pl\/2024\/wp-json\/wp\/v2\/users\/137"}],"replies":[{"embeddable":true,"href":"https:\/\/podlaskifestiwal.pl\/2024\/wp-json\/wp\/v2\/comments?post=10348"}],"version-history":[{"count":2,"href":"https:\/\/podlaskifestiwal.pl\/2024\/wp-json\/wp\/v2\/posts\/10348\/revisions"}],"predecessor-version":[{"id":10352,"href":"https:\/\/podlaskifestiwal.pl\/2024\/wp-json\/wp\/v2\/posts\/10348\/revisions\/10352"}],"wp:featuredmedia":[{"embeddable":true,"href":"https:\/\/podlaskifestiwal.pl\/2024\/wp-json\/wp\/v2\/media\/10351"}],"wp:attachment":[{"href":"https:\/\/podlaskifestiwal.pl\/2024\/wp-json\/wp\/v2\/media?parent=10348"}],"wp:term":[{"taxonomy":"category","embeddable":true,"href":"https:\/\/podlaskifestiwal.pl\/2024\/wp-json\/wp\/v2\/categories?post=10348"},{"taxonomy":"post_tag","embeddable":true,"href":"https:\/\/podlaskifestiwal.pl\/2024\/wp-json\/wp\/v2\/tags?post=10348"}],"curies":[{"name":"wp","href":"https:\/\/api.w.org\/{rel}","templated":true}]}}