{"id":10331,"date":"2024-04-18T13:02:50","date_gmt":"2024-04-18T13:02:50","guid":{"rendered":"https:\/\/podlaskifestiwal.pl\/2024\/?p=10331"},"modified":"2024-04-18T13:03:38","modified_gmt":"2024-04-18T13:03:38","slug":"akademia-lomzynska-zaprasza-na-xx-podlaski-festiwal-nauki-i-sztuki","status":"publish","type":"post","link":"https:\/\/podlaskifestiwal.pl\/2024\/akademia-lomzynska-zaprasza-na-xx-podlaski-festiwal-nauki-i-sztuki\/","title":{"rendered":"Akademia \u0141om\u017cy\u0144ska zaprasza na XX Podlaski Festiwal Nauki i Sztuki"},"content":{"rendered":"<p>\u015awi\u0119to pasjonuj\u0105cych odkry\u0107, wynalazk\u00f3w i niesko\u0144czonej mocy rozumu oraz wyobra\u017ani, czyli XX Podlaski Festiwal Nauki i Sztuki, 16. maja zago\u015bci w murach Akademii \u0141om\u017cy\u0144skiej, w pracowniach, aulach, laboratoriach uczelni. Nasi naukowcy i popularyzatorzy my\u015bli naukowej, a tak\u017ce arty\u015bci, przygotowali ponad sze\u015b\u0107dziesi\u0105t wydarze\u0144 pokazuj\u0105cych, \u017ce nauka i sztuka nie posiadaj\u0105 granic.<\/p>\n<p>Na jubileuszowy XX Podlaski Festiwal Nauki i Sztuki zapraszamy osoby we wszystkich przedzia\u0142ach wiekowych, kt\u00f3rych \u0142\u0105czy jedno \u2013 ciekawo\u015b\u0107 otaczaj\u0105cego \u015bwiata. Dzieci, m\u0142odzie\u017c, doros\u0142ych.<\/p>\n<p>Festiwal inaugurujemy 16. maja o godz. 9:00 debat\u0105 na temat Sztucznej Inteligencji, w kt\u00f3rej wezm\u0105 udzia\u0142 przedstawiciele czterech uczelnianych wydzia\u0142\u00f3w. Pod lup\u0119 naukowej obserwacji we\u017amiemy fenomen AI, spogl\u0105daj\u0105c na\u0144 z r\u00f3\u017cnych perspektyw: pedagoga, in\u017cyniera, prawnika, humanisty. To nie b\u0119dzie zwyk\u0142a debata lecz manifestacja r\u00f3\u017cnorodno\u015bci w podej\u015bciu do jednego z najwa\u017cniejszych temat\u00f3w naszych czas\u00f3w. Sztuczna inteligencja przenika wszystkie dziedziny \u017cycia, od medycyny po ekonomi\u0119, od edukacji po sztuk\u0119, kszta\u0142tuj\u0105c nowy styl my\u015blenia o przysz\u0142o\u015bci cz\u0142owieka \u2013 odwa\u017cny, futurystyczny. Przy\u0142\u0105czcie si\u0119 do naszej dyskusji, pos\u0142uchajcie co maj\u0105 do powiedzenia o AI naukowcy, zabierzcie g\u0142os w debacie.<\/p>\n<p>Z bogatej oferty naszych festiwalowych wydarze\u0144 wybierzcie w\u0142asn\u0105&nbsp; unikaln\u0105 \u015bcie\u017ck\u0119 nawigowania po nauce, dostosowan\u0105 do zainteresowa\u0144 i wieku. Najm\u0142odszych zapraszamy na bajkow\u0105 symulacj\u0119 rozprawy s\u0105dowej, kolorow\u0105 lekcj\u0119 anatomii, gry i zabawy, a starszych odbiorc\u00f3w na cykle prelekcji i warsztat\u00f3w, a tak\u017ce praktycznych porad, np. jak zadba\u0107 o kondycj\u0119, zdrowie, opanowa\u0107 egzaminacyjny stres, czy&nbsp; trenowa\u0107 cechy przyw\u00f3dcze albo komunikacyjne. Dodatkowo oferujemy plenerowy pokaz bezpiecze\u0144stwa w ruchu drogowym z udzia\u0142em Policji, Stra\u017cy Po\u017carnej, Ratownictwa Medycznego. A w przerwach mi\u0119dzy prelekcjami \u2013 zapraszamy na&nbsp; najlepsze na \u015bwiecie lody wyprodukowane w naszej Hali technologicznej.<\/p>\n<hr>\n<p style=\"text-align: center\">Wszystkie wydarzenia dost\u0119pne s\u0105 na stronie:<\/p>\n<p style=\"text-align: center\"><strong> <a href=\"https:\/\/podlaskifestiwal.pl\/2024\/program\/lista-imprez\/?=&amp;organizator=135\" target=\"_blank\" rel=\"noopener\">https:\/\/podlaskifestiwal.pl\/2024\/program\/lista-imprez\/akademia-lomzynska<\/a><\/strong><\/p>\n<hr>\n<p>Na cz\u0119\u015b\u0107 wydarze\u0144 obowi\u0105zuj\u0105 zapisy. Sprawd\u017acie ju\u017c teraz, co ciekawego mamy do zaoferowania i rezerwujcie 16. maja na wizyt\u0119 w Akademii \u0141om\u017cy\u0144skiej, najwi\u0119kszej uczelni ziemi \u0142om\u017cy\u0144skiej.<\/p>\n<p>Zapraszamy na fascynuj\u0105c\u0105 podr\u00f3\u017c w g\u0142\u0105b naukowych zagadek i ciekawostek, ale tak\u017ce naszej codzienno\u015bci, bo przecie\u017c ka\u017cdy detal ludzkiego \u017cycia opleciony jest aur\u0105 magicznej naukowo\u015bci, wystarczy tylko to dostrzec.<\/p>\n<p>Na naszych festiwalowych go\u015bci czekaj\u0105 liczne atrakcje, kt\u00f3re z pewno\u015bci\u0105 zainteresuj\u0105 szerok\u0105 grup\u0119 odbiorc\u00f3w! Od warsztat\u00f3w produkcji lod\u00f3w i chrupek, przez fascynuj\u0105ce zaj\u0119cia z robotami, po ciekawe wyk\u0142ady na tematy takie jak r rodzaje manipulacji w mediach spo\u0142eczno\u015bciowych. Na mi\u0142o\u015bnik\u00f3w aktywno\u015bci fizycznej czeka Windgate Test, przygotowali\u015bmy tak\u017ce warsztaty banda\u017cowania oraz wyk\u0142ady na temat dress codu.&nbsp; Nie zapominamy r\u00f3wnie\u017c o naszych najm\u0142odszych uczestnikach, kt\u00f3rych wprowadzimy, korzystaj\u0105c z teatralnych rekwizyt\u00f3w i umiej\u0119tno\u015bci, w \u015bwiat wymiaru sprawiedliwo\u015bci. Wszyscy mi\u0142o\u015bnicy nauki b\u0119d\u0105 zachwyceni mo\u017cliwo\u015bci\u0105 obserwacji mikroskopowych oraz warsztatami z termowizji! A to tylko przedsmak naszych wydarze\u0144, a jednocze\u015bnie prawdziwy smak naukowego i popularnonaukowego \u017cycia \u0141om\u017cy.<\/p>\n<p>&nbsp;Zapraszamy na XX Podlaski Festiwal Nauki i Sztuki do Akademii \u0141om\u017cy\u0144skiej!<\/p>\n","protected":false},"excerpt":{"rendered":"<p>\u015awi\u0119to pasjonuj\u0105cych odkry\u0107, wynalazk\u00f3w i niesko\u0144czonej mocy rozumu oraz wyobra\u017ani, czyli XX Podlaski Festiwal Nauki i Sztuki, 16. maja zago\u015bci w murach Akademii \u0141om\u017cy\u0144skiej, w pracowniach, aulach, laboratoriach uczelni. Nasi naukowcy i popularyzatorzy my\u015bli naukowej, a tak\u017ce arty\u015bci, przygotowali ponad sze\u015b\u0107dziesi\u0105t wydarze\u0144 pokazuj\u0105cych, \u017ce nauka i sztuka nie posiadaj\u0105 granic. Na jubileuszowy XX Podlaski Festiwal [&hellip;]<\/p>\n","protected":false},"author":137,"featured_media":10332,"comment_status":"closed","ping_status":"closed","sticky":false,"template":"","format":"standard","meta":{"ngg_post_thumbnail":0,"footnotes":""},"categories":[1],"tags":[],"class_list":["post-10331","post","type-post","status-publish","format-standard","has-post-thumbnail","hentry","category-uncategorized"],"_links":{"self":[{"href":"https:\/\/podlaskifestiwal.pl\/2024\/wp-json\/wp\/v2\/posts\/10331","targetHints":{"allow":["GET"]}}],"collection":[{"href":"https:\/\/podlaskifestiwal.pl\/2024\/wp-json\/wp\/v2\/posts"}],"about":[{"href":"https:\/\/podlaskifestiwal.pl\/2024\/wp-json\/wp\/v2\/types\/post"}],"author":[{"embeddable":true,"href":"https:\/\/podlaskifestiwal.pl\/2024\/wp-json\/wp\/v2\/users\/137"}],"replies":[{"embeddable":true,"href":"https:\/\/podlaskifestiwal.pl\/2024\/wp-json\/wp\/v2\/comments?post=10331"}],"version-history":[{"count":4,"href":"https:\/\/podlaskifestiwal.pl\/2024\/wp-json\/wp\/v2\/posts\/10331\/revisions"}],"predecessor-version":[{"id":10336,"href":"https:\/\/podlaskifestiwal.pl\/2024\/wp-json\/wp\/v2\/posts\/10331\/revisions\/10336"}],"wp:featuredmedia":[{"embeddable":true,"href":"https:\/\/podlaskifestiwal.pl\/2024\/wp-json\/wp\/v2\/media\/10332"}],"wp:attachment":[{"href":"https:\/\/podlaskifestiwal.pl\/2024\/wp-json\/wp\/v2\/media?parent=10331"}],"wp:term":[{"taxonomy":"category","embeddable":true,"href":"https:\/\/podlaskifestiwal.pl\/2024\/wp-json\/wp\/v2\/categories?post=10331"},{"taxonomy":"post_tag","embeddable":true,"href":"https:\/\/podlaskifestiwal.pl\/2024\/wp-json\/wp\/v2\/tags?post=10331"}],"curies":[{"name":"wp","href":"https:\/\/api.w.org\/{rel}","templated":true}]}}