{"id":10254,"date":"2024-04-16T06:35:43","date_gmt":"2024-04-16T06:35:43","guid":{"rendered":"https:\/\/podlaskifestiwal.pl\/2024\/?p=10254"},"modified":"2024-04-17T07:37:29","modified_gmt":"2024-04-17T07:37:29","slug":"podlaski-festiwal-nauki-i-sztuki-w-teatrze-a-jakze-zapraszamy-do-akademii-teatralnej-w-bialymstoku","status":"publish","type":"post","link":"https:\/\/podlaskifestiwal.pl\/2024\/podlaski-festiwal-nauki-i-sztuki-w-teatrze-a-jakze-zapraszamy-do-akademii-teatralnej-w-bialymstoku\/","title":{"rendered":"Podlaski Festiwal Nauki i Sztuki w teatrze? A jak\u017ce! Zapraszamy do Akademii Teatralnej w Bia\u0142ymstoku"},"content":{"rendered":"<p>Grupa m\u0142odych ludzi spotyka si\u0119 na terapeutycznych zaj\u0119ciach z aktorstwa. Wierz\u0105, \u017ce nowo nabyte umiej\u0119tno\u015bci pomog\u0105 im nawigowa\u0107 w trudnych warunkach, w jakich si\u0119 znale\u017ali.<\/p>\n<p>Kto\u015b musia\u0142 porzuci\u0107 studia na presti\u017cowej uczelni i ukochan\u0105 dziewczyn\u0119.<br \/>\nKto\u015b walczy, aby si\u0119 uniezale\u017cni\u0107.<br \/>\nCo takiego robi nocami ta dziewczyna, \u017ce jest chronicznie zm\u0119czona?<br \/>\nDlaczego ten ch\u0142opak zawsze chodzi tak samo ubrany?<br \/>\nCzy dzia\u0142ania tej osoby naprawd\u0119 wynikaj\u0105 z troski o s\u0142abszych?<br \/>\nCzy \u015bwiat naprawd\u0119 potrzebuje superbohatera?<br \/>\nTw\u00f3j ulubiony kolor to pomara\u0144czowy czy jasnozielonotrawiasty?<\/p>\n<p>Akademia Teatralna im. Aleksandra Zelwerowicza w Warszawie Filia w Bia\u0142ymstoku zaprasza 17 maja o godz. 18:00 do Teatru Szkolnego (ul. H. Sienkiewicza 14) na pokaz <strong>spektaklu dyplomowego student\u00f3w i studentek IV roku aktorstwa \u201eDrama Club\u201d. <\/strong><\/p>\n<p><strong>Rezerwacje bezp\u0142atnych wej\u015bci\u00f3wek przyjmujemy telefonicznie od poniedzia\u0142ku do pi\u0105tku w godz. 9:00-15:00 (tel.: 85 743 54 53).<\/strong><\/p>\n<p>REALIZATORZY:<\/p>\n<p>Re\u017cyseria: Katarzyna Minkowska<br \/>\nDramaturgia: Joanna Po\u0142e\u0107<br \/>\nScenariusz: zesp\u00f3\u0142<br \/>\nScenografia i kostiumy: \u0141ukasz Mleczak<br \/>\nChoreografia: Krystyna Lama Szyd\u0142owska<br \/>\nMuzyka: Wojciech Frycz<br \/>\nRe\u017cyseria \u015bwiat\u0142a: Maciej Kaszy\u0144ski<br \/>\nAsystenci: Tymoteusz Sarosiek, Maciej Synowiec<br \/>\nInspicjentka: Laura Walczak<br \/>\nWyst\u0119puj\u0105: Adam Pobo\u017cy, Agata Nierzwicka, Angelika W\u0142och, Jakub Durniat, Julia Kolanek, Laura Walczak, Marcelina Budz, Natalia Walaszczyk, Stanis\u0142aw Michalski, Wojciech Le\u015bniewski, Zofia Tkocz<\/p>\n<p>Technika mowy: Ewa Gajewska-Jasi\u0144ska<br \/>\nPracownia plastyczna: Karolina Baczar, Anna Chili\u0144ska, Magdalena D\u0105browska, Zbigniew Romanyk, R\u00f3\u017ca Turli\u0144ska<br \/>\nDzia\u0142 techniczny: Miros\u0142aw Bobowik, Mariusz Doroszko, Artsemi Khatkevich, Krzysztof Matosek, Jan Mr\u00f3z<\/p>\n<p>wiek odbiorc\u00f3w:&nbsp;14+<\/p>\n<p>czas trwania: 200 min z przerw\u0105<br \/>\npremiera: 10.11.2023<\/p>\n<p>&nbsp;<\/p>\n<p>UWAGA!&nbsp;<\/p>\n<p>W spektaklu u\u017cywane s\u0105 wulgaryzmy oraz \u015bwiat\u0142a stroboskopowe.&nbsp;<\/p>\n<p>Spektakl bierze udzia\u0142 w 30. Og\u00f3lnopolskim Konkursie na Wystawienie Polskiej Sztuki Wsp\u00f3\u0142czesnej.<\/p>\n<p>&nbsp;<\/p>\n<p>Projekt plakatu: Maria To\u0142wi\u0144ska&nbsp;<\/p>\n","protected":false},"excerpt":{"rendered":"<p>Grupa m\u0142odych ludzi spotyka si\u0119 na terapeutycznych zaj\u0119ciach z aktorstwa. Wierz\u0105, \u017ce nowo nabyte umiej\u0119tno\u015bci pomog\u0105 im nawigowa\u0107 w trudnych warunkach, w jakich si\u0119 znale\u017ali. Kto\u015b musia\u0142 porzuci\u0107 studia na presti\u017cowej uczelni i ukochan\u0105 dziewczyn\u0119. Kto\u015b walczy, aby si\u0119 uniezale\u017cni\u0107. Co takiego robi nocami ta dziewczyna, \u017ce jest chronicznie zm\u0119czona? Dlaczego ten ch\u0142opak zawsze chodzi [&hellip;]<\/p>\n","protected":false},"author":74,"featured_media":10257,"comment_status":"closed","ping_status":"closed","sticky":false,"template":"","format":"standard","meta":{"ngg_post_thumbnail":0,"footnotes":""},"categories":[1],"tags":[],"class_list":["post-10254","post","type-post","status-publish","format-standard","has-post-thumbnail","hentry","category-uncategorized"],"_links":{"self":[{"href":"https:\/\/podlaskifestiwal.pl\/2024\/wp-json\/wp\/v2\/posts\/10254","targetHints":{"allow":["GET"]}}],"collection":[{"href":"https:\/\/podlaskifestiwal.pl\/2024\/wp-json\/wp\/v2\/posts"}],"about":[{"href":"https:\/\/podlaskifestiwal.pl\/2024\/wp-json\/wp\/v2\/types\/post"}],"author":[{"embeddable":true,"href":"https:\/\/podlaskifestiwal.pl\/2024\/wp-json\/wp\/v2\/users\/74"}],"replies":[{"embeddable":true,"href":"https:\/\/podlaskifestiwal.pl\/2024\/wp-json\/wp\/v2\/comments?post=10254"}],"version-history":[{"count":3,"href":"https:\/\/podlaskifestiwal.pl\/2024\/wp-json\/wp\/v2\/posts\/10254\/revisions"}],"predecessor-version":[{"id":10259,"href":"https:\/\/podlaskifestiwal.pl\/2024\/wp-json\/wp\/v2\/posts\/10254\/revisions\/10259"}],"wp:featuredmedia":[{"embeddable":true,"href":"https:\/\/podlaskifestiwal.pl\/2024\/wp-json\/wp\/v2\/media\/10257"}],"wp:attachment":[{"href":"https:\/\/podlaskifestiwal.pl\/2024\/wp-json\/wp\/v2\/media?parent=10254"}],"wp:term":[{"taxonomy":"category","embeddable":true,"href":"https:\/\/podlaskifestiwal.pl\/2024\/wp-json\/wp\/v2\/categories?post=10254"},{"taxonomy":"post_tag","embeddable":true,"href":"https:\/\/podlaskifestiwal.pl\/2024\/wp-json\/wp\/v2\/tags?post=10254"}],"curies":[{"name":"wp","href":"https:\/\/api.w.org\/{rel}","templated":true}]}}