{"id":10235,"date":"2024-04-19T07:00:50","date_gmt":"2024-04-19T07:00:50","guid":{"rendered":"https:\/\/podlaskifestiwal.pl\/2024\/?p=10235"},"modified":"2024-04-19T07:35:14","modified_gmt":"2024-04-19T07:35:14","slug":"ludzki-mozg-komputer-niedoskonaly-wyklad-inaugurujacy-xx-podlaski-festiwal-nauki-i-sztuki-zapraszamy","status":"publish","type":"post","link":"https:\/\/podlaskifestiwal.pl\/2024\/ludzki-mozg-komputer-niedoskonaly-wyklad-inaugurujacy-xx-podlaski-festiwal-nauki-i-sztuki-zapraszamy\/","title":{"rendered":"&#8222;Ludzki m\u00f3zg \u2013 komputer (nie)doskona\u0142y&#8221; &#8211; wyk\u0142ad inauguruj\u0105cy XX Podlaski Festiwal Nauki i Sztuki. Zapraszamy!"},"content":{"rendered":"<p>W jaki spos\u00f3b dzia\u0142a m\u00f3zg? Czy nasza pami\u0119\u0107 jest sko\u0144czona? W jaki spos\u00f3b uczy\u0107 si\u0119 skuteczniej, wykorzystuj\u0105c m\u00f3zg bardziej efektywnie? Co sprawia, \u017ce jedni z nas maj\u0105 dusz\u0119 artyst\u00f3w, inni s\u0105 umys\u0142ami \u015bcis\u0142ymi? Odpowiedzi na te pytania us\u0142yszymy w czasie wyk\u0142adu \u201eLudzki m\u00f3zg \u2013 komputer (nie)doskona\u0142y\u201d, kt\u00f3ry 10 maja 2024 r. wyg\u0142osi dr Marek Bartoszewicz z Wydzia\u0142 Biologii Uniwersytetu w Bia\u0142ymstoku.<\/p>\n<p>Tym spotkaniem oficjalnie rozpocznie si\u0119 XX edycja Podlaskiego Festiwalu Nauki i Sztuki. Serdecznie zapraszamy do udzia\u0142u w tym wydarzeniu.<\/p>\n<p>Wyk\u0142ad inauguracyjny zostanie wyg\u0142oszony w Auli Wydzia\u0142u Matematyki (p. 1056) w kampusie Uniwersytetu w Bia\u0142ymstoku przy ul. Cio\u0142kowskiego.<\/p>\n<hr>\n<p style=\"text-align: center\">Szczeg\u00f3\u0142owe informacje i wymagana rejestracja znajduj\u0105 si\u0119 na stronie:<br \/>\n<a href=\"https:\/\/podlaskifestiwal.pl\/2024\/imprezy\/wyklad-ludzki-mozg-komputer-niedoskonaly\/\" target=\"_blank\" rel=\"noopener\">https:\/\/podlaskifestiwal.pl\/2024\/imprezy\/wyklad-ludzki-mozg-komputer-niedoskonaly\/<\/a><\/p>\n<hr>\n<p style=\"text-align: center\">&nbsp;<\/p>\n<p style=\"text-align: center\">&nbsp;<\/p>\n","protected":false},"excerpt":{"rendered":"<p>W jaki spos\u00f3b dzia\u0142a m\u00f3zg? Czy nasza pami\u0119\u0107 jest sko\u0144czona? W jaki spos\u00f3b uczy\u0107 si\u0119 skuteczniej, wykorzystuj\u0105c m\u00f3zg bardziej efektywnie? Co sprawia, \u017ce jedni z nas maj\u0105 dusz\u0119 artyst\u00f3w, inni s\u0105 umys\u0142ami \u015bcis\u0142ymi? Odpowiedzi na te pytania us\u0142yszymy w czasie wyk\u0142adu \u201eLudzki m\u00f3zg \u2013 komputer (nie)doskona\u0142y\u201d, kt\u00f3ry 10 maja 2024 r. wyg\u0142osi dr Marek Bartoszewicz [&hellip;]<\/p>\n","protected":false},"author":137,"featured_media":10241,"comment_status":"closed","ping_status":"closed","sticky":false,"template":"","format":"standard","meta":{"ngg_post_thumbnail":0,"footnotes":""},"categories":[1],"tags":[],"class_list":["post-10235","post","type-post","status-publish","format-standard","has-post-thumbnail","hentry","category-uncategorized"],"_links":{"self":[{"href":"https:\/\/podlaskifestiwal.pl\/2024\/wp-json\/wp\/v2\/posts\/10235","targetHints":{"allow":["GET"]}}],"collection":[{"href":"https:\/\/podlaskifestiwal.pl\/2024\/wp-json\/wp\/v2\/posts"}],"about":[{"href":"https:\/\/podlaskifestiwal.pl\/2024\/wp-json\/wp\/v2\/types\/post"}],"author":[{"embeddable":true,"href":"https:\/\/podlaskifestiwal.pl\/2024\/wp-json\/wp\/v2\/users\/137"}],"replies":[{"embeddable":true,"href":"https:\/\/podlaskifestiwal.pl\/2024\/wp-json\/wp\/v2\/comments?post=10235"}],"version-history":[{"count":5,"href":"https:\/\/podlaskifestiwal.pl\/2024\/wp-json\/wp\/v2\/posts\/10235\/revisions"}],"predecessor-version":[{"id":10340,"href":"https:\/\/podlaskifestiwal.pl\/2024\/wp-json\/wp\/v2\/posts\/10235\/revisions\/10340"}],"wp:featuredmedia":[{"embeddable":true,"href":"https:\/\/podlaskifestiwal.pl\/2024\/wp-json\/wp\/v2\/media\/10241"}],"wp:attachment":[{"href":"https:\/\/podlaskifestiwal.pl\/2024\/wp-json\/wp\/v2\/media?parent=10235"}],"wp:term":[{"taxonomy":"category","embeddable":true,"href":"https:\/\/podlaskifestiwal.pl\/2024\/wp-json\/wp\/v2\/categories?post=10235"},{"taxonomy":"post_tag","embeddable":true,"href":"https:\/\/podlaskifestiwal.pl\/2024\/wp-json\/wp\/v2\/tags?post=10235"}],"curies":[{"name":"wp","href":"https:\/\/api.w.org\/{rel}","templated":true}]}}