{"id":8440,"date":"2023-05-11T10:36:08","date_gmt":"2023-05-11T10:36:08","guid":{"rendered":"https:\/\/podlaskifestiwal.pl\/2023\/?p=8440"},"modified":"2023-05-15T09:47:25","modified_gmt":"2023-05-15T09:47:25","slug":"ogladajcie-transmisje-na-zywo-z-rodzinnego-pikniku-nauki-i-sztuki","status":"publish","type":"post","link":"https:\/\/podlaskifestiwal.pl\/2023\/ogladajcie-transmisje-na-zywo-z-rodzinnego-pikniku-nauki-i-sztuki\/","title":{"rendered":"Ogl\u0105dajcie transmisje na \u017cywo z Rodzinnego Pikniku Nauki i Sztuki"},"content":{"rendered":"<h3>14 maja o godz. 10 \u2013 to wtedy rozpocznie si\u0119 Rodzinny Piknik Nauki i Sztuki, czyli nauka i wy\u015bmienita zabawa dla ca\u0142ych rodzin. Warto przyj\u015b\u0107 na Stadion Miejski w Bia\u0142ymstoku i osobi\u015bcie wzi\u0105\u0107 udzia\u0142 w atrakcjach, kt\u00f3re dla ma\u0142ych i du\u017cych odkrywc\u00f3w przygotowa\u0142y podlaskie uczelnie oraz instytucje partnerskie. Ale mamy te\u017c propozycj\u0119 dla internaut\u00f3w! Ogl\u0105dajcie relacje na \u017cywo z wydarze\u0144 Piknikowych. W naszych mediach spo\u0142eczno\u015bciowych zaplanowali\u015bmy cykl transmisji.<\/h3>\n<p>&nbsp;<\/p>\n<p><span style=\"color: #ff6600\"><strong>Transmisje online<br \/>\n<\/strong><\/span><\/p>\n<p>Relacje z niedzielnego Rodzinnego Pikniku Nauki i Sztuki b\u0119dzie mo\u017cna ogl\u0105da\u0107 na facebookowym profilu Podlaskiego Festiwalu Nauki i Sztuki, adres: <a href=\"https:\/\/www.facebook.com\/PodlaskiFestiwalNauki\" target=\"_blank\" rel=\"noopener\"><span style=\"color: #0000ff\">https:\/\/www.facebook.com\/PodlaskiFestiwalNauki<\/span><\/a><\/p>\n<p>Bez problemu znajdziecie tu wydarzenie dla siebie! Na pewno polubicie te\u017c naszych charyzmatycznych prowadz\u0105cych. To Julia Buczy\u0144ska, studentka pierwszego roku grafiki na Wydziale Architektury Politechniki Bia\u0142ostockiej i Bruno Niezbecki, kt\u00f3ry studiuje budownictwo na Wydziale Budownictwa i Nauk o \u015arodowisku Politechniki Bia\u0142ostockiej.<\/p>\n<p>Zaczynamy o godz. 10.00!<\/p>\n<p><strong><span style=\"color: #008000\">Relacja o godz. 10 &#8211; Rusza Rodzinny Piknik Nauki i Sztuki (<a href=\"https:\/\/www.facebook.com\/events\/802988454879260\/\" target=\"_blank\" rel=\"noopener\"><span style=\"color: #ff6600\">PRZEJD\u0179 DO RELACJI<\/span><\/a>)<\/span> <\/strong><\/p>\n<p>Spodziewajcie si\u0119 energetycznej relacji dotycz\u0105cych atrakcji zorganizowanych przez uczelnie na Rodzinny Piknik Nauki i Sztuki. B\u0119dzie przegl\u0105d stoisk i zaproszenie do skorzystania z r\u00f3\u017cnych aktywno\u015bci. Poka\u017cemy Wam, czego mo\u017cecie si\u0119 spodziewa\u0107 na miejscu i zach\u0119cimy do wsp\u00f3lnej zabawy! Piknik na Stadionie Miejskim w Bia\u0142ymstoku potrwa do godz. 16!<\/p>\n<p><span style=\"color: #008000\"><strong>Relacja o godz. 11 &#8211; Otwarcie XIX Podlaskiego Festiwalu Nauki i Sztuki (<span style=\"color: #ff6600\"><a style=\"color: #ff6600\" href=\"https:\/\/www.facebook.com\/events\/124373377302790\/\" target=\"_blank\" rel=\"noopener\">PRZEJD\u0179 DO RELACJI<\/a><\/span>)<br \/>\n<\/strong><\/span><\/p>\n<p>O godz. 11:00 rozpoczniemy si\u0119 relacj\u0119 z oficjalnego otwarcia XIX Podlaskiego Festiwalu Nauki i Sztuki.<\/p>\n<p>XIX Podlaski Festiwal Nauki i Sztuki pod has\u0142em \u201eNauka to wi\u0119cej ni\u017c wiedza\u201d wsp\u00f3lnie organizuje 12 uczelni z Bia\u0142egostoku, \u0141om\u017cy i Suwa\u0142k oraz Bia\u0142ostocki Park Naukowo-Technologiczny. Koordynatorem g\u0142\u00f3wnym jest Politechnika Bia\u0142ostocka. Festiwal potrwa od 15 do 19 maja i b\u0119dzie okazj\u0105 by przybli\u017cy\u0107 szerokiemu odbiorcy dzia\u0142alno\u015b\u0107 oraz osi\u0105gni\u0119cia uczelni bia\u0142ostockich, \u0142om\u017cy\u0144skich i suwalskich.<\/p>\n<p>O celach i atrakcjach przygotowanych przez uczelnie wsp\u00f3\u0142organizuj\u0105ce Podlaski Festiwal Nauki i Sztuki podczas oficjalnego otwarcia opowiedz\u0105:<\/p>\n<ul>\n<li>dr hab. in\u017c. Marta Kosior-Kazberuk, prof. PB, Rektor Politechniki Bia\u0142ostockiej<\/li>\n<li>Rafa\u0142 Rudnicki, Zast\u0119pca Prezydenta Bia\u0142egostoku<\/li>\n<li>prof. dr hab. Marcin Moniuszko, Prorektor ds. Nauki i Rozwoju Uniwersytetu Medycznego w Bia\u0142ymstoku<\/li>\n<li>prof. dr hab. Izabela \u015awi\u0119cicka, Prorektor ds. Nauki i Wsp\u00f3\u0142pracy Mi\u0119dzynarodowej Uniwersytetu w Bia\u0142ymstoku<\/li>\n<li>dr Edward Ho\u015bci\u0142owicz, prof. WANS, Rektor Wschodnioeuropejskiej Akademii Nauk Stosowanych w Bia\u0142ymstoku,<\/li>\n<li>prof. dr hab. in\u017c. Marek Kr\u0119towski, Prorektor ds. Nauki Politechniki Bia\u0142ostockiej.<\/li>\n<\/ul>\n<p><span style=\"color: #008000\"><strong>Relacja o godz. 11:30 &#8211; Poznaj potencja\u0142 podlaskiej nauki i sztuki (<a href=\"https:\/\/www.facebook.com\/events\/251334670736113\/\" target=\"_blank\" rel=\"noopener\"><span style=\"color: #ff6600\">PRZEJD\u0179 DO RELACJI<\/span><\/a>)<br \/>\n<\/strong><\/span><\/p>\n<p>Zgodnie z tematem tej relacji, o godz. 11:30 rozpoczniemy prezentacj\u0119 osi\u0105gni\u0119\u0107 podlaskich uczelni. B\u0119dzie si\u0119 dzia\u0142o! Rozmowy, wyst\u0119py, obrazki z najciekawszych pokaz\u00f3w i eksperyment\u00f3w, spotkania z naukowcami i studentami, muzyka na \u017cywo, i wiele, wiele innych ciekawostek z \u017cycia podlaskich uczelni.<\/p>\n<p>Ogl\u0105dajcie:<\/p>\n<ul>\n<li>11.30 Cerber Motorsport, czyli bolidy wy\u015bcigowe Studenckiego Ko\u0142a Naukowego Auto-Moto-Club z Politechniki Bia\u0142ostockiej<\/li>\n<li>11.40 prezentacja Wschodnioeuropejskiej Akademii Nauk Stosowanych w Bia\u0142ymstoku<\/li>\n<li>11.50 transmisja pokazu fitness Wschodnioeuropejskiej Akademii Nauk Stosowanych w Bia\u0142ymstoku<\/li>\n<li>12.00 rozmowa z pasjonatami z sekcji Bia\u0142ystok Dynamics Ko\u0142a Naukowego Robotyk\u00f3w z Wydzia\u0142u Mechanicznego Politechniki Bia\u0142ostockiej<\/li>\n<li>12.10 rozmowa z dr. Paw\u0142em Sow\u0105 z Zak\u0142adu Medycyny Populacyjnej i Chor\u00f3b Cywilizacyjnych Uniwersytet Medyczny w Bia\u0142ymstoku i projekcie badawczym, kt\u00f3rym obj\u0119to tysi\u0105ce bia\u0142ostoczan<\/li>\n<li>12.20 rozmowa o architekturze krajobrazu z dr in\u017c. arch. Dorot\u0105 Gawryluk z Wydzia\u0142u Budownictwa i Nauk o \u015arodowisku Politechniki Bia\u0142ostockiej<\/li>\n<li>12.30 transmisja fragmentu koncertu Bia\u0142ostockiej Akademii Musicalowej, utwory musicalu \u201ePinokio\u201d<\/li>\n<li>12.40 rozmowa o \u017cyciu paj\u0105k\u00f3w z Mariusze Wojtalewskim, studentem Wydzia\u0142u Biologii Uniwersytetu w Bia\u0142ymstoku<\/li>\n<li>12.50 jak rozpocz\u0105\u0107 przygod\u0119 z robotyk\u0105 w rozmowie z sekcj\u0105 Lego Ko\u0142a Naukowego Robotyk\u00f3w z Wydzia\u0142u Mechanicznego Politechniki Bia\u0142ostockiej<\/li>\n<li>13.00 jak si\u0119 studiuje w \u0141om\u017cy opowiedz\u0105 Julia Mastalerz, Klaudia Milewska z Akademii Nauk Stosowanych w \u0141om\u017cy<\/li>\n<li>13.10 czy Polska jest wolna od GMO opowie mgr in\u017c. Damian Izbicki absolwent biotechnologii na Wydziale Budownictwa i Nauk o \u015arodowisku Politechniki Bia\u0142ostockiej<\/li>\n<li>13.20 jak skorzysta\u0107 z oferty Epi-Centrum Nauki wyja\u015bni\u0105 Mateusz Stasiulewicz, edukator Epi-Centrum Nauki, Bia\u0142ostocki Park Naukowo-Technologiczny<\/li>\n<li>13.30 o wynalazkach in\u017cynierskich wspieraj\u0105cych rehabilitacj\u0119 opowiedz\u0105 cz\u0142onkowie Studenckiego Ko\u0142a Naukowego Orthos z Wydzia\u0142u Mechanicznego Politechniki Bia\u0142ostockiej<\/li>\n<li>13.40 rozmowa z Juli\u0105 Dobkowsk\u0105, studentk\u0105 I roku studi\u00f3w magisterskich na kierunku zdrowie publiczne w Uniwersytecie Medycznym w Bia\u0142ymstoku<\/li>\n<li>13.50 rozmowa z mgr Aleksandr\u0105 Kopko z Instytutu Zarz\u0105dzania Uniwersytetu w Bia\u0142ymstoku<\/li>\n<li>14.00 o swoich pasjach opowiedz\u0105 studenci z Ko\u0142a Naukowego Le\u015bnik\u00f3w z Wydzia\u0142u Budownictwa i Nauk o \u015arodowisku Politechniki Bia\u0142ostockiej<\/li>\n<li>14.10 du\u017co wiadomo\u015bci o ofercie dydaktycznej Wy\u017cszej Szko\u0142y Ekonomicznej w Bia\u0142ymstoku<\/li>\n<li>14.20 rozmowa z przedstawicielami Wy\u017cszej Szko\u0142y Medycznej w Bia\u0142ymstoku<\/li>\n<li>14.30 podsumowanie Rodzinnego Pikniku Nauki i Sztuki na Stadionie Miejskim w Bia\u0142ymstoku, czyli rozmowa z g\u0142\u00f3wnym koordynatorem XIX Podlaskiego Festiwalu Nauki i Sztuki dr. in\u017c. Piotrem Ofmanem z Politechniki Bia\u0142ostockiej<\/li>\n<\/ul>\n<p>ZAPRASZAMY!<\/p>\n","protected":false},"excerpt":{"rendered":"<p>14 maja o godz. 10 \u2013 to wtedy rozpocznie si\u0119 Rodzinny Piknik Nauki i Sztuki, czyli nauka i wy\u015bmienita zabawa dla ca\u0142ych rodzin. Warto przyj\u015b\u0107 na Stadion Miejski w Bia\u0142ymstoku i osobi\u015bcie wzi\u0105\u0107 udzia\u0142 w atrakcjach, kt\u00f3re dla ma\u0142ych i du\u017cych odkrywc\u00f3w przygotowa\u0142y podlaskie uczelnie oraz instytucje partnerskie. Ale mamy te\u017c propozycj\u0119 dla internaut\u00f3w! Ogl\u0105dajcie [&hellip;]<\/p>\n","protected":false},"author":79,"featured_media":8441,"comment_status":"closed","ping_status":"closed","sticky":false,"template":"","format":"standard","meta":{"ngg_post_thumbnail":0,"footnotes":""},"categories":[1],"tags":[],"class_list":["post-8440","post","type-post","status-publish","format-standard","has-post-thumbnail","hentry","category-uncategorized"],"_links":{"self":[{"href":"https:\/\/podlaskifestiwal.pl\/2023\/wp-json\/wp\/v2\/posts\/8440","targetHints":{"allow":["GET"]}}],"collection":[{"href":"https:\/\/podlaskifestiwal.pl\/2023\/wp-json\/wp\/v2\/posts"}],"about":[{"href":"https:\/\/podlaskifestiwal.pl\/2023\/wp-json\/wp\/v2\/types\/post"}],"author":[{"embeddable":true,"href":"https:\/\/podlaskifestiwal.pl\/2023\/wp-json\/wp\/v2\/users\/79"}],"replies":[{"embeddable":true,"href":"https:\/\/podlaskifestiwal.pl\/2023\/wp-json\/wp\/v2\/comments?post=8440"}],"version-history":[{"count":7,"href":"https:\/\/podlaskifestiwal.pl\/2023\/wp-json\/wp\/v2\/posts\/8440\/revisions"}],"predecessor-version":[{"id":8468,"href":"https:\/\/podlaskifestiwal.pl\/2023\/wp-json\/wp\/v2\/posts\/8440\/revisions\/8468"}],"wp:featuredmedia":[{"embeddable":true,"href":"https:\/\/podlaskifestiwal.pl\/2023\/wp-json\/wp\/v2\/media\/8441"}],"wp:attachment":[{"href":"https:\/\/podlaskifestiwal.pl\/2023\/wp-json\/wp\/v2\/media?parent=8440"}],"wp:term":[{"taxonomy":"category","embeddable":true,"href":"https:\/\/podlaskifestiwal.pl\/2023\/wp-json\/wp\/v2\/categories?post=8440"},{"taxonomy":"post_tag","embeddable":true,"href":"https:\/\/podlaskifestiwal.pl\/2023\/wp-json\/wp\/v2\/tags?post=8440"}],"curies":[{"name":"wp","href":"https:\/\/api.w.org\/{rel}","templated":true}]}}