{"id":8029,"date":"2023-04-12T12:35:57","date_gmt":"2023-04-12T12:35:57","guid":{"rendered":"https:\/\/podlaskifestiwal.pl\/2023\/?p=8029"},"modified":"2023-04-14T09:07:42","modified_gmt":"2023-04-14T09:07:42","slug":"podczas-konferencji-prasowej-zapowiedzielismy-najwazniejsze-atrakcje-19-edycji-festiwalu","status":"publish","type":"post","link":"https:\/\/podlaskifestiwal.pl\/2023\/podczas-konferencji-prasowej-zapowiedzielismy-najwazniejsze-atrakcje-19-edycji-festiwalu\/","title":{"rendered":"Podczas konferencji prasowej zapowiedzieli\u015bmy najwa\u017cniejsze atrakcje XIX PFNiS"},"content":{"rendered":"<h3>Pod has\u0142em \u201eNauka to wi\u0119cej ni\u017c wiedza!\u201d rusza XIX Podlaski Festiwal Nauki i Sztuki. Jego organizatorzy spotkali si\u0119 12 kwietnia 2023 r. w Centrum Nowoczesnego Kszta\u0142cenia Politechniki Bia\u0142ostockiej, \u017ceby wsp\u00f3lnie zapowiedzie\u0107 najwi\u0119ksze atrakcje wydarzenia oraz og\u0142osi\u0107 start rejestracji na poszczeg\u00f3lne imprezy festiwalowe.<\/h3>\n<p>Tegoroczny Podlaski Festiwal Nauki i Sztuki potrwa od 14 do 19 maja 2023 r. Zaczynamy w niedziel\u0119, 14 maja, Rodzinnym Piknikiem Nauki i Sztuki na Stadionie Miejskim w Bia\u0142ymstoku. Natomiast od 15 do 19 maja na 12 podlaskich uczelniach oraz w Bia\u0142ostockim Parku Naukowo-Technologiczny zaplanowano ponad 500 wydarze\u0144 skierowanych do szerokiej publiczno\u015bci. Nawigowanie po bogatym programie Festiwalowym i wybranie tego wydarzenia, w kt\u00f3rym chcemy wzi\u0105\u0107 udzia\u0142 u\u0142atwia nowa i kolorowa strona festiwalu.<\/p>\n<p>Na tej stronie prowadzona jest r\u00f3wnie\u017c rejestracja na poszczeg\u00f3lne imprezy wed\u0142ug <strong>harmonogramu<\/strong>:<\/p>\n<ul>\n<li><strong>15 maja<\/strong> \u2013 dzie\u0144 festiwalowy na Politechnice Bia\u0142ostockiej i Pa\u0144stwowej Uczelni Zawodowej im. prof. Edwarda F. Szczepanika w Suwa\u0142kach,<\/li>\n<li><strong>16 maja<\/strong> \u2013 Uniwersytet w Bia\u0142ymstoku oraz Uniwersytet Muzyczny Fryderyka Chopina, Wydzia\u0142 Instrumentalno-Pedagogiczny, Edukacji Muzycznej i Wokalistyki w Bia\u0142ymstoku,<\/li>\n<li><strong>17 maja<\/strong> \u2013 Uniwersytet Medyczny w Bia\u0142ymstoku, Uniwersytet Muzyczny Fryderyka Chopina, Wydzia\u0142 Instrumentalno-Pedagogiczny, Edukacji Muzycznej i Wokalistyki w Bia\u0142ymstoku,<\/li>\n<li><strong>18 maja<\/strong> \u2013 w ramach Podlaskiego Festiwalu zaprasza Archidiecezjalne Wy\u017csze Seminarium Duchowne w Bia\u0142ymstoku, Niepa\u0144stwowa Wy\u017csza Szko\u0142a Pedagogiczna w Bia\u0142ymstoku, Wschodnioeuropejska Akademia Nauk Stosowanych w Bia\u0142ymstoku, Wy\u017csza Szko\u0142a Ekonomiczna w Bia\u0142ymstoku, Wy\u017csza Szko\u0142a Medyczna w Bia\u0142ymstoku,<\/li>\n<li><strong>19 maja<\/strong> \u2013 Akademi\u0119 Nauk Stosowanych w \u0141om\u017cy, Akademi\u0119 Teatraln\u0105 im. Aleksandra Zelwerowicza w Warszawie, Filia w Bia\u0142ymstoku, Bia\u0142ostocki Park Naukowo-Technologiczny.<\/li>\n<\/ul>\n<p>Podlaski Festiwal Nauki i Sztuki skierowany jest do wszystkich mieszka\u0144c\u00f3w naszego regionu \u2013 od lat 3 do 103! Z my\u015bl\u0105 o uczestnikach zaplanowano blisko 500 r\u00f3\u017cnych wydarze\u0144, kt\u00f3re w spos\u00f3b przyst\u0119pny i ciekawy zach\u0119c\u0105 do poznawania nauk \u015bcis\u0142ych, technicznych, medycznych, przyrodniczych, humanistycznych i spo\u0142ecznych. Wszystko w my\u015bl idei przewodniej Festiwalu, czyli przybli\u017caniu i popularyzowaniu dzia\u0142alno\u015bci oraz osi\u0105gni\u0119\u0107 uczelni bia\u0142ostockich, \u0142om\u017cy\u0144skich i suwalskich. Podczas Podlaskiego Festiwalu Nauki i Sztuki maj\u0105 one okazj\u0119 przekona\u0107 szerokiego odbiorc\u0119, \u017ce to w naszym wojew\u00f3dztwie bije serce nauki i nie trzeba opuszcza\u0107 naszego regionu, aby do\u0142\u0105czy\u0107 do tw\u00f3rc\u00f3w i badaczy, kt\u00f3ry rozwijaj\u0105 wiedz\u0119 i prowadz\u0105 badania na najwy\u017cszym \u015bwiatowym poziomie.<\/p>\n<p>W 2023 roku rol\u0119 koordynatora g\u0142\u00f3wnego Podlaskiego Festiwalu Nauki i Sztuki pe\u0142ni Politechnika Bia\u0142ostocka. W imieniu uczelni do aktywnego udzia\u0142u w Festiwalu zaprosi\u0142 prof. dr hab. in\u017c. Marek Kr\u0119towski, Prorektor ds. Nauki Politechniki Bia\u0142ostockiej.<\/p>\n<blockquote><p>\u2013 W tym roku nasz Festiwal rozpoczynamy w niedziel\u0119, 14 maja Rodzinnym Piknikiem Nauki i Sztuki na Stadionie Miejskim. Dzi\u0119ki wsp\u00f3\u0142pracy z Miastem Bia\u0142ystok w przestrzeniach stadionu mo\u017cemy zaprosi\u0107 Pa\u0144stwa na prezentacje ciekawostek ze \u015bwiata nauki, badania medyczne, czy zaj\u0119cia sportowe. Nie zabraknie te\u017c atrakcji dla najm\u0142odszych \u2013 zar\u00f3wno zwi\u0105zanych z nauk\u0105, jak i aktywno\u015bci\u0105 na \u015bwie\u017cym powietrzu. Zapraszamy tak\u017ce na wyst\u0119py artystyczne Ch\u00f3ru Politechniki Bia\u0142ostockiej, student\u00f3w Uniwersytetu w Bia\u0142ymstoku, czy student\u00f3w Uniwersytetu Muzycznego Fryderyka Chopina, Filii w Bia\u0142ymstoku. Zaczynamy o godzinie 10, a ju\u017c o godzinie 10.30 zaplanowali\u015bmy oficjalne otwarcie Pikniku i ca\u0142ego festiwalu z udzia\u0142em w\u0142adz uczelni i w\u0142adz Bia\u0142egostoku \u2013 m\u00f3wi\u0142 prof. dr hab. in\u017c. Marek Kr\u0119towski.<\/p><\/blockquote>\n<p>Festiwalowy dzie\u0144 Politechniki Bia\u0142ostockiej przypada w poniedzia\u0142ek, 15 maja. Wtedy nasza uczelnia otworzy przed publiczno\u015bci\u0105 PFNiS swoje laboratoria, sale wyk\u0142adowe, pracownie, studio Radia Akadera oraz Centrum Historii Politechniki Bia\u0142ostockiej. Od godziny 9 zaplanowali\u015bmy przesz\u0142o 40 wydarze\u0144, kt\u00f3rych celem jest wsp\u00f3lne poznawanie ciekawostek ze \u015bwiata nauki. Na Wydziale Budownictwa i Nauk o \u015arodowisku b\u0119dzie mo\u017cna przez oko mikroskopu spojrze\u0107 na to, co na co dzie\u0144 niewidzialne. Nauczymy tak\u017ce obs\u0142ugi narz\u0119dzi, z kt\u00f3rych korzystaj\u0105 budowniczowie dr\u00f3g. Na Wydziale Informatyki zapraszamy m.in. na ciekawostki matematyczne i warsztaty wprowadzaj\u0105ce do programowania Scratch 3 czy aplikacji www w \u015brodowisku Django. Na Wydziale Mechanicznym b\u0119dzie mo\u017cna zwiedzi\u0107 Hal\u0119 Maszyn i zobaczy\u0107 skonstruowane przez student\u00f3w \u0142aziki marsja\u0144skie, roboty mobilne, bolidy wy\u015bcigowe i niezwyk\u0142e pojazdy samochodowe. Warto odwiedzi\u0107 Centrum Historii Politechniki Bia\u0142ostockiej im. in\u017c. Miros\u0142awa Bujanowskiego i pozna\u0107 ponad 70-letni\u0105 histori\u0119 kszta\u0142cenia in\u017cynier\u00f3w. Jakich przedmiot\u00f3w i w jakich warunkach uczy\u0142y si\u0119 pierwsze roczniki naszych student\u00f3w, jak powsta\u0142 nasz kampus \u2013 opowiedz\u0105 o tym liczne pami\u0105tki, makiety, filmy i zdj\u0119cia oraz pracownicy Centrum.<\/p>\n<p><a href=\"https:\/\/podlaskifestiwal.pl\/2023\/program\/lista-imprez\/?data_imprezy=&amp;sciezka_dydaktyczna=&amp;odbiorca_imprezy=&amp;grupa_docelowa=&amp;organizator=123&amp;title=&amp;rodzaj_imprezy=&amp;miasto_imprezy=&amp;dostepnosc_imprezy=\"><span style=\"color: #0000ff\"><strong>Sprawd\u017a plan wydarze\u0144 przygotowanych przez Politechnik\u0119 Bia\u0142ostock\u0105<\/strong><\/span><\/a><\/p>\n<p>Ale wr\u00f3\u0107my jeszcze na chwil\u0119 do zaplanowanego w niedziel\u0119, 14 maja Rodzinnego Pikniku Nauki i Sztuki, kt\u00f3ry co roku przyci\u0105ga na Stadion Miejski przy ul. S\u0142onecznej prawdziwe t\u0142umy! Wsp\u00f3ln\u0105 przestrze\u0144 do zabawy, eksperymentowania, warsztat\u00f3w, pokaz\u00f3w oraz wyk\u0142ad\u00f3w udost\u0119pnia Urz\u0105d Miasta w Bia\u0142ymstoku.<\/p>\n<blockquote><p>\u2013 Nasze uczelnie na pewno w atrakcyjny spos\u00f3b b\u0119d\u0105 przekonywa\u0142y do tego, \u017ce warto zwi\u0105za\u0107 swoj\u0105 przysz\u0142o\u015b\u0107 w\u0142a\u015bnie z naszym miastem i z naszym regionem. \u017be warto tutaj studiowa\u0107, a w przysz\u0142o\u015bci pracowa\u0107. My\u015bl\u0119, \u017ce Rodzinny Piknik na Stadionie Miejskim skutecznie do tego przekona i ciesz\u0119 si\u0119, \u017ce jako Miasto jeste\u015bmy po raz kolejny partnerem tego wydarzenia \u2013 m\u00f3wi\u0142 podczas konferencji prasowej Rafa\u0142 Rudnicki, zast\u0119pca Prezydenta Miasta Bia\u0142egostoku.<\/p><\/blockquote>\n<p><a href=\"https:\/\/podlaskifestiwal.pl\/2023\/program\/lista-imprez\/?data_imprezy=20230514&amp;sciezka_dydaktyczna=&amp;odbiorca_imprezy=&amp;grupa_docelowa=&amp;organizator=&amp;title=&amp;rodzaj_imprezy=&amp;miasto_imprezy=&amp;dostepnosc_imprezy=\"><span style=\"color: #0000ff\"><strong>Sprawd\u017a plan wydarze\u0144 podczas Rodzinnego Pikniku Nauki i Sztuki na Stadionie Miejskim w Bia\u0142ymstoku<\/strong><\/span><\/a><\/p>\n<div class=\"row\">\n<div class=\"col-sm-6 offset-sm-3 my-5\">\n<iframe loading=\"lazy\" title=\"XIX Podlaski Festiwal Nauki i Sztuki. Zaprasza Rafa\u0142 Rudnicki\" width=\"500\" height=\"281\" src=\"https:\/\/www.youtube.com\/embed\/K56U1c6tG-M?feature=oembed\" frameborder=\"0\" allow=\"accelerometer; autoplay; clipboard-write; encrypted-media; gyroscope; picture-in-picture; web-share\" referrerpolicy=\"strict-origin-when-cross-origin\" allowfullscreen><\/iframe>\n<\/div>\n<\/div>\n<p>Po Rodzinnym Pikniku Nauki i Sztuki atrakcje festiwalowe przenios\u0105 si\u0119 na uczelnie w Bia\u0142ymstoku, \u0141om\u017cy i Suwa\u0142kach. Do udzia\u0142u w nich zach\u0119cali podczas konferencji prasowej przedstawiciele uczelni partnerskich Festiwalu.<\/p>\n<blockquote><p>\u2013 Mamy ch\u0119\u0107 i ambitny plan, \u017ceby otworzy\u0107 przed mieszka\u0144cami Podlasia, tymi najm\u0142odszymi, ale te\u017c starszymi, wiele tajemnic medycyny i temat\u00f3w zwi\u0105zanych z profilaktyk\u0105 zdrowia \u2013 zapowiada\u0142 prof. dr hab. Marcin Moniuszko, Prorektor ds. Nauki i Rozwoju Uniwersytetu Medycznego w Bia\u0142ymstoku.<\/p><\/blockquote>\n<p>14 maja, na Rodzinny Piknik Nauki i Sztuki, Uniwersytet Medyczny w Bia\u0142ymstoku przygotowa\u0142 dla najm\u0142odszych Szpital Pluszowego Misia, kt\u00f3ry b\u0119dzie fascynuj\u0105cym miejscem odkrywania tajemnic zdrowia i chor\u00f3b przez dzieci oraz ich rodzic\u00f3w. Natomiast troch\u0119 starszych odbiorc\u00f3w zainteresuje na pewno pokaz pierwszej pomocy, szycia chirurgicznego, czy stanowiska z poradami dot. urody i profilaktyki zdrowia. Uniwersytet Medyczny w Bia\u0142ymstoku zaprosi tak\u017ce do udzia\u0142u w unikatowym, przeprowadzanym na niespotykan\u0105 dot\u0105d skal\u0119 badaniu Bia\u0142ystok PLUS. Ten prowadzony pod kierunkiem prof. dr. hab. Karol Kami\u0144skiego projekt dostarczy wa\u017cnych informacji na temat zdrowia mieszka\u0144c\u00f3w Bia\u0142egostoku, kt\u00f3re pozwol\u0105 wypracowa\u0107 praktyczne wnioski do walki z chorobami cywilizacyjnymi, np. cukrzyc\u0105 czy rakiem.<\/p>\n<p>Natomiast 17 maja Uniwersytet Medyczny zaprosi go\u015bci Festiwalu do swojej siedziby oraz na dziedziniec Pa\u0142acu Branickich. Tu w laboratoriach i pracowniach b\u0119dzie mo\u017cna m.in. przyjrze\u0107 si\u0119 temu, jak powstaj\u0105 receptury lek\u00f3w i suplement\u00f3w, a tak\u017ce sprawdzi\u0107 co dzieje si\u0119 z pr\u00f3bkami krwi, kt\u00f3re czasem oddajemy do przebadania.<\/p>\n<p><a href=\"https:\/\/podlaskifestiwal.pl\/2023\/program\/lista-imprez\/?data_imprezy=&amp;sciezka_dydaktyczna=&amp;odbiorca_imprezy=&amp;grupa_docelowa=&amp;organizator=126&amp;title=&amp;rodzaj_imprezy=&amp;miasto_imprezy=&amp;dostepnosc_imprezy=\"><strong><span style=\"color: #0000ff\">Sprawd\u017a plan wydarze\u0144 przygotowanych przez Uniwersytet Medyczny w Bia\u0142ymstoku<\/span><\/strong><\/a><\/p>\n<blockquote><p>\u2013 Oferta Uniwersytetu w Bia\u0142ymstoku, kt\u00f3r\u0105 przygotowali\u015bmy na tegoroczny Festiwal jest niezwykle bogata. W zasadzie odzwierciedla ponad 20 dyscyplin, w kt\u00f3rych nasi naukowcy prowadz\u0105 badania. W sumie przygotowali\u015bmy 145 r\u00f3\u017cnorodnych wydarze\u0144 kierowanych do wszystkich. Znajd\u0105 tu co\u015b interesuj\u0105cego dla siebie i grupy przedszkolak\u00f3w, uczniowie szk\u00f3\u0142 podstawowych, szk\u00f3\u0142 \u015brednich, nauczyciele, doro\u015bli i seniorzy \u2013 podkre\u015bla\u0142a prof. dr hab. Izabela \u015awi\u0119cicka, Prorektor ds. Nauki i Wsp\u00f3\u0142pracy Mi\u0119dzynarodowej Uniwersytetu w Bia\u0142ymstoku.<\/p><\/blockquote>\n<p>Ta uczelnia rozpocznie \u015bwi\u0119towanie Podlaskiego Festiwalu Nauki i Sztuki ju\u017c 12 maja wernisa\u017cem niezwyk\u0142ej wystawy Krzysztofa Koniczka \u2013 jednego z najbardziej rozpoznawalnych malarzy mieszkaj\u0105cych w Bia\u0142ymstoku. Zapraszamy o godz. 17 do Uniwersyteckiego Centrum Kultury przy ul. K.Cio\u0142kowskiego 1N. Uniwersytet w Bia\u0142ymstoku b\u0119dzie te\u017c obecny na Rodzinnym Pikniku Nauki i Sztuki na Stadionie Miejskim. B\u0119d\u0105 stoiska z naukami chemicznymi, biologicznymi, grami komputerowymi i wiele, wiele innych. Tego samego dnia o godz. 17 odb\u0119dzie si\u0119 <a href=\"https:\/\/podlaskifestiwal.pl\/2023\/imprezy\/spotkanie-i-rozmowa-z-jackiem-naglowskim-rezyserem-filmu-szepty\/\">spotkanie i rozmowa z Jackiem Nag\u0142owskim \u2013 re\u017cyserem filmu \u201eSzepty\u201d<\/a>. Ciekawe pokazy filmowe i spotkania z tw\u00f3rcami zaplanowane s\u0105 te\u017c 15 maja, to m.in. o godz. 9.00 pokaz filmu \u201ePolski Edison spod Krosna\u201d i spotkanie z scenarzystk\u0105 dr Monik\u0105 Kopersk\u0105.<\/p>\n<p>Festiwalowy dzie\u0144 Uniwersytetu w Bia\u0142ymstoku przypada 16 maja. Wtedy to uczelnia otworzy dla go\u015bci wi\u0119kszo\u015b\u0107 swoich sal wyk\u0142adowych, pracowni, a tak\u017ce Planetarium wraz z Obserwatorium Astronomicznym UwB, gdzie mo\u017cna zobaczy\u0107 jedne z najpot\u0119\u017cniejszych teleskop\u00f3w w Europie.<\/p>\n<blockquote><p>\u2013 Jestem przekonana, \u017ce to b\u0119dzie wielkie \u015bwi\u0119to dla naszych go\u015bci i dla samego Uniwersytetu \u2013 m\u00f3wi\u0142a prof. dr hab. Izabela \u015awi\u0119cicka, Prorektor ds. Nauki i Wsp\u00f3\u0142pracy Mi\u0119dzynarodowej Uniwersytetu w Bia\u0142ymstoku.<\/p><\/blockquote>\n<p><a href=\"https:\/\/podlaskifestiwal.pl\/2023\/program\/lista-imprez\/?data_imprezy=&amp;sciezka_dydaktyczna=&amp;odbiorca_imprezy=&amp;grupa_docelowa=&amp;organizator=138&amp;title=&amp;rodzaj_imprezy=&amp;miasto_imprezy=&amp;dostepnosc_imprezy=\"><span style=\"color: #0000ff\"><strong>Sprawd\u017a plan wydarze\u0144 przygotowanych przez Uniwersytet w Bia\u0142ymstoku<\/strong><\/span><\/a><\/p>\n<p>Dr Dorota Soko\u0142owska, prof. WANS, Prorektor ds. Kszta\u0142cenia i Wsp\u00f3\u0142pracy z zagranic\u0105 Wschodnioeuropejskiej Akademii Nauk Stosowanych w Bia\u0142ymstoku przypomnia\u0142a, \u017ce jej uczelnia powsta\u0142a z po\u0142\u0105czenia wcze\u015bniej funkcjonuj\u0105cych: Wy\u017cszej Szko\u0142y Finans\u00f3w i Zarz\u0105dzania w Bia\u0142ymstoku oraz Wy\u017cszej Szko\u0142y Wychowania Fizycznego i Turystyki w Bia\u0142ymstoku. To dlatego, 18 maja, czyli w dzie\u0144 festiwalowy WANS przy ulicy Ciep\u0142ej 40 na publiczno\u015b\u0107 PFNiS czekaj\u0105 atrakcje biznesowe oraz sportowe.<\/p>\n<blockquote><p>\u2013 Opr\u00f3cz Pikniku, na kt\u00f3ry serdecznie zapraszamy, b\u0119dzie nam niezmiernie mi\u0142o powita\u0107 uczestnik\u00f3w Festiwalu w siedzibie przy ul. Ciep\u0142ej 40. 18 maja dla wszystkich ch\u0119tnych otwieramy szeroko drzwi i zapraszamy na po\u0142\u0105czon\u0105, zr\u00f3\u017cnicowan\u0105 ofert\u0119. Opr\u00f3cz imprez z zakresu finans\u00f3w, zarz\u0105dzania, marketingu, neuromarketingu proponujemy r\u00f3wnie\u017c zaj\u0119cia sprawno\u015bciowe oraz imprezy aktywizuj\u0105ce m\u0142odzie\u017c, starszych i m\u0142odszych. Zapraszam wszystkich, b\u0119dzie to na pewno ciekawy dzie\u0144! \u2013 zach\u0119ca\u0142a dr Dorota Soko\u0142owska, prof. WANS &#8211; Prorektor ds. Kszta\u0142cenia i Wsp\u00f3\u0142pracy z zagranic\u0105 Wschodnioeuropejskiej Akademii Nauk Stosowanych w Bia\u0142ymstoku.<\/p><\/blockquote>\n<p><a href=\"https:\/\/podlaskifestiwal.pl\/2023\/program\/lista-imprez\/?data_imprezy=&amp;sciezka_dydaktyczna=&amp;odbiorca_imprezy=&amp;grupa_docelowa=&amp;organizator=140&amp;title=&amp;rodzaj_imprezy=&amp;miasto_imprezy=&amp;dostepnosc_imprezy=\"><span style=\"color: #0000ff\"><strong>Sprawd\u017a plan wydarze\u0144 przygotowanych przez Wschodnioeuropejsk\u0105 Akademi\u0119 Nauk Stosowanych w Bia\u0142ymstoku<\/strong><\/span><\/a><\/p>\n<p>Podczas dzisiejszego spotkania wyst\u0105pi\u0142a tak\u017ce dr Agata Jacewicz z Niepa\u0144stwowej Wy\u017cszej Szko\u0142y Pedagogicznej w Bia\u0142ymstoku. Dzie\u0144 Festiwalowy tej uczelni to 18 maja i dwie g\u0142\u00f3wne propozycje: instruktarz i zabawa w zak\u0142adanie ogrodu warzywnego przy Przedszkolu \u201e\u015awiat Zucha\u201d na ul. Hetma\u0144skiej 8 oraz warsztaty dla m\u0142odzie\u017cy i student\u00f3w: \u201ePierwszy krok z psychologi\u0105\u201d, w siedzibie NWSP na Alei Jana Paw\u0142a II w Bia\u0142ymstoku.<\/p>\n<p><a href=\"https:\/\/podlaskifestiwal.pl\/2023\/program\/lista-imprez\/?data_imprezy=&amp;sciezka_dydaktyczna=&amp;odbiorca_imprezy=&amp;grupa_docelowa=&amp;organizator=134&amp;title=&amp;rodzaj_imprezy=&amp;miasto_imprezy=&amp;dostepnosc_imprezy=\"><span style=\"color: #0000ff\"><strong>Sprawd\u017a plan wydarze\u0144 przygotowanych przez Niepa\u0144stwow\u0105 Wy\u017csz\u0105 Szko\u0142\u0119 Pedagogiczn\u0105 w Bia\u0142ymstoku<\/strong><\/span><\/a><\/p>\n<p>Natomiast 16 i 17 maja na koncerty, recitale, spektakle wokalno-instrumentalne w ramach XIX Podlaskiego Festiwalu Nauki i Sztuki zaprosi bia\u0142ostocka Filia Uniwersytetu Muzycznego Fryderyka Chopina, Wydzia\u0142 Instrumentalno-Pedagogiczny, Edukacji Muzycznej i Wokalistyki.<\/p>\n<blockquote><p>\u2013 W przeci\u0105gu tych dw\u00f3ch dni przygotowali\u015bmy dla Pa\u0144stwa kilkana\u015bcie propozycji artystycznych. B\u0119dzie mo\u017cna us\u0142ysze\u0107 orkiestr\u0119 kameraln\u0105 naszej uczelni \u2013 Sinfonia Academica. Zapraszam tak\u017ce na koncert naszego ch\u00f3ru. Wydarzenia, kt\u00f3re proponujemy wyjd\u0105 poza nasz\u0105 siedzib\u0119 i odbywa\u0107 si\u0119 b\u0119d\u0105 w fantastycznych salach i wn\u0119trzach m.in. Starego Ko\u015bcio\u0142a Farnego, Ko\u015bcio\u0142a \u015bw. Kazimierza Kr\u00f3lewicza, Opery i Filharmonii Podlaskiej &#8211; Europejskiego Centrum Sztuki w Bia\u0142ymstoku im. St. Moniuszki, Auli Wydzia\u0142u Nauk o Edukacji Uniwersytetu w Bia\u0142ymstoku. Na wszystkie zapraszam i wierz\u0119, \u017ce to propozycja, kt\u00f3ra ucieszy meloman\u00f3w i mi\u0142o\u015bnik\u00f3w muzyki z ca\u0142ego naszego wojew\u00f3dztwa \u2013 zaprasza\u0142a dr hab. Katarzyna Makal-\u017bmuda. prof. UMFC.<\/p><\/blockquote>\n<p><span style=\"color: #0000ff\"><strong><a style=\"color: #0000ff\" href=\"https:\/\/podlaskifestiwal.pl\/2023\/program\/lista-imprez\/?data_imprezy=&amp;sciezka_dydaktyczna=&amp;odbiorca_imprezy=&amp;grupa_docelowa=&amp;organizator=1572&amp;title=&amp;rodzaj_imprezy=&amp;miasto_imprezy=&amp;dostepnosc_imprezy=\" target=\"_blank\" rel=\"noopener\">Sprawd\u017a plan wydarze\u0144 przygotowanych przez Uniwersytet Muzyczny Fryderyka Chopina Filia w Bia\u0142ymstoku, Wydzia\u0142 Instrumentalno-Pedagogiczny, Edukacji Muzycznej i Wokalistyki<\/a><\/strong><\/span><\/p>\n<p>Propozycje tygodnia festiwalowego podsumowa\u0142 dr Piotr Ofman z Politechniki Bia\u0142ostockiej \u2013 g\u0142\u00f3wny koordynator XIX Podlaskiego Festiwalu Nauki i Sztuki.<\/p>\n<blockquote><p>\u2013 Podlaski Festiwal Nauki i Sztuki to pi\u0119kne wydarzenie, pozwalaj\u0105ce skoordynowa\u0107 wszystkie uczelnie wojew\u00f3dztwa podlaskiego pod jednym sztandarem. Tak jak Pa\u0144stwo s\u0142yszeli, wszystkie uczelnie proponuj\u0105 bardzo ciekawe wydarzenia i jest ich naprawd\u0119 wiele. Ka\u017cdy, w ka\u017cdym wieku, znajdzie tu co\u015b dla siebie i b\u0119dzie m\u00f3g\u0142 odnale\u017a\u0107 si\u0119 w tym \u015bwiecie nauki i sztuki do kt\u00f3rego zapraszamy wraz ze wszystkimi organizatorami \u2013 m\u00f3wi\u0142 dr Piotr Ofman.<\/p><\/blockquote>\n<p>Przypomnia\u0142, o serwisie internetowym XIX Podlaskiego Festiwalu Nauki i Sztuki, kt\u00f3ry u\u0142atwia wyb\u00f3r i u\u0142o\u017cenie w\u0142asnego, niepowtarzalnego planu udzia\u0142u w atrakcjach przygotowanych przez uczelnie. Warto zarejestrowa\u0107 si\u0119 na nie wcze\u015bniej, poniewa\u017c ze wzgl\u0119d\u00f3w organizacyjnych oraz bezpiecze\u0144stwa uczestnik\u00f3w dost\u0119p na poszczeg\u00f3lne imprezy festiwalowy podlega rezerwacji. To szczeg\u00f3lnie dotyczy grup zorganizowanych.<\/p>\n<p><strong>XIX Podlaski Festiwal Nauki i Sztuki organizuj\u0105:<\/strong><\/p>\n<ul>\n<li>Politechnika Bia\u0142ostocka (koordynator)<\/li>\n<li>Akademia Nauk Stosowanych w \u0141om\u017cy<\/li>\n<li>Akademia Teatralna im. Aleksandra Zelwerowicza w Warszawie, Filia w Bia\u0142ymstoku<\/li>\n<li>Archidiecezjalne Wy\u017csze Seminarium Duchowne w Bia\u0142ymstoku<\/li>\n<li>Bia\u0142ostocki Park Naukowo-Technologiczny<\/li>\n<li>Niepa\u0144stwowa Wy\u017csza Szko\u0142a Pedagogiczna w Bia\u0142ymstoku<\/li>\n<li>Pa\u0144stwowa Uczelnia Zawodowa im. prof. Edwarda F. Szczepanika w Suwa\u0142kach<\/li>\n<li>Uniwersytet Medyczny w Bia\u0142ymstoku<\/li>\n<li>Uniwersytet Muzyczny Fryderyka Chopina, Wydzia\u0142 Instrumentalno-Pedagogiczny, Edukacji Muzycznej i Wokalistyki w Bia\u0142ymstoku<\/li>\n<li>Uniwersytet w Bia\u0142ymstoku<\/li>\n<li>Wschodnioeuropejska Akademia Nauk Stosowanych w Bia\u0142ymstoku<\/li>\n<li>Wy\u017csza Szko\u0142a Ekonomiczna w Bia\u0142ymstoku<\/li>\n<li>Wy\u017csza Szko\u0142a Medyczna w Bia\u0142ymstoku<\/li>\n<\/ul>\n<p><strong>Swoimi patronatami wydarzenie obj\u0119li:<\/strong> Marsza\u0142ek Wojew\u00f3dztwa Podlaskiego, Prezydent Miasta \u0141om\u017cy, Prezydent Miasta Suwa\u0142k oraz Prezydent Miasta Bia\u0142egostoku.<\/p>\n<p><strong>Patroni medialni:<\/strong> Radio Akadera, Geekstok.pl, Platon TV Bia\u0142ystok, TVP 3 Bia\u0142ystok, Polskie Radio Bia\u0142ystok, Kurier Poranny, Gazeta Wsp\u00f3\u0142czesna, 4lomza.pl, Suwalki.info<\/p>\n<p>(mr)<\/p>\nngg_shortcode_0_placeholder\n","protected":false},"excerpt":{"rendered":"<p>Pod has\u0142em \u201eNauka to wi\u0119cej ni\u017c wiedza!\u201d rusza XIX Podlaski Festiwal Nauki i Sztuki. Jego organizatorzy spotkali si\u0119 12 kwietnia 2023 r. w Centrum Nowoczesnego Kszta\u0142cenia Politechniki Bia\u0142ostockiej, \u017ceby wsp\u00f3lnie zapowiedzie\u0107 najwi\u0119ksze atrakcje wydarzenia oraz og\u0142osi\u0107 start rejestracji na poszczeg\u00f3lne imprezy festiwalowe. Tegoroczny Podlaski Festiwal Nauki i Sztuki potrwa od 14 do 19 maja 2023 [&hellip;]<\/p>\n","protected":false},"author":79,"featured_media":8028,"comment_status":"closed","ping_status":"closed","sticky":false,"template":"","format":"standard","meta":{"ngg_post_thumbnail":0,"footnotes":""},"categories":[1],"tags":[],"class_list":["post-8029","post","type-post","status-publish","format-standard","has-post-thumbnail","hentry","category-uncategorized"],"_links":{"self":[{"href":"https:\/\/podlaskifestiwal.pl\/2023\/wp-json\/wp\/v2\/posts\/8029","targetHints":{"allow":["GET"]}}],"collection":[{"href":"https:\/\/podlaskifestiwal.pl\/2023\/wp-json\/wp\/v2\/posts"}],"about":[{"href":"https:\/\/podlaskifestiwal.pl\/2023\/wp-json\/wp\/v2\/types\/post"}],"author":[{"embeddable":true,"href":"https:\/\/podlaskifestiwal.pl\/2023\/wp-json\/wp\/v2\/users\/79"}],"replies":[{"embeddable":true,"href":"https:\/\/podlaskifestiwal.pl\/2023\/wp-json\/wp\/v2\/comments?post=8029"}],"version-history":[{"count":10,"href":"https:\/\/podlaskifestiwal.pl\/2023\/wp-json\/wp\/v2\/posts\/8029\/revisions"}],"predecessor-version":[{"id":8119,"href":"https:\/\/podlaskifestiwal.pl\/2023\/wp-json\/wp\/v2\/posts\/8029\/revisions\/8119"}],"wp:featuredmedia":[{"embeddable":true,"href":"https:\/\/podlaskifestiwal.pl\/2023\/wp-json\/wp\/v2\/media\/8028"}],"wp:attachment":[{"href":"https:\/\/podlaskifestiwal.pl\/2023\/wp-json\/wp\/v2\/media?parent=8029"}],"wp:term":[{"taxonomy":"category","embeddable":true,"href":"https:\/\/podlaskifestiwal.pl\/2023\/wp-json\/wp\/v2\/categories?post=8029"},{"taxonomy":"post_tag","embeddable":true,"href":"https:\/\/podlaskifestiwal.pl\/2023\/wp-json\/wp\/v2\/tags?post=8029"}],"curies":[{"name":"wp","href":"https:\/\/api.w.org\/{rel}","templated":true}]}}