{"id":7508,"date":"2023-04-07T09:38:49","date_gmt":"2023-04-07T09:38:49","guid":{"rendered":"https:\/\/podlaskifestiwal.pl\/2023\/?p=7508"},"modified":"2023-04-12T06:20:09","modified_gmt":"2023-04-12T06:20:09","slug":"xix-podlaski-festiwal-nauki-i-sztuki-konferencja-na-dobry-poczatek","status":"publish","type":"post","link":"https:\/\/podlaskifestiwal.pl\/2023\/xix-podlaski-festiwal-nauki-i-sztuki-konferencja-na-dobry-poczatek\/","title":{"rendered":"Konferencja otwarcia &#8211; XIX Podlaski Festiwal Nauki i Sztuki"},"content":{"rendered":"<h3 class=\"h3\"><strong>12 kwietnia 2023 r. odb\u0119dzie si\u0119 konferencja prasowa przybli\u017caj\u0105ca grono organizator\u00f3w oraz plan wydarze\u0144 XIX Podlaskiego Festiwalu Nauki i Sztuki. Wsp\u00f3lnie zaprosimy wszystkich mieszka\u0144c\u00f3w wojew\u00f3dztwa podlaskiego do udzia\u0142u w tej <\/strong>najwi\u0119kszej, cyklicznej imprezie w Polsce p\u00f3\u0142nocno-wschodniej, kt\u00f3ra w spos\u00f3b przyst\u0119pny i ciekawy zach\u0119ca do odkrywania nauk \u015bcis\u0142ych, technicznych, medycznych, przyrodniczych oraz humanistycznych i spo\u0142ecznych.<\/h3>\n<h3 class=\"h3\">XIX Podlaski Festiwal Nauki i Sztuki potrwa od 14 do 19 maja. To wsp\u00f3lne przedsi\u0119wzi\u0119cie 10 podlaskich uczelni oraz Bia\u0142ostockiego Parku Naukowo-Technologicznego. W tym roku Koordynatorem G\u0142\u00f3wnym Festiwalu jest Politechnika Bia\u0142ostocka.<\/h3>\n<p><strong>12 kwietnia 2023 r. odb\u0119dzie si\u0119 konferencja prasowa przybli\u017caj\u0105ca organizator\u00f3w i plan imprez XIX Podlaskiego Festiwalu Nauki i Sztuki.<\/strong><\/p>\n<p>W konferencji prasowej wezm\u0105 udzia\u0142:<\/p>\n<ul>\n<li>prof. dr hab. in\u017c. Marek Kr\u0119towski, Prorektor ds. Nauki Politechniki Bia\u0142ostockiej<\/li>\n<li>Rafa\u0142 Rudnicki, Zast\u0119pca Prezydenta Miasta Bia\u0142egostoku<\/li>\n<li>prof. dr hab. Marcin Moniuszko, Prorektor ds. Nauki i Rozwoju Uniwersytetu Medycznego w Bia\u0142ymstoku<\/li>\n<li>prof. dr hab. Izabela \u015awi\u0119cicka, Prorektor ds. Nauki i Wsp\u00f3\u0142pracy Mi\u0119dzynarodowej<\/li>\n<li>prof. dr hab. Lech Chyczewski, Rektor Wy\u017cszej Szko\u0142y Medycznej w Bia\u0142ymstoku<\/li>\n<li>dr in\u017c. Piotr Ofman, g\u0142\u00f3wny koordynator XIX Podlaskiego Festiwalu Nauki i Sztuki<\/li>\n<li>dr Dorota Soko\u0142owska, prof. WANS &#8211; Prorektor ds. Kszta\u0142cenia i Wsp\u00f3\u0142pracy z zagranic\u0105 Wschodnioeuropejskiej Akademii Nauk Stosowanych w Bia\u0142ymstoku<\/li>\n<li>oraz przedstawiciele pozosta\u0142ych Uczelni partnerskich.<\/li>\n<\/ul>\n<p>Zapraszamy o godz. 11 do Centrum Nowoczesnego Kszta\u0142cenia Politechniki Bia\u0142ostockiej przy ul. Zwierzynieckiej 16.<\/p>\n<p><strong>Konferencj\u0119 prasow\u0105 mo\u017cna obserwowa\u0107 na bie\u017c\u0105co na festiwalowym profilu PB &#8211; <span style=\"color: #0000ff\"><a style=\"color: #0000ff\" href=\"https:\/\/www.facebook.com\/events\/677100581092887?ref=newsfeed\" target=\"_blank\" rel=\"noopener\">Przejd\u017a do transmisji<\/a><\/span><\/strong><\/p>\n<p>XIX Podlaski Festiwal Nauki i Sztuki organizuj\u0105:<\/p>\n<ul>\n<li>Politechnika Bia\u0142ostocka (koordynator)<\/li>\n<li>Akademia Nauk Stosowanych w \u0141om\u017cy<\/li>\n<li>Akademia Teatralna im. Aleksandra Zelwerowicza w Warszawie, Filia w Bia\u0142ymstoku<\/li>\n<li>Archidiecezjalne Wy\u017csze Seminarium Duchowne w Bia\u0142ymstoku<\/li>\n<li>Bia\u0142ostocki Park Naukowo-Technologiczny<\/li>\n<li>Niepa\u0144stwowa Wy\u017csza Szko\u0142a Pedagogiczna w Bia\u0142ymstoku<\/li>\n<li>Pa\u0144stwowa Uczelnia Zawodowa im. prof. Edwarda F. Szczepanika w Suwa\u0142kach<\/li>\n<li>Uniwersytet Medyczny w Bia\u0142ymstoku<\/li>\n<li>Uniwersytet Muzyczny Fryderyka Chopina, Wydzia\u0142 Instrumentalno-Pedagogiczny, Edukacji Muzycznej i Wokalistyki w Bia\u0142ymstoku<\/li>\n<li>Uniwersytet w Bia\u0142ymstoku<\/li>\n<li>Wschodnioeuropejska Akademia Nauk Stosowanych w Bia\u0142ymstoku<\/li>\n<li>Wy\u017csza Szko\u0142a Ekonomiczna w Bia\u0142ymstoku<\/li>\n<li>Wy\u017csza Szko\u0142a Medyczna w Bia\u0142ymstoku<\/li>\n<\/ul>\n<p>Wydarzenie honorowymi patronatami obj\u0119li: Marsza\u0142ek Wojew\u00f3dztwa Podlaskiego, Prezydent Miasta Bia\u0142egostoku, Prezydent Miasta \u0141om\u017cy, Prezydent Miasta Suwa\u0142k.<\/p>\n<p>Patronaty medialne: TVP 3 Bia\u0142ystok, Polskie Radio Bia\u0142ystok, Radio Akadera, Kurier Poranny, Gazeta Wsp\u00f3\u0142czesna, 4lomza.pl, Suwalki.info, Geekstok.pl, Platon TV Bia\u0142ystok<\/p>\n<p>&nbsp;<\/p>\n<p>&nbsp;<\/p>\n<p>&nbsp;<\/p>\n<p>&nbsp;<\/p>\n<hr>\n","protected":false},"excerpt":{"rendered":"<p>12 kwietnia 2023 r. odb\u0119dzie si\u0119 konferencja prasowa przybli\u017caj\u0105ca grono organizator\u00f3w oraz plan wydarze\u0144 XIX Podlaskiego Festiwalu Nauki i Sztuki. Wsp\u00f3lnie zaprosimy wszystkich mieszka\u0144c\u00f3w wojew\u00f3dztwa podlaskiego do udzia\u0142u w tej najwi\u0119kszej, cyklicznej imprezie w Polsce p\u00f3\u0142nocno-wschodniej, kt\u00f3ra w spos\u00f3b przyst\u0119pny i ciekawy zach\u0119ca do odkrywania nauk \u015bcis\u0142ych, technicznych, medycznych, przyrodniczych oraz humanistycznych i spo\u0142ecznych. XIX [&hellip;]<\/p>\n","protected":false},"author":79,"featured_media":7514,"comment_status":"closed","ping_status":"closed","sticky":false,"template":"","format":"standard","meta":{"ngg_post_thumbnail":0,"footnotes":""},"categories":[1],"tags":[],"class_list":["post-7508","post","type-post","status-publish","format-standard","has-post-thumbnail","hentry","category-uncategorized"],"_links":{"self":[{"href":"https:\/\/podlaskifestiwal.pl\/2023\/wp-json\/wp\/v2\/posts\/7508","targetHints":{"allow":["GET"]}}],"collection":[{"href":"https:\/\/podlaskifestiwal.pl\/2023\/wp-json\/wp\/v2\/posts"}],"about":[{"href":"https:\/\/podlaskifestiwal.pl\/2023\/wp-json\/wp\/v2\/types\/post"}],"author":[{"embeddable":true,"href":"https:\/\/podlaskifestiwal.pl\/2023\/wp-json\/wp\/v2\/users\/79"}],"replies":[{"embeddable":true,"href":"https:\/\/podlaskifestiwal.pl\/2023\/wp-json\/wp\/v2\/comments?post=7508"}],"version-history":[{"count":18,"href":"https:\/\/podlaskifestiwal.pl\/2023\/wp-json\/wp\/v2\/posts\/7508\/revisions"}],"predecessor-version":[{"id":7517,"href":"https:\/\/podlaskifestiwal.pl\/2023\/wp-json\/wp\/v2\/posts\/7508\/revisions\/7517"}],"wp:featuredmedia":[{"embeddable":true,"href":"https:\/\/podlaskifestiwal.pl\/2023\/wp-json\/wp\/v2\/media\/7514"}],"wp:attachment":[{"href":"https:\/\/podlaskifestiwal.pl\/2023\/wp-json\/wp\/v2\/media?parent=7508"}],"wp:term":[{"taxonomy":"category","embeddable":true,"href":"https:\/\/podlaskifestiwal.pl\/2023\/wp-json\/wp\/v2\/categories?post=7508"},{"taxonomy":"post_tag","embeddable":true,"href":"https:\/\/podlaskifestiwal.pl\/2023\/wp-json\/wp\/v2\/tags?post=7508"}],"curies":[{"name":"wp","href":"https:\/\/api.w.org\/{rel}","templated":true}]}}