{"id":5350,"date":"2022-03-19T19:54:21","date_gmt":"2022-03-19T19:54:21","guid":{"rendered":"http:\/\/podlaskifestiwal.pl\/2022\/?p=5350"},"modified":"2022-03-19T20:23:58","modified_gmt":"2022-03-19T20:23:58","slug":"partnerzy-i-patroni-xviii-edycji-festiwalu","status":"publish","type":"post","link":"https:\/\/podlaskifestiwal.pl\/2022\/partnerzy-i-patroni-xviii-edycji-festiwalu\/","title":{"rendered":"Partnerzy i Patroni XVIII edycji Festiwalu"},"content":{"rendered":"<p>To r\u00f3wnie\u017c dzi\u0119ki naszym Partnerom i Patronom nasz Festiwal jest najwi\u0119ksz\u0105 w regionie imprez\u0105 promuj\u0105c\u0105 nauk\u0119 i sztuk\u0119.<\/p>\n<p>Dzi\u0119kujemy za wsparcie i zaufanie.<\/p>\n<ul>\n<li>Minister Edukacji i Nauki,<\/li>\n<li>Ministerstwo Edukacji i Nauki,<\/li>\n<li>Miasto Bia\u0142ystok,<\/li>\n<li>Stadion Miejski,<\/li>\n<li>Wojewoda Podlaski,<\/li>\n<li>Marsza\u0142ek Wojew\u00f3dztwa Podlaskiego,<\/li>\n<li>Prezydent Miasta Bia\u0142egostoku,<\/li>\n<li>Prezydent Miasta \u0141om\u017ca,<\/li>\n<li>Prezydent Miasta Suwa\u0142ki,<\/li>\n<li>TVP3 Oddzia\u0142 Bia\u0142ystok,<\/li>\n<li>Polskie Radio Bia\u0142ystok,<\/li>\n<li>Kurier Poranny i Gazeta Wsp\u00f3\u0142czesna,<\/li>\n<li>Bialystokonline,<\/li>\n<li>4lomza,<\/li>\n<li>suwalki.info,<\/li>\n<li>Radio Akadera,<\/li>\n<li>TVP Platon.<\/li>\n<\/ul>\n<p>&nbsp;<\/p>\n<blockquote class=\"wp-embedded-content\" data-secret=\"rRBwMQjrrL\"><p><a href=\"https:\/\/podlaskifestiwal.pl\/2022\/o-festiwalu\/patronaty_partnerzy\/\">Partnerzy i patronaty wydarzenia<\/a><\/p><\/blockquote>\n<p><iframe loading=\"lazy\" class=\"wp-embedded-content\" sandbox=\"allow-scripts\" security=\"restricted\" style=\"position: absolute; visibility: hidden;\" title=\"&#8222;Partnerzy i patronaty wydarzenia&#8221; &#8212; XVIII Podlaski Festiwal Nauki i Sztuki 2022\" src=\"https:\/\/podlaskifestiwal.pl\/2022\/o-festiwalu\/patronaty_partnerzy\/embed\/#?secret=GHeq2GDVZ9#?secret=rRBwMQjrrL\" data-secret=\"rRBwMQjrrL\" width=\"500\" height=\"282\" frameborder=\"0\" marginwidth=\"0\" marginheight=\"0\" scrolling=\"no\"><\/iframe><\/p>\n","protected":false},"excerpt":{"rendered":"<p>To r\u00f3wnie\u017c dzi\u0119ki naszym Partnerom i Patronom nasz Festiwal jest najwi\u0119ksz\u0105 w regionie imprez\u0105 promuj\u0105c\u0105 nauk\u0119 i sztuk\u0119. Dzi\u0119kujemy za wsparcie i zaufanie. Minister Edukacji i Nauki, Ministerstwo Edukacji i Nauki, Miasto Bia\u0142ystok, Stadion Miejski, Wojewoda Podlaski, Marsza\u0142ek Wojew\u00f3dztwa Podlaskiego, Prezydent Miasta Bia\u0142egostoku, Prezydent Miasta \u0141om\u017ca, Prezydent Miasta Suwa\u0142ki, TVP3 Oddzia\u0142 Bia\u0142ystok, Polskie Radio Bia\u0142ystok, [&hellip;]<\/p>\n","protected":false},"author":23,"featured_media":5359,"comment_status":"closed","ping_status":"closed","sticky":false,"template":"","format":"standard","meta":{"ngg_post_thumbnail":0,"footnotes":""},"categories":[1],"tags":[],"class_list":["post-5350","post","type-post","status-publish","format-standard","has-post-thumbnail","hentry","category-uncategorized"],"_links":{"self":[{"href":"https:\/\/podlaskifestiwal.pl\/2022\/wp-json\/wp\/v2\/posts\/5350","targetHints":{"allow":["GET"]}}],"collection":[{"href":"https:\/\/podlaskifestiwal.pl\/2022\/wp-json\/wp\/v2\/posts"}],"about":[{"href":"https:\/\/podlaskifestiwal.pl\/2022\/wp-json\/wp\/v2\/types\/post"}],"author":[{"embeddable":true,"href":"https:\/\/podlaskifestiwal.pl\/2022\/wp-json\/wp\/v2\/users\/23"}],"replies":[{"embeddable":true,"href":"https:\/\/podlaskifestiwal.pl\/2022\/wp-json\/wp\/v2\/comments?post=5350"}],"version-history":[{"count":5,"href":"https:\/\/podlaskifestiwal.pl\/2022\/wp-json\/wp\/v2\/posts\/5350\/revisions"}],"predecessor-version":[{"id":5367,"href":"https:\/\/podlaskifestiwal.pl\/2022\/wp-json\/wp\/v2\/posts\/5350\/revisions\/5367"}],"wp:featuredmedia":[{"embeddable":true,"href":"https:\/\/podlaskifestiwal.pl\/2022\/wp-json\/wp\/v2\/media\/5359"}],"wp:attachment":[{"href":"https:\/\/podlaskifestiwal.pl\/2022\/wp-json\/wp\/v2\/media?parent=5350"}],"wp:term":[{"taxonomy":"category","embeddable":true,"href":"https:\/\/podlaskifestiwal.pl\/2022\/wp-json\/wp\/v2\/categories?post=5350"},{"taxonomy":"post_tag","embeddable":true,"href":"https:\/\/podlaskifestiwal.pl\/2022\/wp-json\/wp\/v2\/tags?post=5350"}],"curies":[{"name":"wp","href":"https:\/\/api.w.org\/{rel}","templated":true}]}}