{"id":5343,"date":"2022-04-04T19:20:05","date_gmt":"2022-04-04T19:20:05","guid":{"rendered":"http:\/\/podlaskifestiwal.pl\/2022\/?p=5343"},"modified":"2022-05-06T05:07:10","modified_gmt":"2022-05-06T05:07:10","slug":"7-maja-2002-inauguracja-podlaskiego-festiwalu-nauki-i-sztuki","status":"publish","type":"post","link":"https:\/\/podlaskifestiwal.pl\/2022\/7-maja-2002-inauguracja-podlaskiego-festiwalu-nauki-i-sztuki\/","title":{"rendered":"7 maja 2002 \u2013 Inauguracja Podlaskiego Festiwalu Nauki i Sztuki"},"content":{"rendered":"<p>7 maja 2022 roku o godzinie 16:00 zaplanowali\u015bmy Inauguracj\u0119 XVIII edycji Podlaskiego Festiwalu Nauki i Sztuki.<\/p>\n<p>Odb\u0119dzie si\u0119 ona w Aula Magna &nbsp;Pa\u0142acu Branickich przy ul. Jana Kili\u0144skiego 1 w Bia\u0142ymstoku<\/p>\n<p>Nasze wydarzenie b\u0119dziemy r\u00f3wnie\u017c transmitowa\u0107 na kanale YouTube Uniwersytetu Medycznego w Bia\u0142ymstoku pod linkiem:<\/p>\n<p><a href=\"https:\/\/youtu.be\/lZVpqY0FGoc\">https:\/\/youtu.be\/lZVpqY0FGoc<\/a><\/p>\n<p>oraz na <a href=\"https:\/\/www.facebook.com\/UMBialystok\">fanpage UMB<\/a> i <a href=\"https:\/\/www.facebook.com\/PodlaskiFestiwalNauki\">fanpage PodlaskiFestiwalNaukiiSztuki<\/a><\/p>\n<p>W programie wydarzenia:<\/p>\n<ul>\n<li>Wyk\u0142ad \u201eTransplantologia w historii\u201d\u2013 dr Magdalena Muska\u0142a, kierownik Samodzielnej Pracowni Historii Medycyny i Farmacji<\/li>\n<li>Wyk\u0142ad \u201eTransplantologia w praktyce\u201d \u2013 dr hab. Jerzy G\u0142owi\u0144ski, kierownik Kliniki Chirurgii Naczy\u0144 i Transplantacji<\/li>\n<li>Rozmowa z pacjentami po przeszczepie nerki Pa\u0144stwem Ma\u0142gorzat\u0105 i Romanem Kaczy\u0144skimi.<\/li>\n<li>Czy da si\u0119 od nowa zbudowa\u0107 ludzkie narz\u0105dy? \u2013 prof. dr hab. Marcin Moniuszko, kierownik Zak\u0142adu Medycyny Regeneracyjnej i Immunoregulacji<\/li>\n<li>Wyst\u0119p artystyczny Big Bandu Uniwersytetu Muzycznego Fryderyka Chopina pod dyrekcj\u0105 Tomasza Witka<\/li>\n<\/ul>\n","protected":false},"excerpt":{"rendered":"<p>7 maja 2022 roku o godzinie 16:00 zaplanowali\u015bmy Inauguracj\u0119 XVIII edycji Podlaskiego Festiwalu Nauki i Sztuki. Odb\u0119dzie si\u0119 ona w Aula Magna &nbsp;Pa\u0142acu Branickich przy ul. Jana Kili\u0144skiego 1 w Bia\u0142ymstoku Nasze wydarzenie b\u0119dziemy r\u00f3wnie\u017c transmitowa\u0107 na kanale YouTube Uniwersytetu Medycznego w Bia\u0142ymstoku pod linkiem: https:\/\/youtu.be\/lZVpqY0FGoc oraz na fanpage UMB i fanpage PodlaskiFestiwalNaukiiSztuki W programie [&hellip;]<\/p>\n","protected":false},"author":23,"featured_media":5346,"comment_status":"closed","ping_status":"closed","sticky":false,"template":"","format":"standard","meta":{"ngg_post_thumbnail":0,"footnotes":""},"categories":[1],"tags":[],"class_list":["post-5343","post","type-post","status-publish","format-standard","has-post-thumbnail","hentry","category-uncategorized"],"_links":{"self":[{"href":"https:\/\/podlaskifestiwal.pl\/2022\/wp-json\/wp\/v2\/posts\/5343","targetHints":{"allow":["GET"]}}],"collection":[{"href":"https:\/\/podlaskifestiwal.pl\/2022\/wp-json\/wp\/v2\/posts"}],"about":[{"href":"https:\/\/podlaskifestiwal.pl\/2022\/wp-json\/wp\/v2\/types\/post"}],"author":[{"embeddable":true,"href":"https:\/\/podlaskifestiwal.pl\/2022\/wp-json\/wp\/v2\/users\/23"}],"replies":[{"embeddable":true,"href":"https:\/\/podlaskifestiwal.pl\/2022\/wp-json\/wp\/v2\/comments?post=5343"}],"version-history":[{"count":4,"href":"https:\/\/podlaskifestiwal.pl\/2022\/wp-json\/wp\/v2\/posts\/5343\/revisions"}],"predecessor-version":[{"id":6716,"href":"https:\/\/podlaskifestiwal.pl\/2022\/wp-json\/wp\/v2\/posts\/5343\/revisions\/6716"}],"wp:featuredmedia":[{"embeddable":true,"href":"https:\/\/podlaskifestiwal.pl\/2022\/wp-json\/wp\/v2\/media\/5346"}],"wp:attachment":[{"href":"https:\/\/podlaskifestiwal.pl\/2022\/wp-json\/wp\/v2\/media?parent=5343"}],"wp:term":[{"taxonomy":"category","embeddable":true,"href":"https:\/\/podlaskifestiwal.pl\/2022\/wp-json\/wp\/v2\/categories?post=5343"},{"taxonomy":"post_tag","embeddable":true,"href":"https:\/\/podlaskifestiwal.pl\/2022\/wp-json\/wp\/v2\/tags?post=5343"}],"curies":[{"name":"wp","href":"https:\/\/api.w.org\/{rel}","templated":true}]}}