{"id":4545,"date":"2019-05-22T12:21:44","date_gmt":"2019-05-22T12:21:44","guid":{"rendered":"http:\/\/podlaskifestiwal.pl\/r2019\/?p=4545"},"modified":"2019-05-23T07:33:14","modified_gmt":"2019-05-23T07:33:14","slug":"xvii-festiwal-nauki-i-sztuki-zawital-w-suwalkach","status":"publish","type":"post","link":"https:\/\/podlaskifestiwal.pl\/2019\/xvii-festiwal-nauki-i-sztuki-zawital-w-suwalkach\/","title":{"rendered":"Festiwal w Suwa\u0142kach"},"content":{"rendered":"<p><strong>Podlaskie uczelnie zjawi\u0142y si\u0119 dzi\u015b (22 maja 2019) w Parku Naukowo-Technologicznym Polska-Wsch\u00f3d w Suwa\u0142kach, \u017ceby wsp\u00f3lnymi si\u0142ami szerzy\u0107 naukowe idee, intrygowa\u0107 i uczy\u0107. Wszystko to mia\u0142o miejsce w ramach XVII Podlaskiego Festiwalu Nauki i Sztuki.<\/strong><\/p>\n<p>Uczelnie z ca\u0142ego regionu przygotowa\u0142y stoiska pe\u0142ne atrakcji, kt\u00f3re cieszy\u0142y si\u0119 niezwyk\u0142\u0105 popularno\u015bci\u0105 w\u015br\u00f3d uczni\u00f3w przyby\u0142ych z okolicznych szk\u00f3\u0142. Nie mog\u0142o zabrakn\u0105\u0107 r\u00f3wnie\u017c g\u0142odnych wiedzy doros\u0142ych, kt\u00f3rzy tak\u017ce mogli znale\u017a\u0107 co\u015b dla siebie. Has\u0142o tegorocznego Festiwalu &#8222;Algorytmy rzeczywisto\u015bci&#8221; stara\u0142y si\u0119 przybli\u017cy\u0107 im podlaskie uczelnie, u\u015bwiadamiaj\u0105c, \u017ce algorytmy potrafi\u0105 \u0142\u0105czy\u0107 ka\u017cdego z nas, niezale\u017cnie od wieku.<\/p>\n<p>Na najbli\u017csze dni przewidziane s\u0105 kolejne festiwalowe atrakcje, tym razem na wszystkich uczelniach bior\u0105cych udzia\u0142 w Festiwalu. Zapraszamy do rejestracji i udzia\u0142u, a ju\u017c w najbli\u017csz\u0105 sobot\u0119 widzimy si\u0119 na Stadionie Miejskim w Bia\u0142ymstoku!<\/p>\n<p><a href=\"http:\/\/podlaskifestiwal.pl\/r2019\/galeria-zdjec\/nggallery\/xvii-pfnis\/22.05.2019---PFNiS-w-Suwa%C5%82kach\"><strong>Galeria zdj\u0119\u0107 z wydarze\u0144 w Suwa\u0142kach<\/strong><\/a><\/p>\n","protected":false},"excerpt":{"rendered":"<p>Podlaskie uczelnie zjawi\u0142y si\u0119 dzi\u015b (22 maja 2019) w Parku Naukowo-Technologicznym Polska-Wsch\u00f3d w Suwa\u0142kach, \u017ceby wsp\u00f3lnymi si\u0142ami szerzy\u0107 naukowe idee, intrygowa\u0107 i uczy\u0107. Wszystko to mia\u0142o miejsce w ramach XVII Podlaskiego Festiwalu Nauki i Sztuki. Uczelnie z ca\u0142ego regionu przygotowa\u0142y stoiska pe\u0142ne atrakcji, kt\u00f3re cieszy\u0142y si\u0119 niezwyk\u0142\u0105 popularno\u015bci\u0105 w\u015br\u00f3d uczni\u00f3w przyby\u0142ych z okolicznych szk\u00f3\u0142. Nie [&hellip;]<\/p>\n","protected":false},"author":74,"featured_media":0,"comment_status":"open","ping_status":"open","sticky":false,"template":"","format":"standard","meta":{"ngg_post_thumbnail":0,"footnotes":""},"categories":[1],"tags":[],"class_list":["post-4545","post","type-post","status-publish","format-standard","hentry","category-uncategorized"],"_links":{"self":[{"href":"https:\/\/podlaskifestiwal.pl\/2019\/wp-json\/wp\/v2\/posts\/4545","targetHints":{"allow":["GET"]}}],"collection":[{"href":"https:\/\/podlaskifestiwal.pl\/2019\/wp-json\/wp\/v2\/posts"}],"about":[{"href":"https:\/\/podlaskifestiwal.pl\/2019\/wp-json\/wp\/v2\/types\/post"}],"author":[{"embeddable":true,"href":"https:\/\/podlaskifestiwal.pl\/2019\/wp-json\/wp\/v2\/users\/74"}],"replies":[{"embeddable":true,"href":"https:\/\/podlaskifestiwal.pl\/2019\/wp-json\/wp\/v2\/comments?post=4545"}],"version-history":[{"count":3,"href":"https:\/\/podlaskifestiwal.pl\/2019\/wp-json\/wp\/v2\/posts\/4545\/revisions"}],"predecessor-version":[{"id":4557,"href":"https:\/\/podlaskifestiwal.pl\/2019\/wp-json\/wp\/v2\/posts\/4545\/revisions\/4557"}],"wp:attachment":[{"href":"https:\/\/podlaskifestiwal.pl\/2019\/wp-json\/wp\/v2\/media?parent=4545"}],"wp:term":[{"taxonomy":"category","embeddable":true,"href":"https:\/\/podlaskifestiwal.pl\/2019\/wp-json\/wp\/v2\/categories?post=4545"},{"taxonomy":"post_tag","embeddable":true,"href":"https:\/\/podlaskifestiwal.pl\/2019\/wp-json\/wp\/v2\/tags?post=4545"}],"curies":[{"name":"wp","href":"https:\/\/api.w.org\/{rel}","templated":true}]}}