{"id":4443,"date":"2019-05-22T08:43:49","date_gmt":"2019-05-22T08:43:49","guid":{"rendered":"http:\/\/podlaskifestiwal.pl\/r2019\/?p=4443"},"modified":"2019-05-23T08:58:59","modified_gmt":"2019-05-23T08:58:59","slug":"festiwal-zawital-w-lomzy","status":"publish","type":"post","link":"https:\/\/podlaskifestiwal.pl\/2019\/festiwal-zawital-w-lomzy\/","title":{"rendered":"Festiwal w \u0141om\u017cy"},"content":{"rendered":"<p><strong>21 maja do Pa\u0144stwowej Wy\u017cszej Szko\u0142y Informatyki i Przedsi\u0119biorczo\u015bci w \u0141om\u017cy przyjecha\u0142y regionalne uczelnie, aby pokaza\u0107 dzieciom, m\u0142odzie\u017cy i doros\u0142ym \u201ealgorytmy rzeczywisto\u015bci\u201d. To tegoroczne has\u0142o festiwalu, kt\u00f3re ma u\u015bwiadamia\u0107, \u017ce popularny termin z informatycznego \u017cargonu jest kluczem otwieraj\u0105cym wiele furtek. Algorytmy kr\u00f3luj\u0105 na \u015bwiatowych gie\u0142dach, wp\u0142ywaj\u0105 na polityk\u0119, kreuj\u0105 w internecie s\u0142upki popularno\u015bci ludzi, towar\u00f3w i us\u0142ug.<\/strong><\/p>\n<p>Festiwal ma intrygowa\u0107 i uczy\u0107, ale przede wszystkim \u2013 bawi\u0107 dzieci, m\u0142odzie\u017c i doros\u0142ych. W \u0141om\u017cy jego uczestnicy zwiedzali nowoczesne sale i laboratoria oraz brali udzia\u0142 w pokazach i wyk\u0142adach dotycz\u0105cych mi\u0119dzy innymi zdrowego od\u017cywiania, bakterii probiotycznych, efektu cieplarnianego, biostatystyki, dietetyki, ewolucji planetarnej, biopsychologicznego spojrzenia na umys\u0142y kobiet i m\u0119\u017cczyzn.<\/p>\n<p>\u2013 <em>W tym roku w festiwalu bierze udzia\u0142 pi\u0119tna\u015bcie instytucji. Chcemy si\u0119 dzieli\u0107 ze spo\u0142ecze\u0144stwem wiedz\u0105. Wyprowadzamy nasze badania z laboratori\u00f3w i pokazujemy czemu one s\u0142u\u017c\u0105. Chcemy zaszczepi\u0107 ju\u017c u najm\u0142odszych ludzi ch\u0119\u0107 poznawania \u015bwiata<\/em> \u2013 m\u00f3wi\u0142a dr hab. Aneta Petelska z UwB, g\u0142\u00f3wna koordynatorka wydarzenia.<\/p>\n<p>Gor\u0105co zach\u0119camy do uczestnictwa w pozosta\u0142ych festiwalowych wydarzeniach, a \u0142om\u017cy\u0144ska uczelnia zaprasza do siebie po raz drugi, 23 maja, tym razem na tak zwany dzie\u0144 wewn\u0119trzny, podczas kt\u00f3rego b\u0119dzie gospodarzem wydarzenia razem z Centrum Nauki Kopernik.<\/p>\n<p><a href=\"http:\/\/podlaskifestiwal.pl\/r2019\/galeria-zdjec\/nggallery\/xvii-pfnis\/2019.05.21-PFNiS-w-%C5%81om%C5%BCy\">Galeria z wydarzenia<\/a><\/p>\n","protected":false},"excerpt":{"rendered":"<p>21 maja do Pa\u0144stwowej Wy\u017cszej Szko\u0142y Informatyki i Przedsi\u0119biorczo\u015bci w \u0141om\u017cy przyjecha\u0142y regionalne uczelnie, aby pokaza\u0107 dzieciom, m\u0142odzie\u017cy i doros\u0142ym \u201ealgorytmy rzeczywisto\u015bci\u201d. To tegoroczne has\u0142o festiwalu, kt\u00f3re ma u\u015bwiadamia\u0107, \u017ce popularny termin z informatycznego \u017cargonu jest kluczem otwieraj\u0105cym wiele furtek. Algorytmy kr\u00f3luj\u0105 na \u015bwiatowych gie\u0142dach, wp\u0142ywaj\u0105 na polityk\u0119, kreuj\u0105 w internecie s\u0142upki popularno\u015bci ludzi, towar\u00f3w [&hellip;]<\/p>\n","protected":false},"author":74,"featured_media":0,"comment_status":"open","ping_status":"open","sticky":false,"template":"","format":"standard","meta":{"ngg_post_thumbnail":0,"footnotes":""},"categories":[1],"tags":[],"class_list":["post-4443","post","type-post","status-publish","format-standard","hentry","category-uncategorized"],"_links":{"self":[{"href":"https:\/\/podlaskifestiwal.pl\/2019\/wp-json\/wp\/v2\/posts\/4443","targetHints":{"allow":["GET"]}}],"collection":[{"href":"https:\/\/podlaskifestiwal.pl\/2019\/wp-json\/wp\/v2\/posts"}],"about":[{"href":"https:\/\/podlaskifestiwal.pl\/2019\/wp-json\/wp\/v2\/types\/post"}],"author":[{"embeddable":true,"href":"https:\/\/podlaskifestiwal.pl\/2019\/wp-json\/wp\/v2\/users\/74"}],"replies":[{"embeddable":true,"href":"https:\/\/podlaskifestiwal.pl\/2019\/wp-json\/wp\/v2\/comments?post=4443"}],"version-history":[{"count":4,"href":"https:\/\/podlaskifestiwal.pl\/2019\/wp-json\/wp\/v2\/posts\/4443\/revisions"}],"predecessor-version":[{"id":4667,"href":"https:\/\/podlaskifestiwal.pl\/2019\/wp-json\/wp\/v2\/posts\/4443\/revisions\/4667"}],"wp:attachment":[{"href":"https:\/\/podlaskifestiwal.pl\/2019\/wp-json\/wp\/v2\/media?parent=4443"}],"wp:term":[{"taxonomy":"category","embeddable":true,"href":"https:\/\/podlaskifestiwal.pl\/2019\/wp-json\/wp\/v2\/categories?post=4443"},{"taxonomy":"post_tag","embeddable":true,"href":"https:\/\/podlaskifestiwal.pl\/2019\/wp-json\/wp\/v2\/tags?post=4443"}],"curies":[{"name":"wp","href":"https:\/\/api.w.org\/{rel}","templated":true}]}}