{"id":2903,"date":"2018-06-16T09:52:36","date_gmt":"2018-06-16T09:52:36","guid":{"rendered":"http:\/\/podlaskifestiwal.pl\/podlaskifestiwal-2\/?p=2903"},"modified":"2018-06-18T10:02:16","modified_gmt":"2018-06-18T10:02:16","slug":"uwb-festiwal-sie-udal","status":"publish","type":"post","link":"https:\/\/podlaskifestiwal.pl\/2018\/uwb-festiwal-sie-udal\/","title":{"rendered":"UwB &#8211; Festiwal si\u0119 uda\u0142"},"content":{"rendered":"<h4>Warsztaty, pokazy i wyk\u0142ady przygotowane przez Uniwersytet w Bia\u0142ymstoku na XVI Podlaski Festiwal Nauki i Sztuki znalaz\u0142y uznanie w oczach zwiedzaj\u0105cych. Uczelnia przygotowa\u0142a oko\u0142o stu atrakcji, niekt\u00f3re z nich okaza\u0142y si\u0119 prawdziwymi hitami.<\/h4>\n<p>Zgodnie z has\u0142em tegorocznej imprezy \u201eNauka scala\u201d podczas festiwalowych wydarze\u0144 integrowa\u0142y si\u0119 uczelnie bia\u0142ostockie i szko\u0142y z regionu. 5 czerwca Festiwal \u201euda\u0142 si\u0119\u201d do \u0141om\u017cy. Gro publiki stanowi\u0142y tam dzieci z m\u0142odszych klas podstaw\u00f3wki, dlatego \u015bwietnie sprawdzi\u0142y si\u0119 zaj\u0119cia prowadzone przez pedagog\u00f3w UwB, kt\u00f3rzy bawi\u0105c, pokazywali jak r\u00f3\u017cni\u0105 si\u0119 wsp\u00f3\u0142czesne uczniowskie rozrywki od tych sprzed kilkudziesi\u0119ciu lat. Okaza\u0142o si\u0119, \u017ce tradycyjna gra w klasy czy puszczanie latawc\u00f3w budzi entuzjazm tak\u017ce w dobie tablet\u00f3w.<\/p>\n<p>W Suwa\u0142kach, do kt\u00f3rych Festiwal zaw\u0119drowa\u0142 6 czerwca, ogromne zainteresowanie wzbudzi\u0142y&#8230; wyk\u0142ady. Pierwszy \u201eWiele twarzy Ameryki\u201d z zakresu humanistyki, po\u015bwi\u0119cony by\u0142 temu jak r\u00f3\u017cnym \u201eamerican english\u201d m\u00f3wi\u0105 mieszka\u0144cy USA i jak wiele jest w j\u0119zyku ameryka\u0144skim barwnych i egzotycznych nalecia\u0142o\u015bci. Marcin Sielezniew z Instytutu Biologii UwB, w kolejnym wyk\u0142adzie, zatytu\u0142owanym \u201eOwady w \u017cyciu cz\u0142owieka\u201d przekonywa\u0142 zebranych do owadziny, kt\u00f3r\u0105 je wi\u0119kszo\u015b\u0107 \u015bwiata, ale do kt\u00f3rej my, Polacy mamy niczym nieuzasadnion\u0105 awersj\u0119. Wyk\u0142adowca dosta\u0142 gromkie brawa, a s\u0142uchacze z oci\u0105ganiem opuszczali aul\u0119, poniewa\u017c mieli wiele pyta\u0144.<\/p>\n<p>W pi\u0105tek, 8 czerwca uczelnie organizowa\u0142y imprezy we w\u0142asnych murach. Ukoronowaniem tego dnia by\u0142a premiera spektaklu partycypacyjnego \u201eBie\u017cenki\u201d w Uniwersyteckim Centrum Kultury. Mimo, \u017ce sala Sara, w kt\u00f3rej si\u0119 odby\u0142o si\u0119 przedstawienie pomie\u015bci 120 os\u00f3b, z braku wolnych miejsc widzowie zaj\u0119li te\u017c schody i cz\u0119\u015b\u0107 sceny. Widowisko inspirowane by\u0142o nagradzan\u0105 ksi\u0105\u017ck\u0105 reportersk\u0105 \u201eBie\u017ce\u0144stwo 2015. Zapomniani uchod\u017acy\u201d. Jej autorka Aneta Prymaka-Oniszk znalaz\u0142a si\u0119 w\u015br\u00f3d publiczno\u015bci i cho\u0107 spektakl dotyczy\u0142 raczej pami\u0119ci, przywo\u0142ywa\u0142 rodzinne opowie\u015bci aktorek &#8211; amatorek, by\u0142a wyra\u017anie poruszona.<\/p>\n<p>Fina\u0142em tegorocznego Festiwalu by\u0142 piknik naukowy na Stadionie Miejskim w Bia\u0142ymstoku. Stoiska uniwersyteckie prze\u017cy\u0142y prawdziwe obl\u0119\u017cenie. Zainteresowaniem cieszy\u0142y si\u0119 baterie z cytryny i inne chemiczne eksperymenty, stoisko kryminalistyczne i pokazy fizyk\u00f3w, ale najwi\u0119ksze powodzenie mia\u0142y w\u0119\u017ce, jaszczurki i paj\u0105ki, kt\u00f3re zaprezentowali biolodzy. W pewnym momencie w\u0105\u017c by\u0142 tak zm\u0119czony s\u0142aw\u0105 i przechodzeniem z r\u0105k do r\u0105k, \u017ce opiekunka musia\u0142a wcze\u015bniej zako\u0144czy\u0107 jego wyst\u0119p.<\/p>\n<p>&#8211; Ulokowanie pikniku na Stadionie okaza\u0142o si\u0119 trafionym rozwi\u0105zaniem &#8211; m\u00f3wi Aneta Petelska, koordynator z ramienia UwB tegorocznego Festiwalu. &#8211; Mimo wcze\u015bniejszych obaw, zainteresowani nie mieli problemu aby tu dotrze\u0107 i mo\u017cna mie\u0107 pewno\u015b\u0107, \u017ce nie trafili na nasz\u0105 imprez\u0119 przypadkowo. Chcieli przyj\u015b\u0107 na naukowe atrakcje. Cieszy, \u017ce zjawi\u0142y si\u0119 ca\u0142e rodziny. Impreza si\u0119 uda\u0142a, w przysz\u0142ym roku trzeba si\u0119 wi\u0119c b\u0119dzie si\u0119 przygotowa\u0107 na wi\u0119ksze obl\u0119\u017cenie.<\/p>\n<p>&nbsp;<\/p>\nngg_shortcode_0_placeholder\n","protected":false},"excerpt":{"rendered":"<p>Warsztaty, pokazy i wyk\u0142ady przygotowane przez Uniwersytet w Bia\u0142ymstoku na XVI Podlaski Festiwal Nauki i Sztuki znalaz\u0142y uznanie w oczach zwiedzaj\u0105cych. Uczelnia przygotowa\u0142a oko\u0142o stu atrakcji, niekt\u00f3re z nich okaza\u0142y si\u0119 prawdziwymi hitami. Zgodnie z has\u0142em tegorocznej imprezy \u201eNauka scala\u201d podczas festiwalowych wydarze\u0144 integrowa\u0142y si\u0119 uczelnie bia\u0142ostockie i szko\u0142y z regionu. 5 czerwca Festiwal \u201euda\u0142 [&hellip;]<\/p>\n","protected":false},"author":2,"featured_media":2904,"comment_status":"open","ping_status":"open","sticky":false,"template":"","format":"standard","meta":{"ngg_post_thumbnail":0,"footnotes":""},"categories":[1],"tags":[],"class_list":["post-2903","post","type-post","status-publish","format-standard","has-post-thumbnail","hentry","category-uncategorized"],"_links":{"self":[{"href":"https:\/\/podlaskifestiwal.pl\/2018\/wp-json\/wp\/v2\/posts\/2903","targetHints":{"allow":["GET"]}}],"collection":[{"href":"https:\/\/podlaskifestiwal.pl\/2018\/wp-json\/wp\/v2\/posts"}],"about":[{"href":"https:\/\/podlaskifestiwal.pl\/2018\/wp-json\/wp\/v2\/types\/post"}],"author":[{"embeddable":true,"href":"https:\/\/podlaskifestiwal.pl\/2018\/wp-json\/wp\/v2\/users\/2"}],"replies":[{"embeddable":true,"href":"https:\/\/podlaskifestiwal.pl\/2018\/wp-json\/wp\/v2\/comments?post=2903"}],"version-history":[{"count":1,"href":"https:\/\/podlaskifestiwal.pl\/2018\/wp-json\/wp\/v2\/posts\/2903\/revisions"}],"predecessor-version":[{"id":2935,"href":"https:\/\/podlaskifestiwal.pl\/2018\/wp-json\/wp\/v2\/posts\/2903\/revisions\/2935"}],"wp:featuredmedia":[{"embeddable":true,"href":"https:\/\/podlaskifestiwal.pl\/2018\/wp-json\/wp\/v2\/media\/2904"}],"wp:attachment":[{"href":"https:\/\/podlaskifestiwal.pl\/2018\/wp-json\/wp\/v2\/media?parent=2903"}],"wp:term":[{"taxonomy":"category","embeddable":true,"href":"https:\/\/podlaskifestiwal.pl\/2018\/wp-json\/wp\/v2\/categories?post=2903"},{"taxonomy":"post_tag","embeddable":true,"href":"https:\/\/podlaskifestiwal.pl\/2018\/wp-json\/wp\/v2\/tags?post=2903"}],"curies":[{"name":"wp","href":"https:\/\/api.w.org\/{rel}","templated":true}]}}