{"id":2607,"date":"2018-06-07T21:05:03","date_gmt":"2018-06-07T21:05:03","guid":{"rendered":"http:\/\/podlaskifestiwal.pl\/podlaskifestiwal-2\/?p=2607"},"modified":"2018-06-07T21:13:35","modified_gmt":"2018-06-07T21:13:35","slug":"spotkanie-ze-zbigniewem-oksiuta-w-galerii-arsenal-elektrownia","status":"publish","type":"post","link":"https:\/\/podlaskifestiwal.pl\/2018\/spotkanie-ze-zbigniewem-oksiuta-w-galerii-arsenal-elektrownia\/","title":{"rendered":"Spotkanie ze Zbigniewem Oksiut\u0105 w Galerii Arsena\u0142 Elektrownia"},"content":{"rendered":"<h4>W ramach XVI Podlaskiego Festiwalu Nauki i Sztuki niezwyk\u0142\u0105 wystaw\u0119 \u0142\u0105cz\u0105c\u0105 nauk\u0119 i sztuk\u0119 przygotowuje Galeria Arsena\u0142 w Bia\u0142ymstoku. Instalacja Zbigniewa Oksiuty, powstaj\u0105ca mi\u0119dzy sztuk\u0105, architektur\u0105 i nauk\u0105, realizowana jest we wsp\u00f3\u0142pracy trzech uczelni: Wydzia\u0142u Mechanicznego oraz Wydzia\u0142u Architektury Politechniki Bia\u0142ostockiej, Wydzia\u0142u Biologiczno-Chemicznego Uniwersytetu w Bia\u0142ymstoku oraz Rensselaer Architecture, Rensselaer Polytechnic Institute w Troy, USA. Ju\u017c w pi\u0105tek, 8 czerwca, Arsena\u0142 zaprasza na spotkanie z artyst\u0105.<\/h4>\n<p>Zbigniew Oksiuta, kt\u00f3ry na co dzie\u0144 tworzy w Stanach Zjednoczonych, zaprezentuje dokumentacj\u0119 eksperyment\u00f3w z materia\u0142ami organicznymi i poszukiwa\u0144 w obszarze architektury biologicznej, kt\u00f3re prowadzi od po\u0142owy lat 70. W swojej tw\u00f3rczo\u015bci, zar\u00f3wno w przestrzeni sztuki, jak i architektury, \u0142\u0105czy do\u015bwiadczenie obu tych dziedzin z badaniami naukowymi prowadzonymi we wsp\u00f3\u0142pracy z naukowcami r\u00f3\u017cnych specjalno\u015bci: biologii, chemii i technologii komputerowych.<\/p>\n<p><em>Spotkanie jest wst\u0119pem do wystawy solowej Zbigniewa Oksiuty &#8222;Architektoniczne ewolucje. Mi\u0119dzy sztuk\u0105 a nauk\u0105&#8221;, kt\u00f3r\u0105 otworzymy 6 lipca tego roku<\/em> \u2013 zapewnia Magdalena Godlewska-Siwerska, kuratorka wystawy.<\/p>\n<p>&nbsp;<\/p>\n<p><strong>Galeria Arsena\u0142 Elektrownia, ul. Elektryczna 13 (wej\u015bcie od ul. \u015awi\u0119toja\u0144skiej), Bia\u0142ystok<\/strong><br \/>\n<strong>&#8211; Spotkanie ze Zbigniewem Oksiut\u0105&nbsp;8 czerwca (pi\u0105tek), godz. 18:00<\/strong><br \/>\n<strong>&#8211; Wernisa\u017c wystawy \u201eArchitektoniczne ewolucje. Mi\u0119dzy sztuk\u0105 a nauk\u0105\u201d 6 lipca 2018 r.<\/strong><\/p>\n<p><strong>Wi\u0119cej informacji na: <a href=\"http:\/\/galeria-arsenal.pl\/wystawy\/zbigniew-oksiuta-architektoniczne-ewolucje-miedzy-sztuka-a-nauka\" target=\"_blank\" rel=\"noopener\">www.galeria-arsenal.pl<\/a><\/strong><\/p>\n<h5><em>Ilustracja: Zbigniew Oksiuta. Pejza\u017c biologiczny&nbsp;&nbsp;&nbsp;&nbsp; www.galeria-arsenal.pl<\/em><\/h5>\n<p>&nbsp;<\/p>\n<p>&nbsp;<\/p>\n<p>&nbsp;<\/p>\n","protected":false},"excerpt":{"rendered":"<p>W ramach XVI Podlaskiego Festiwalu Nauki i Sztuki niezwyk\u0142\u0105 wystaw\u0119 \u0142\u0105cz\u0105c\u0105 nauk\u0119 i sztuk\u0119 przygotowuje Galeria Arsena\u0142 w Bia\u0142ymstoku. Instalacja Zbigniewa Oksiuty, powstaj\u0105ca mi\u0119dzy sztuk\u0105, architektur\u0105 i nauk\u0105, realizowana jest we wsp\u00f3\u0142pracy trzech uczelni: Wydzia\u0142u Mechanicznego oraz Wydzia\u0142u Architektury Politechniki Bia\u0142ostockiej, Wydzia\u0142u Biologiczno-Chemicznego Uniwersytetu w Bia\u0142ymstoku oraz Rensselaer Architecture, Rensselaer Polytechnic Institute w Troy, USA. [&hellip;]<\/p>\n","protected":false},"author":2,"featured_media":2611,"comment_status":"open","ping_status":"open","sticky":false,"template":"","format":"standard","meta":{"ngg_post_thumbnail":0,"footnotes":""},"categories":[1],"tags":[],"class_list":["post-2607","post","type-post","status-publish","format-standard","has-post-thumbnail","hentry","category-uncategorized"],"_links":{"self":[{"href":"https:\/\/podlaskifestiwal.pl\/2018\/wp-json\/wp\/v2\/posts\/2607","targetHints":{"allow":["GET"]}}],"collection":[{"href":"https:\/\/podlaskifestiwal.pl\/2018\/wp-json\/wp\/v2\/posts"}],"about":[{"href":"https:\/\/podlaskifestiwal.pl\/2018\/wp-json\/wp\/v2\/types\/post"}],"author":[{"embeddable":true,"href":"https:\/\/podlaskifestiwal.pl\/2018\/wp-json\/wp\/v2\/users\/2"}],"replies":[{"embeddable":true,"href":"https:\/\/podlaskifestiwal.pl\/2018\/wp-json\/wp\/v2\/comments?post=2607"}],"version-history":[{"count":3,"href":"https:\/\/podlaskifestiwal.pl\/2018\/wp-json\/wp\/v2\/posts\/2607\/revisions"}],"predecessor-version":[{"id":2612,"href":"https:\/\/podlaskifestiwal.pl\/2018\/wp-json\/wp\/v2\/posts\/2607\/revisions\/2612"}],"wp:featuredmedia":[{"embeddable":true,"href":"https:\/\/podlaskifestiwal.pl\/2018\/wp-json\/wp\/v2\/media\/2611"}],"wp:attachment":[{"href":"https:\/\/podlaskifestiwal.pl\/2018\/wp-json\/wp\/v2\/media?parent=2607"}],"wp:term":[{"taxonomy":"category","embeddable":true,"href":"https:\/\/podlaskifestiwal.pl\/2018\/wp-json\/wp\/v2\/categories?post=2607"},{"taxonomy":"post_tag","embeddable":true,"href":"https:\/\/podlaskifestiwal.pl\/2018\/wp-json\/wp\/v2\/tags?post=2607"}],"curies":[{"name":"wp","href":"https:\/\/api.w.org\/{rel}","templated":true}]}}