{"id":2534,"date":"2018-06-07T06:49:57","date_gmt":"2018-06-07T06:49:57","guid":{"rendered":"http:\/\/podlaskifestiwal.pl\/podlaskifestiwal-2\/?p=2534"},"modified":"2018-06-07T18:21:18","modified_gmt":"2018-06-07T18:21:18","slug":"xvi-podlaski-festiwal-nauki-i-sztuki-7-i-8-czerwca","status":"publish","type":"post","link":"https:\/\/podlaskifestiwal.pl\/2018\/xvi-podlaski-festiwal-nauki-i-sztuki-7-i-8-czerwca\/","title":{"rendered":"XVI Podlaski Festiwal Nauki i Sztuki 7 i 8 czerwca"},"content":{"rendered":"<h4>Po niezwykle udanych ods\u0142onach festiwalu w \u0141om\u017cy i Suwa\u0142kach \u2013 spotkaniach wype\u0142nionych warsztatami, wyk\u0142adami oraz publiczno\u015bci\u0105 otwart\u0105 na odkrywanie nauki \u2013 czas na szersz\u0105 prezentacj\u0119 podlaskich uczelni. W czwartek i pi\u0105tek (7 i 8 czerwca) zapraszamy na kolejne atrakcje XVI Podlaskiego Festiwalu Nauki i Sztuki.<\/h4>\n<p><strong>Ka\u017cdy z organizator\u00f3w proponuje w\u0142asn\u0105 formu\u0142\u0119 i pomys\u0142 na spotkanie z publiczno\u015bci\u0105 festiwalow\u0105. W programie znalaz\u0142o si\u0119 blisko 600 zr\u00f3\u017cnicowanych tematycznie imprez! Wszystko po to, aby pokaza\u0107, jak ciekawa i pasjonuj\u0105ca mog\u0105 by\u0107 nauka i sztuka.&nbsp;Jakie wydarzenia wybra\u0107? Jak si\u0119 rozezna\u0107 w bogatym programie Festiwalu? Starali\u015bmy si\u0119 to Pa\u0144stwu u\u0142atwi\u0107 i zaproponowali\u015bmy 9 \u015bcie\u017cek tematycznych. Artystyczna, humanistyczna, prawo, nauki \u015bcis\u0142e, techniczna, spo\u0142eczna, \u015bcie\u017cka medyczna i nauk o zdrowiu, przyrodnicza, ekonomiczna \u2013 przeszukuj\u0105c harmonogram festiwalowych imprez za pomoc\u0105 tych \u201e\u015bcie\u017cek\u201d z pewno\u015bci\u0105 natrafi\u0105 Pa\u0144stwo na imprezy, odpowiadaj\u0105ce zar\u00f3wno potrzebom, jak i w\u0142asnym zainteresowaniom.&nbsp;<\/strong><\/p>\n<p><strong>W \u015bcie\u017cce artystycznej<\/strong> polecamy m.in. warsztaty z tworzenia audiodeskrypcji czy ta\u0144c\u00f3w etnicznych (Uniwersytet w Bia\u0142ymstoku), bookorigami czyli oryginalny spos\u00f3b zaginania stron w ksi\u0105\u017ckach (Biblioteka Politechniki Bia\u0142ostockiej), warsztaty z fotografii sferycznej (Bia\u0142ostocki Park Naukowo-Technologiczny). 8 czerwca warto w ramach Festiwalu wybra\u0107 si\u0119 spotkanie ze Zbigniewem Oksiut\u0105 \u2013 artyst\u0105, kt\u00f3ry przygotowuje specjaln\u0105 wystaw\u0119 w Galerii Arsena\u0142. Instalacja pt. \u201ePrace i zbiory. Mi\u0119dzy sztuk\u0105, architektur\u0105 i nauk\u0105\u201d powstaje we wsp\u00f3\u0142pracy z Politechnik\u0105 Bia\u0142ostock\u0105 oraz Uniwersytetem w Bia\u0142ymstoku. Tego samego dnia w hali Wydzia\u0142u Architektury PB odb\u0119dzie si\u0119 koncert-performance WIBRATIO w wykonaniu prof. Ryszarda \u0141ugowskiego i Pauliny Sylwerstrowicz (godz. 20:00), w auli widowiskowej Wydzia\u0142u Pedagogiki i Psychologii UwB \u2013 koncert \u201eM\u0142ynarski i smaki PRL-u\u201d, w Uniwersyteckim Centrum Kultury UwB \u2013 spektakl \u201eBie\u017cenki\u201d.<\/p>\n<p>W\u0119druj\u0105c <strong>\u015bcie\u017ck\u0105 humanistyczn\u0105<\/strong> natrafimy m.in. na szereg wydarze\u0144 organizowanych przez Archidiecezjalne Wy\u017csze Seminarium Duchowne w Bia\u0142ymstoku oraz konferencj\u0119 \u201eCz\u0142owiek a sztuczna inteligencja\u201d. Zapraszamy do aktywnego udzia\u0142u w tej debacie, kt\u00f3ra odb\u0119dzie si\u0119 na Wydziale Elektrycznym Politechniki Bia\u0142ostockiej 7 czerwca o godz. 17:00. &nbsp;<\/p>\n<p>Jak prowadzi\u0107 mediacje, zarejestrowa\u0107 dzia\u0142alno\u015b\u0107 gospodarcz\u0105, obroni\u0107 si\u0119 przed stalkerem dowiemy si\u0119 z prezentacji na Wydziale Prawa Uniwersytetu w Bia\u0142ymstoku. 8 czerwca id\u0105c<strong> \u015bcie\u017ck\u0105 prawn\u0105<\/strong> b\u0119dzie mo\u017cna wzi\u0105\u0107 te\u017c udzia\u0142 w symulacji rozprawy karnej.<\/p>\n<p>Prezentacje zwi\u0105zane z <strong>naukami \u015bcis\u0142ymi i technicznymi<\/strong> to od lat jedne z najbardziej popularnych i lubianych spotka\u0144 publiczno\u015bci festiwalowej z naukowcami. Zapraszamy na \u201eodlotowe\u201d atrakcje fizyko-chemiczne (Wydzia\u0142 Budownictwa i In\u017cynierii \u015arodowiska PB), programowanie robot\u00f3w LEGO (Wydzia\u0142 Informatyki), pokazy ci\u0119cia metalu pr\u0105dem (Wydzia\u0142 Mechaniczny) i wiele innych fascynuj\u0105cych prezentacji na Politechnice Bia\u0142ostockiej. Uczelnia otwiera swoje laboratoria i pracownie na spotkania z m\u0142odzie\u017c\u0105 od lat 3 do 93 J. Bia\u0142ostocki Park Naukowo-Technologiczny zaprasza na warsztaty budowania rakiet, a Uniwersytet w Bia\u0142ymstoku na zwiedzanie Uniwersyteckiego Centrum Obliczeniowego i ogl\u0105danie wahad\u0142a Foucaulta.<\/p>\n<p>W ramach <strong>\u015bcie\u017cki spo\u0142ecznej<\/strong> warto przyj\u015b\u0107 do czytelni humanistycznej Biblioteki Uniwersyteckiej (UwB), by wzi\u0105\u0107 udzia\u0142 w warsztatach \u201eUnia Europejska dla m\u0142odych\u201d. O zasadach \u201eskutecznej komunikacji interpersonalnej\u201d dowiemy si\u0119 w Wy\u017cszej Szkole Finans\u00f3w i Zarz\u0105dzania w Bia\u0142ymstoku. Niepa\u0144stwowa Wy\u017csza Szko\u0142a Pedagogiczna w Bia\u0142ymstoku zaprasza 8 czerwca na dyskusj\u0119 zainspirowan\u0105 fragmentem filmu \u201eGattaca. Szok przysz\u0142o\u015bci\u201d. B\u0119dziemy poszukiwa\u0107 odpowiedzi na pytanie o to, czy \u015bwiadoma ingerencja w DNA cz\u0142owieka mo\u017ce by\u0107 kolejnym krokiem ewolucji ludzko\u015bci? &nbsp;<\/p>\n<p>Najwi\u0119cej propozycji na <strong>\u015bcie\u017cce medycznej i nauk o zdrowiu<\/strong> ma Uniwersytet Medyczny w Bia\u0142ymstoku. 7 czerwca uczelnia zaprosi\u0142a na Dzie\u0144 Otwarty. Specjalne stoiska czekaj\u0105 na zainteresowanych na dziedzi\u0144cu Pa\u0142acu Branickich. Uczelnia udost\u0119pnia tak\u017ce swoje laboratoria, Centrum symulacji medycznych oraz szpitalnych oddzia\u0142\u00f3w ratunkowych. Ci\u0105g dalszy warsztat\u00f3w, pokaz\u00f3w medycznych, rad jak dba\u0107 o zdrowie i kondycj\u0119 &#8211; 8 czerwca w Wy\u017cszej Szkole Medycznej w Bia\u0142ymstoku i na Uniwersytecie w Bia\u0142ymstoku.<\/p>\n<p><strong>\u015acie\u017ck\u0105 przyrodnicz\u0105<\/strong> dojdziemy na Zamiejscowy Wydzia\u0142 Le\u015bny w Hajn\u00f3wce i do Centrum Inno-Eko-Tech na Politechnice Bia\u0142ostockiej. B\u0119dziemy s\u0142ucha\u0107 \u201eco w trawie piszczy\u201d, bada\u0107 wod\u0119 i ogl\u0105da\u0107 \u015bwiat pod mikroskopem. Na Uniwersytecie w Bia\u0142ymstoku b\u0119dzie mo\u017cna przyjrze\u0107 si\u0119 naturze w akwarium i zabawi\u0107 si\u0119 w poszukiwacza skamienia\u0142o\u015bci.<\/p>\n<p>Na nietypowe spojrzenie na <strong>ekonomi\u0119<\/strong> zaprasza Wy\u017csza Szko\u0142a Finans\u00f3w i Zarz\u0105dzania w Bia\u0142ymstoku (warsztaty 7 czerwca), Uniwersytet w Bia\u0142ymstoku (8 czerwca quiz ekonomiczny i aukcja) oraz Politechnika Bia\u0142ostocka (prezentacja elektrowni hybrydowej funkcjonuj\u0105cej w Centrum Badawczo-Dydaktycznym Wydzia\u0142u Elektrycznego).<\/p>\n<p><a href=\"http:\/\/podlaskifestiwal.pl\/podlaskifestiwal-2\/program\/lista-imprez\/?data_imprezy=20180607&amp;sciezka_dydaktyczna=&amp;odbiorca_imprezy=&amp;grupa_docelowa=&amp;organizator=&amp;title=&amp;rodzaj_imprezy=&amp;miasto_imprezy=%C5%81om%C5%BCa&amp;dostepnosc_imprezy=\" target=\"_blank\" rel=\"noopener\">Zapraszamy tak\u017ce do Pa\u0144stwowej Wy\u017cszej Szko\u0142y Informatyki i Przedsi\u0119biorczo\u015bci w \u0141om\u017cy. 7 czerwca b\u0119dzie mo\u017cna podziwia\u0107 tam magi\u0119 reakcji chemicznych, wystartowa\u0107 w konkursie kulinarnym na najzdrowsz\u0105 kanapk\u0119 czy rozwin\u0105\u0107 kreatywno\u015b\u0107 i wyobra\u017ani\u0119 dzi\u0119ki zestawom klock\u00f3w LEGO WeDo.<\/a><\/p>\n<p><strong>To tylko wybrane propozycje! Zach\u0119camy do stworzenia w\u0142asnego planu na Podlaski Festiwal Nauki i Sztuki. Na stronie <a href=\"http:\/\/podlaskifestiwal.pl\/podlaskifestiwal-2\/\" target=\"_blank\" rel=\"noopener\">www.podlaskifestiwal.pl\/podlaskifestiwal-2<\/a> warto skorzysta\u0107 z przycisku \u201edodaj do ulubionych\u201d \u2013 w ten spos\u00f3b zbudujemy w\u0142asn\u0105 \u015bcie\u017ck\u0119 zainteresowa\u0144 i zaplanujemy udzia\u0142 w spotkaniach na uczelniach.<\/strong><\/p>\n<p><strong>Na niekt\u00f3re z imprez festiwalowych obowi\u0105zuje wcze\u015bniejsza rejestracja. Zapraszamy na stron\u0119 <a href=\"http:\/\/podlaskifestiwal.pl\/podlaskifestiwal-2\/rejestracja\/\" target=\"_blank\" rel=\"noopener\">www.podlaskifestiwal.pl\/podlaskifestiwal-2\/rejestracja<\/a> aby przekona\u0107 si\u0119, gdzie s\u0105 jeszcze miejsca. W sobot\u0119 za\u015b &#8211; ju\u017c bez rejestracji &#8211; moc atrakcji podczas Rodzinnego Pikniku Naukowego na Stadionie Miejskim w Bia\u0142ymstoku.<\/strong><\/p>\n<p><strong>Udzia\u0142 we wszystkich wydarzeniach jest bezp\u0142atny.<\/strong><\/p>\n<p><em>Podlaski Festiwal Nauki i Sztuki finansowany jest ze \u015brodk\u00f3w Ministra Nauki i Szkolnictwa Wy\u017cszego przeznaczonych na dzia\u0142alno\u015b\u0107 upowszechniaj\u0105c\u0105 nauk\u0119 oraz przez podlaskie uczelnie.<\/em><\/p>\n","protected":false},"excerpt":{"rendered":"<p>Po niezwykle udanych ods\u0142onach festiwalu w \u0141om\u017cy i Suwa\u0142kach \u2013 spotkaniach wype\u0142nionych warsztatami, wyk\u0142adami oraz publiczno\u015bci\u0105 otwart\u0105 na odkrywanie nauki \u2013 czas na szersz\u0105 prezentacj\u0119 podlaskich uczelni. W czwartek i pi\u0105tek (7 i 8 czerwca) zapraszamy na kolejne atrakcje XVI Podlaskiego Festiwalu Nauki i Sztuki. Ka\u017cdy z organizator\u00f3w proponuje w\u0142asn\u0105 formu\u0142\u0119 i pomys\u0142 na spotkanie [&hellip;]<\/p>\n","protected":false},"author":2,"featured_media":1882,"comment_status":"open","ping_status":"open","sticky":false,"template":"","format":"standard","meta":{"ngg_post_thumbnail":0,"footnotes":""},"categories":[1],"tags":[],"class_list":["post-2534","post","type-post","status-publish","format-standard","has-post-thumbnail","hentry","category-uncategorized"],"_links":{"self":[{"href":"https:\/\/podlaskifestiwal.pl\/2018\/wp-json\/wp\/v2\/posts\/2534","targetHints":{"allow":["GET"]}}],"collection":[{"href":"https:\/\/podlaskifestiwal.pl\/2018\/wp-json\/wp\/v2\/posts"}],"about":[{"href":"https:\/\/podlaskifestiwal.pl\/2018\/wp-json\/wp\/v2\/types\/post"}],"author":[{"embeddable":true,"href":"https:\/\/podlaskifestiwal.pl\/2018\/wp-json\/wp\/v2\/users\/2"}],"replies":[{"embeddable":true,"href":"https:\/\/podlaskifestiwal.pl\/2018\/wp-json\/wp\/v2\/comments?post=2534"}],"version-history":[{"count":6,"href":"https:\/\/podlaskifestiwal.pl\/2018\/wp-json\/wp\/v2\/posts\/2534\/revisions"}],"predecessor-version":[{"id":2606,"href":"https:\/\/podlaskifestiwal.pl\/2018\/wp-json\/wp\/v2\/posts\/2534\/revisions\/2606"}],"wp:featuredmedia":[{"embeddable":true,"href":"https:\/\/podlaskifestiwal.pl\/2018\/wp-json\/wp\/v2\/media\/1882"}],"wp:attachment":[{"href":"https:\/\/podlaskifestiwal.pl\/2018\/wp-json\/wp\/v2\/media?parent=2534"}],"wp:term":[{"taxonomy":"category","embeddable":true,"href":"https:\/\/podlaskifestiwal.pl\/2018\/wp-json\/wp\/v2\/categories?post=2534"},{"taxonomy":"post_tag","embeddable":true,"href":"https:\/\/podlaskifestiwal.pl\/2018\/wp-json\/wp\/v2\/tags?post=2534"}],"curies":[{"name":"wp","href":"https:\/\/api.w.org\/{rel}","templated":true}]}}