{"id":2440,"date":"2018-06-05T12:00:24","date_gmt":"2018-06-05T12:00:24","guid":{"rendered":"http:\/\/podlaskifestiwal.pl\/podlaskifestiwal-2\/?p=2440"},"modified":"2018-06-06T13:17:34","modified_gmt":"2018-06-06T13:17:34","slug":"xvi-podlaski-festiwal-nauki-i-sztuki-w-lomzy","status":"publish","type":"post","link":"https:\/\/podlaskifestiwal.pl\/2018\/xvi-podlaski-festiwal-nauki-i-sztuki-w-lomzy\/","title":{"rendered":"XVI Podlaski Festiwal Nauki i Sztuki w \u0141om\u017cy"},"content":{"rendered":"<h4>Trwa XVI Podlaski Festiwal Nauki i Sztuki. We wtorek, 5 czerwca, z pokaz\u00f3w, warsztat\u00f3w i prezentacji zorganizowanych przez uczelnie korzysta\u0142y dzieci i m\u0142odzie\u017c z \u0141om\u017cy i okolic.<\/h4>\n<p>Kilkadziesi\u0105t atrakcji festiwalowych zebrano w obiektach Pa\u0144stwowej Wy\u017cszej Szko\u0142y Informatyki i Przedsi\u0119biorczo\u015bci, kt\u00f3ra jest wsp\u00f3\u0142organizatorem \u0142om\u017cy\u0144skiej edycji XVI Podlaskiego Festiwalu Nauki i Sztuki. Opr\u00f3cz gospodarzy na specjalne pokazy zaprasza\u0142y: Politechnika Bia\u0142ostocka, Uniwersytet w Bia\u0142ymstoku, Uniwersytet Medyczny w Bia\u0142ymstoku, Wy\u017csza Szko\u0142a Medyczna w Bia\u0142ymstoku, Wy\u017csza Szko\u0142a Ekonomiczna w Bia\u0142ymstoku.<\/p>\n<p>Wiele os\u00f3b skorzysta\u0142o z okazji obejrzenia laboratori\u00f3w i pracowni Wy\u017cszej Szko\u0142y Informatyki i Przedsi\u0119biorczo\u015bci. Ch\u0119tni mogli wyprodukowa\u0107 chrupki wyprodukowane wed\u0142ug w\u0142asnej receptury, czy bawi\u0107 si\u0119 na pikniku\u2026 z odnow\u0105 biologiczn\u0105.&nbsp;Mo\u017cna by\u0142o obejrze\u0107 eksponaty przywiezione z Centrum Nauki Kopernik. Na pokazach \u201eUmys\u0142 przy\u0142apany\u201d i \u201eCi\u015bnienie\u201d uczestnicy Festiwalu dowiadywali si\u0119 m.in. ile wa\u017cy powietrze i dlaczego alpini\u015bci nie mog\u0105 odpoczywa\u0107 przy szklance mocnej herbaty.<\/p>\n<p>Swoje pomys\u0142y na innowacje oraz konstrukcje zaprezentowali studenci Politechniki Bia\u0142ostockiej. By\u0142a kamizelka uciskowa do wspierania terapii sensorycznej, udoskonalony w\u00f3zek inwalidzki, sztuczna r\u0119ka \u2013 znacznie bardziej funkcjonalna ni\u017c tradycyjne protezy ko\u0144czyny g\u00f3rnej. Kolejki ch\u0119tnych ustawia\u0142y si\u0119 do uczelnianej gry, w kt\u00f3rej, korzystaj\u0105c z wirtualnej rzeczywisto\u015bci, mo\u017cna by\u0142o przenie\u015b\u0107 si\u0119 na bia\u0142ostocki kampus Politechniki. O swoich wynalazkach opowiada\u0142 m\u0142ody wynalazca Petros Psyllos.&nbsp;<\/p>\n<p>Uniwersytet Medyczny w Bia\u0142ymstoku zaprasza\u0142 na spotkania z dietetykami i fizjoterapeutami, a tak\u017ce do symulatora \u017cycia p\u0142odowego.<\/p>\n<p>Uniwersytet w Bia\u0142ymstoku zach\u0119ca\u0142 do zabawy w detektywa, a tak\u017ce do podr\u00f3\u017cy w przesz\u0142o\u015b\u0107 \u2013 podczas warsztat\u00f3w genealogicznych mo\u017cna by\u0142o dowiedzie\u0107 si\u0119, jak najskuteczniej prze\u015bledzi\u0107 losy w\u0142asnych przodk\u00f3w.<\/p>\n<p>Kolorowy \u015bwiat chemii zaprezentowa\u0142a Wy\u017csza Szko\u0142a Medyczna w Bia\u0142ymstoku, kt\u00f3rej przedstawiciele kolorowali te\u017c dzieci\u0119ce twarze uczestnik\u00f3w, zamieniaj\u0105c ich w postacie z bajek.<\/p>\n<p>&nbsp;<\/p>\n<h4>Do zobaczenia na XVI Podlaskim Festiwalu Nauki i Sztuki!<\/h4>\n<p>6 czerwca\u2013 Park Naukowo-Technologiczny przy ul. Innowacyjnej 1 w Suwa\u0142kach<br \/>\n7-8 czerwca \u2013 prezentacje w uczelniach i instytucjach partnerskich w Bia\u0142ymstoku, \u0141om\u017cy i Suwa\u0142kach<br \/>\n9 czerwca \u2013 Rodzinny Piknik Naukowy na Stadionie Miejskim przy ul. S\u0142onecznej 1 w Bia\u0142ymstoku.<\/p>\n<p><em>Koordynatorem XVI Podlaskiego Festiwalu Nauki i Sztuki jest Politechnika Bia\u0142ostocka. Zadanie finansowane jest w ramach umowy 788\/P-DUN\/2018 ze \u015brodk\u00f3w Ministra Nauki i Szkolnictwa Wy\u017cszego przeznaczonych na dzia\u0142alno\u015b\u0107 upowszechniaj\u0105c\u0105 nauk\u0119.<\/em><\/p>\n<p>Partnerem wydarzenia jest Prezydent \u0141om\u017cy, kt\u00f3ry wspar\u0142 organizacj\u0119 Festiwalu.<\/p>\n<p>&nbsp;<\/p>\nngg_shortcode_0_placeholder\n","protected":false},"excerpt":{"rendered":"<p>Trwa XVI Podlaski Festiwal Nauki i Sztuki. We wtorek, 5 czerwca, z pokaz\u00f3w, warsztat\u00f3w i prezentacji zorganizowanych przez uczelnie korzysta\u0142y dzieci i m\u0142odzie\u017c z \u0141om\u017cy i okolic. Kilkadziesi\u0105t atrakcji festiwalowych zebrano w obiektach Pa\u0144stwowej Wy\u017cszej Szko\u0142y Informatyki i Przedsi\u0119biorczo\u015bci, kt\u00f3ra jest wsp\u00f3\u0142organizatorem \u0142om\u017cy\u0144skiej edycji XVI Podlaskiego Festiwalu Nauki i Sztuki. Opr\u00f3cz gospodarzy na specjalne pokazy [&hellip;]<\/p>\n","protected":false},"author":2,"featured_media":2532,"comment_status":"closed","ping_status":"closed","sticky":false,"template":"","format":"standard","meta":{"ngg_post_thumbnail":0,"footnotes":""},"categories":[1],"tags":[],"class_list":["post-2440","post","type-post","status-publish","format-standard","has-post-thumbnail","hentry","category-uncategorized"],"_links":{"self":[{"href":"https:\/\/podlaskifestiwal.pl\/2018\/wp-json\/wp\/v2\/posts\/2440","targetHints":{"allow":["GET"]}}],"collection":[{"href":"https:\/\/podlaskifestiwal.pl\/2018\/wp-json\/wp\/v2\/posts"}],"about":[{"href":"https:\/\/podlaskifestiwal.pl\/2018\/wp-json\/wp\/v2\/types\/post"}],"author":[{"embeddable":true,"href":"https:\/\/podlaskifestiwal.pl\/2018\/wp-json\/wp\/v2\/users\/2"}],"replies":[{"embeddable":true,"href":"https:\/\/podlaskifestiwal.pl\/2018\/wp-json\/wp\/v2\/comments?post=2440"}],"version-history":[{"count":4,"href":"https:\/\/podlaskifestiwal.pl\/2018\/wp-json\/wp\/v2\/posts\/2440\/revisions"}],"predecessor-version":[{"id":2498,"href":"https:\/\/podlaskifestiwal.pl\/2018\/wp-json\/wp\/v2\/posts\/2440\/revisions\/2498"}],"wp:featuredmedia":[{"embeddable":true,"href":"https:\/\/podlaskifestiwal.pl\/2018\/wp-json\/wp\/v2\/media\/2532"}],"wp:attachment":[{"href":"https:\/\/podlaskifestiwal.pl\/2018\/wp-json\/wp\/v2\/media?parent=2440"}],"wp:term":[{"taxonomy":"category","embeddable":true,"href":"https:\/\/podlaskifestiwal.pl\/2018\/wp-json\/wp\/v2\/categories?post=2440"},{"taxonomy":"post_tag","embeddable":true,"href":"https:\/\/podlaskifestiwal.pl\/2018\/wp-json\/wp\/v2\/tags?post=2440"}],"curies":[{"name":"wp","href":"https:\/\/api.w.org\/{rel}","templated":true}]}}