{"id":2346,"date":"2018-06-05T13:47:24","date_gmt":"2018-06-05T13:47:24","guid":{"rendered":"http:\/\/podlaskifestiwal.pl\/podlaskifestiwal-2\/?p=2346"},"modified":"2018-06-06T12:14:59","modified_gmt":"2018-06-06T12:14:59","slug":"podlaski-festiwal-nauki-i-sztuki-w-suwalkach","status":"publish","type":"post","link":"https:\/\/podlaskifestiwal.pl\/2018\/podlaski-festiwal-nauki-i-sztuki-w-suwalkach\/","title":{"rendered":"Podlaski Festiwal Nauki i Sztuki w Suwa\u0142kach"},"content":{"rendered":"<h4>Ile wa\u017cy powietrze? Jak pobiera si\u0119 odciski palc\u00f3w? Czy matematyk\u0105 mo\u017cna si\u0119 bawi\u0107? Ile barw skrywa chemia? Jak zaprogramowa\u0107 robota LEGO? Co by by\u0142o, gdyby Kolumb nie odkry\u0142 Ameryki? Jak je\u015b\u0107 smacznie, kolorowo i zdrowo? Jak wygrywa\u0107 na europejskich torach wy\u015bcigowych? Jak z pianki Marshmallow, makaronu i nitki zbudowa\u0107 wie\u017c\u0119? &#8211; na te i wiele innych pyta\u0144 b\u0119dziemy wsp\u00f3lnie szuka\u0107 odpowiedzi podczas prezentacji XVI Podlaskiego Festiwalu Nauki i Sztuki w Suwa\u0142kach. W \u015brod\u0119, 6 czerwca, spotkajmy si\u0119 Parku Naukowo-Technologicznym.<\/h4>\n<p>Ju\u017c po raz 16. szko\u0142y wy\u017csze wojew\u00f3dztwa podlaskiego zjednoczy\u0142y si\u0142y, aby pokaza\u0107, jak ciekawa i pasjonuj\u0105ca mog\u0105 by\u0107 nauka i sztuka. W organizacj\u0119 tegorocznej edycji Podlaskiego Festiwalu Nauki i Sztuki w\u0142\u0105czy\u0142o si\u0119 12 szk\u00f3\u0142 wy\u017cszych, a tak\u017ce instytucje edukacyjne, artystyczne i sportowe oraz samorz\u0105dy Bia\u0142egostoku, \u0141om\u017cy i Suwa\u0142k. Koordynatorem XVI PFNiS jest Politechnika Bia\u0142ostocka, w Suwa\u0142kach naszym partnerem jest Pa\u0144stwowa Wy\u017csza Szko\u0142a Zawodowa.<\/p>\n<p>6 czerwca w Parku Naukowo-Technologicznym w Suwa\u0142kach zaprezentuj\u0105 si\u0119 m.in. PWSZ w Suwa\u0142kach, Politechnika Bia\u0142ostocka, Uniwersytet w Bia\u0142ymstoku, Uniwersytet Medyczny w Bia\u0142ymstoku, Pa\u0144stwowa Wy\u017csza Szko\u0142a Informatyki i Przedsi\u0119biorczo\u015bci w \u0141om\u017cy, Wy\u017csza Szko\u0142a Medyczna w Bia\u0142ymstoku, Wy\u017csza Szko\u0142a Ekonomiczna w Bia\u0142ymstoku.<br \/>\nZapraszamy! To b\u0119dzie \u015broda wype\u0142niona eksperymentami, warsztatami, kt\u00f3re pomog\u0105 odkry\u0107 i zaprzyja\u017ani\u0107 si\u0119 ze \u015bwiatem nauki!<\/p>\n<p>Udzia\u0142 we wszystkich wydarzeniach jest bezp\u0142atny. Ze wzgl\u0119du na ograniczon\u0105 liczb\u0119 miejsc, na niekt\u00f3re imprezy obowi\u0105zuje rejestracja. Zapraszamy na stron\u0119 <strong><a href=\"http:\/\/podlaskifestiwal.pl\/podlaskifestiwal-2\/rejestracja\/\">www.podlaskifestiwal.pl\/podlaskifestiwal-2\/rejestracja<\/a><\/strong> &#8211; s\u0105 jeszcze miejsca na kolejne festiwalowe wydarzenia &#8211; we czwartek i pi\u0105tek, kiedy podlaskie uczelnie wy\u017csze zapraszaj\u0105 do siebie, by wsp\u00f3lnie odkrywa\u0107 tajniki nauki. W sobot\u0119 za\u015b &#8211; ju\u017c bez rejestracji &#8211; moc atrakcji podczas Rodzinnego Pikniku Naukowego na Stadionie Miejskim w Bia\u0142ymstoku.<\/p>\n<p>Podlaski Festiwal Nauki i Sztuki finansowany jest ze \u015brodk\u00f3w Ministra Nauki i Szkolnictwa Wy\u017cszego przeznaczonych na dzia\u0142alno\u015b\u0107 upowszechniaj\u0105c\u0105 nauk\u0119 oraz przez podlaskie uczelnie.<\/p>\n<p>Patronat honorowy nad XVI Podlaskim Festiwalem Nauki i Sztuki sprawuj\u0105:<br \/>\n&#8211; Minister Nauki i Szkolnictwa Wy\u017cszego<br \/>\n&#8211; Wojewoda Podlaski<br \/>\n&#8211; Podlaski Kurator O\u015bwiaty<br \/>\n&#8211; Marsza\u0142ek Wojew\u00f3dztwa Podlaskiego<br \/>\n&#8211; Prezydent Bia\u0142egostoku<br \/>\n&#8211; Prezydent Suwa\u0142k<br \/>\n&#8211; Prezydent \u0141om\u017cy.<\/p>\n<h5>Zapraszamy!<br \/>\n6 czerwca, \u015broda, godz. 10.00-14.00<br \/>\nPark Naukowo-Technologiczny w Suwa\u0142kach<br \/>\nul. Innowacyjna 1<br \/>\nW programie oko\u0142o 40 pokaz\u00f3w, warsztat\u00f3w, wyk\u0142ad\u00f3w.<\/h5>\nngg_shortcode_0_placeholder\n","protected":false},"excerpt":{"rendered":"<p>Ile wa\u017cy powietrze? Jak pobiera si\u0119 odciski palc\u00f3w? Czy matematyk\u0105 mo\u017cna si\u0119 bawi\u0107? Ile barw skrywa chemia? Jak zaprogramowa\u0107 robota LEGO? Co by by\u0142o, gdyby Kolumb nie odkry\u0142 Ameryki? Jak je\u015b\u0107 smacznie, kolorowo i zdrowo? Jak wygrywa\u0107 na europejskich torach wy\u015bcigowych? Jak z pianki Marshmallow, makaronu i nitki zbudowa\u0107 wie\u017c\u0119? &#8211; na te i wiele [&hellip;]<\/p>\n","protected":false},"author":2,"featured_media":2310,"comment_status":"open","ping_status":"open","sticky":false,"template":"","format":"standard","meta":{"ngg_post_thumbnail":0,"footnotes":""},"categories":[1],"tags":[],"class_list":["post-2346","post","type-post","status-publish","format-standard","has-post-thumbnail","hentry","category-uncategorized"],"_links":{"self":[{"href":"https:\/\/podlaskifestiwal.pl\/2018\/wp-json\/wp\/v2\/posts\/2346","targetHints":{"allow":["GET"]}}],"collection":[{"href":"https:\/\/podlaskifestiwal.pl\/2018\/wp-json\/wp\/v2\/posts"}],"about":[{"href":"https:\/\/podlaskifestiwal.pl\/2018\/wp-json\/wp\/v2\/types\/post"}],"author":[{"embeddable":true,"href":"https:\/\/podlaskifestiwal.pl\/2018\/wp-json\/wp\/v2\/users\/2"}],"replies":[{"embeddable":true,"href":"https:\/\/podlaskifestiwal.pl\/2018\/wp-json\/wp\/v2\/comments?post=2346"}],"version-history":[{"count":4,"href":"https:\/\/podlaskifestiwal.pl\/2018\/wp-json\/wp\/v2\/posts\/2346\/revisions"}],"predecessor-version":[{"id":2527,"href":"https:\/\/podlaskifestiwal.pl\/2018\/wp-json\/wp\/v2\/posts\/2346\/revisions\/2527"}],"wp:featuredmedia":[{"embeddable":true,"href":"https:\/\/podlaskifestiwal.pl\/2018\/wp-json\/wp\/v2\/media\/2310"}],"wp:attachment":[{"href":"https:\/\/podlaskifestiwal.pl\/2018\/wp-json\/wp\/v2\/media?parent=2346"}],"wp:term":[{"taxonomy":"category","embeddable":true,"href":"https:\/\/podlaskifestiwal.pl\/2018\/wp-json\/wp\/v2\/categories?post=2346"},{"taxonomy":"post_tag","embeddable":true,"href":"https:\/\/podlaskifestiwal.pl\/2018\/wp-json\/wp\/v2\/tags?post=2346"}],"curies":[{"name":"wp","href":"https:\/\/api.w.org\/{rel}","templated":true}]}}