{"id":2288,"date":"2018-06-04T08:33:43","date_gmt":"2018-06-04T08:33:43","guid":{"rendered":"http:\/\/podlaskifestiwal.pl\/podlaskifestiwal-2\/?p=2288"},"modified":"2018-06-04T08:33:43","modified_gmt":"2018-06-04T08:33:43","slug":"podlaski-festiwal-nauki-i-sztuki-w-lomzy-5-czerwca","status":"publish","type":"post","link":"https:\/\/podlaskifestiwal.pl\/2018\/podlaski-festiwal-nauki-i-sztuki-w-lomzy-5-czerwca\/","title":{"rendered":"Podlaski Festiwal Nauki i Sztuki w \u0141om\u017cy, 5 czerwca"},"content":{"rendered":"<h4>Jak oszukuj\u0105 nas magicy? Czy mo\u017cna podrobi\u0107 jedzenie? Czy warzywa i owoce maj\u0105 DNA? Odpowiedzi na te i wiele innych pyta\u0144 poznamy we wtorek, 5 czerwca, podczas \u0142om\u017cy\u0144skiej ods\u0142ony XVI Podlaskiego Festiwalu Nauki i Sztuki.<\/h4>\n<p>Specjalne pokazy przygotowa\u0142o Centrum Nauki Kopernik. Na zainteresowanych czekaj\u0105 w \u0141om\u017cy zaskakuj\u0105ce do\u015bwiadczenia i ciekawe obserwacje. Organizatorzy zapewniaj\u0105 spor\u0105 dawk\u0119 wiedzy i poczucia humoru, a wszystko zebrane pod dwoma tajemniczymi tytu\u0142ami: \u201eUmys\u0142 przy\u0142apany\u201d i \u201eCi\u015bnienie\u201d. Mo\u017cna b\u0119dzie m.in. dowiedzie\u0107 si\u0119 ile wa\u017cy powietrze i dlaczego alpini\u015bci nie mog\u0105 odpoczywa\u0107 przy szklance mocnej herbaty.<\/p>\n<p>Nowoczesne rozwi\u0105zania zaprezentuj\u0105 studenci Politechniki Bia\u0142ostockiej. Zainteresowani dowiedz\u0105 si\u0119 m.in. jak in\u017cynierowie wspieraj\u0105 terapi\u0119 dzieci autystycznych i pomagaj\u0105 niepe\u0142nosprawnym. B\u0119dzie te\u017c mo\u017cna zbada\u0107 jako\u015b\u0107 powietrza i dowiedzie\u0107 si\u0119, dlaczego wolny czas warto sp\u0119dza\u0107 w lasach. Zapraszamy te\u017c do wirtualnej rzeczywisto\u015bci. Ch\u0119tni dowiedz\u0105 si\u0119 ile tajemnic skrywa kampus PB, a najlepsi mog\u0105 zawalczy\u0107 o nagrody.&nbsp;<\/p>\n<p>Co\u015b dla siebie znajd\u0105 te\u017c smakosze. Ch\u0119tni b\u0119d\u0105 mogli spr\u00f3bowa\u0107 chrupek, kt\u00f3re wyprodukuj\u0105 wcze\u015bniej wed\u0142ug w\u0142asnego pomys\u0142u. Tym, kt\u00f3rzy za tego typu przek\u0105skami nie przepadaj\u0105, polecamy zdrowe kanapki i zwi\u0105zany z ich przygotowywaniem konkurs. To niekt\u00f3re z atrakcji proponowanych przez Wy\u017csz\u0105 Szko\u0142\u0119 Informatyki i Przedsi\u0119biorczo\u015bci w \u0141om\u017cy, kt\u00f3ra zaprasza te\u017c m.in. na piknik\u2026 z odnow\u0105 biologiczn\u0105.&nbsp;<\/p>\n<p>Osoby zainteresowane zdrowym stylem \u017cycia b\u0119d\u0105 mog\u0142y spotka\u0107 si\u0119 z dietetykami z Uniwersytetu Medycznego w Bia\u0142ymstoku. Specjali\u015bci nie tylko udziel\u0105 porad, ale okre\u015bl\u0105 te\u017c nasz wiek metaboliczny i zapotrzebowanie energetyczne. O \u0107wiczenia b\u0119dzie mo\u017cna zapyta\u0107 fizjoterapeut\u00f3w, kt\u00f3rzy zdradz\u0105 r\u00f3wnie\u017c tajniki masa\u017cu. Wypocz\u0119ci b\u0119dziemy mogli poczu\u0107 si\u0119 jak dzieci \u2013 dos\u0142ownie, bo uczelnia zaprasza do symulatora \u017cycia p\u0142odowego.<\/p>\n<p>Uniwersytet w Bia\u0142ymstoku zach\u0119ca do zabawy w detektywa. Ka\u017cdy b\u0119dzie m\u00f3g\u0142 pobra\u0107 i zabezpieczy\u0107 \u015blady linii papilarnych. Ch\u0119tni dowiedz\u0105 si\u0119 r\u00f3wnie\u017c, w jaki spos\u00f3b \u015bledczym pomaga matematyka. UwB zaprasza te\u017c m.in. do podr\u00f3\u017cy w przesz\u0142o\u015b\u0107 \u2013 b\u0119dzie mo\u017cna zajrze\u0107 do dawnej szko\u0142y i prze\u015bledzi\u0107 losy w\u0142asnych przodk\u00f3w, do czego zainspiruj\u0105 warsztaty genealogiczne.<\/p>\n<p>Kolorowy \u015bwiat chemii \u2013 to jedna z propozycji Wy\u017cszej Szko\u0142y Medycznej w Bia\u0142ymstoku, kt\u00f3rej przedstawiciele pokoloruj\u0105 te\u017c dzieci\u0119ce twarze zamieniaj\u0105c najm\u0142odszych w bajkowe postacie.<\/p>\n<p>W planach jest w sumie kilkadziesi\u0105t wydarze\u0144 \u2013 pokaz\u00f3w, warsztat\u00f3w, prezentacji. Ze wszystkich atrakcji b\u0119dzie mo\u017cna korzysta\u0107 w Pa\u0144stwowej Wy\u017cszej Szkole Informatyki i Przedsi\u0119biorczo\u015bci w \u0141om\u017cy, kt\u00f3ra jest wsp\u00f3\u0142organizatorem \u0142om\u017cy\u0144skiej edycji XVI Podlaskiego Festiwalu Nauki i Sztuki. &nbsp;Udzia\u0142 we wszystkich wydarzeniach jest bezp\u0142atny. Ze wzgl\u0119du na ograniczon\u0105 liczb\u0119 miejsc na niekt\u00f3re obowi\u0105zuje rejestracja.&nbsp;<\/p>\n<p>Partnerem wydarzenia jest Prezydent \u0141om\u017cy, kt\u00f3ry wspar\u0142 organizacj\u0119 Festiwalu.<\/p>\n<p>&nbsp;<\/p>\n<p>Zapraszamy!<\/p>\n<p><strong>5 czerwca w godz. 10-14&nbsp;<\/strong><br \/>\n<strong>Pa\u0144stwowa Wy\u017csza Szko\u0142a Informatyki i Przedsi\u0119biorczo\u015bci w \u0141om\u017cy<\/strong><br \/>\n<strong>ul. Akademicka 14<\/strong><\/p>\n<p>&nbsp;<\/p>\n","protected":false},"excerpt":{"rendered":"<p>Jak oszukuj\u0105 nas magicy? Czy mo\u017cna podrobi\u0107 jedzenie? Czy warzywa i owoce maj\u0105 DNA? Odpowiedzi na te i wiele innych pyta\u0144 poznamy we wtorek, 5 czerwca, podczas \u0142om\u017cy\u0144skiej ods\u0142ony XVI Podlaskiego Festiwalu Nauki i Sztuki. Specjalne pokazy przygotowa\u0142o Centrum Nauki Kopernik. Na zainteresowanych czekaj\u0105 w \u0141om\u017cy zaskakuj\u0105ce do\u015bwiadczenia i ciekawe obserwacje. Organizatorzy zapewniaj\u0105 spor\u0105 dawk\u0119 [&hellip;]<\/p>\n","protected":false},"author":2,"featured_media":2292,"comment_status":"open","ping_status":"open","sticky":false,"template":"","format":"standard","meta":{"ngg_post_thumbnail":0,"footnotes":""},"categories":[1],"tags":[],"class_list":["post-2288","post","type-post","status-publish","format-standard","has-post-thumbnail","hentry","category-uncategorized"],"_links":{"self":[{"href":"https:\/\/podlaskifestiwal.pl\/2018\/wp-json\/wp\/v2\/posts\/2288","targetHints":{"allow":["GET"]}}],"collection":[{"href":"https:\/\/podlaskifestiwal.pl\/2018\/wp-json\/wp\/v2\/posts"}],"about":[{"href":"https:\/\/podlaskifestiwal.pl\/2018\/wp-json\/wp\/v2\/types\/post"}],"author":[{"embeddable":true,"href":"https:\/\/podlaskifestiwal.pl\/2018\/wp-json\/wp\/v2\/users\/2"}],"replies":[{"embeddable":true,"href":"https:\/\/podlaskifestiwal.pl\/2018\/wp-json\/wp\/v2\/comments?post=2288"}],"version-history":[{"count":4,"href":"https:\/\/podlaskifestiwal.pl\/2018\/wp-json\/wp\/v2\/posts\/2288\/revisions"}],"predecessor-version":[{"id":2294,"href":"https:\/\/podlaskifestiwal.pl\/2018\/wp-json\/wp\/v2\/posts\/2288\/revisions\/2294"}],"wp:featuredmedia":[{"embeddable":true,"href":"https:\/\/podlaskifestiwal.pl\/2018\/wp-json\/wp\/v2\/media\/2292"}],"wp:attachment":[{"href":"https:\/\/podlaskifestiwal.pl\/2018\/wp-json\/wp\/v2\/media?parent=2288"}],"wp:term":[{"taxonomy":"category","embeddable":true,"href":"https:\/\/podlaskifestiwal.pl\/2018\/wp-json\/wp\/v2\/categories?post=2288"},{"taxonomy":"post_tag","embeddable":true,"href":"https:\/\/podlaskifestiwal.pl\/2018\/wp-json\/wp\/v2\/tags?post=2288"}],"curies":[{"name":"wp","href":"https:\/\/api.w.org\/{rel}","templated":true}]}}