{"id":2285,"date":"2018-06-03T06:32:28","date_gmt":"2018-06-03T06:32:28","guid":{"rendered":"http:\/\/podlaskifestiwal.pl\/podlaskifestiwal-2\/?p=2285"},"modified":"2018-06-05T06:32:49","modified_gmt":"2018-06-05T06:32:49","slug":"wystawa-pasja-scala","status":"publish","type":"post","link":"https:\/\/podlaskifestiwal.pl\/2018\/wystawa-pasja-scala\/","title":{"rendered":"Wystawa \u201ePasja Scala\u201d"},"content":{"rendered":"<h4>\u0141\u0105czy ich pasja do fotografii, mi\u0142o\u015b\u0107 do Podlasia oraz\u2026 miejsce pracy. Z okazji XVI Podlaskiego Festiwalu Nauki i Sztuki zaprosili\u015bmy pracownik\u00f3w Politechniki Bia\u0142ostockiej do zaprezentowania swoich zdj\u0119\u0107, kt\u00f3re powstawa\u0142y podczas ich w\u0119dr\u00f3wek po naszym regionie.<\/h4>\n<p>Na wystaw\u0119 \u201ePasja scala\u201d z\u0142o\u017cy\u0142y si\u0119 zdj\u0119cia wykonane przez: Wiolett\u0119 Omelianiuk, Halin\u0119 Bramsk\u0105, Marcina Dominowa, Macieja \u015aleszy\u0144skiego, Jacka Struka, Dana Wo\u0142kowyckiego i Paw\u0142a Tadejk\u0119. Autorzy zgodnie twierdz\u0105, \u017ce fotografia i obserwacja przyrody to ich pasja, a tak\u017ce spos\u00f3b na na\u0142adowanie \u017cyciowych akumulator\u00f3w.<\/p>\n<p>Dla Wioletty Omelianiuk ulubionym obiektem do fotografowania s\u0105 kwiaty. Warto je uwieczni\u0107, bo pojawiaj\u0105 si\u0119 na chwil\u0119, by cieszy\u0107 barw\u0105 i zapachem. Halina Bramska i Maciej \u015aleszy\u0144ski najcz\u0119\u015bciej fotografuj\u0105 to, co widz\u0105 podczas swoich wypraw \u2013 pejza\u017ce z dalekim horyzontem, napotkane chwile. Marcin Domin\u00f3w oraz Jacek Struk to \u201emy\u015bliwi\u201d \u2013 podczas swoich spacer\u00f3w po lesie poruszaj\u0105 si\u0119 bezszelestnie, bo zale\u017cy im na \u201eupolowaniu\u201d za pomoc\u0105 obiektywu najbardziej p\u0142ochliwych i trudnych do wypatrzenia zwierz\u0105t i ptak\u00f3w naszego regionu. Pasj\u0105, ale te\u017c zawodem Dana Wo\u0142kowyckiego sta\u0142o si\u0119 poszukiwanie rzadkich i obj\u0119tych ochron\u0105 ro\u015blin. Natomiast Pawe\u0142 Tadejko, ju\u017c od lat, uwiecznia w swoich fotografiach magi\u0119 Podlasia, jego wielokulturowo\u015b\u0107 i niezwyk\u0142e barwy.<\/p>\n<p>Wernisa\u017c wystawy \u201ePasja scala\u201d odb\u0119dzie si\u0119 podczas inauguracji XVI Podlaskiego Festiwalu Nauki i Sztuki, 4 czerwca o 14:00. Nast\u0119pnie ogl\u0105da\u0107 j\u0105 b\u0119dzie mo\u017cna przez ca\u0142y festiwalowy tydzie\u0144, do 8 czerwca na holu Wydzia\u0142u Elektrycznego.<\/p>\n<p>Zapraszamy do obejrzenia wystawy, kt\u00f3ra mo\u017ce sta\u0107 si\u0119 inspiracj\u0105 do rozwijania w\u0142asnych pasji. W galerii poni\u017cej prezentujemy jej fragment&#8230;&nbsp;<\/p>\n<p>&nbsp;<\/p>\nngg_shortcode_0_placeholder\n","protected":false},"excerpt":{"rendered":"<p>\u0141\u0105czy ich pasja do fotografii, mi\u0142o\u015b\u0107 do Podlasia oraz\u2026 miejsce pracy. Z okazji XVI Podlaskiego Festiwalu Nauki i Sztuki zaprosili\u015bmy pracownik\u00f3w Politechniki Bia\u0142ostockiej do zaprezentowania swoich zdj\u0119\u0107, kt\u00f3re powstawa\u0142y podczas ich w\u0119dr\u00f3wek po naszym regionie. Na wystaw\u0119 \u201ePasja scala\u201d z\u0142o\u017cy\u0142y si\u0119 zdj\u0119cia wykonane przez: Wiolett\u0119 Omelianiuk, Halin\u0119 Bramsk\u0105, Marcina Dominowa, Macieja \u015aleszy\u0144skiego, Jacka Struka, Dana [&hellip;]<\/p>\n","protected":false},"author":2,"featured_media":2302,"comment_status":"open","ping_status":"open","sticky":false,"template":"","format":"standard","meta":{"ngg_post_thumbnail":0,"footnotes":""},"categories":[1],"tags":[],"class_list":["post-2285","post","type-post","status-publish","format-standard","has-post-thumbnail","hentry","category-uncategorized"],"_links":{"self":[{"href":"https:\/\/podlaskifestiwal.pl\/2018\/wp-json\/wp\/v2\/posts\/2285","targetHints":{"allow":["GET"]}}],"collection":[{"href":"https:\/\/podlaskifestiwal.pl\/2018\/wp-json\/wp\/v2\/posts"}],"about":[{"href":"https:\/\/podlaskifestiwal.pl\/2018\/wp-json\/wp\/v2\/types\/post"}],"author":[{"embeddable":true,"href":"https:\/\/podlaskifestiwal.pl\/2018\/wp-json\/wp\/v2\/users\/2"}],"replies":[{"embeddable":true,"href":"https:\/\/podlaskifestiwal.pl\/2018\/wp-json\/wp\/v2\/comments?post=2285"}],"version-history":[{"count":3,"href":"https:\/\/podlaskifestiwal.pl\/2018\/wp-json\/wp\/v2\/posts\/2285\/revisions"}],"predecessor-version":[{"id":2326,"href":"https:\/\/podlaskifestiwal.pl\/2018\/wp-json\/wp\/v2\/posts\/2285\/revisions\/2326"}],"wp:featuredmedia":[{"embeddable":true,"href":"https:\/\/podlaskifestiwal.pl\/2018\/wp-json\/wp\/v2\/media\/2302"}],"wp:attachment":[{"href":"https:\/\/podlaskifestiwal.pl\/2018\/wp-json\/wp\/v2\/media?parent=2285"}],"wp:term":[{"taxonomy":"category","embeddable":true,"href":"https:\/\/podlaskifestiwal.pl\/2018\/wp-json\/wp\/v2\/categories?post=2285"},{"taxonomy":"post_tag","embeddable":true,"href":"https:\/\/podlaskifestiwal.pl\/2018\/wp-json\/wp\/v2\/tags?post=2285"}],"curies":[{"name":"wp","href":"https:\/\/api.w.org\/{rel}","templated":true}]}}