{"id":2281,"date":"2018-05-30T10:03:40","date_gmt":"2018-05-30T10:03:40","guid":{"rendered":"http:\/\/podlaskifestiwal.pl\/podlaskifestiwal-2\/?p=2281"},"modified":"2018-05-30T11:59:30","modified_gmt":"2018-05-30T11:59:30","slug":"inauguracja-xvi-podlaskiego-festiwalu-nauki-i-sztuki","status":"publish","type":"post","link":"https:\/\/podlaskifestiwal.pl\/2018\/inauguracja-xvi-podlaskiego-festiwalu-nauki-i-sztuki\/","title":{"rendered":"Inauguracja XVI Podlaskiego Festiwalu Nauki i Sztuki"},"content":{"rendered":"<h3><strong>XVI Podlaski Festiwal Nauki i Sztuki rozpoczyna si\u0119&nbsp;<\/strong><strong>w poniedzia\u0142ek, 4 czerwca<\/strong><\/h3>\n<p>XVI Podlaski Festiwal Nauki i Sztuki organizuj\u0105 wsp\u00f3lnie podlaskie uczelnie oraz samorz\u0105dy Bia\u0142egostoku, \u0141om\u017cy i Suwa\u0142k, bo tegoroczne has\u0142o wydarzenia to: \u201eNauka scala\u201d. 60 lat temu zosta\u0142y zaprojektowane i zbudowane pierwsze dzia\u0142aj\u0105ce modele uk\u0142ad\u00f3w scalonych. Dokona\u0142 tego Jack Kilby ameryka\u0144ski in\u017cynier, laureat Nagrody Nobla w dziedzinie fizyki (2000), wtedy \u015bwie\u017co zatrudniony pracownik laboratorium badawczego firmy Texas Instruments. Dzi\u015b trudno sobie wyobrazi\u0107 nowoczesne urz\u0105dzenia bez zminiaturyzowanych uk\u0142ad\u00f3w elektronicznych zawieraj\u0105cych w swym wn\u0119trzu od kilku do milion\u00f3w podstawowych element\u00f3w elektronicznych, takich jak tranzystory, diody, rezystory, kondensatory. W czerwcu tego roku nauka \u201escala\u0107\u201d b\u0119dzie \u2013 uczelnie i nasz region.<br \/>\nWida\u0107 to b\u0119dzie ju\u017c w poniedzia\u0142ek podczas uroczystej inauguracji na Politechnice Bia\u0142ostockiej o godz. 14:00. Ze wsp\u00f3lnym wyk\u0142adem wyst\u0105pi\u0105 naukowcy z Politechniki Bia\u0142ostockiej, Uniwersytetu Medycznym w Bia\u0142ymstoku i Uniwersytetu w Bia\u0142ymstoku. W programie tak\u017ce koncertu Ch\u00f3ru Politechniki Bia\u0142ostockiej oraz wystawa fotografii przyrodniczych \u201ePasja scala\u201d.<\/p>\n<h3>Wyk\u0142ad inauguracyjny \u201eNauka w lesie\u201d<\/h3>\n<p>\u201eNauka w lesie\u201d \u2013 tytu\u0142 wyk\u0142adu, kt\u00f3ry zostanie zaprezentowany podczas inauguracji tegorocznego Podlaskiego Festiwalu Nauki i Sztuki jest przewrotny. Przecie\u017c przys\u0142owie ludowe m\u00f3wi raczej, \u017ce \u201enauka w las nie wiedzie, a z lasu wyprowadza\u201d&#8230;<br \/>\nWi\u0119kszo\u015b\u0107 z nas postrzega las jako przeciwie\u0144stwo uporz\u0105dkowanej cywilizacji oraz samo odradzaj\u0105cy si\u0119 organizm, kt\u00f3ry jest oaz\u0105 dziko\u015bci. Tymczasem las w antropocenie, czyli epoce cz\u0142owieka, zmienia swoj\u0105 funkcj\u0119. Zmienia si\u0119 te\u017c jego odbi\u00f3r spo\u0142eczny. Nasza wiedza o lesie ewoluuje. Sensacji i prze\u0142omowych odkry\u0107 poszukujemy zwykle w kosmosie lub fizyce molekularnej, tymczasem r\u00f3wnie zaskakuj\u0105cym \u015brodowiskiem mo\u017ce by\u0107\u2026 las.<br \/>\nO tym, czym jest las, o mechanizmach wsp\u00f3\u0142bytowania organizm\u00f3w tworz\u0105cych to \u015brodowisko i strategiach przetrwania r\u00f3\u017cnych organizm\u00f3w podczas wyk\u0142adu m\u00f3wi\u0107 b\u0119dzie dr hab. i\u017c. S\u0142awomir Bakier prof. PB. Dziekan Zamiejscowego Wydzia\u0142u Le\u015bnego Politechniki Bia\u0142ostockiej w Hajn\u00f3wce poka\u017ce bogactwo Puszczy Bia\u0142owieskiej i sposoby, w jaki ludzie mog\u0105 z niego korzysta\u0107. Szczeg\u00f3ln\u0105 uwag\u0119 po\u015bwi\u0119ci grzybom, o kt\u00f3rych jak dot\u0105d wiemy najmniej. Prof. Bakier udowodni s\u0142uchaczom, \u017ce grzyby wsp\u00f3lnie z drzewami tworz\u0105 swoisty \u201einternet le\u015bny\u201d: \u201eforest network\u201d. Opowie te\u017c o pozyskiwaniu substancji leczniczych z grzyb\u00f3w Puszczy Bia\u0142owieskiej. Przedstawi obiecuj\u0105ce wyniki bada\u0144, kt\u00f3re wsp\u00f3lnie prowadz\u0105 naukowcy z Politechniki Bia\u0142ostockiej i Uniwersytetu Medycznego w Bia\u0142ymstoku.<br \/>\nWyk\u0142ad prof. S\u0142awomira Bakiera powsta\u0142 we wsp\u00f3\u0142pracy z prof. dr hab. Halin\u0105 Car, kierownik Zak\u0142adu Farmakologii Do\u015bwiadczalnej Wydzia\u0142u Nauk o Zdrowiu na Uniwersytecie Medycznym w Bia\u0142ymstoku oraz prof. dr hab. Izabel\u0105 \u015awi\u0119cick\u0105, prorektor ds. nauki Uniwersytetu w Bia\u0142ymstoku, kierownik Zak\u0142adu Mikrobiologii w Instytucie Biologii.<\/p>\n<h3>Koncert Ch\u00f3ru Politechniki Bia\u0142ostockiej<\/h3>\n<p>Specjalny koncert na inauguracj\u0119 Podlaskiego Festiwalu Nauki i Sztuki przygotowuje Ch\u00f3r Politechniki Bia\u0142ostockiej. Ch\u00f3rzyst\u00f3w poprowadzi niezast\u0105piona prof. Wioletta Mi\u0142kowska. To utytu\u0142owany, koncertuj\u0105cy w kraju i za granic\u0105 zesp\u00f3\u0142 artyst\u00f3w, kt\u00f3ry lubi zaskakiwa\u0107 publiczno\u015b\u0107.<br \/>\nW poniedzia\u0142ek, 4 czerwca, za\u015bpiewaj\u0105 przy akompaniamencie muzyk\u00f3w Opery i Filharmonii Podlaskiej utwory: \u201cWhen You Believe\u201d Stephena Schwartza (przeb\u00f3j z filmu \u201eKsi\u0105\u017c\u0119 Egiptu\u201d); \u201eBaba Yetu\u201d Christophera Tina \u2013 utw\u00f3r, kt\u00f3ry zosta\u0142 u\u017cyty w grze komputerowej Civilization IV; \u201eWhat a wonderful world\u201d George\u2019a Weissa i Boba Thiele; \u201e(Somewhere) Over The Rainbow\u201d Harolda Arlena, czyli piosenk\u0119 filmow\u0105 nagrodzon\u0105 Oskarem, a tak\u017ce muzyczne obrazy inspirowane tw\u00f3rczo\u015bci\u0105 Gershwina w aran\u017cacji Mac Huff\u2019a.<\/p>\n<h3>Wystawa \u201ePasja Scala\u201d<\/h3>\n<p>\u0141\u0105czy ich pasja do fotografii, mi\u0142o\u015b\u0107 do Podlasia oraz\u2026 miejsce pracy. Podczas w\u0119dr\u00f3wek po regionie powsta\u0142y niezwyk\u0142e uj\u0119cia, kt\u00f3re b\u0119dziemy mogli obejrze\u0107 na holu przed aul\u0105 Wydzia\u0142u Elektrycznego, gdzie odbywa\u0107 si\u0119 b\u0119dzie inauguracja Festiwalu.<br \/>\nNa wystaw\u0119 \u201ePasja scala\u201d z\u0142o\u017cy\u0142y si\u0119 zdj\u0119cia wykonane przez Wiolett\u0119 Omelianiuk, Halin\u0119 Bramsk\u0105, Marcina Dominowa, Macieja \u015aleszy\u0144skiego, Jacka Struka, Dana Wo\u0142kowyckiego i Paw\u0142a Tadejk\u0119.&nbsp;Autorzy fotografii zgodnie twierdz\u0105, \u017ce fotografia i obserwacja przyrody daje im wiele rado\u015bci. My cieszymy si\u0119, \u017ce z okazji XVI Podlaskiego Festiwalu Nauki i Sztuki zechcieli podzieli\u0107 si\u0119 owocami swojej pasji.<\/p>\n<h3>XVI Podlaski Festiwal Nauki i Sztuki<\/h3>\n<p>Pod has\u0142em \u201eNauka scala\u201d Podlaski Festiwal Nauki i Sztuki zintegrowa\u0142 trzy miasta: Bia\u0142ystok, \u0141om\u017c\u0119 i Suwa\u0142ki oraz dzia\u0142aj\u0105ce w nich uczelnie i instytucje kultury. Tym samym sta\u0142 si\u0119 najwi\u0119ksz\u0105 imprez\u0105 naukowo-kulturaln\u0105 w naszym regionie.<br \/>\nGor\u0105co zach\u0119camy do spotka\u0144 z naszymi naukowcami, do udzia\u0142u w prezentacjach, warsztatach i pokazach. W ramach XVI Podlaskiego Festiwalu Nauki i Sztuki przygotowali\u015bmy oko\u0142o 600 atrakcyjnych propozycji. We wtorek Festiwal go\u015bci\u0107 b\u0119dzie w \u0141om\u017cy, we \u015brod\u0119 \u2013 w Suwa\u0142kach. W czwartek i pi\u0105tek drzwi otwieraj\u0105 podlaskie uczelnie i zapraszaj\u0105 na eksperymenty, wyk\u0142ady, warsztaty. W sobot\u0119 \u2013 Rodzinny Piknik Naukowy na Stadionie Miejskim w Bia\u0142ymstoku.<br \/>\nWst\u0119p na wszystkie imprezy jest bezp\u0142atny. Ci\u0105gle mo\u017cna rejestrowa\u0107 si\u0119 na festiwalowe imprezy. Zapraszamy na stron\u0119 www.podlaskifestiwal.pl\/podlaskifestiwal-2<\/p>\n<h3>Do zobaczenia na XVI Podlaskim Festiwalu Nauki i Sztuki!<\/h3>\n<p>XVI Podlaski Festiwal Nauki i Sztuki<br \/>\n4 czerwca Bia\u0142ystok \u2013 inauguracja XVI Podlaskiego Festiwalu Nauki i Sztuki na Wydziale Elektrycznym Politechnice Bia\u0142ostockiej, godz. 14:00,<br \/>\n5 czerwca \u2013 Pa\u0144stwowa Wy\u017csza Szko\u0142a Informatyki i Przedsi\u0119biorczo\u015bci przy ul. Akademickiej 1 w \u0141om\u017cy<br \/>\n6 czerwca\u2013 Park Naukowo-Technologiczny przy ul. Innowacyjnej 1 w Suwa\u0142kach<br \/>\n7-8 czerwca \u2013 prezentacje w uczelniach i instytucjach partnerskich w Bia\u0142ymstoku, \u0141om\u017cy i Suwa\u0142kach,<br \/>\n9 czerwca \u2013 Rodzinny Piknik Naukowy na Stadionie Miejskim przy ul. S\u0142onecznej 1 w Bia\u0142ymstoku.<\/p>\n","protected":false},"excerpt":{"rendered":"<p>XVI Podlaski Festiwal Nauki i Sztuki rozpoczyna si\u0119&nbsp;w poniedzia\u0142ek, 4 czerwca XVI Podlaski Festiwal Nauki i Sztuki organizuj\u0105 wsp\u00f3lnie podlaskie uczelnie oraz samorz\u0105dy Bia\u0142egostoku, \u0141om\u017cy i Suwa\u0142k, bo tegoroczne has\u0142o wydarzenia to: \u201eNauka scala\u201d. 60 lat temu zosta\u0142y zaprojektowane i zbudowane pierwsze dzia\u0142aj\u0105ce modele uk\u0142ad\u00f3w scalonych. Dokona\u0142 tego Jack Kilby ameryka\u0144ski in\u017cynier, laureat Nagrody Nobla [&hellip;]<\/p>\n","protected":false},"author":2,"featured_media":2304,"comment_status":"open","ping_status":"open","sticky":false,"template":"","format":"standard","meta":{"ngg_post_thumbnail":0,"footnotes":""},"categories":[1],"tags":[],"class_list":["post-2281","post","type-post","status-publish","format-standard","has-post-thumbnail","hentry","category-uncategorized"],"_links":{"self":[{"href":"https:\/\/podlaskifestiwal.pl\/2018\/wp-json\/wp\/v2\/posts\/2281","targetHints":{"allow":["GET"]}}],"collection":[{"href":"https:\/\/podlaskifestiwal.pl\/2018\/wp-json\/wp\/v2\/posts"}],"about":[{"href":"https:\/\/podlaskifestiwal.pl\/2018\/wp-json\/wp\/v2\/types\/post"}],"author":[{"embeddable":true,"href":"https:\/\/podlaskifestiwal.pl\/2018\/wp-json\/wp\/v2\/users\/2"}],"replies":[{"embeddable":true,"href":"https:\/\/podlaskifestiwal.pl\/2018\/wp-json\/wp\/v2\/comments?post=2281"}],"version-history":[{"count":2,"href":"https:\/\/podlaskifestiwal.pl\/2018\/wp-json\/wp\/v2\/posts\/2281\/revisions"}],"predecessor-version":[{"id":2284,"href":"https:\/\/podlaskifestiwal.pl\/2018\/wp-json\/wp\/v2\/posts\/2281\/revisions\/2284"}],"wp:featuredmedia":[{"embeddable":true,"href":"https:\/\/podlaskifestiwal.pl\/2018\/wp-json\/wp\/v2\/media\/2304"}],"wp:attachment":[{"href":"https:\/\/podlaskifestiwal.pl\/2018\/wp-json\/wp\/v2\/media?parent=2281"}],"wp:term":[{"taxonomy":"category","embeddable":true,"href":"https:\/\/podlaskifestiwal.pl\/2018\/wp-json\/wp\/v2\/categories?post=2281"},{"taxonomy":"post_tag","embeddable":true,"href":"https:\/\/podlaskifestiwal.pl\/2018\/wp-json\/wp\/v2\/tags?post=2281"}],"curies":[{"name":"wp","href":"https:\/\/api.w.org\/{rel}","templated":true}]}}