{"id":2254,"date":"2018-05-28T13:28:48","date_gmt":"2018-05-28T13:28:48","guid":{"rendered":"http:\/\/podlaskifestiwal.pl\/podlaskifestiwal-2\/?p=2254"},"modified":"2018-05-29T10:56:52","modified_gmt":"2018-05-29T10:56:52","slug":"rejestracja-na-imprezy-festiwalowe-przedluzona","status":"publish","type":"post","link":"https:\/\/podlaskifestiwal.pl\/2018\/rejestracja-na-imprezy-festiwalowe-przedluzona\/","title":{"rendered":"Rejestracja na imprezy festiwalowe przed\u0142u\u017cona!"},"content":{"rendered":"<p><strong>W zwi\u0105zku z du\u017cym zainteresowaniem udzia\u0142em w prezentacjach (w szczeg\u00f3lno\u015bci grup zorganizowanych) a tak\u017ce wolnymi miejscami na wybrane imprezy festiwalowe przed\u0142u\u017camy rejestracj\u0119 do 4 czerwca.<\/strong><\/p>\n<p>XVI Podlaski Festiwal Nauki i Sztuki to w sumie kilkaset propozycji, m.in. warsztat\u00f3w, pokaz\u00f3w, wyk\u0142ad\u00f3w i do\u015bwiadcze\u0144. Przez ca\u0142y tydzie\u0144 naukowcy z uczelni w Bia\u0142ymstoku, \u0141om\u017cy i Suwa\u0142kach b\u0119d\u0105 pokazywa\u0107 festiwalowej publiczno\u015bci \u015bwiat pe\u0142en fascynuj\u0105cych zjawisk. To przygoda, kt\u00f3r\u0105 mo\u017ce prze\u017cy\u0107 ka\u017cdy, niezale\u017cnie od wieku i posiadanej wiedzy.<\/p>\n<p><strong>We wtorek, 5 czerwca, w ramach prezentacji <\/strong><strong>XVI Podlaskiego Festiwalu Nauki i Sztuki w \u0141om\u017cy<\/strong> mo\u017cna zapisywa\u0107 si\u0119 m.in. na zwiedzanie wystawy Centrum Nauki Kopernik, warsztaty przyrodnicze \u201eWoda \u017ar\u00f3d\u0142em wszelkiego \u017cycia\u201d, \u201eCzy warzywa i owoce maj\u0105 DNA?\u201d, pierwsze spotkania z robotyk\u0105, \u201e\u017bywno\u015b\u0107 kolorowa i \u017cywno\u015b\u0107 w tabletkach\u201d czy warsztat z aktywnym udzia\u0142em publiczno\u015bci \u201eDlaczego chrupki chrupi\u0105? \u2013 produkcja chrupek kukurydzianych metod\u0105 ekstruzji\u201d. Wolne miejsca s\u0105 jeszcze na wyk\u0142ady \u201eNajstarsze, najwi\u0119ksze, najs\u0142ynniejsze drzewa w Polsce i na \u015bwiecie\u201d, \u201eZasady zdrowego od\u017cywiania w modelowaniu cia\u0142a\u201d,&nbsp; \u201eMatematyka w kryminologii? W psychologii? TAK!\u201d.<\/p>\n<p><strong>W \u015brod\u0119, 6 czerwca, w Parku Naukowo-Technologicznego w Suwa\u0142kach<\/strong> czekamy jeszcze na zg\u0142oszenia uczestnik\u00f3w warsztat\u00f3w \u201eMa\u0142y ekologiczny dom\u201d, \u201eKosmetolog, kosmetyczka czy lekarz\u201d, wyk\u0142adu \u201eWiele twarzy Ameryki\u201d oraz do\u015bwiadcze\u0144 polegaj\u0105cych na analizie sk\u0142adu cia\u0142a.<\/p>\n<p><b><strong>7 czerwca, w czwartek,&nbsp;<\/strong><\/b>zapraszamy ch\u0119tnych&nbsp;do udzia\u0142u w prezentacjach na Politechnice Bia\u0142ostockiej. Wolne miejsca s\u0105 m.in. na pokazy programowania robot\u00f3w przemys\u0142owych i zwiedzania zrobotyzowanej linii produkcyjnej, warsztaty \u201e\u015awiat w zwolnionym tempie\u201d, wyk\u0142ad \u201eMiasta przysz\u0142o\u015bci\u201d na Wydziale Architektury lub podyskutowa\u0107 na Wydziale Budownictwa i In\u017cynierii \u015arodowiska o tym, jak mog\u0105 wygl\u0105da\u0107 przystanki autobusowe (Zatrzymaj si\u0119. Jaki ciekawy przystanek). Mo\u017cna rejestrowa\u0107 si\u0119 jeszcze na zaj\u0119cia z prezentacji Bolid\u00f3w CMS czy te\u017c na prezentacj\u0119, kt\u00f3ra obejmie pomiar geometrii uk\u0142adu jezdnego urz\u0105dzeniem wykorzystuj\u0105cym w dzia\u0142aniu technik\u0119 3D (Pomiar geometrii uk\u0142adu jezdnego pojazdu).&nbsp;<br \/>\nWy\u017csza Szko\u0142a Finans\u00f3w i Zarz\u0105dzania w tym dniu ma jeszcze wolne miejsca m.in. na warsztaty \u201eTw\u00f3j Ekologiczny Odcisk Stopy\u201d lub warsztat \u201eSI\u0141OWNIA UMYS\u0141U \u201eJak zwi\u0119kszy\u0107 potencja\u0142 twojego m\u00f3zgu? \u2013 siedem krok\u00f3w do genialno\u015bci na co dzie\u0144\u201d.<br \/>\nUniwersytet w Bia\u0142ymstoku zaprasza jeszcze na warsztat \u201eZabawy muzyczno \u2013 ruchowe w edukacji przedszkolnej i wczesnoszkolnej\u201d \u2013 wolny termin 7 czerwca o godzinie 15.30. Rejestracji nie wymaga udzia\u0142 w wyk\u0142adzie z aktywnym wydzia\u0142em \u201eMatematyka w kryminologii? W psychologii? \u2013 Tak\u201d.<\/p>\n<p><strong>8 czerwca, w pi\u0105tek, <\/strong>mo\u017cna zapisa\u0107 si\u0119 jeszcze na&nbsp;warsztaty dla uczni\u00f3w szko\u0142y podstawowej kl. 1-3 ze sztuki ozdabiania przedmiot\u00f3w technik\u0105 decoupage, a tak\u017ce warsztaty sensoryczne dla&nbsp;przedszkolak\u00f3w. Obie imprezy organizuje Niepa\u0144stwowa Wy\u017csza Szko\u0142a Pedagogiczna w Bia\u0142ymstoku. W Bibliotece Politechniki Bia\u0142ostockiej mo\u017cna o 11 nauczy\u0107 si\u0119 sk\u0142ada\u0107 strony ksi\u0105\u017cki technik\u0105 origami. Na Uniwersytecie w Bia\u0142ymstoku s\u0105 miejsca na warsztaty z krystalografii, podczas kt\u00f3rych uczestnicy samodzielnie podejm\u0105 pr\u00f3by krystalizacji r\u00f3\u017cnych bia\u0142ek z zastosowaniem podstawowych technik, nast\u0119pnie kryszta\u0142y b\u0119d\u0105 ogl\u0105dane i analizowane pod mikroskopem.<\/p>\n<p>Zach\u0119camy do odnalezienia w programie&nbsp;XVI Podlaskiego Festiwalu Nauki i Sztuki imprez, kt\u00f3re Pa\u0144stwa zainteresuj\u0105.<\/p>\n<h4>Nie czekaj, zarejestruj si\u0119 ju\u017c dzi\u015b!<\/h4>\n<p>&nbsp;<\/p>\n<p><a href=\"http:\/\/podlaskifestiwal.pl\/podlaskifestiwal-2\/program\/lista-imprez\/\"><img loading=\"lazy\" decoding=\"async\" class=\"alignleft size-full wp-image-2270\" src=\"http:\/\/podlaskifestiwal.pl\/wp-content\/uploads\/sites\/2\/2018\/05\/Lista-imprez.jpg\" alt=\"\" width=\"177\" height=\"57\"><\/a><\/p>\n<p>&nbsp;<\/p>\n<p>&nbsp;<\/p>\n<h4>&nbsp;<\/h4>\n<p>&nbsp;<\/p>\n<p>&nbsp;<\/p>\n<p>&nbsp;<\/p>\n<p>&nbsp;<\/p>\n<p><strong>&nbsp;<\/strong><\/p>\n<p>&nbsp;<\/p>\n<p>&nbsp;<\/p>\n","protected":false},"excerpt":{"rendered":"<p>W zwi\u0105zku z du\u017cym zainteresowaniem udzia\u0142em w prezentacjach (w szczeg\u00f3lno\u015bci grup zorganizowanych) a tak\u017ce wolnymi miejscami na wybrane imprezy festiwalowe przed\u0142u\u017camy rejestracj\u0119 do 4 czerwca. XVI Podlaski Festiwal Nauki i Sztuki to w sumie kilkaset propozycji, m.in. warsztat\u00f3w, pokaz\u00f3w, wyk\u0142ad\u00f3w i do\u015bwiadcze\u0144. Przez ca\u0142y tydzie\u0144 naukowcy z uczelni w Bia\u0142ymstoku, \u0141om\u017cy i Suwa\u0142kach b\u0119d\u0105 pokazywa\u0107 [&hellip;]<\/p>\n","protected":false},"author":2,"featured_media":2255,"comment_status":"open","ping_status":"open","sticky":false,"template":"","format":"standard","meta":{"ngg_post_thumbnail":0,"footnotes":""},"categories":[1],"tags":[],"class_list":["post-2254","post","type-post","status-publish","format-standard","has-post-thumbnail","hentry","category-uncategorized"],"_links":{"self":[{"href":"https:\/\/podlaskifestiwal.pl\/2018\/wp-json\/wp\/v2\/posts\/2254","targetHints":{"allow":["GET"]}}],"collection":[{"href":"https:\/\/podlaskifestiwal.pl\/2018\/wp-json\/wp\/v2\/posts"}],"about":[{"href":"https:\/\/podlaskifestiwal.pl\/2018\/wp-json\/wp\/v2\/types\/post"}],"author":[{"embeddable":true,"href":"https:\/\/podlaskifestiwal.pl\/2018\/wp-json\/wp\/v2\/users\/2"}],"replies":[{"embeddable":true,"href":"https:\/\/podlaskifestiwal.pl\/2018\/wp-json\/wp\/v2\/comments?post=2254"}],"version-history":[{"count":8,"href":"https:\/\/podlaskifestiwal.pl\/2018\/wp-json\/wp\/v2\/posts\/2254\/revisions"}],"predecessor-version":[{"id":2272,"href":"https:\/\/podlaskifestiwal.pl\/2018\/wp-json\/wp\/v2\/posts\/2254\/revisions\/2272"}],"wp:featuredmedia":[{"embeddable":true,"href":"https:\/\/podlaskifestiwal.pl\/2018\/wp-json\/wp\/v2\/media\/2255"}],"wp:attachment":[{"href":"https:\/\/podlaskifestiwal.pl\/2018\/wp-json\/wp\/v2\/media?parent=2254"}],"wp:term":[{"taxonomy":"category","embeddable":true,"href":"https:\/\/podlaskifestiwal.pl\/2018\/wp-json\/wp\/v2\/categories?post=2254"},{"taxonomy":"post_tag","embeddable":true,"href":"https:\/\/podlaskifestiwal.pl\/2018\/wp-json\/wp\/v2\/tags?post=2254"}],"curies":[{"name":"wp","href":"https:\/\/api.w.org\/{rel}","templated":true}]}}