{"id":2208,"date":"2018-05-21T17:19:33","date_gmt":"2018-05-21T17:19:33","guid":{"rendered":"http:\/\/podlaskifestiwal.pl\/podlaskifestiwal-2\/?p=2208"},"modified":"2018-06-12T09:29:29","modified_gmt":"2018-06-12T09:29:29","slug":"organizatorzy-o-festiwalu-ktory-rozpocznie-sie-juz-4-czerwca","status":"publish","type":"post","link":"https:\/\/podlaskifestiwal.pl\/2018\/organizatorzy-o-festiwalu-ktory-rozpocznie-sie-juz-4-czerwca\/","title":{"rendered":"Organizatorzy o festiwalu, kt\u00f3ry rozpocznie si\u0119 ju\u017c 4 czerwca&#8230;"},"content":{"rendered":"<p><strong>&nbsp;21 maja, podczas spotkania na Politechnice Bia\u0142ostockiej, organizatorzy opowiedzieli o najwi\u0119kszych atrakcjach festiwalu, kt\u00f3ry rozpocznie si\u0119 ju\u017c 4 czerwca.<\/strong><\/p>\n<p>Ju\u017c po raz 16. szko\u0142y wy\u017csze wojew\u00f3dztwa podlaskiego zjednocz\u0105 si\u0142y, aby pokaza\u0107, jak ciekawa i pasjonuj\u0105ca mog\u0105 by\u0107 nauka i sztuka. W organizacj\u0119 tegorocznej edycji Podlaskiego Festiwalu Nauki i Sztuki w\u0142\u0105czy\u0142o si\u0119 14 szk\u00f3\u0142 wy\u017cszych a tak\u017ce instytucje edukacyjne, artystyczne i sportowe oraz samorz\u0105dy Bia\u0142egostoku, \u0141om\u017cy i Suwa\u0142k. Koordynatorem XVI PFNiS jest Politechnika Bia\u0142ostocka.<\/p>\n<p>O instytucjach, kt\u00f3re w\u0142\u0105czy\u0142y si\u0119 w organizacj\u0119 wydarzenia i od\u015bwie\u017conej formule Podlaskiego Festiwalu Nauki i Sztuki m\u00f3wi\u0142 jego g\u0142\u00f3wny koordynator prof. Andrzej Sikorski, Prorektor ds. Nauki Politechniki Bia\u0142ostockiej: <em>Pod has\u0142em \u201enauka scala\u201d chcemy zjednoczy\u0107 tw\u00f3rc\u00f3w nauki i sztuki oraz jej odbiorc\u00f3w. Dzi\u0119ki aktywnej wsp\u00f3\u0142pracy z prezydentami Bia\u0142egostoku, \u0141om\u017cy i Suwa\u0142k tegoroczny Festiwal obejmie te trzy miasta. Naszymi partnerami zosta\u0142y Pa\u0144stwowa Wy\u017csza Szko\u0142a Zawodowa w Suwa\u0142kach oraz Pa\u0144stwowa Wy\u017csza Szko\u0142a Informatyki i Przedsi\u0119biorczo\u015bci w \u0141om\u017cy \u2013 obie uczelnie wsp\u00f3lnie z w\u0142adzami samorz\u0105dowymi przygotowuj\u0105 po kilkadziesi\u0105t wydarze\u0144 festiwalowych w ka\u017cdym z miast. Cieszymy si\u0119 te\u017c z do\u0142\u0105czenia do grona organizator\u00f3w Festiwalu Stadionu Miejskiego w Bia\u0142ymstoku, Galerii Arsena\u0142 oraz Opery i Filharmonii Podlaskiej \u2013 Europejskiego Centrum Sztuki w Bia\u0142ymstoku. Dzi\u0119ki tym partnerom wydarzenie zyska\u0142o artystyczny charakter. <\/em><\/p>\n<p>XVI Podlaski Festiwal Nauki i Sztuki rozpocznie si\u0119 4 czerwca o 14:00 uroczyst\u0105 gal\u0105 i wyk\u0142adem na Politechnice Bia\u0142ostockiej. 5 czerwca przeniesie si\u0119 do Pa\u0144stwowej Wy\u017cszej Szko\u0142y Informatyki i Przedsi\u0119biorczo\u015bci przy ul. Akademickiej 1 w \u0141om\u017cy. Dr Dariusz Per\u0142o, Prorektor ds. Dydaktyki i Spraw Studenckich PWSIiP zaprasza\u0142: <em>W nowoczesnym budynku Wydzia\u0142u Informatyki i Nauki o \u017bywno\u015bci oferujemy edukacj\u0119 praktyczn\u0105 i takie b\u0119d\u0105 nasze prezentacje. Przygotowali\u015bmy oko\u0142o 50 prezentacji, w\u015br\u00f3d nich pokaz produkcji chrupek kukurydzianych. Zaprosili\u015bmy te\u017c wystaw\u0119 z warszawskiego Centrum Nauki Kopernik. <\/em><\/p>\n<p>W \u0141om\u017cy zaprezentuj\u0105 si\u0119 tak\u017ce Politechnika Bia\u0142ostocka, Uniwersytet w Bia\u0142ymstoku, Uniwersytet Medyczny w Bia\u0142ymstoku, Wy\u017csza Szko\u0142a Medyczna w Bia\u0142ymstoku, Wy\u017csza Szko\u0142a Ekonomiczna w Bia\u0142ymstoku.<\/p>\n<p>W \u015brod\u0119, 6 czerwca Festiwal przeniesie si\u0119 do Parku Naukowo-Technologicznego przy ul. Innowacyjnej 1 w Suwa\u0142kach. Na przygotowane tu przez uczelnie atrakcje dzieci i m\u0142odzie\u017c szkoln\u0105 b\u0119dzie dowozi\u0142 autobus miejski.<\/p>\n<p>7-8 czerwca to bia\u0142ostockie dni Festiwalu. W czwartek i pi\u0105tek swoje pracownie, laboratoria i sale wyk\u0142adowe otworz\u0105 dla publiczno\u015bci uczelnie i instytucje kulturalne. Do wyboru jest prawie 400 wyk\u0142ad\u00f3w, warsztat\u00f3w i wydarze\u0144.<\/p>\n<p>Dziekan Wydzia\u0142u Farmaceutycznego Uniwersytetu Medycznego w Bia\u0142ymstoku, dr hab. Wojciech Miltyk: <em>Cz\u0119\u015b\u0107 naszych spotka\u0144 b\u0119dzie odbywa\u0142a si\u0119 w \u0141om\u017cy i Suwa\u0142kach, ale wi\u0119kszo\u015b\u0107 naszych dzia\u0142a\u0144 b\u0119dzie skumulowana 7 czerwca w Dniu Otwartym. Na dziedzi\u0144cu Pa\u0142acu Branickich b\u0119dzie dzia\u0142o si\u0119 najwi\u0119cej. Ale zach\u0119cam Pa\u0144stwa do wizyt tak\u017ce w laboratoriach \u2013 udost\u0119pniamy wszystkie wydzia\u0142y. Ch\u0119tni b\u0119d\u0105 mogli odwiedzi\u0107 Centrum Symulacji Medycznych czy szpitalnych oddzia\u0142\u00f3w ratunkowych. Tych spotka\u0144 b\u0119dzie bardzo wiele\u2026<\/em><\/p>\n<p>Dr hab. Aneta D. Petelska z Instytutu Chemii Uniwersytetu w Bia\u0142ymstoku: <em>W pi\u0105tek 8 czerwca otworzymy swoje laboratoria i pracownie przed wszystkimi, kt\u00f3rzy s\u0105 ciekawi, jak pracujemy na co dzie\u0144. Uniwersytet w Bia\u0142ymstoku przygotowa\u0142 ponad 100 pokaz\u00f3w i warsztat\u00f3w naukowych. Ale b\u0119d\u0105 te\u017c ciekawe imprezy o charakterze artystycznym i spo\u0142ecznym: koncert \u201eM\u0142ynarski i smaki PRL-u\u201d, spektakl profilaktyczny \u201eInna Bajka\u201d na podstawie ba\u015bni \u201eDziewczynka z Zapa\u0142kami\u201d przeniesionej do czas\u00f3w wsp\u00f3\u0142czesnych. Zapraszamy te\u017c na spektakl \u201eBie\u017cenki\u201d na podstawie ksi\u0105\u017cki Anety Prymaki-Oniszk o wojennych uchod\u017acach.<\/em><\/p>\n<p>Festiwalowi towarzyszy\u0107 b\u0119dzie konferencja \u201eCz\u0142owiek a sztuczna inteligencja\u201d organizowana przez Archidiecezjalne Wy\u017csze Seminarium Duchowne w Bia\u0142ymstoku we wsp\u00f3\u0142pracy z Wy\u017csz\u0105 Szko\u0142\u0105 Medyczn\u0105, Uniwersytetem Medycznym i Politechnik\u0105 Bia\u0142ostock\u0105 (7 czerwca). <em>Do udzia\u0142u w konferencji zaprosili\u015bmy wybitnych ekspert\u00f3w w dziedzinie bioetyki i kognitywistyk\u00f3w. Zapraszam do wys\u0142uchania ich debaty<\/em> \u2013&nbsp; zach\u0119ca\u0142 prof. Lech Chyczewski, rektor Wy\u017cszej Szko\u0142y Medycznej w Bia\u0142ymstoku.<\/p>\n<p>W ramach Festiwalu niezwyk\u0142\u0105 wystaw\u0119 \u0142\u0105cz\u0105c\u0105 nauk\u0119 i sztuk\u0119 przygotowuje Galeria Arsena\u0142 w Bia\u0142ymstoku \u2013 wernisa\u017c 8 czerwca. Instalacja Zbigniewa Oksiuty pt. \u201ePrace i zbiory. Mi\u0119dzy sztuk\u0105, architektur\u0105 i nauk\u0105\u201d powstaje we wsp\u00f3\u0142pracy z Politechnik\u0105 Bia\u0142ostock\u0105 oraz Uniwersytetem w Bia\u0142ymstoku. Tego samego dnia wieczorem w hali Wydzia\u0142u Architektury odb\u0119dzie si\u0119&nbsp; koncert, performens d\u017awi\u0119kowy formacji artystycznej ,,Muzyka pustki \u2013 Ex Nihilo\u201d, w wykonaniu Ryszarda \u0141ugowskiego i Pauliny Sylwestrowicz.<\/p>\n<p>Program XVI Podlaskiego Festiwalu Nauki i Sztuki jest bardzo bogaty, obejmuje w sumie prawie 600 zr\u00f3\u017cnicowanych tematycznie i pod wzgl\u0119dem formy imprez. Wszystkie zosta\u0142y zebrane na stronie internetowej www.podlaskifestiwal.pl\/podlaskifestiwal-2. Na wiele z nich \u2013 ze wzgl\u0119d\u00f3w organizacyjnych \u2013 obowi\u0105zuje elektroniczna rejestracja.<\/p>\n<p>Zapisywa\u0107 nie trzeba si\u0119 jednak na Rodzinny Piknik Naukowy, kt\u00f3ry odb\u0119dzie si\u0119 9 czerwca na Stadionie Miejskim przy ul. S\u0142onecznej 1 w Bia\u0142ymstoku.<\/p>\n<p>Wiceprezydent Bia\u0142egostoku Rafa\u0142 Rudnicki: <em>Zale\u017cy nam, \u017ceby Stadion o\u017cywa\u0142 nie tylko podczas imprez zwi\u0105zanych z pi\u0142k\u0105 no\u017cn\u0105. <\/em><\/p>\n<p>Podczas Rodzinnego Pikniku Naukowego b\u0119dzie mo\u017cna eksperymentowa\u0107, odkrywa\u0107 i poznawa\u0107 \u015bwiat nauki. Specjalne stoiska przygotowuj\u0105 uczelnie. Atrakcj\u0105 b\u0119dzie tak\u017ce interaktywna wystawa matematyczna \u201eWszystko jest\u2026 liczb\u0105\u201d. Pod tym tytu\u0142em kryje si\u0119 projekt popularyzuj\u0105cy matematyk\u0119 i przekonanie, \u017ce matematyka towarzyszy nam we wszystkich aspektach naszego \u017cycia. Wystawa podzielona jest na dwie cz\u0119\u015bci: \u201eLiczby s\u0105 wsz\u0119dzie\u201d oraz \u201e\u015awiat geometrii\u201d. W ka\u017cdej cz\u0119\u015bci eksponaty interaktywne skupione s\u0105 w tzw. wyspy tematyczne. Po wystawie oprowadza\u0107 b\u0119d\u0105 specjalnie przeszkolone osoby, by wyja\u015bnia\u0107 matematyczne zagadki. Ekspozycja stworzona zosta\u0142a przez Muzeum Uniwersytetu Jagiello\u0144skiego, autorem i kuratorem jest dr&nbsp;Maciej Kluza. Warto doda\u0107, \u017ce ta wystawa dost\u0119pna jest teraz w Centrum Nowoczesnego Kszta\u0142cenia Politechniki Bia\u0142ostockiej dla grup zorganizowanych tak\u017ce dzi\u0119ki wsparciu Prezydenta Bia\u0142egostoku. Podczas Pikniku Naukowego na stadionie miejskim matematyki \u201edotkn\u0105\u0107\u201d b\u0119dzie m\u00f3g\u0142 ka\u017cdy. Odb\u0119d\u0105 si\u0119 tak\u017ce pokazy judo, akademickie rozgrywki pi\u0142karskie, najm\u0142odszych zapraszamy tak\u017ce na treningi pi\u0142karskie i na dmuchany plac zabaw. Dru\u017cyna Lowlanders zaprezentuje futbol ameryka\u0144ski. Niespodziank\u0119 przygotowuje tak\u017ce Ch\u00f3r Politechniki Bia\u0142ostockiej, a tak\u017ce Opera i Filharmonia Podlaska.<\/p>\n<p>&nbsp;<\/p>\n<p><iframe style=\"border: none; margin: 0; padding: 0; display: block; overflow: hidden;\" src=\"http:\/\/platontv.pl\/play\/8236?layout=12&amp;logopos=1\" allowfullscreen=\"allowfullscreen\"><span data-mce-type=\"bookmark\" style=\"display: inline-block; width: 0px; overflow: hidden; line-height: 0;\" class=\"mce_SELRES_start\">\ufeff<\/span><\/iframe><\/p>\n","protected":false},"excerpt":{"rendered":"<p>&nbsp;21 maja, podczas spotkania na Politechnice Bia\u0142ostockiej, organizatorzy opowiedzieli o najwi\u0119kszych atrakcjach festiwalu, kt\u00f3ry rozpocznie si\u0119 ju\u017c 4 czerwca. Ju\u017c po raz 16. szko\u0142y wy\u017csze wojew\u00f3dztwa podlaskiego zjednocz\u0105 si\u0142y, aby pokaza\u0107, jak ciekawa i pasjonuj\u0105ca mog\u0105 by\u0107 nauka i sztuka. W organizacj\u0119 tegorocznej edycji Podlaskiego Festiwalu Nauki i Sztuki w\u0142\u0105czy\u0142o si\u0119 14 szk\u00f3\u0142 wy\u017cszych a [&hellip;]<\/p>\n","protected":false},"author":20,"featured_media":2210,"comment_status":"open","ping_status":"open","sticky":false,"template":"","format":"standard","meta":{"ngg_post_thumbnail":0,"footnotes":""},"categories":[1],"tags":[],"class_list":["post-2208","post","type-post","status-publish","format-standard","has-post-thumbnail","hentry","category-uncategorized"],"_links":{"self":[{"href":"https:\/\/podlaskifestiwal.pl\/2018\/wp-json\/wp\/v2\/posts\/2208","targetHints":{"allow":["GET"]}}],"collection":[{"href":"https:\/\/podlaskifestiwal.pl\/2018\/wp-json\/wp\/v2\/posts"}],"about":[{"href":"https:\/\/podlaskifestiwal.pl\/2018\/wp-json\/wp\/v2\/types\/post"}],"author":[{"embeddable":true,"href":"https:\/\/podlaskifestiwal.pl\/2018\/wp-json\/wp\/v2\/users\/20"}],"replies":[{"embeddable":true,"href":"https:\/\/podlaskifestiwal.pl\/2018\/wp-json\/wp\/v2\/comments?post=2208"}],"version-history":[{"count":5,"href":"https:\/\/podlaskifestiwal.pl\/2018\/wp-json\/wp\/v2\/posts\/2208\/revisions"}],"predecessor-version":[{"id":2858,"href":"https:\/\/podlaskifestiwal.pl\/2018\/wp-json\/wp\/v2\/posts\/2208\/revisions\/2858"}],"wp:featuredmedia":[{"embeddable":true,"href":"https:\/\/podlaskifestiwal.pl\/2018\/wp-json\/wp\/v2\/media\/2210"}],"wp:attachment":[{"href":"https:\/\/podlaskifestiwal.pl\/2018\/wp-json\/wp\/v2\/media?parent=2208"}],"wp:term":[{"taxonomy":"category","embeddable":true,"href":"https:\/\/podlaskifestiwal.pl\/2018\/wp-json\/wp\/v2\/categories?post=2208"},{"taxonomy":"post_tag","embeddable":true,"href":"https:\/\/podlaskifestiwal.pl\/2018\/wp-json\/wp\/v2\/tags?post=2208"}],"curies":[{"name":"wp","href":"https:\/\/api.w.org\/{rel}","templated":true}]}}