{"id":2133,"date":"2018-05-14T12:43:20","date_gmt":"2018-05-14T12:43:20","guid":{"rendered":"http:\/\/podlaskifestiwal.pl\/podlaskifestiwal-2\/?p=2133"},"modified":"2018-05-14T12:45:00","modified_gmt":"2018-05-14T12:45:00","slug":"rejestracja-na-wydarzenia-do-28-maja","status":"publish","type":"post","link":"https:\/\/podlaskifestiwal.pl\/2018\/rejestracja-na-wydarzenia-do-28-maja\/","title":{"rendered":"Ruszy\u0142a rejestracja na imprezy festiwalowe"},"content":{"rendered":"<p>W terminie od 14 do 28 maja mo\u017cna zarejestrowa\u0107 udzia\u0142 w wybranych imprezach&nbsp;XVI Podlaskiego Festiwalu Nauki i Sztuki.&nbsp;Gor\u0105co zach\u0119camy do spotka\u0144 z naukowcami, do udzia\u0142u w prezentacjach, warsztatach i pokazach. Przygotowali\u015bmy dla Pa\u0144stwa kilkaset atrakcyjnych propozycji. B\u0119dzie okazja, aby spojrze\u0107 na nauk\u0119 jako dost\u0119pn\u0105 i zrozumia\u0142\u0105, spotka\u0107 si\u0119 z ekspertami, a tak\u017ce zwiedzi\u0107 niedost\u0119pne na co dzie\u0144 laboratoria badawcze i pracownie. To przygoda, kt\u00f3r\u0105 mo\u017ce prze\u017cy\u0107 ka\u017cdy, niezale\u017cnie od wieku i posiadanej wiedzy.<\/p>\n<p>Wst\u0119p na imprezy XVI Podlaskiego Festiwalu Nauki i Sztuki jest&nbsp;<strong>bezp\u0142atny<\/strong>, ale ze wzgl\u0119du na ograniczon\u0105 liczb\u0119 miejsc na cz\u0119\u015b\u0107 wyk\u0142ad\u00f3w, prezentacji oraz&nbsp;warsztat\u00f3w obowi\u0105zuj\u0105 zapisy.<\/p>\n<p><a href=\"http:\/\/podlaskifestiwal.pl\/podlaskifestiwal-2\/rejestracja\/\" target=\"_blank\" rel=\"noopener\"><strong>Rejestracja<\/strong><\/a> obowi\u0105zuje wy\u0142\u0105cznie na wybrane imprezy festiwalowe w terminie 14-28 maja 2018 r.&nbsp;Po tej dacie konieczny b\u0119dzie kontakt indywidualny z koordynatorami poszczeg\u00f3lnych wydarze\u0144.<\/p>\n<p><strong>Podczas zapis\u00f3w warto skorzysta\u0107 z funkcji &#8222;dodaj do ulubionych&#8221;<\/strong>. Serduszko &#8222;dodaj do ulubionych&#8221; znajdziemy w opisie wydarzenia po prawej stronie.&nbsp;Klikaj\u0105c w serduszka dodajemy kolejne pozycje do zak\u0142adki &#8222;Tw\u00f3j plan festiwalu&#8221;. Plan mo\u017cna dowolnie modyfikowa\u0107 dodaj\u0105c lub usuwaj\u0105c z niego kolejne imprezy. Mo\u017cna go te\u017c wydrukowa\u0107 i zabra\u0107 ze sob\u0105 na festiwal \u2013 wtedy b\u0119dziemy mie\u0107 pewno\u015b\u0107,, \u017ce nie zapomnimy o \u017cadnym z interesuj\u0105cych nas wydarze\u0144. Dost\u0119p do &#8222;Tw\u00f3j plan festiwalu&#8221; u\u0142atwia te\u017c serduszko zlokalizowane w prawym g\u00f3rnym rogu strony g\u0142\u00f3wnej serwisu, tu\u017c przy okienku wyszukiwania.<\/p>\n<p><a href=\"http:\/\/podlaskifestiwal.pl\/podlaskifestiwal-2\/rejestracja\/\" target=\"_blank\" rel=\"noopener\"><strong>Przejd\u017a do strony z rejestracj\u0105 na imprezy XVI Podlaskiego Festiwalu Nauki i Sztuki<\/strong><\/a><\/p>\n","protected":false},"excerpt":{"rendered":"<p>W terminie od 14 do 28 maja mo\u017cna zarejestrowa\u0107 udzia\u0142 w wybranych imprezach&nbsp;XVI Podlaskiego Festiwalu Nauki i Sztuki.&nbsp;Gor\u0105co zach\u0119camy do spotka\u0144 z naukowcami, do udzia\u0142u w prezentacjach, warsztatach i pokazach. Przygotowali\u015bmy dla Pa\u0144stwa kilkaset atrakcyjnych propozycji. B\u0119dzie okazja, aby spojrze\u0107 na nauk\u0119 jako dost\u0119pn\u0105 i zrozumia\u0142\u0105, spotka\u0107 si\u0119 z ekspertami, a tak\u017ce zwiedzi\u0107 niedost\u0119pne na [&hellip;]<\/p>\n","protected":false},"author":2,"featured_media":2140,"comment_status":"open","ping_status":"open","sticky":false,"template":"","format":"standard","meta":{"ngg_post_thumbnail":0,"footnotes":""},"categories":[1],"tags":[],"class_list":["post-2133","post","type-post","status-publish","format-standard","has-post-thumbnail","hentry","category-uncategorized"],"_links":{"self":[{"href":"https:\/\/podlaskifestiwal.pl\/2018\/wp-json\/wp\/v2\/posts\/2133","targetHints":{"allow":["GET"]}}],"collection":[{"href":"https:\/\/podlaskifestiwal.pl\/2018\/wp-json\/wp\/v2\/posts"}],"about":[{"href":"https:\/\/podlaskifestiwal.pl\/2018\/wp-json\/wp\/v2\/types\/post"}],"author":[{"embeddable":true,"href":"https:\/\/podlaskifestiwal.pl\/2018\/wp-json\/wp\/v2\/users\/2"}],"replies":[{"embeddable":true,"href":"https:\/\/podlaskifestiwal.pl\/2018\/wp-json\/wp\/v2\/comments?post=2133"}],"version-history":[{"count":6,"href":"https:\/\/podlaskifestiwal.pl\/2018\/wp-json\/wp\/v2\/posts\/2133\/revisions"}],"predecessor-version":[{"id":2141,"href":"https:\/\/podlaskifestiwal.pl\/2018\/wp-json\/wp\/v2\/posts\/2133\/revisions\/2141"}],"wp:featuredmedia":[{"embeddable":true,"href":"https:\/\/podlaskifestiwal.pl\/2018\/wp-json\/wp\/v2\/media\/2140"}],"wp:attachment":[{"href":"https:\/\/podlaskifestiwal.pl\/2018\/wp-json\/wp\/v2\/media?parent=2133"}],"wp:term":[{"taxonomy":"category","embeddable":true,"href":"https:\/\/podlaskifestiwal.pl\/2018\/wp-json\/wp\/v2\/categories?post=2133"},{"taxonomy":"post_tag","embeddable":true,"href":"https:\/\/podlaskifestiwal.pl\/2018\/wp-json\/wp\/v2\/tags?post=2133"}],"curies":[{"name":"wp","href":"https:\/\/api.w.org\/{rel}","templated":true}]}}