{"id":1,"date":"2018-02-14T08:11:44","date_gmt":"2018-02-14T08:11:44","guid":{"rendered":"http:\/\/podlaskifestiwal.pl\/podlaskifestiwal-2\/?p=1"},"modified":"2018-04-26T10:55:43","modified_gmt":"2018-04-26T10:55:43","slug":"3-2-1-trwa-odliczanie","status":"publish","type":"post","link":"https:\/\/podlaskifestiwal.pl\/2018\/3-2-1-trwa-odliczanie\/","title":{"rendered":"3&#8230; 2&#8230; 1&#8230; Trwa odliczanie"},"content":{"rendered":"<p>Trwa odliczanie do najwi\u0119kszego w rejonie Polski p\u00f3\u0142nocno-wschodniej \u015bwi\u0119ta nauki. Szesnasta edycja Podlaskiego Festiwalu Nauki i Sztuki odb\u0119dzie si\u0119 w&nbsp;dniach 4-9 czerwca 2018 roku. Ju\u017c dzi\u015b zapraszamy na to wyj\u0105tkowe wydarzenie, kt\u00f3re pozwala pozna\u0107 nauk\u0119 &#8222;od kuchni&#8221;, popularyzuje wiedz\u0119 i osi\u0105gni\u0119cia podlaskich badaczy, m\u00f3wi o najnowszych odkryciach, a tak\u017ce ukazuje otaczaj\u0105cy nas \u015bwiat przez &#8222;m\u0119drca szkie\u0142ko i oko&#8221;.<\/p>\n<p><strong>Nauka scala<\/strong><\/p>\n<p>XVI Podlaski Festiwal Nauki i Sztuki odbywa\u0107 si\u0119 b\u0119dzie pod has\u0142em&nbsp;\u201enauka scala\u201d, kt\u00f3re nawi\u0105zuje do 60. rocznicy wynalezienia pierwszego uk\u0142adu scalonego.&nbsp;W 1958 roku ameryka\u0144ski in\u017cynier Jack Kilby zademonstrowa\u0142 zbudowany przez siebie model uk\u0142adu scalonego. To w\u0142a\u015bnie od tego wynalazku zacz\u0119\u0142a si\u0119 era zintegrowanej elektroniki i zminiaturyzowanych urz\u0105dze\u0144: wsp\u00f3\u0142czesna elektronika, urz\u0105dzenia cyfrowe, komputery, itd.&nbsp; Za sw\u00f3j wk\u0142ad w wynalezienie&nbsp;uk\u0142adu scalonego&nbsp;Jack Kilby otrzyma\u0142 Nagrod\u0119 Nobla w dziedzinie fizyki (2000 r.).&nbsp;<\/p>\n<p>Uk\u0142ad scalony to zminiaturyzowane centrum ukrywaj\u0105ce w swym wn\u0119trzu od kilku do setek milion\u00f3w element\u00f3w elektronicznych (tranzystor\u00f3w, diod, opornik\u00f3w, kondensator\u00f3w). Podobnie jest z Podlaskim Festiwalem Nauki i Sztuki. Niczym doskona\u0142y uk\u0142ad scalony zaproponuje uczestnikom wiele atrakcji i mo\u017cliwo\u015bci do odkrywania \u015bwiata nauki. Imprezy w ramach Festiwalu zorganizuje rozrastaj\u0105ce si\u0119 grono&nbsp;organizator\u00f3w.<\/p>\n<p><strong>Organizatorzy<\/strong><\/p>\n<p>Pod has\u0142em &#8222;nauka scala&#8221; XVI Podlaski Festiwal Nauki i Sztuki zintegrowa\u0142 trzy miasta i dzia\u0142aj\u0105ce w nich uczelnie oraz instytucje kultury.&nbsp;Od 4 do 9 czerwca b\u0119dziemy wsp\u00f3lnie poznawa\u0107, odkrywa\u0107, prze\u017cywa\u0107.<\/p>\n<p>Swoje drzwi dla publiczno\u015bci festiwalowej otworz\u0105 szko\u0142y wy\u017csze, instytucje badawcze, ale tak\u017ce towarzystwa kulturalne, naukowe i edukacyjne. Podczas festiwalu b\u0119dzie mo\u017cna spotka\u0107 si\u0119 i porozmawia\u0107 ze znanymi i cenionymi podlaskimi naukowcami, lud\u017ami, dla kt\u00f3rych nauka jest pasj\u0105 a pasja nauk\u0105. Chcieliby\u015bmy, aby te spotkania by\u0142y dla odwiedzaj\u0105cych \u017ar\u00f3d\u0142em inspiracji, a nawet pomys\u0142em na zawodowe zwi\u0105zanie si\u0119 z nauk\u0105.<\/p>\n<p>Wzorem lat poprzednich imprezy festiwalowe s\u0105 zr\u00f3\u017cnicowane tematycznie. Serdecznie zapraszamy wszystkich na spotkania z naukowcami, prezentacje, warsztaty i pokazy. Natomiast ukoronowaniem Festiwalu b\u0119dzie Rodzinny Piknik Naukowy na bia\u0142ostockim Stadionie Miejskim.&nbsp;Nie mo\u017ce Was tam zabrakn\u0105\u0107!<\/p>\n<p>&nbsp;<\/p>\n<p><strong>XVI Podlaski Festiwal Nauki i Sztuki odb\u0119dzie si\u0119:<\/strong><\/p>\n<p><strong>4 czerwca w Bia\u0142ymstoku \u2013 inauguracja XVI Podlaskiego Festiwalu Nauki i Sztuki na Politechnice Bia\u0142ostockiej,<\/strong><\/p>\n<p><strong>5 czerwca w \u0141om\u017cy \u2013 Pa\u0144stwowa Wy\u017csza Szko\u0142a Informatyki i Przedsi\u0119biorczo\u015bci przy ul. Akademickiej 1,<\/strong><\/p>\n<p><strong>6 czerwca w Suwa\u0142kach \u2013 Park Naukowo-Technologiczny przy ul. Innowacyjnej 1,<\/strong><\/p>\n<p><strong>7-8 czerwca w Bia\u0142ymstoku \u2013 prezentacje na uczelniach i instytucjach partnerskich,<\/strong><\/p>\n<p><strong>9 czerwca w Bia\u0142ymstoku \u2013 Rodzinny Piknik Naukowy na Stadionie Miejskim.<\/strong><\/p>\n","protected":false},"excerpt":{"rendered":"<p>Trwa odliczanie do najwi\u0119kszego w rejonie Polski p\u00f3\u0142nocno-wschodniej \u015bwi\u0119ta nauki. Szesnasta edycja Podlaskiego Festiwalu Nauki i Sztuki odb\u0119dzie si\u0119 w&nbsp;dniach 4-9 czerwca 2018 roku. Ju\u017c dzi\u015b zapraszamy na to wyj\u0105tkowe wydarzenie, kt\u00f3re pozwala pozna\u0107 nauk\u0119 &#8222;od kuchni&#8221;, popularyzuje wiedz\u0119 i osi\u0105gni\u0119cia podlaskich badaczy, m\u00f3wi o najnowszych odkryciach, a tak\u017ce ukazuje otaczaj\u0105cy nas \u015bwiat przez &#8222;m\u0119drca [&hellip;]<\/p>\n","protected":false},"author":1,"featured_media":336,"comment_status":"open","ping_status":"open","sticky":false,"template":"","format":"standard","meta":{"ngg_post_thumbnail":0,"footnotes":""},"categories":[1],"tags":[],"class_list":["post-1","post","type-post","status-publish","format-standard","has-post-thumbnail","hentry","category-uncategorized"],"_links":{"self":[{"href":"https:\/\/podlaskifestiwal.pl\/2018\/wp-json\/wp\/v2\/posts\/1","targetHints":{"allow":["GET"]}}],"collection":[{"href":"https:\/\/podlaskifestiwal.pl\/2018\/wp-json\/wp\/v2\/posts"}],"about":[{"href":"https:\/\/podlaskifestiwal.pl\/2018\/wp-json\/wp\/v2\/types\/post"}],"author":[{"embeddable":true,"href":"https:\/\/podlaskifestiwal.pl\/2018\/wp-json\/wp\/v2\/users\/1"}],"replies":[{"embeddable":true,"href":"https:\/\/podlaskifestiwal.pl\/2018\/wp-json\/wp\/v2\/comments?post=1"}],"version-history":[{"count":7,"href":"https:\/\/podlaskifestiwal.pl\/2018\/wp-json\/wp\/v2\/posts\/1\/revisions"}],"predecessor-version":[{"id":1638,"href":"https:\/\/podlaskifestiwal.pl\/2018\/wp-json\/wp\/v2\/posts\/1\/revisions\/1638"}],"wp:featuredmedia":[{"embeddable":true,"href":"https:\/\/podlaskifestiwal.pl\/2018\/wp-json\/wp\/v2\/media\/336"}],"wp:attachment":[{"href":"https:\/\/podlaskifestiwal.pl\/2018\/wp-json\/wp\/v2\/media?parent=1"}],"wp:term":[{"taxonomy":"category","embeddable":true,"href":"https:\/\/podlaskifestiwal.pl\/2018\/wp-json\/wp\/v2\/categories?post=1"},{"taxonomy":"post_tag","embeddable":true,"href":"https:\/\/podlaskifestiwal.pl\/2018\/wp-json\/wp\/v2\/tags?post=1"}],"curies":[{"name":"wp","href":"https:\/\/api.w.org\/{rel}","templated":true}]}}